{"id":10867,"date":"2024-03-17T16:08:34","date_gmt":"2024-03-17T15:08:34","guid":{"rendered":"https:\/\/www.diocese-belfort-montbeliard.fr\/beaucourt-delle\/?p=10867"},"modified":"2024-05-04T18:42:47","modified_gmt":"2024-05-04T16:42:47","slug":"messes-des-familles","status":"publish","type":"post","link":"https:\/\/www.diocese-belfort-montbeliard.fr\/beaucourt-delle\/actualites\/messes-des-familles\/","title":{"rendered":"Messes des familles et c\u00e9l\u00e9brations"},"content":{"rendered":"\n<p><\/p>\n\n\n\n<p><strong>24 d\u00e9cembre 2023 Veill\u00e9e de No\u00ebl&nbsp; sous le signe de la Paix.<\/strong><\/p>\n\n\n\n<p><em><strong>\u00ab&nbsp;Voici la paix sur nous, un fils nous est n\u00e9, voici la paix sur nous, Dieu s\u2019est donn\u00e9\u2026.&nbsp;\u00bb<\/strong><\/em><\/p>\n\n\n\n<p>C\u2019est avec ce chant de paix que notre Veill\u00e9e de No\u00ebl a d\u00e9but\u00e9, et l\u2019assembl\u00e9e des fid\u00e8les \u00e9tait nombreuse en l\u2019\u00e9glise St Fran\u00e7ois de Sales.<\/p>\n\n\n\n<p>Alors que la guerre fait rage aux portes de l\u2019Europe et que les menaces sont r\u00e9currentes partout dans le monde (conflits en Ukraine, entre Isra\u00ebl et la Palestine, en R\u00e9publique D\u00e9mocratique du Congo&#8230;) l\u2019inqui\u00e9tude est grande.<\/p>\n\n\n\n<p>Les cat\u00e9chistes ont voulu centrer la veill\u00e9e de No\u00ebl sur le th\u00e8me de la Paix.&nbsp;&nbsp;&nbsp;&nbsp;&nbsp;<br><\/p>\n\n\n\n<p>Le conte interpr\u00e9t\u00e9 par les jeunes et les cat\u00e9chistes s\u2019est d\u00e9roul\u00e9 tout au long de la c\u00e9l\u00e9bration.&nbsp; C\u2019est le r\u00eave et l\u2019esp\u00e9rance d\u2019un monde meilleur, d\u2019un monde fraternel&nbsp;: un monde de justice et de Paix.<\/p>\n\n\n\n<p>Les diff\u00e9rentes mani\u00e8res de cultiver la paix ont \u00e9t\u00e9 \u00e9voqu\u00e9es par les enfants, et reprises, dans son hom\u00e9lie, par Fr\u00e8re Faustin qui rappela \u00e9galement le chemin parcouru par les Chr\u00e9tiens pendant ce temps de l\u2019Avent qui nous a pr\u00e9par\u00e9s \u00e0 No\u00ebl.<\/p>\n\n\n\n<p>A la fin de la c\u00e9l\u00e9bration les enfants \u00e9taient press\u00e9s et impatients de distribuer \u00e0 l\u2019assembl\u00e9e les \u00e9toiles qu\u2019ils avaient pr\u00e9par\u00e9es, porteuses de messages de Paix, d\u2019Esp\u00e9rance et de Fraternit\u00e9.<\/p>\n\n\n\n<p>&nbsp;&nbsp;&nbsp;&nbsp;&nbsp;&nbsp;&nbsp;&nbsp;&nbsp;&nbsp;&nbsp;&nbsp;&nbsp;&nbsp; \u00ab&nbsp;Heureux les artisans de paix, ils seront appel\u00e9s fils de Dieu&nbsp;\u00bb&nbsp;&nbsp;&nbsp;&nbsp;&nbsp; Les B\u00e9atitudes (Matthieu 5, 1-10)<\/p>\n\n\n\n<p>&nbsp;&nbsp;&nbsp;&nbsp;&nbsp;&nbsp;&nbsp;&nbsp;&nbsp;&nbsp;&nbsp;&nbsp;&nbsp;&nbsp;&nbsp;&nbsp;&nbsp;&nbsp;&nbsp;&nbsp;&nbsp;&nbsp;&nbsp;&nbsp;&nbsp;&nbsp;&nbsp;&nbsp;&nbsp;&nbsp;&nbsp;&nbsp;&nbsp;&nbsp;&nbsp;&nbsp;&nbsp;&nbsp;&nbsp;&nbsp;&nbsp;&nbsp;&nbsp;&nbsp;&nbsp;&nbsp;&nbsp;&nbsp;&nbsp;&nbsp;&nbsp;&nbsp;&nbsp;&nbsp;&nbsp;&nbsp;&nbsp;&nbsp;&nbsp;&nbsp;&nbsp;&nbsp;&nbsp;&nbsp;&nbsp;&nbsp;&nbsp;&nbsp;&nbsp;&nbsp;&nbsp;&nbsp;&nbsp;&nbsp;&nbsp;&nbsp;&nbsp;<\/p>\n\n\n\n<p>&nbsp;&nbsp;&nbsp;&nbsp;&nbsp;&nbsp;&nbsp;&nbsp;<\/p>\n\n\n\n<figure class=\"wp-block-image size-medium\"><img loading=\"lazy\" decoding=\"async\" width=\"450\" height=\"600\" src=\"https:\/\/www.diocese-belfort-montbeliard.fr\/beaucourt-delle\/wp-content\/uploads\/sites\/5\/2024\/03\/messe-des-famille-24-12-24-450x600.jpg\" alt=\"\" class=\"wp-image-10886\" srcset=\"https:\/\/www.diocese-belfort-montbeliard.fr\/beaucourt-delle\/wp-content\/uploads\/sites\/5\/2024\/03\/messe-des-famille-24-12-24-450x600.jpg 450w, https:\/\/www.diocese-belfort-montbeliard.fr\/beaucourt-delle\/wp-content\/uploads\/sites\/5\/2024\/03\/messe-des-famille-24-12-24-810x1080.jpg 810w, https:\/\/www.diocese-belfort-montbeliard.fr\/beaucourt-delle\/wp-content\/uploads\/sites\/5\/2024\/03\/messe-des-famille-24-12-24-768x1024.jpg 768w, https:\/\/www.diocese-belfort-montbeliard.fr\/beaucourt-delle\/wp-content\/uploads\/sites\/5\/2024\/03\/messe-des-famille-24-12-24-1152x1536.jpg 1152w, https:\/\/www.diocese-belfort-montbeliard.fr\/beaucourt-delle\/wp-content\/uploads\/sites\/5\/2024\/03\/messe-des-famille-24-12-24-1536x2048.jpg 1536w, https:\/\/www.diocese-belfort-montbeliard.fr\/beaucourt-delle\/wp-content\/uploads\/sites\/5\/2024\/03\/messe-des-famille-24-12-24-scaled.jpg 1920w\" sizes=\"auto, (max-width: 450px) 100vw, 450px\" \/><\/figure>\n\n\n\n<p><br><strong>4 f\u00e9vrier 2024 sous le signe de la Parole.<\/strong><\/p>\n\n\n\n<p><em><strong>\u00ab&nbsp;C&rsquo;est dans la Parole que nous trouvons le sens de ce que nous r\u00e9alisons quand nous faisons l&rsquo;Eucharistie.&nbsp;\u00bb<\/strong><\/em><\/p>\n\n\n\n<p>Ce dimanche de messe des familles, les cat\u00e9chistes avaient choisi de pr\u00e9senter le d\u00e9roulement de la liturgie avec toutes ses explications au fur et \u00e0 mesure de son avancement.<br><\/p>\n\n\n\n<p>Ainsi, point par point, du temps de l\u2019accueil au temps de l\u2019envoi, les diff\u00e9rentes \u00e9tapes de la messe et les diff\u00e9rents signes ont fait l\u2019objet d\u2019explications tr\u00e8s d\u00e9taill\u00e9es de la part des cat\u00e9chistes. Les jeunes du cat\u00e9 venaient, en parall\u00e8le, apposer sur le panneau d\u00e9di\u00e9 \u00e0 cet effet les images correspondantes, symboles de chaque rite.<\/p>\n\n\n\n<p>Cette c\u00e9l\u00e9bration, sous la conduite de Fr\u00e8re Valentin, a suscit\u00e9 beaucoup d\u2019int\u00e9r\u00eat parmi l\u2019assembl\u00e9e des paroissiens et s\u2019est av\u00e9r\u00e9e \u00eatre un temps de cat\u00e9ch\u00e8se pour tous.<br><br>&nbsp;&nbsp;&nbsp;&nbsp;&nbsp;&nbsp;&nbsp;&nbsp;&nbsp;&nbsp;&nbsp;&nbsp;&nbsp;&nbsp;&nbsp;&nbsp;&nbsp;&nbsp;&nbsp;&nbsp;<\/p>\n\n\n\n<p>&nbsp;&nbsp;&nbsp;&nbsp;&nbsp;&nbsp;&nbsp;&nbsp;&nbsp;&nbsp;&nbsp;&nbsp;&nbsp;&nbsp;&nbsp;&nbsp;&nbsp;&nbsp;&nbsp;&nbsp;<\/p>\n\n\n\n<figure class=\"wp-block-gallery has-nested-images columns-default is-cropped wp-block-gallery-1 is-layout-flex wp-block-gallery-is-layout-flex\">\n<figure class=\"wp-block-image size-large\"><img loading=\"lazy\" decoding=\"async\" width=\"800\" height=\"1067\" data-id=\"10874\" src=\"https:\/\/www.diocese-belfort-montbeliard.fr\/beaucourt-delle\/wp-content\/uploads\/sites\/5\/2024\/03\/mot-d-accueil-theo-cm2.jpeg\" alt=\"\" class=\"wp-image-10874\" srcset=\"https:\/\/www.diocese-belfort-montbeliard.fr\/beaucourt-delle\/wp-content\/uploads\/sites\/5\/2024\/03\/mot-d-accueil-theo-cm2.jpeg 800w, https:\/\/www.diocese-belfort-montbeliard.fr\/beaucourt-delle\/wp-content\/uploads\/sites\/5\/2024\/03\/mot-d-accueil-theo-cm2-450x600.jpeg 450w, https:\/\/www.diocese-belfort-montbeliard.fr\/beaucourt-delle\/wp-content\/uploads\/sites\/5\/2024\/03\/mot-d-accueil-theo-cm2-768x1024.jpeg 768w\" sizes=\"auto, (max-width: 800px) 100vw, 800px\" \/><\/figure>\n\n\n\n<figure class=\"wp-block-image size-large\"><img loading=\"lazy\" decoding=\"async\" width=\"1609\" height=\"1965\" data-id=\"10873\" src=\"https:\/\/www.diocese-belfort-montbeliard.fr\/beaucourt-delle\/wp-content\/uploads\/sites\/5\/2024\/03\/messes-des-famille-4-02-2023.jpg\" alt=\"\" class=\"wp-image-10873\" srcset=\"https:\/\/www.diocese-belfort-montbeliard.fr\/beaucourt-delle\/wp-content\/uploads\/sites\/5\/2024\/03\/messes-des-famille-4-02-2023.jpg 1609w, https:\/\/www.diocese-belfort-montbeliard.fr\/beaucourt-delle\/wp-content\/uploads\/sites\/5\/2024\/03\/messes-des-famille-4-02-2023-491x600.jpg 491w, https:\/\/www.diocese-belfort-montbeliard.fr\/beaucourt-delle\/wp-content\/uploads\/sites\/5\/2024\/03\/messes-des-famille-4-02-2023-884x1080.jpg 884w, https:\/\/www.diocese-belfort-montbeliard.fr\/beaucourt-delle\/wp-content\/uploads\/sites\/5\/2024\/03\/messes-des-famille-4-02-2023-768x938.jpg 768w, https:\/\/www.diocese-belfort-montbeliard.fr\/beaucourt-delle\/wp-content\/uploads\/sites\/5\/2024\/03\/messes-des-famille-4-02-2023-1258x1536.jpg 1258w\" sizes=\"auto, (max-width: 1609px) 100vw, 1609px\" \/><\/figure>\n\n\n\n<figure class=\"wp-block-image size-large\"><img loading=\"lazy\" decoding=\"async\" width=\"800\" height=\"1067\" data-id=\"10872\" src=\"https:\/\/www.diocese-belfort-montbeliard.fr\/beaucourt-delle\/wp-content\/uploads\/sites\/5\/2024\/03\/lecture-du-psaume-et-refrain.jpeg\" alt=\"\" class=\"wp-image-10872\" srcset=\"https:\/\/www.diocese-belfort-montbeliard.fr\/beaucourt-delle\/wp-content\/uploads\/sites\/5\/2024\/03\/lecture-du-psaume-et-refrain.jpeg 800w, https:\/\/www.diocese-belfort-montbeliard.fr\/beaucourt-delle\/wp-content\/uploads\/sites\/5\/2024\/03\/lecture-du-psaume-et-refrain-450x600.jpeg 450w, https:\/\/www.diocese-belfort-montbeliard.fr\/beaucourt-delle\/wp-content\/uploads\/sites\/5\/2024\/03\/lecture-du-psaume-et-refrain-768x1024.jpeg 768w\" sizes=\"auto, (max-width: 800px) 100vw, 800px\" \/><\/figure>\n\n\n\n<figure class=\"wp-block-image size-large\"><img loading=\"lazy\" decoding=\"async\" width=\"1920\" height=\"2560\" data-id=\"10882\" src=\"https:\/\/www.diocese-belfort-montbeliard.fr\/beaucourt-delle\/wp-content\/uploads\/sites\/5\/2024\/03\/messe-des-familles-fevrier-2024-2-scaled.jpg\" alt=\"\" class=\"wp-image-10882\" srcset=\"https:\/\/www.diocese-belfort-montbeliard.fr\/beaucourt-delle\/wp-content\/uploads\/sites\/5\/2024\/03\/messe-des-familles-fevrier-2024-2-scaled.jpg 1920w, https:\/\/www.diocese-belfort-montbeliard.fr\/beaucourt-delle\/wp-content\/uploads\/sites\/5\/2024\/03\/messe-des-familles-fevrier-2024-2-450x600.jpg 450w, https:\/\/www.diocese-belfort-montbeliard.fr\/beaucourt-delle\/wp-content\/uploads\/sites\/5\/2024\/03\/messe-des-familles-fevrier-2024-2-810x1080.jpg 810w, https:\/\/www.diocese-belfort-montbeliard.fr\/beaucourt-delle\/wp-content\/uploads\/sites\/5\/2024\/03\/messe-des-familles-fevrier-2024-2-768x1024.jpg 768w, https:\/\/www.diocese-belfort-montbeliard.fr\/beaucourt-delle\/wp-content\/uploads\/sites\/5\/2024\/03\/messe-des-familles-fevrier-2024-2-1152x1536.jpg 1152w, https:\/\/www.diocese-belfort-montbeliard.fr\/beaucourt-delle\/wp-content\/uploads\/sites\/5\/2024\/03\/messe-des-familles-fevrier-2024-2-1536x2048.jpg 1536w\" sizes=\"auto, (max-width: 1920px) 100vw, 1920px\" \/><\/figure>\n\n\n\n<figure class=\"wp-block-image size-large\"><img loading=\"lazy\" decoding=\"async\" width=\"1567\" height=\"2560\" data-id=\"10881\" src=\"https:\/\/www.diocese-belfort-montbeliard.fr\/beaucourt-delle\/wp-content\/uploads\/sites\/5\/2024\/03\/messe-des-familles-fevrier-2024-1-scaled.jpg\" alt=\"\" class=\"wp-image-10881\" srcset=\"https:\/\/www.diocese-belfort-montbeliard.fr\/beaucourt-delle\/wp-content\/uploads\/sites\/5\/2024\/03\/messe-des-familles-fevrier-2024-1-scaled.jpg 1567w, https:\/\/www.diocese-belfort-montbeliard.fr\/beaucourt-delle\/wp-content\/uploads\/sites\/5\/2024\/03\/messe-des-familles-fevrier-2024-1-367x600.jpg 367w, https:\/\/www.diocese-belfort-montbeliard.fr\/beaucourt-delle\/wp-content\/uploads\/sites\/5\/2024\/03\/messe-des-familles-fevrier-2024-1-661x1080.jpg 661w, https:\/\/www.diocese-belfort-montbeliard.fr\/beaucourt-delle\/wp-content\/uploads\/sites\/5\/2024\/03\/messe-des-familles-fevrier-2024-1-768x1254.jpg 768w, https:\/\/www.diocese-belfort-montbeliard.fr\/beaucourt-delle\/wp-content\/uploads\/sites\/5\/2024\/03\/messe-des-familles-fevrier-2024-1-940x1536.jpg 940w, https:\/\/www.diocese-belfort-montbeliard.fr\/beaucourt-delle\/wp-content\/uploads\/sites\/5\/2024\/03\/messe-des-familles-fevrier-2024-1-1254x2048.jpg 1254w\" sizes=\"auto, (max-width: 1567px) 100vw, 1567px\" \/><\/figure>\n<\/figure>\n\n\n\n<p><br><strong>16 mars 2024 sous le signe de la R\u00e9surrection <\/strong><\/p>\n\n\n\n<p><\/p>\n\n\n\n<p><em><strong>\u00ab&nbsp;Si le grain de bl\u00e9 tomb\u00e9 en terre ne meurt pas, il reste seul&nbsp;; mais s\u2019il meurt il porte beaucoup de fruit&nbsp;\u00bb<\/strong> <strong>Jean (12, 20-33)<\/strong><\/em><\/p>\n\n\n\n<p>En ce jour de messe des familles o\u00f9 parents et amis \u00e9taient invit\u00e9s, le th\u00e8me de la r\u00e9flexion men\u00e9e par les enfants, lors d\u2019une pr\u00e9c\u00e9dente s\u00e9ance de cat\u00e9, portait sur ce passage du d\u00e9but de l\u2019Evangile de Jean proclam\u00e9 pendant la c\u00e9l\u00e9bration.<\/p>\n\n\n\n<p>C\u2019est cette image que J\u00e9sus a employ\u00e9e pour exprimer la puissance de la vie spirituelle \u00e0 travers le myst\u00e8re de la mort et de la r\u00e9surrection.<\/p>\n\n\n\n<p>Ces paroles du Christ laissent entrevoir quel est le secret de la vie.<\/p>\n\n\n\n<p>C\u2019est seulement si le grain meurt qu\u2019il porte beaucoup de fruits.<\/p>\n\n\n\n<p>En effet, la graine qui meurt cesse d\u2019\u00eatre graine et devient semence.<\/p>\n\n\n\n<p>En ce 5<sup>\u00e8me<\/sup> dimanche de Car\u00eame J\u00e9sus nous propose de suivre le chemin de la parabole du grain de bl\u00e9. Cette page de l\u2019Evangile nous pr\u00e9pare \u00e0 entrer dans la Semaine Sainte.<\/p>\n\n\n\n<p>J\u00e9sus ne nous donne pas un cours de botanique, mais Il annonce, dans un langage symbolique, sa mort sur la croix&nbsp;: <strong>la symbolique de la croix<\/strong><em>,<\/em> qui occupe la place centrale sur le panneau pr\u00e9par\u00e9 au pied de l\u2019autel, et <strong>le champ<\/strong><strong>de bl\u00e9<\/strong>, image souvent pr\u00e9sente dans la bible.<\/p>\n\n\n\n<p>Apr\u00e8s la lecture de ce texte de l\u2019Evangile auquel une grande attention a \u00e9t\u00e9 pr\u00eat\u00e9e, l\u2019hom\u00e9lie de Fr\u00e8re Benjamin s\u2019est d\u00e9roul\u00e9e sous forme de dialogue avec les jeunes du cat\u00e9, ceux-ci r\u00e9pondant avec justesse et pr\u00e9cision aux multiples questions pos\u00e9es, et \u00e9voquant de quelle fa\u00e7on ils pouvaient dans leur vie de tous les jours <em><strong>\u00ab&nbsp;donner du fruit&nbsp;\u00bb<\/strong><\/em> particuli\u00e8rement en ce temps de marche vers P\u00e2ques.<\/p>\n\n\n\n<p>Pourquoi vouloir garder \u00e9ternellement un grain de bl\u00e9 qui va perdre sa qualit\u00e9 et ne sera plus bon \u00e0 rien&nbsp;? Le grain jet\u00e9 en terre promet de belles moissons.<\/p>\n\n\n\n<p>Le grain de bl\u00e9 c\u2019est chacun de nous, alors \u00e0 notre tour, essayons de marcher \u00e0 la suite de J\u00e9sus en allant \u00e0 la rencontre des autres, apportant ainsi plus d\u2019amour et de bonheur dans notre monde en d\u00e9sarroi.<\/p>\n\n\n\n<p><em>\u00ab&nbsp;Si quelqu\u2019un veut me servir, qu\u2019il me suive&nbsp;!&nbsp;\u00bb<\/em><\/p>\n\n\n\n<figure class=\"wp-block-gallery has-nested-images columns-default is-cropped wp-block-gallery-2 is-layout-flex wp-block-gallery-is-layout-flex\">\n<figure class=\"wp-block-image size-large\"><img loading=\"lazy\" decoding=\"async\" width=\"1440\" height=\"1080\" data-id=\"11041\" src=\"https:\/\/www.diocese-belfort-montbeliard.fr\/beaucourt-delle\/wp-content\/uploads\/sites\/5\/2024\/04\/IMG_2354-1-1440x1080.jpg\" alt=\"\" class=\"wp-image-11041\" srcset=\"https:\/\/www.diocese-belfort-montbeliard.fr\/beaucourt-delle\/wp-content\/uploads\/sites\/5\/2024\/04\/IMG_2354-1-1440x1080.jpg 1440w, https:\/\/www.diocese-belfort-montbeliard.fr\/beaucourt-delle\/wp-content\/uploads\/sites\/5\/2024\/04\/IMG_2354-1-600x450.jpg 600w, https:\/\/www.diocese-belfort-montbeliard.fr\/beaucourt-delle\/wp-content\/uploads\/sites\/5\/2024\/04\/IMG_2354-1-768x576.jpg 768w, https:\/\/www.diocese-belfort-montbeliard.fr\/beaucourt-delle\/wp-content\/uploads\/sites\/5\/2024\/04\/IMG_2354-1-1536x1152.jpg 1536w, https:\/\/www.diocese-belfort-montbeliard.fr\/beaucourt-delle\/wp-content\/uploads\/sites\/5\/2024\/04\/IMG_2354-1.jpg 1613w\" sizes=\"auto, (max-width: 1440px) 100vw, 1440px\" \/><\/figure>\n\n\n\n<figure class=\"wp-block-image size-large\"><img loading=\"lazy\" decoding=\"async\" width=\"810\" height=\"1080\" data-id=\"11043\" src=\"https:\/\/www.diocese-belfort-montbeliard.fr\/beaucourt-delle\/wp-content\/uploads\/sites\/5\/2024\/04\/IMG_9944-1-810x1080.jpg\" alt=\"\" class=\"wp-image-11043\" srcset=\"https:\/\/www.diocese-belfort-montbeliard.fr\/beaucourt-delle\/wp-content\/uploads\/sites\/5\/2024\/04\/IMG_9944-1-810x1080.jpg 810w, https:\/\/www.diocese-belfort-montbeliard.fr\/beaucourt-delle\/wp-content\/uploads\/sites\/5\/2024\/04\/IMG_9944-1-450x600.jpg 450w, https:\/\/www.diocese-belfort-montbeliard.fr\/beaucourt-delle\/wp-content\/uploads\/sites\/5\/2024\/04\/IMG_9944-1-768x1024.jpg 768w, https:\/\/www.diocese-belfort-montbeliard.fr\/beaucourt-delle\/wp-content\/uploads\/sites\/5\/2024\/04\/IMG_9944-1-1152x1536.jpg 1152w, https:\/\/www.diocese-belfort-montbeliard.fr\/beaucourt-delle\/wp-content\/uploads\/sites\/5\/2024\/04\/IMG_9944-1.jpg 1471w\" sizes=\"auto, (max-width: 810px) 100vw, 810px\" \/><\/figure>\n\n\n\n<figure class=\"wp-block-image size-large\"><img loading=\"lazy\" decoding=\"async\" width=\"1440\" height=\"1080\" data-id=\"11042\" src=\"https:\/\/www.diocese-belfort-montbeliard.fr\/beaucourt-delle\/wp-content\/uploads\/sites\/5\/2024\/04\/IMG_9948-1-1440x1080.jpg\" alt=\"\" class=\"wp-image-11042\" srcset=\"https:\/\/www.diocese-belfort-montbeliard.fr\/beaucourt-delle\/wp-content\/uploads\/sites\/5\/2024\/04\/IMG_9948-1-1440x1080.jpg 1440w, https:\/\/www.diocese-belfort-montbeliard.fr\/beaucourt-delle\/wp-content\/uploads\/sites\/5\/2024\/04\/IMG_9948-1-600x450.jpg 600w, https:\/\/www.diocese-belfort-montbeliard.fr\/beaucourt-delle\/wp-content\/uploads\/sites\/5\/2024\/04\/IMG_9948-1-768x576.jpg 768w, https:\/\/www.diocese-belfort-montbeliard.fr\/beaucourt-delle\/wp-content\/uploads\/sites\/5\/2024\/04\/IMG_9948-1-1536x1152.jpg 1536w, https:\/\/www.diocese-belfort-montbeliard.fr\/beaucourt-delle\/wp-content\/uploads\/sites\/5\/2024\/04\/IMG_9948-1-2048x1536.jpg 2048w\" sizes=\"auto, (max-width: 1440px) 100vw, 1440px\" \/><\/figure>\n\n\n\n<figure class=\"wp-block-image size-large\"><img loading=\"lazy\" decoding=\"async\" width=\"810\" height=\"1080\" data-id=\"11045\" src=\"https:\/\/www.diocese-belfort-montbeliard.fr\/beaucourt-delle\/wp-content\/uploads\/sites\/5\/2024\/04\/IMG_9950-1-810x1080.jpg\" alt=\"\" class=\"wp-image-11045\" srcset=\"https:\/\/www.diocese-belfort-montbeliard.fr\/beaucourt-delle\/wp-content\/uploads\/sites\/5\/2024\/04\/IMG_9950-1-810x1080.jpg 810w, https:\/\/www.diocese-belfort-montbeliard.fr\/beaucourt-delle\/wp-content\/uploads\/sites\/5\/2024\/04\/IMG_9950-1-450x600.jpg 450w, https:\/\/www.diocese-belfort-montbeliard.fr\/beaucourt-delle\/wp-content\/uploads\/sites\/5\/2024\/04\/IMG_9950-1-768x1024.jpg 768w, https:\/\/www.diocese-belfort-montbeliard.fr\/beaucourt-delle\/wp-content\/uploads\/sites\/5\/2024\/04\/IMG_9950-1-1152x1536.jpg 1152w, https:\/\/www.diocese-belfort-montbeliard.fr\/beaucourt-delle\/wp-content\/uploads\/sites\/5\/2024\/04\/IMG_9950-1-1536x2048.jpg 1536w, https:\/\/www.diocese-belfort-montbeliard.fr\/beaucourt-delle\/wp-content\/uploads\/sites\/5\/2024\/04\/IMG_9950-1-scaled.jpg 1920w\" sizes=\"auto, (max-width: 810px) 100vw, 810px\" \/><\/figure>\n\n\n\n<figure class=\"wp-block-image size-large\"><img loading=\"lazy\" decoding=\"async\" width=\"810\" height=\"1080\" data-id=\"11044\" src=\"https:\/\/www.diocese-belfort-montbeliard.fr\/beaucourt-delle\/wp-content\/uploads\/sites\/5\/2024\/04\/IMG_9951-1-810x1080.jpg\" alt=\"\" class=\"wp-image-11044\" srcset=\"https:\/\/www.diocese-belfort-montbeliard.fr\/beaucourt-delle\/wp-content\/uploads\/sites\/5\/2024\/04\/IMG_9951-1-810x1080.jpg 810w, https:\/\/www.diocese-belfort-montbeliard.fr\/beaucourt-delle\/wp-content\/uploads\/sites\/5\/2024\/04\/IMG_9951-1-450x600.jpg 450w, https:\/\/www.diocese-belfort-montbeliard.fr\/beaucourt-delle\/wp-content\/uploads\/sites\/5\/2024\/04\/IMG_9951-1-768x1024.jpg 768w, https:\/\/www.diocese-belfort-montbeliard.fr\/beaucourt-delle\/wp-content\/uploads\/sites\/5\/2024\/04\/IMG_9951-1-1152x1536.jpg 1152w, https:\/\/www.diocese-belfort-montbeliard.fr\/beaucourt-delle\/wp-content\/uploads\/sites\/5\/2024\/04\/IMG_9951-1-1536x2048.jpg 1536w, https:\/\/www.diocese-belfort-montbeliard.fr\/beaucourt-delle\/wp-content\/uploads\/sites\/5\/2024\/04\/IMG_9951-1-scaled.jpg 1920w\" sizes=\"auto, (max-width: 810px) 100vw, 810px\" \/><\/figure>\n<\/figure>\n\n\n\n<p><br><strong>20 mars 2024  Op\u00e9ration Pain Pomme Eau &#8211; D\u00e9marche solidaire<\/strong><\/p>\n\n\n\n<p>La traditionnelle op\u00e9ration \u00ab&nbsp;Pain Pomme Eau&nbsp;\u00bb avait lieu \u00e0 la salle des associations \u00e0 F\u00eache-l\u2019Eglise. Les paroissiens \u00e9taient invit\u00e9s \u00e0 y participer avec les enfants du cat\u00e9.<\/p>\n\n\n\n<p>Cette rencontre se d\u00e9roulait en 3 temps.<\/p>\n\n\n\n<p>&#8211; Pri\u00e8re et m\u00e9ditation autour du texte de l\u2019Evangile de Matthieu (6,1-6,16-18) sous la conduite de Fr\u00e8re Benjamin et sous forme de dialogue avec les jeunes et les cat\u00e9chistes.<\/p>\n\n\n\n<p><em><strong>\u00ab&nbsp;Ton P\u00e8re qui voit dans le secret te le rendra&nbsp;\u00bb<\/strong><\/em><\/p>\n\n\n\n<p>Dans ce texte biblique lu le mercredi des Cendres \u00e0 l\u2019entr\u00e9e du Car\u00eame, J\u00e9sus nous enseigne que la vraie pi\u00e9t\u00e9 doit \u00eatre v\u00e9cue dans l\u2019intimit\u00e9 de Dieu et d\u00e9nonce les fausses attitudes et la recherche de la gloire.<\/p>\n\n\n\n<p>J\u00e9sus nous parle de secret et nous donne 3 attitudes \u00e0 vivre pour \u00eatre au plus pr\u00e8s de Dieu et des autres\u00a0: <strong>l\u2019aum\u00f4ne<\/strong> avec les gestes de partage, <strong>la pri\u00e8re et<\/strong> l<strong>e<\/strong> <strong>je\u00fbne.<\/strong><\/p>\n\n\n\n<p>&#8211; Atelier bricolage sur le th\u00e8me du car\u00eame.<\/p>\n\n\n\n<p>&#8211; Jeu \u00ab\u00a0La route du car\u00eame\u00a0\u00bb propos\u00e9 au groupe de paroissiens venus nous rejoindre<\/p>\n\n\n\n<p>Tout au long de ce jeu chacun a pu d\u00e9couvrir le sens du temps de Car\u00eame et de la mont\u00e9e vers la Semaine Sainte qui nous conduit \u00e0 la joie de P\u00e2ques.<\/p>\n\n\n\n<p>La rencontre se terminait par le partage de la collation pain, pomme, eau, but de cette soir\u00e9e solidaire consistant \u00e0 faire don d\u2019un repas pour venir en aide aux plus d\u00e9munis.<br><\/p>\n\n\n\n<figure class=\"wp-block-image size-large is-resized\"><img loading=\"lazy\" decoding=\"async\" src=\"https:\/\/www.diocese-belfort-montbeliard.fr\/beaucourt-delle\/wp-content\/uploads\/sites\/5\/2024\/05\/20240415_164623-1564x1080.jpg\" alt=\"\" class=\"wp-image-11122\" width=\"481\" height=\"332\" srcset=\"https:\/\/www.diocese-belfort-montbeliard.fr\/beaucourt-delle\/wp-content\/uploads\/sites\/5\/2024\/05\/20240415_164623-1564x1080.jpg 1564w, https:\/\/www.diocese-belfort-montbeliard.fr\/beaucourt-delle\/wp-content\/uploads\/sites\/5\/2024\/05\/20240415_164623-600x414.jpg 600w, https:\/\/www.diocese-belfort-montbeliard.fr\/beaucourt-delle\/wp-content\/uploads\/sites\/5\/2024\/05\/20240415_164623-768x530.jpg 768w, https:\/\/www.diocese-belfort-montbeliard.fr\/beaucourt-delle\/wp-content\/uploads\/sites\/5\/2024\/05\/20240415_164623-1536x1061.jpg 1536w, https:\/\/www.diocese-belfort-montbeliard.fr\/beaucourt-delle\/wp-content\/uploads\/sites\/5\/2024\/05\/20240415_164623-2048x1414.jpg 2048w\" sizes=\"auto, (max-width: 481px) 100vw, 481px\" \/><\/figure>\n\n\n\n<p class=\"has-text-align-left\"><br><strong>14 avril 2024 sous le signe du Repas partag\u00e9<\/strong><br><\/p>\n\n\n\n<p><strong><em>\u00ab&nbsp;Avez-vous quelque chose \u00e0 manger&nbsp;?&nbsp;\u00bb<\/em> <br><em>\u00ab Ils lui pr\u00e9sent\u00e8rent une part de poisson grill\u00e9 qu\u2019il prit et mangea devant eux<\/em> <em>\u00bb<\/em><\/strong> <em><strong>(Luc 24, 35-48)<\/strong><\/em><br><\/p>\n\n\n\n<p>Le panneau au pied de l\u2019autel, repr\u00e9sentant les mains du Christ avec les marques de la crucifixion et tenant un poisson, annon\u00e7ait le th\u00e8me de l\u2019Evangile de ce 3<sup>\u00e8me<\/sup> dimanche de P\u00e2ques qui relate l\u2019apparition du Christ aux disciples d\u2019Emma\u00fcs. En ce temps pascal, les textes nous invitent \u00e0 accueillir <strong>la Paix du Ressuscit\u00e9<\/strong>, source de l\u2019esp\u00e9rance de tout homme.<\/p>\n\n\n\n<p>Apr\u00e8s l\u2019\u00e9preuve de la passion et de la mort de leur Ma\u00eetre, tout s\u2019est \u00e9croul\u00e9 et a bascul\u00e9&nbsp;; les disciples ont perdu pied et se sont enfuis. Ils sont d\u00e9sempar\u00e9s.<\/p>\n\n\n\n<p>&nbsp;Nous imaginons \u00e0 pr\u00e9sent la joie int\u00e9rieure des rencontres du Ressuscit\u00e9 avec ses amis.<\/p>\n\n\n\n<p>Cette sc\u00e8ne de l\u2019Evangile fait suite au r\u00e9cit d\u2019Emma\u00fcs, et nous ram\u00e8ne au r\u00e9cit de l\u2019apparition de J\u00e9sus au milieu&nbsp; des disciples surpris et effray\u00e9s.<\/p>\n\n\n\n<p><strong>Il survient au milieu d\u2019eux et leur souhaite la paix,<\/strong> se laissant toucher, entendre, voir, afin d\u2019authentifier r\u00e9ellement sa r\u00e9surrection. J\u00e9sus se manifeste et leur rappelle ses paroles au sujet de l\u2019accomplissement des Ecritures et leur d\u00e9signation comme t\u00e9moins.<\/p>\n\n\n\n<p>Nous voyons \u00e9galement comment Dieu am\u00e8ne les personnes \u00e0 une exp\u00e9rience communautaire et de camaraderie, \u00e0 table, autour d\u2019un repas.<\/p>\n\n\n\n<p>&nbsp;J\u00e9sus prend le pain et le poisson et mange devant ses disciples. Cette sc\u00e8ne famili\u00e8re les rassure&nbsp;: c\u2019est bien J\u00e9sus qui est pr\u00e9sent au milieu d\u2019eux. C\u2019est la vie qui reprend autour d\u2019un repas partag\u00e9.&nbsp;<\/p>\n\n\n\n<p><em>\u00ab Le repas, signe de communion o\u00f9 tous, nous devons avoir un seul c\u0153ur et partager de belles exp\u00e9riences (sic)\u00bb<\/em><\/p>\n\n\n\n<p>A l\u2019image du repas que l\u2019on partage en famille ou avec des amis, la messe dominicale rassemble l\u2019assembl\u00e9e<\/p>\n\n\n\n<p>des fid\u00e8les pour leur participation \u00e0 l\u2019Eucharistie et l\u2019\u00e9change de la Parole.<\/p>\n\n\n\n<p>L\u2019hom\u00e9lie de Fr\u00e8re Faustin se d\u00e9roulait sous forme de dialogue avec les jeunes du cat\u00e9 et les fid\u00e8les.<\/p>\n\n\n\n<p>L\u2019illustration du tableau \u00e9tait compl\u00e9t\u00e9e avec les poissons et les c\u0153urs pr\u00e9par\u00e9s par les enfants au cours d\u2019une pr\u00e9c\u00e9dente s\u00e9ance de cat\u00e9ch\u00e8se, et dans lesquels on peut retrouver les mots-cl\u00e9s de ce texte de l\u2019Evangile.<\/p>\n\n\n\n<p><strong><em>\u00ab pain, paix, parole, joie, la loi de Mo\u00efse, pardon, t\u00e9moins, le Christ est ressuscit\u00e9 \u00bb&nbsp;<\/em><\/strong><strong><em><u><\/u><\/em><\/strong><\/p>\n\n\n\n<p>A la demande de fr\u00e8re Faustin, Christiane faisait partager \u00e0 l\u2019assembl\u00e9e sa belle exp\u00e9rience v\u00e9cue \u00e0 Rome le temps de la Semaine Sainte, t\u00e9moignant de l\u2019intense ferveur priante et communicative qui r\u00e9gnait pendant les offices :<\/p>\n\n\n\n<p>&nbsp;<em>\u00ab&nbsp;Une chance dans ma vie d\u2019avoir particip\u00e9 \u00e0 ces c\u00e9l\u00e9brations<\/em>\u2026\u00bb<\/p>\n\n\n\n<p>Ainsi que le Christ est r\u00e9apparu \u00e0 ses disciples en plein d\u00e9sarroi sur le Chemin d\u2019Emma\u00fcs, venant \u00e0 leur rencontre, il nous accompagne, nous aussi, sur nos routes, dans un monde o\u00f9 la violence r\u00e8gne, loin de nous et parfois pr\u00e8s de nous.<\/p>\n\n\n\n<p>Saurons-nous, comme les disciples, \u00eatre des t\u00e9moins de la r\u00e9surrection sur nos chemins de vie&nbsp;?<\/p>\n\n\n\n<p class=\"has-text-align-left\"><br><\/p>\n\n\n\n<figure class=\"wp-block-gallery has-nested-images columns-default is-cropped wp-block-gallery-3 is-layout-flex wp-block-gallery-is-layout-flex\">\n<figure class=\"wp-block-image size-large\"><img loading=\"lazy\" decoding=\"async\" width=\"1920\" height=\"2560\" data-id=\"11127\" src=\"https:\/\/www.diocese-belfort-montbeliard.fr\/beaucourt-delle\/wp-content\/uploads\/sites\/5\/2024\/05\/img_0162-scaled.jpg\" alt=\"\" class=\"wp-image-11127\" srcset=\"https:\/\/www.diocese-belfort-montbeliard.fr\/beaucourt-delle\/wp-content\/uploads\/sites\/5\/2024\/05\/img_0162-scaled.jpg 1920w, https:\/\/www.diocese-belfort-montbeliard.fr\/beaucourt-delle\/wp-content\/uploads\/sites\/5\/2024\/05\/img_0162-450x600.jpg 450w, https:\/\/www.diocese-belfort-montbeliard.fr\/beaucourt-delle\/wp-content\/uploads\/sites\/5\/2024\/05\/img_0162-810x1080.jpg 810w, https:\/\/www.diocese-belfort-montbeliard.fr\/beaucourt-delle\/wp-content\/uploads\/sites\/5\/2024\/05\/img_0162-768x1024.jpg 768w, https:\/\/www.diocese-belfort-montbeliard.fr\/beaucourt-delle\/wp-content\/uploads\/sites\/5\/2024\/05\/img_0162-1152x1536.jpg 1152w, https:\/\/www.diocese-belfort-montbeliard.fr\/beaucourt-delle\/wp-content\/uploads\/sites\/5\/2024\/05\/img_0162-1536x2048.jpg 1536w\" sizes=\"auto, (max-width: 1920px) 100vw, 1920px\" \/><\/figure>\n\n\n\n<figure class=\"wp-block-image size-large\"><img loading=\"lazy\" decoding=\"async\" width=\"1920\" height=\"2560\" data-id=\"11126\" src=\"https:\/\/www.diocese-belfort-montbeliard.fr\/beaucourt-delle\/wp-content\/uploads\/sites\/5\/2024\/05\/img_0161-scaled.jpg\" alt=\"\" class=\"wp-image-11126\" srcset=\"https:\/\/www.diocese-belfort-montbeliard.fr\/beaucourt-delle\/wp-content\/uploads\/sites\/5\/2024\/05\/img_0161-scaled.jpg 1920w, https:\/\/www.diocese-belfort-montbeliard.fr\/beaucourt-delle\/wp-content\/uploads\/sites\/5\/2024\/05\/img_0161-450x600.jpg 450w, https:\/\/www.diocese-belfort-montbeliard.fr\/beaucourt-delle\/wp-content\/uploads\/sites\/5\/2024\/05\/img_0161-810x1080.jpg 810w, https:\/\/www.diocese-belfort-montbeliard.fr\/beaucourt-delle\/wp-content\/uploads\/sites\/5\/2024\/05\/img_0161-768x1024.jpg 768w, https:\/\/www.diocese-belfort-montbeliard.fr\/beaucourt-delle\/wp-content\/uploads\/sites\/5\/2024\/05\/img_0161-1152x1536.jpg 1152w, https:\/\/www.diocese-belfort-montbeliard.fr\/beaucourt-delle\/wp-content\/uploads\/sites\/5\/2024\/05\/img_0161-1536x2048.jpg 1536w\" sizes=\"auto, (max-width: 1920px) 100vw, 1920px\" \/><\/figure>\n\n\n\n<figure class=\"wp-block-image size-large\"><img loading=\"lazy\" decoding=\"async\" width=\"2560\" height=\"1920\" data-id=\"11125\" src=\"https:\/\/www.diocese-belfort-montbeliard.fr\/beaucourt-delle\/wp-content\/uploads\/sites\/5\/2024\/05\/img_0159-scaled.jpg\" alt=\"\" class=\"wp-image-11125\" srcset=\"https:\/\/www.diocese-belfort-montbeliard.fr\/beaucourt-delle\/wp-content\/uploads\/sites\/5\/2024\/05\/img_0159-scaled.jpg 2560w, https:\/\/www.diocese-belfort-montbeliard.fr\/beaucourt-delle\/wp-content\/uploads\/sites\/5\/2024\/05\/img_0159-600x450.jpg 600w, https:\/\/www.diocese-belfort-montbeliard.fr\/beaucourt-delle\/wp-content\/uploads\/sites\/5\/2024\/05\/img_0159-1440x1080.jpg 1440w, https:\/\/www.diocese-belfort-montbeliard.fr\/beaucourt-delle\/wp-content\/uploads\/sites\/5\/2024\/05\/img_0159-768x576.jpg 768w, https:\/\/www.diocese-belfort-montbeliard.fr\/beaucourt-delle\/wp-content\/uploads\/sites\/5\/2024\/05\/img_0159-1536x1152.jpg 1536w, https:\/\/www.diocese-belfort-montbeliard.fr\/beaucourt-delle\/wp-content\/uploads\/sites\/5\/2024\/05\/img_0159-2048x1536.jpg 2048w\" sizes=\"auto, (max-width: 2560px) 100vw, 2560px\" \/><\/figure>\n\n\n\n<figure class=\"wp-block-image size-large\"><img loading=\"lazy\" decoding=\"async\" width=\"1920\" height=\"2560\" data-id=\"11124\" src=\"https:\/\/www.diocese-belfort-montbeliard.fr\/beaucourt-delle\/wp-content\/uploads\/sites\/5\/2024\/05\/img_0158-scaled.jpg\" alt=\"\" class=\"wp-image-11124\" srcset=\"https:\/\/www.diocese-belfort-montbeliard.fr\/beaucourt-delle\/wp-content\/uploads\/sites\/5\/2024\/05\/img_0158-scaled.jpg 1920w, https:\/\/www.diocese-belfort-montbeliard.fr\/beaucourt-delle\/wp-content\/uploads\/sites\/5\/2024\/05\/img_0158-450x600.jpg 450w, https:\/\/www.diocese-belfort-montbeliard.fr\/beaucourt-delle\/wp-content\/uploads\/sites\/5\/2024\/05\/img_0158-810x1080.jpg 810w, https:\/\/www.diocese-belfort-montbeliard.fr\/beaucourt-delle\/wp-content\/uploads\/sites\/5\/2024\/05\/img_0158-768x1024.jpg 768w, https:\/\/www.diocese-belfort-montbeliard.fr\/beaucourt-delle\/wp-content\/uploads\/sites\/5\/2024\/05\/img_0158-1152x1536.jpg 1152w, https:\/\/www.diocese-belfort-montbeliard.fr\/beaucourt-delle\/wp-content\/uploads\/sites\/5\/2024\/05\/img_0158-1536x2048.jpg 1536w\" sizes=\"auto, (max-width: 1920px) 100vw, 1920px\" \/><\/figure>\n\n\n\n<figure class=\"wp-block-image size-large\"><img loading=\"lazy\" decoding=\"async\" width=\"1920\" height=\"2560\" data-id=\"11123\" src=\"https:\/\/www.diocese-belfort-montbeliard.fr\/beaucourt-delle\/wp-content\/uploads\/sites\/5\/2024\/05\/img_0157-scaled.jpg\" alt=\"\" class=\"wp-image-11123\" srcset=\"https:\/\/www.diocese-belfort-montbeliard.fr\/beaucourt-delle\/wp-content\/uploads\/sites\/5\/2024\/05\/img_0157-scaled.jpg 1920w, https:\/\/www.diocese-belfort-montbeliard.fr\/beaucourt-delle\/wp-content\/uploads\/sites\/5\/2024\/05\/img_0157-450x600.jpg 450w, https:\/\/www.diocese-belfort-montbeliard.fr\/beaucourt-delle\/wp-content\/uploads\/sites\/5\/2024\/05\/img_0157-810x1080.jpg 810w, https:\/\/www.diocese-belfort-montbeliard.fr\/beaucourt-delle\/wp-content\/uploads\/sites\/5\/2024\/05\/img_0157-768x1024.jpg 768w, https:\/\/www.diocese-belfort-montbeliard.fr\/beaucourt-delle\/wp-content\/uploads\/sites\/5\/2024\/05\/img_0157-1152x1536.jpg 1152w, https:\/\/www.diocese-belfort-montbeliard.fr\/beaucourt-delle\/wp-content\/uploads\/sites\/5\/2024\/05\/img_0157-1536x2048.jpg 1536w\" sizes=\"auto, (max-width: 1920px) 100vw, 1920px\" \/><\/figure>\n<\/figure>\n\n\n\n<p class=\"has-text-align-center\"><strong> <\/strong><br><br><strong>Josiane pour l\u2019\u00e9quipe des cat\u00e9chistes<\/strong><\/p>\n\n\n\n<p>&nbsp;&nbsp;&nbsp;&nbsp;&nbsp;&nbsp;&nbsp;&nbsp;&nbsp;&nbsp;&nbsp;&nbsp;&nbsp;&nbsp;&nbsp;&nbsp;&nbsp;&nbsp;&nbsp;&nbsp;&nbsp;&nbsp;&nbsp;&nbsp;&nbsp;&nbsp;&nbsp;<\/p>\n","protected":false},"excerpt":{"rendered":"<p>24 d\u00e9cembre 2023 Veill\u00e9e de No\u00ebl&nbsp; sous le signe de la Paix. \u00ab&nbsp;Voici la paix sur nous, un fils nous est n\u00e9, voici la paix sur nous, Dieu s\u2019est donn\u00e9\u2026.&nbsp;\u00bb C\u2019est avec ce chant de paix que notre Veill\u00e9e de No\u00ebl a d\u00e9but\u00e9, et l\u2019assembl\u00e9e des fid\u00e8les \u00e9tait nombreuse en l\u2019\u00e9glise St Fran\u00e7ois de Sales. [&hellip;]<\/p>\n","protected":false},"author":15,"featured_media":10873,"comment_status":"open","ping_status":"open","sticky":false,"template":"","format":"standard","meta":{"_acf_changed":false,"footnotes":""},"categories":[2],"tags":[],"class_list":["post-10867","post","type-post","status-publish","format-standard","has-post-thumbnail","hentry","category-jean-paull-ii"],"acf":[],"yoast_head":"<!-- This site is optimized with the Yoast SEO plugin v27.4 - https:\/\/yoast.com\/product\/yoast-seo-wordpress\/ -->\n<title>Messes des familles et c\u00e9l\u00e9brations - Doyenn\u00e9 de Beaucourt - Delle<\/title>\n<meta name=\"robots\" content=\"index, follow, max-snippet:-1, max-image-preview:large, max-video-preview:-1\" \/>\n<link rel=\"canonical\" href=\"https:\/\/www.diocese-belfort-montbeliard.fr\/beaucourt-delle\/actualites\/messes-des-familles\/\" \/>\n<meta property=\"og:locale\" content=\"fr_FR\" \/>\n<meta property=\"og:type\" content=\"article\" \/>\n<meta property=\"og:title\" content=\"Messes des familles et c\u00e9l\u00e9brations - Doyenn\u00e9 de Beaucourt - Delle\" \/>\n<meta property=\"og:description\" content=\"24 d\u00e9cembre 2023 Veill\u00e9e de No\u00ebl&nbsp; sous le signe de la Paix. \u00ab&nbsp;Voici la paix sur nous, un fils nous est n\u00e9, voici la paix sur nous, Dieu s\u2019est donn\u00e9\u2026.&nbsp;\u00bb C\u2019est avec ce chant de paix que notre Veill\u00e9e de No\u00ebl a d\u00e9but\u00e9, et l\u2019assembl\u00e9e des fid\u00e8les \u00e9tait nombreuse en l\u2019\u00e9glise St Fran\u00e7ois de Sales. [&hellip;]\" \/>\n<meta property=\"og:url\" content=\"https:\/\/www.diocese-belfort-montbeliard.fr\/beaucourt-delle\/actualites\/messes-des-familles\/\" \/>\n<meta property=\"og:site_name\" content=\"Doyenn\u00e9 de Beaucourt - Delle\" \/>\n<meta property=\"article:published_time\" content=\"2024-03-17T15:08:34+00:00\" \/>\n<meta property=\"article:modified_time\" content=\"2024-05-04T16:42:47+00:00\" \/>\n<meta property=\"og:image\" content=\"https:\/\/www.diocese-belfort-montbeliard.fr\/beaucourt-delle\/wp-content\/uploads\/sites\/5\/2024\/03\/messes-des-famille-4-02-2023.jpg\" \/>\n\t<meta property=\"og:image:width\" content=\"1609\" \/>\n\t<meta property=\"og:image:height\" content=\"1965\" \/>\n\t<meta property=\"og:image:type\" content=\"image\/jpeg\" \/>\n<meta name=\"author\" content=\"paroissenddemontrobert\" \/>\n<meta name=\"twitter:card\" content=\"summary_large_image\" \/>\n<meta name=\"twitter:label1\" content=\"\u00c9crit par\" \/>\n\t<meta name=\"twitter:data1\" content=\"paroissenddemontrobert\" \/>\n\t<meta name=\"twitter:label2\" content=\"Dur\u00e9e de lecture estim\u00e9e\" \/>\n\t<meta name=\"twitter:data2\" content=\"11 minutes\" \/>\n<script type=\"application\/ld+json\" class=\"yoast-schema-graph\">{\"@context\":\"https:\\\/\\\/schema.org\",\"@graph\":[{\"@type\":\"Article\",\"@id\":\"https:\\\/\\\/www.diocese-belfort-montbeliard.fr\\\/beaucourt-delle\\\/actualites\\\/messes-des-familles\\\/#article\",\"isPartOf\":{\"@id\":\"https:\\\/\\\/www.diocese-belfort-montbeliard.fr\\\/beaucourt-delle\\\/actualites\\\/messes-des-familles\\\/\"},\"author\":{\"name\":\"paroissenddemontrobert\",\"@id\":\"https:\\\/\\\/www.diocese-belfort-montbeliard.fr\\\/beaucourt-delle\\\/#\\\/schema\\\/person\\\/7a214f5968cd9b628d38d16d52a3f2ab\"},\"headline\":\"Messes des familles et c\u00e9l\u00e9brations\",\"datePublished\":\"2024-03-17T15:08:34+00:00\",\"dateModified\":\"2024-05-04T16:42:47+00:00\",\"mainEntityOfPage\":{\"@id\":\"https:\\\/\\\/www.diocese-belfort-montbeliard.fr\\\/beaucourt-delle\\\/actualites\\\/messes-des-familles\\\/\"},\"wordCount\":1902,\"commentCount\":0,\"image\":{\"@id\":\"https:\\\/\\\/www.diocese-belfort-montbeliard.fr\\\/beaucourt-delle\\\/actualites\\\/messes-des-familles\\\/#primaryimage\"},\"thumbnailUrl\":\"https:\\\/\\\/www.diocese-belfort-montbeliard.fr\\\/beaucourt-delle\\\/wp-content\\\/uploads\\\/sites\\\/5\\\/2024\\\/03\\\/messes-des-famille-4-02-2023.jpg\",\"articleSection\":[\"Jean-Paull II\"],\"inLanguage\":\"fr-FR\",\"potentialAction\":[{\"@type\":\"CommentAction\",\"name\":\"Comment\",\"target\":[\"https:\\\/\\\/www.diocese-belfort-montbeliard.fr\\\/beaucourt-delle\\\/actualites\\\/messes-des-familles\\\/#respond\"]}]},{\"@type\":\"WebPage\",\"@id\":\"https:\\\/\\\/www.diocese-belfort-montbeliard.fr\\\/beaucourt-delle\\\/actualites\\\/messes-des-familles\\\/\",\"url\":\"https:\\\/\\\/www.diocese-belfort-montbeliard.fr\\\/beaucourt-delle\\\/actualites\\\/messes-des-familles\\\/\",\"name\":\"Messes des familles et c\u00e9l\u00e9brations - Doyenn\u00e9 de Beaucourt - Delle\",\"isPartOf\":{\"@id\":\"https:\\\/\\\/www.diocese-belfort-montbeliard.fr\\\/beaucourt-delle\\\/#website\"},\"primaryImageOfPage\":{\"@id\":\"https:\\\/\\\/www.diocese-belfort-montbeliard.fr\\\/beaucourt-delle\\\/actualites\\\/messes-des-familles\\\/#primaryimage\"},\"image\":{\"@id\":\"https:\\\/\\\/www.diocese-belfort-montbeliard.fr\\\/beaucourt-delle\\\/actualites\\\/messes-des-familles\\\/#primaryimage\"},\"thumbnailUrl\":\"https:\\\/\\\/www.diocese-belfort-montbeliard.fr\\\/beaucourt-delle\\\/wp-content\\\/uploads\\\/sites\\\/5\\\/2024\\\/03\\\/messes-des-famille-4-02-2023.jpg\",\"datePublished\":\"2024-03-17T15:08:34+00:00\",\"dateModified\":\"2024-05-04T16:42:47+00:00\",\"author\":{\"@id\":\"https:\\\/\\\/www.diocese-belfort-montbeliard.fr\\\/beaucourt-delle\\\/#\\\/schema\\\/person\\\/7a214f5968cd9b628d38d16d52a3f2ab\"},\"breadcrumb\":{\"@id\":\"https:\\\/\\\/www.diocese-belfort-montbeliard.fr\\\/beaucourt-delle\\\/actualites\\\/messes-des-familles\\\/#breadcrumb\"},\"inLanguage\":\"fr-FR\",\"potentialAction\":[{\"@type\":\"ReadAction\",\"target\":[\"https:\\\/\\\/www.diocese-belfort-montbeliard.fr\\\/beaucourt-delle\\\/actualites\\\/messes-des-familles\\\/\"]}]},{\"@type\":\"ImageObject\",\"inLanguage\":\"fr-FR\",\"@id\":\"https:\\\/\\\/www.diocese-belfort-montbeliard.fr\\\/beaucourt-delle\\\/actualites\\\/messes-des-familles\\\/#primaryimage\",\"url\":\"https:\\\/\\\/www.diocese-belfort-montbeliard.fr\\\/beaucourt-delle\\\/wp-content\\\/uploads\\\/sites\\\/5\\\/2024\\\/03\\\/messes-des-famille-4-02-2023.jpg\",\"contentUrl\":\"https:\\\/\\\/www.diocese-belfort-montbeliard.fr\\\/beaucourt-delle\\\/wp-content\\\/uploads\\\/sites\\\/5\\\/2024\\\/03\\\/messes-des-famille-4-02-2023.jpg\",\"width\":1609,\"height\":1965},{\"@type\":\"BreadcrumbList\",\"@id\":\"https:\\\/\\\/www.diocese-belfort-montbeliard.fr\\\/beaucourt-delle\\\/actualites\\\/messes-des-familles\\\/#breadcrumb\",\"itemListElement\":[{\"@type\":\"ListItem\",\"position\":1,\"name\":\"Accueil\",\"item\":\"https:\\\/\\\/www.diocese-belfort-montbeliard.fr\\\/beaucourt-delle\\\/\"},{\"@type\":\"ListItem\",\"position\":2,\"name\":\"Messes des familles et c\u00e9l\u00e9brations\"}]},{\"@type\":\"WebSite\",\"@id\":\"https:\\\/\\\/www.diocese-belfort-montbeliard.fr\\\/beaucourt-delle\\\/#website\",\"url\":\"https:\\\/\\\/www.diocese-belfort-montbeliard.fr\\\/beaucourt-delle\\\/\",\"name\":\"Doyenn\u00e9 de Beaucourt - Delle\",\"description\":\"Dioc\u00e8se de Belfort - Montb\u00e9liard\",\"potentialAction\":[{\"@type\":\"SearchAction\",\"target\":{\"@type\":\"EntryPoint\",\"urlTemplate\":\"https:\\\/\\\/www.diocese-belfort-montbeliard.fr\\\/beaucourt-delle\\\/?s={search_term_string}\"},\"query-input\":{\"@type\":\"PropertyValueSpecification\",\"valueRequired\":true,\"valueName\":\"search_term_string\"}}],\"inLanguage\":\"fr-FR\"},{\"@type\":\"Person\",\"@id\":\"https:\\\/\\\/www.diocese-belfort-montbeliard.fr\\\/beaucourt-delle\\\/#\\\/schema\\\/person\\\/7a214f5968cd9b628d38d16d52a3f2ab\",\"name\":\"paroissenddemontrobert\",\"image\":{\"@type\":\"ImageObject\",\"inLanguage\":\"fr-FR\",\"@id\":\"https:\\\/\\\/secure.gravatar.com\\\/avatar\\\/252897a005b2ada0d0c631afc4fc5d1230d95d4c211df52ff18765397d17fd73?s=96&d=mm&r=g\",\"url\":\"https:\\\/\\\/secure.gravatar.com\\\/avatar\\\/252897a005b2ada0d0c631afc4fc5d1230d95d4c211df52ff18765397d17fd73?s=96&d=mm&r=g\",\"contentUrl\":\"https:\\\/\\\/secure.gravatar.com\\\/avatar\\\/252897a005b2ada0d0c631afc4fc5d1230d95d4c211df52ff18765397d17fd73?s=96&d=mm&r=g\",\"caption\":\"paroissenddemontrobert\"},\"url\":\"https:\\\/\\\/www.diocese-belfort-montbeliard.fr\\\/beaucourt-delle\\\/author\\\/paroissenddemontrobert\\\/\"}]}<\/script>\n<!-- \/ Yoast SEO plugin. -->","yoast_head_json":{"title":"Messes des familles et c\u00e9l\u00e9brations - Doyenn\u00e9 de Beaucourt - Delle","robots":{"index":"index","follow":"follow","max-snippet":"max-snippet:-1","max-image-preview":"max-image-preview:large","max-video-preview":"max-video-preview:-1"},"canonical":"https:\/\/www.diocese-belfort-montbeliard.fr\/beaucourt-delle\/actualites\/messes-des-familles\/","og_locale":"fr_FR","og_type":"article","og_title":"Messes des familles et c\u00e9l\u00e9brations - Doyenn\u00e9 de Beaucourt - Delle","og_description":"24 d\u00e9cembre 2023 Veill\u00e9e de No\u00ebl&nbsp; sous le signe de la Paix. \u00ab&nbsp;Voici la paix sur nous, un fils nous est n\u00e9, voici la paix sur nous, Dieu s\u2019est donn\u00e9\u2026.&nbsp;\u00bb C\u2019est avec ce chant de paix que notre Veill\u00e9e de No\u00ebl a d\u00e9but\u00e9, et l\u2019assembl\u00e9e des fid\u00e8les \u00e9tait nombreuse en l\u2019\u00e9glise St Fran\u00e7ois de Sales. [&hellip;]","og_url":"https:\/\/www.diocese-belfort-montbeliard.fr\/beaucourt-delle\/actualites\/messes-des-familles\/","og_site_name":"Doyenn\u00e9 de Beaucourt - Delle","article_published_time":"2024-03-17T15:08:34+00:00","article_modified_time":"2024-05-04T16:42:47+00:00","og_image":[{"width":1609,"height":1965,"url":"https:\/\/www.diocese-belfort-montbeliard.fr\/beaucourt-delle\/wp-content\/uploads\/sites\/5\/2024\/03\/messes-des-famille-4-02-2023.jpg","type":"image\/jpeg"}],"author":"paroissenddemontrobert","twitter_card":"summary_large_image","twitter_misc":{"\u00c9crit par":"paroissenddemontrobert","Dur\u00e9e de lecture estim\u00e9e":"11 minutes"},"schema":{"@context":"https:\/\/schema.org","@graph":[{"@type":"Article","@id":"https:\/\/www.diocese-belfort-montbeliard.fr\/beaucourt-delle\/actualites\/messes-des-familles\/#article","isPartOf":{"@id":"https:\/\/www.diocese-belfort-montbeliard.fr\/beaucourt-delle\/actualites\/messes-des-familles\/"},"author":{"name":"paroissenddemontrobert","@id":"https:\/\/www.diocese-belfort-montbeliard.fr\/beaucourt-delle\/#\/schema\/person\/7a214f5968cd9b628d38d16d52a3f2ab"},"headline":"Messes des familles et c\u00e9l\u00e9brations","datePublished":"2024-03-17T15:08:34+00:00","dateModified":"2024-05-04T16:42:47+00:00","mainEntityOfPage":{"@id":"https:\/\/www.diocese-belfort-montbeliard.fr\/beaucourt-delle\/actualites\/messes-des-familles\/"},"wordCount":1902,"commentCount":0,"image":{"@id":"https:\/\/www.diocese-belfort-montbeliard.fr\/beaucourt-delle\/actualites\/messes-des-familles\/#primaryimage"},"thumbnailUrl":"https:\/\/www.diocese-belfort-montbeliard.fr\/beaucourt-delle\/wp-content\/uploads\/sites\/5\/2024\/03\/messes-des-famille-4-02-2023.jpg","articleSection":["Jean-Paull II"],"inLanguage":"fr-FR","potentialAction":[{"@type":"CommentAction","name":"Comment","target":["https:\/\/www.diocese-belfort-montbeliard.fr\/beaucourt-delle\/actualites\/messes-des-familles\/#respond"]}]},{"@type":"WebPage","@id":"https:\/\/www.diocese-belfort-montbeliard.fr\/beaucourt-delle\/actualites\/messes-des-familles\/","url":"https:\/\/www.diocese-belfort-montbeliard.fr\/beaucourt-delle\/actualites\/messes-des-familles\/","name":"Messes des familles et c\u00e9l\u00e9brations - Doyenn\u00e9 de Beaucourt - Delle","isPartOf":{"@id":"https:\/\/www.diocese-belfort-montbeliard.fr\/beaucourt-delle\/#website"},"primaryImageOfPage":{"@id":"https:\/\/www.diocese-belfort-montbeliard.fr\/beaucourt-delle\/actualites\/messes-des-familles\/#primaryimage"},"image":{"@id":"https:\/\/www.diocese-belfort-montbeliard.fr\/beaucourt-delle\/actualites\/messes-des-familles\/#primaryimage"},"thumbnailUrl":"https:\/\/www.diocese-belfort-montbeliard.fr\/beaucourt-delle\/wp-content\/uploads\/sites\/5\/2024\/03\/messes-des-famille-4-02-2023.jpg","datePublished":"2024-03-17T15:08:34+00:00","dateModified":"2024-05-04T16:42:47+00:00","author":{"@id":"https:\/\/www.diocese-belfort-montbeliard.fr\/beaucourt-delle\/#\/schema\/person\/7a214f5968cd9b628d38d16d52a3f2ab"},"breadcrumb":{"@id":"https:\/\/www.diocese-belfort-montbeliard.fr\/beaucourt-delle\/actualites\/messes-des-familles\/#breadcrumb"},"inLanguage":"fr-FR","potentialAction":[{"@type":"ReadAction","target":["https:\/\/www.diocese-belfort-montbeliard.fr\/beaucourt-delle\/actualites\/messes-des-familles\/"]}]},{"@type":"ImageObject","inLanguage":"fr-FR","@id":"https:\/\/www.diocese-belfort-montbeliard.fr\/beaucourt-delle\/actualites\/messes-des-familles\/#primaryimage","url":"https:\/\/www.diocese-belfort-montbeliard.fr\/beaucourt-delle\/wp-content\/uploads\/sites\/5\/2024\/03\/messes-des-famille-4-02-2023.jpg","contentUrl":"https:\/\/www.diocese-belfort-montbeliard.fr\/beaucourt-delle\/wp-content\/uploads\/sites\/5\/2024\/03\/messes-des-famille-4-02-2023.jpg","width":1609,"height":1965},{"@type":"BreadcrumbList","@id":"https:\/\/www.diocese-belfort-montbeliard.fr\/beaucourt-delle\/actualites\/messes-des-familles\/#breadcrumb","itemListElement":[{"@type":"ListItem","position":1,"name":"Accueil","item":"https:\/\/www.diocese-belfort-montbeliard.fr\/beaucourt-delle\/"},{"@type":"ListItem","position":2,"name":"Messes des familles et c\u00e9l\u00e9brations"}]},{"@type":"WebSite","@id":"https:\/\/www.diocese-belfort-montbeliard.fr\/beaucourt-delle\/#website","url":"https:\/\/www.diocese-belfort-montbeliard.fr\/beaucourt-delle\/","name":"Doyenn\u00e9 de Beaucourt - Delle","description":"Dioc\u00e8se de Belfort - Montb\u00e9liard","potentialAction":[{"@type":"SearchAction","target":{"@type":"EntryPoint","urlTemplate":"https:\/\/www.diocese-belfort-montbeliard.fr\/beaucourt-delle\/?s={search_term_string}"},"query-input":{"@type":"PropertyValueSpecification","valueRequired":true,"valueName":"search_term_string"}}],"inLanguage":"fr-FR"},{"@type":"Person","@id":"https:\/\/www.diocese-belfort-montbeliard.fr\/beaucourt-delle\/#\/schema\/person\/7a214f5968cd9b628d38d16d52a3f2ab","name":"paroissenddemontrobert","image":{"@type":"ImageObject","inLanguage":"fr-FR","@id":"https:\/\/secure.gravatar.com\/avatar\/252897a005b2ada0d0c631afc4fc5d1230d95d4c211df52ff18765397d17fd73?s=96&d=mm&r=g","url":"https:\/\/secure.gravatar.com\/avatar\/252897a005b2ada0d0c631afc4fc5d1230d95d4c211df52ff18765397d17fd73?s=96&d=mm&r=g","contentUrl":"https:\/\/secure.gravatar.com\/avatar\/252897a005b2ada0d0c631afc4fc5d1230d95d4c211df52ff18765397d17fd73?s=96&d=mm&r=g","caption":"paroissenddemontrobert"},"url":"https:\/\/www.diocese-belfort-montbeliard.fr\/beaucourt-delle\/author\/paroissenddemontrobert\/"}]}},"_links":{"self":[{"href":"https:\/\/www.diocese-belfort-montbeliard.fr\/beaucourt-delle\/wp-json\/wp\/v2\/posts\/10867","targetHints":{"allow":["GET"]}}],"collection":[{"href":"https:\/\/www.diocese-belfort-montbeliard.fr\/beaucourt-delle\/wp-json\/wp\/v2\/posts"}],"about":[{"href":"https:\/\/www.diocese-belfort-montbeliard.fr\/beaucourt-delle\/wp-json\/wp\/v2\/types\/post"}],"author":[{"embeddable":true,"href":"https:\/\/www.diocese-belfort-montbeliard.fr\/beaucourt-delle\/wp-json\/wp\/v2\/users\/15"}],"replies":[{"embeddable":true,"href":"https:\/\/www.diocese-belfort-montbeliard.fr\/beaucourt-delle\/wp-json\/wp\/v2\/comments?post=10867"}],"version-history":[{"count":9,"href":"https:\/\/www.diocese-belfort-montbeliard.fr\/beaucourt-delle\/wp-json\/wp\/v2\/posts\/10867\/revisions"}],"predecessor-version":[{"id":11149,"href":"https:\/\/www.diocese-belfort-montbeliard.fr\/beaucourt-delle\/wp-json\/wp\/v2\/posts\/10867\/revisions\/11149"}],"wp:featuredmedia":[{"embeddable":true,"href":"https:\/\/www.diocese-belfort-montbeliard.fr\/beaucourt-delle\/wp-json\/wp\/v2\/media\/10873"}],"wp:attachment":[{"href":"https:\/\/www.diocese-belfort-montbeliard.fr\/beaucourt-delle\/wp-json\/wp\/v2\/media?parent=10867"}],"wp:term":[{"taxonomy":"category","embeddable":true,"href":"https:\/\/www.diocese-belfort-montbeliard.fr\/beaucourt-delle\/wp-json\/wp\/v2\/categories?post=10867"},{"taxonomy":"post_tag","embeddable":true,"href":"https:\/\/www.diocese-belfort-montbeliard.fr\/beaucourt-delle\/wp-json\/wp\/v2\/tags?post=10867"}],"curies":[{"name":"wp","href":"https:\/\/api.w.org\/{rel}","templated":true}]}}