{"id":11893,"date":"2024-06-25T22:33:16","date_gmt":"2024-06-25T20:33:16","guid":{"rendered":"https:\/\/www.diocese-belfort-montbeliard.fr\/beaucourt-delle\/?p=11893"},"modified":"2024-07-23T19:22:04","modified_gmt":"2024-07-23T17:22:04","slug":"messe-a-thiancourt-le-23-06-2024","status":"publish","type":"post","link":"https:\/\/www.diocese-belfort-montbeliard.fr\/beaucourt-delle\/actualites\/messe-a-thiancourt-le-23-06-2024\/","title":{"rendered":"Messe \u00e0 Thiancourt le 23\/06\/2024"},"content":{"rendered":"\n<h2 class=\"has-text-align-center wp-block-heading\">Messe de Thiancourt le 23\/06\/2024<\/h2>\n\n\n\n<p class=\"has-medium-font-size\">Comme (presque..) chaque ann\u00e9e, la messe a \u00e9t\u00e9 d\u00e9plac\u00e9e de Joncherey \u00e0 Thiancourt, ce dimanche 23\/06\/20.<\/p>\n\n\n\n<figure class=\"wp-block-gallery has-nested-images columns-default is-cropped wp-block-gallery-1 is-layout-flex wp-block-gallery-is-layout-flex\">\n<figure class=\"wp-block-image size-large is-style-default\"><img loading=\"lazy\" decoding=\"async\" width=\"1440\" height=\"1080\" data-id=\"11896\" src=\"https:\/\/www.diocese-belfort-montbeliard.fr\/beaucourt-delle\/wp-content\/uploads\/sites\/5\/2024\/06\/NDMR_P1080675-1440x1080.jpg\" alt=\"\" class=\"wp-image-11896\" srcset=\"https:\/\/www.diocese-belfort-montbeliard.fr\/beaucourt-delle\/wp-content\/uploads\/sites\/5\/2024\/06\/NDMR_P1080675-1440x1080.jpg 1440w, https:\/\/www.diocese-belfort-montbeliard.fr\/beaucourt-delle\/wp-content\/uploads\/sites\/5\/2024\/06\/NDMR_P1080675-600x450.jpg 600w, https:\/\/www.diocese-belfort-montbeliard.fr\/beaucourt-delle\/wp-content\/uploads\/sites\/5\/2024\/06\/NDMR_P1080675-768x576.jpg 768w, https:\/\/www.diocese-belfort-montbeliard.fr\/beaucourt-delle\/wp-content\/uploads\/sites\/5\/2024\/06\/NDMR_P1080675-1536x1152.jpg 1536w, https:\/\/www.diocese-belfort-montbeliard.fr\/beaucourt-delle\/wp-content\/uploads\/sites\/5\/2024\/06\/NDMR_P1080675-2048x1536.jpg 2048w\" sizes=\"auto, (max-width: 1440px) 100vw, 1440px\" \/><figcaption>Autel bien pr\u00e9par\u00e9<\/figcaption><\/figure>\n\n\n\n<figure class=\"wp-block-image size-large is-style-default\"><img loading=\"lazy\" decoding=\"async\" width=\"1440\" height=\"1080\" data-id=\"11895\" src=\"https:\/\/www.diocese-belfort-montbeliard.fr\/beaucourt-delle\/wp-content\/uploads\/sites\/5\/2024\/06\/NDMR_P1080676-1440x1080.jpg\" alt=\"\" class=\"wp-image-11895\" srcset=\"https:\/\/www.diocese-belfort-montbeliard.fr\/beaucourt-delle\/wp-content\/uploads\/sites\/5\/2024\/06\/NDMR_P1080676-1440x1080.jpg 1440w, https:\/\/www.diocese-belfort-montbeliard.fr\/beaucourt-delle\/wp-content\/uploads\/sites\/5\/2024\/06\/NDMR_P1080676-600x450.jpg 600w, https:\/\/www.diocese-belfort-montbeliard.fr\/beaucourt-delle\/wp-content\/uploads\/sites\/5\/2024\/06\/NDMR_P1080676-768x576.jpg 768w, https:\/\/www.diocese-belfort-montbeliard.fr\/beaucourt-delle\/wp-content\/uploads\/sites\/5\/2024\/06\/NDMR_P1080676-1536x1152.jpg 1536w, https:\/\/www.diocese-belfort-montbeliard.fr\/beaucourt-delle\/wp-content\/uploads\/sites\/5\/2024\/06\/NDMR_P1080676-2048x1536.jpg 2048w\" sizes=\"auto, (max-width: 1440px) 100vw, 1440px\" \/><\/figure>\n\n\n\n<figure class=\"wp-block-image size-large is-style-default\"><img loading=\"lazy\" decoding=\"async\" width=\"1440\" height=\"1080\" data-id=\"11894\" src=\"https:\/\/www.diocese-belfort-montbeliard.fr\/beaucourt-delle\/wp-content\/uploads\/sites\/5\/2024\/06\/NDMR_P1080678-1440x1080.jpg\" alt=\"\" class=\"wp-image-11894\" srcset=\"https:\/\/www.diocese-belfort-montbeliard.fr\/beaucourt-delle\/wp-content\/uploads\/sites\/5\/2024\/06\/NDMR_P1080678-1440x1080.jpg 1440w, https:\/\/www.diocese-belfort-montbeliard.fr\/beaucourt-delle\/wp-content\/uploads\/sites\/5\/2024\/06\/NDMR_P1080678-600x450.jpg 600w, https:\/\/www.diocese-belfort-montbeliard.fr\/beaucourt-delle\/wp-content\/uploads\/sites\/5\/2024\/06\/NDMR_P1080678-768x576.jpg 768w, https:\/\/www.diocese-belfort-montbeliard.fr\/beaucourt-delle\/wp-content\/uploads\/sites\/5\/2024\/06\/NDMR_P1080678-1536x1152.jpg 1536w, https:\/\/www.diocese-belfort-montbeliard.fr\/beaucourt-delle\/wp-content\/uploads\/sites\/5\/2024\/06\/NDMR_P1080678-2048x1536.jpg 2048w\" sizes=\"auto, (max-width: 1440px) 100vw, 1440px\" \/><figcaption>Hom\u00e9lie<\/figcaption><\/figure>\n\n\n\n<figure class=\"wp-block-image size-large is-style-default\"><img loading=\"lazy\" decoding=\"async\" width=\"1440\" height=\"1080\" data-id=\"11897\" src=\"https:\/\/www.diocese-belfort-montbeliard.fr\/beaucourt-delle\/wp-content\/uploads\/sites\/5\/2024\/06\/NDMR_P1080677-1440x1080.jpg\" alt=\"\" class=\"wp-image-11897\" srcset=\"https:\/\/www.diocese-belfort-montbeliard.fr\/beaucourt-delle\/wp-content\/uploads\/sites\/5\/2024\/06\/NDMR_P1080677-1440x1080.jpg 1440w, https:\/\/www.diocese-belfort-montbeliard.fr\/beaucourt-delle\/wp-content\/uploads\/sites\/5\/2024\/06\/NDMR_P1080677-600x450.jpg 600w, https:\/\/www.diocese-belfort-montbeliard.fr\/beaucourt-delle\/wp-content\/uploads\/sites\/5\/2024\/06\/NDMR_P1080677-768x576.jpg 768w, https:\/\/www.diocese-belfort-montbeliard.fr\/beaucourt-delle\/wp-content\/uploads\/sites\/5\/2024\/06\/NDMR_P1080677-1536x1152.jpg 1536w, https:\/\/www.diocese-belfort-montbeliard.fr\/beaucourt-delle\/wp-content\/uploads\/sites\/5\/2024\/06\/NDMR_P1080677-2048x1536.jpg 2048w\" sizes=\"auto, (max-width: 1440px) 100vw, 1440px\" \/><figcaption>La nombreuse assembl\u00e9e<\/figcaption><\/figure>\n<\/figure>\n\n\n\n<p>Puis un moment convivial a rassembl\u00e9 tout le monde!<\/p>\n\n\n\n<figure class=\"wp-block-gallery has-nested-images columns-default is-cropped wp-block-gallery-2 is-layout-flex wp-block-gallery-is-layout-flex\">\n<figure class=\"wp-block-image size-large is-style-default\"><img loading=\"lazy\" decoding=\"async\" width=\"1440\" height=\"1080\" data-id=\"11902\" src=\"https:\/\/www.diocese-belfort-montbeliard.fr\/beaucourt-delle\/wp-content\/uploads\/sites\/5\/2024\/06\/NDMR_P1080679-1-1440x1080.jpg\" alt=\"\" class=\"wp-image-11902\" srcset=\"https:\/\/www.diocese-belfort-montbeliard.fr\/beaucourt-delle\/wp-content\/uploads\/sites\/5\/2024\/06\/NDMR_P1080679-1-1440x1080.jpg 1440w, https:\/\/www.diocese-belfort-montbeliard.fr\/beaucourt-delle\/wp-content\/uploads\/sites\/5\/2024\/06\/NDMR_P1080679-1-600x450.jpg 600w, https:\/\/www.diocese-belfort-montbeliard.fr\/beaucourt-delle\/wp-content\/uploads\/sites\/5\/2024\/06\/NDMR_P1080679-1-768x576.jpg 768w, https:\/\/www.diocese-belfort-montbeliard.fr\/beaucourt-delle\/wp-content\/uploads\/sites\/5\/2024\/06\/NDMR_P1080679-1-1536x1152.jpg 1536w, https:\/\/www.diocese-belfort-montbeliard.fr\/beaucourt-delle\/wp-content\/uploads\/sites\/5\/2024\/06\/NDMR_P1080679-1-2048x1536.jpg 2048w\" sizes=\"auto, (max-width: 1440px) 100vw, 1440px\" \/><\/figure>\n\n\n\n<figure class=\"wp-block-image size-large is-style-default\"><img loading=\"lazy\" decoding=\"async\" width=\"1440\" height=\"1080\" data-id=\"11903\" src=\"https:\/\/www.diocese-belfort-montbeliard.fr\/beaucourt-delle\/wp-content\/uploads\/sites\/5\/2024\/06\/NDMR_P1080680-1-1440x1080.jpg\" alt=\"\" class=\"wp-image-11903\" srcset=\"https:\/\/www.diocese-belfort-montbeliard.fr\/beaucourt-delle\/wp-content\/uploads\/sites\/5\/2024\/06\/NDMR_P1080680-1-1440x1080.jpg 1440w, https:\/\/www.diocese-belfort-montbeliard.fr\/beaucourt-delle\/wp-content\/uploads\/sites\/5\/2024\/06\/NDMR_P1080680-1-600x450.jpg 600w, https:\/\/www.diocese-belfort-montbeliard.fr\/beaucourt-delle\/wp-content\/uploads\/sites\/5\/2024\/06\/NDMR_P1080680-1-768x576.jpg 768w, https:\/\/www.diocese-belfort-montbeliard.fr\/beaucourt-delle\/wp-content\/uploads\/sites\/5\/2024\/06\/NDMR_P1080680-1-1536x1152.jpg 1536w, https:\/\/www.diocese-belfort-montbeliard.fr\/beaucourt-delle\/wp-content\/uploads\/sites\/5\/2024\/06\/NDMR_P1080680-1-2048x1536.jpg 2048w\" sizes=\"auto, (max-width: 1440px) 100vw, 1440px\" \/><\/figure>\n\n\n\n<figure class=\"wp-block-image size-large is-style-default\"><img loading=\"lazy\" decoding=\"async\" width=\"1440\" height=\"1080\" data-id=\"11905\" src=\"https:\/\/www.diocese-belfort-montbeliard.fr\/beaucourt-delle\/wp-content\/uploads\/sites\/5\/2024\/06\/NDMR_P1080681-1-1440x1080.jpg\" alt=\"\" class=\"wp-image-11905\" srcset=\"https:\/\/www.diocese-belfort-montbeliard.fr\/beaucourt-delle\/wp-content\/uploads\/sites\/5\/2024\/06\/NDMR_P1080681-1-1440x1080.jpg 1440w, https:\/\/www.diocese-belfort-montbeliard.fr\/beaucourt-delle\/wp-content\/uploads\/sites\/5\/2024\/06\/NDMR_P1080681-1-600x450.jpg 600w, https:\/\/www.diocese-belfort-montbeliard.fr\/beaucourt-delle\/wp-content\/uploads\/sites\/5\/2024\/06\/NDMR_P1080681-1-768x576.jpg 768w, https:\/\/www.diocese-belfort-montbeliard.fr\/beaucourt-delle\/wp-content\/uploads\/sites\/5\/2024\/06\/NDMR_P1080681-1-1536x1152.jpg 1536w, https:\/\/www.diocese-belfort-montbeliard.fr\/beaucourt-delle\/wp-content\/uploads\/sites\/5\/2024\/06\/NDMR_P1080681-1-2048x1536.jpg 2048w\" sizes=\"auto, (max-width: 1440px) 100vw, 1440px\" \/><\/figure>\n\n\n\n<figure class=\"wp-block-image size-large is-style-default\"><img loading=\"lazy\" decoding=\"async\" width=\"1440\" height=\"1080\" data-id=\"11904\" src=\"https:\/\/www.diocese-belfort-montbeliard.fr\/beaucourt-delle\/wp-content\/uploads\/sites\/5\/2024\/06\/NDMR_P1080682-1-1440x1080.jpg\" alt=\"\" class=\"wp-image-11904\" srcset=\"https:\/\/www.diocese-belfort-montbeliard.fr\/beaucourt-delle\/wp-content\/uploads\/sites\/5\/2024\/06\/NDMR_P1080682-1-1440x1080.jpg 1440w, https:\/\/www.diocese-belfort-montbeliard.fr\/beaucourt-delle\/wp-content\/uploads\/sites\/5\/2024\/06\/NDMR_P1080682-1-600x450.jpg 600w, https:\/\/www.diocese-belfort-montbeliard.fr\/beaucourt-delle\/wp-content\/uploads\/sites\/5\/2024\/06\/NDMR_P1080682-1-768x576.jpg 768w, https:\/\/www.diocese-belfort-montbeliard.fr\/beaucourt-delle\/wp-content\/uploads\/sites\/5\/2024\/06\/NDMR_P1080682-1-1536x1152.jpg 1536w, https:\/\/www.diocese-belfort-montbeliard.fr\/beaucourt-delle\/wp-content\/uploads\/sites\/5\/2024\/06\/NDMR_P1080682-1-2048x1536.jpg 2048w\" sizes=\"auto, (max-width: 1440px) 100vw, 1440px\" \/><\/figure>\n<\/figure>\n","protected":false},"excerpt":{"rendered":"<p>Messe de Thiancourt le 23\/06\/2024 Comme (presque..) chaque ann\u00e9e, la messe a \u00e9t\u00e9 d\u00e9plac\u00e9e de Joncherey \u00e0 Thiancourt, ce dimanche 23\/06\/20. Puis un moment convivial a rassembl\u00e9 tout le monde!<\/p>\n","protected":false},"author":15,"featured_media":0,"comment_status":"open","ping_status":"open","sticky":false,"template":"","format":"standard","meta":{"_acf_changed":false,"footnotes":""},"categories":[6,7],"tags":[],"class_list":["post-11893","post","type-post","status-publish","format-standard","hentry","category-notre-dame-de-montrobert","category-saint-francois-de-sales"],"acf":[],"yoast_head":"<!-- This site is optimized with the Yoast SEO plugin v27.4 - https:\/\/yoast.com\/product\/yoast-seo-wordpress\/ -->\n<title>Messe \u00e0 Thiancourt le 23\/06\/2024 - Doyenn\u00e9 de Beaucourt - Delle<\/title>\n<meta name=\"description\" content=\"Paroisse Notre Dame de Montrobert, la messe a \u00e9t\u00e9 d\u00e9plac\u00e9 \u00e0 Thiancourt \u00e0 la salle communale le 23 juin 2024.\" \/>\n<meta name=\"robots\" content=\"index, follow, max-snippet:-1, max-image-preview:large, max-video-preview:-1\" \/>\n<link rel=\"canonical\" href=\"https:\/\/www.diocese-belfort-montbeliard.fr\/beaucourt-delle\/actualites\/messe-a-thiancourt-le-23-06-2024\/\" \/>\n<meta property=\"og:locale\" content=\"fr_FR\" \/>\n<meta property=\"og:type\" content=\"article\" \/>\n<meta property=\"og:title\" content=\"Messe \u00e0 Thiancourt le 23\/06\/2024 - Doyenn\u00e9 de Beaucourt - Delle\" \/>\n<meta property=\"og:description\" content=\"Paroisse Notre Dame de Montrobert, la messe a \u00e9t\u00e9 d\u00e9plac\u00e9 \u00e0 Thiancourt \u00e0 la salle communale le 23 juin 2024.\" \/>\n<meta property=\"og:url\" content=\"https:\/\/www.diocese-belfort-montbeliard.fr\/beaucourt-delle\/actualites\/messe-a-thiancourt-le-23-06-2024\/\" \/>\n<meta property=\"og:site_name\" content=\"Doyenn\u00e9 de Beaucourt - Delle\" \/>\n<meta property=\"article:published_time\" content=\"2024-06-25T20:33:16+00:00\" \/>\n<meta property=\"article:modified_time\" content=\"2024-07-23T17:22:04+00:00\" \/>\n<meta property=\"og:image\" content=\"https:\/\/www.diocese-belfort-montbeliard.fr\/beaucourt-delle\/wp-content\/uploads\/sites\/5\/2024\/06\/NDMR_P1080675-1440x1080.jpg\" \/>\n<meta name=\"author\" content=\"paroissenddemontrobert\" \/>\n<meta name=\"twitter:card\" content=\"summary_large_image\" \/>\n<meta name=\"twitter:label1\" content=\"\u00c9crit par\" \/>\n\t<meta name=\"twitter:data1\" content=\"paroissenddemontrobert\" \/>\n\t<meta name=\"twitter:label2\" content=\"Dur\u00e9e de lecture estim\u00e9e\" \/>\n\t<meta name=\"twitter:data2\" content=\"2 minutes\" \/>\n<script type=\"application\/ld+json\" class=\"yoast-schema-graph\">{\"@context\":\"https:\\\/\\\/schema.org\",\"@graph\":[{\"@type\":\"Article\",\"@id\":\"https:\\\/\\\/www.diocese-belfort-montbeliard.fr\\\/beaucourt-delle\\\/actualites\\\/messe-a-thiancourt-le-23-06-2024\\\/#article\",\"isPartOf\":{\"@id\":\"https:\\\/\\\/www.diocese-belfort-montbeliard.fr\\\/beaucourt-delle\\\/actualites\\\/messe-a-thiancourt-le-23-06-2024\\\/\"},\"author\":{\"name\":\"paroissenddemontrobert\",\"@id\":\"https:\\\/\\\/www.diocese-belfort-montbeliard.fr\\\/beaucourt-delle\\\/#\\\/schema\\\/person\\\/7a214f5968cd9b628d38d16d52a3f2ab\"},\"headline\":\"Messe \u00e0 Thiancourt le 23\\\/06\\\/2024\",\"datePublished\":\"2024-06-25T20:33:16+00:00\",\"dateModified\":\"2024-07-23T17:22:04+00:00\",\"mainEntityOfPage\":{\"@id\":\"https:\\\/\\\/www.diocese-belfort-montbeliard.fr\\\/beaucourt-delle\\\/actualites\\\/messe-a-thiancourt-le-23-06-2024\\\/\"},\"wordCount\":43,\"commentCount\":0,\"image\":{\"@id\":\"https:\\\/\\\/www.diocese-belfort-montbeliard.fr\\\/beaucourt-delle\\\/actualites\\\/messe-a-thiancourt-le-23-06-2024\\\/#primaryimage\"},\"thumbnailUrl\":\"https:\\\/\\\/www.diocese-belfort-montbeliard.fr\\\/beaucourt-delle\\\/wp-content\\\/uploads\\\/sites\\\/5\\\/2024\\\/06\\\/NDMR_P1080675-1440x1080.jpg\",\"articleSection\":[\"Notre Dame de Montrobert\",\"Saint Fran\u00e7ois de Sales\"],\"inLanguage\":\"fr-FR\",\"potentialAction\":[{\"@type\":\"CommentAction\",\"name\":\"Comment\",\"target\":[\"https:\\\/\\\/www.diocese-belfort-montbeliard.fr\\\/beaucourt-delle\\\/actualites\\\/messe-a-thiancourt-le-23-06-2024\\\/#respond\"]}]},{\"@type\":\"WebPage\",\"@id\":\"https:\\\/\\\/www.diocese-belfort-montbeliard.fr\\\/beaucourt-delle\\\/actualites\\\/messe-a-thiancourt-le-23-06-2024\\\/\",\"url\":\"https:\\\/\\\/www.diocese-belfort-montbeliard.fr\\\/beaucourt-delle\\\/actualites\\\/messe-a-thiancourt-le-23-06-2024\\\/\",\"name\":\"Messe \u00e0 Thiancourt le 23\\\/06\\\/2024 - Doyenn\u00e9 de Beaucourt - Delle\",\"isPartOf\":{\"@id\":\"https:\\\/\\\/www.diocese-belfort-montbeliard.fr\\\/beaucourt-delle\\\/#website\"},\"primaryImageOfPage\":{\"@id\":\"https:\\\/\\\/www.diocese-belfort-montbeliard.fr\\\/beaucourt-delle\\\/actualites\\\/messe-a-thiancourt-le-23-06-2024\\\/#primaryimage\"},\"image\":{\"@id\":\"https:\\\/\\\/www.diocese-belfort-montbeliard.fr\\\/beaucourt-delle\\\/actualites\\\/messe-a-thiancourt-le-23-06-2024\\\/#primaryimage\"},\"thumbnailUrl\":\"https:\\\/\\\/www.diocese-belfort-montbeliard.fr\\\/beaucourt-delle\\\/wp-content\\\/uploads\\\/sites\\\/5\\\/2024\\\/06\\\/NDMR_P1080675-1440x1080.jpg\",\"datePublished\":\"2024-06-25T20:33:16+00:00\",\"dateModified\":\"2024-07-23T17:22:04+00:00\",\"author\":{\"@id\":\"https:\\\/\\\/www.diocese-belfort-montbeliard.fr\\\/beaucourt-delle\\\/#\\\/schema\\\/person\\\/7a214f5968cd9b628d38d16d52a3f2ab\"},\"description\":\"Paroisse Notre Dame de Montrobert, la messe a \u00e9t\u00e9 d\u00e9plac\u00e9 \u00e0 Thiancourt \u00e0 la salle communale le 23 juin 2024.\",\"breadcrumb\":{\"@id\":\"https:\\\/\\\/www.diocese-belfort-montbeliard.fr\\\/beaucourt-delle\\\/actualites\\\/messe-a-thiancourt-le-23-06-2024\\\/#breadcrumb\"},\"inLanguage\":\"fr-FR\",\"potentialAction\":[{\"@type\":\"ReadAction\",\"target\":[\"https:\\\/\\\/www.diocese-belfort-montbeliard.fr\\\/beaucourt-delle\\\/actualites\\\/messe-a-thiancourt-le-23-06-2024\\\/\"]}]},{\"@type\":\"ImageObject\",\"inLanguage\":\"fr-FR\",\"@id\":\"https:\\\/\\\/www.diocese-belfort-montbeliard.fr\\\/beaucourt-delle\\\/actualites\\\/messe-a-thiancourt-le-23-06-2024\\\/#primaryimage\",\"url\":\"https:\\\/\\\/www.diocese-belfort-montbeliard.fr\\\/beaucourt-delle\\\/wp-content\\\/uploads\\\/sites\\\/5\\\/2024\\\/06\\\/NDMR_P1080675-1440x1080.jpg\",\"contentUrl\":\"https:\\\/\\\/www.diocese-belfort-montbeliard.fr\\\/beaucourt-delle\\\/wp-content\\\/uploads\\\/sites\\\/5\\\/2024\\\/06\\\/NDMR_P1080675-1440x1080.jpg\"},{\"@type\":\"BreadcrumbList\",\"@id\":\"https:\\\/\\\/www.diocese-belfort-montbeliard.fr\\\/beaucourt-delle\\\/actualites\\\/messe-a-thiancourt-le-23-06-2024\\\/#breadcrumb\",\"itemListElement\":[{\"@type\":\"ListItem\",\"position\":1,\"name\":\"Accueil\",\"item\":\"https:\\\/\\\/www.diocese-belfort-montbeliard.fr\\\/beaucourt-delle\\\/\"},{\"@type\":\"ListItem\",\"position\":2,\"name\":\"Messe \u00e0 Thiancourt le 23\\\/06\\\/2024\"}]},{\"@type\":\"WebSite\",\"@id\":\"https:\\\/\\\/www.diocese-belfort-montbeliard.fr\\\/beaucourt-delle\\\/#website\",\"url\":\"https:\\\/\\\/www.diocese-belfort-montbeliard.fr\\\/beaucourt-delle\\\/\",\"name\":\"Doyenn\u00e9 de Beaucourt - Delle\",\"description\":\"Dioc\u00e8se de Belfort - Montb\u00e9liard\",\"potentialAction\":[{\"@type\":\"SearchAction\",\"target\":{\"@type\":\"EntryPoint\",\"urlTemplate\":\"https:\\\/\\\/www.diocese-belfort-montbeliard.fr\\\/beaucourt-delle\\\/?s={search_term_string}\"},\"query-input\":{\"@type\":\"PropertyValueSpecification\",\"valueRequired\":true,\"valueName\":\"search_term_string\"}}],\"inLanguage\":\"fr-FR\"},{\"@type\":\"Person\",\"@id\":\"https:\\\/\\\/www.diocese-belfort-montbeliard.fr\\\/beaucourt-delle\\\/#\\\/schema\\\/person\\\/7a214f5968cd9b628d38d16d52a3f2ab\",\"name\":\"paroissenddemontrobert\",\"image\":{\"@type\":\"ImageObject\",\"inLanguage\":\"fr-FR\",\"@id\":\"https:\\\/\\\/secure.gravatar.com\\\/avatar\\\/252897a005b2ada0d0c631afc4fc5d1230d95d4c211df52ff18765397d17fd73?s=96&d=mm&r=g\",\"url\":\"https:\\\/\\\/secure.gravatar.com\\\/avatar\\\/252897a005b2ada0d0c631afc4fc5d1230d95d4c211df52ff18765397d17fd73?s=96&d=mm&r=g\",\"contentUrl\":\"https:\\\/\\\/secure.gravatar.com\\\/avatar\\\/252897a005b2ada0d0c631afc4fc5d1230d95d4c211df52ff18765397d17fd73?s=96&d=mm&r=g\",\"caption\":\"paroissenddemontrobert\"},\"url\":\"https:\\\/\\\/www.diocese-belfort-montbeliard.fr\\\/beaucourt-delle\\\/author\\\/paroissenddemontrobert\\\/\"}]}<\/script>\n<!-- \/ Yoast SEO plugin. -->","yoast_head_json":{"title":"Messe \u00e0 Thiancourt le 23\/06\/2024 - Doyenn\u00e9 de Beaucourt - Delle","description":"Paroisse Notre Dame de Montrobert, la messe a \u00e9t\u00e9 d\u00e9plac\u00e9 \u00e0 Thiancourt \u00e0 la salle communale le 23 juin 2024.","robots":{"index":"index","follow":"follow","max-snippet":"max-snippet:-1","max-image-preview":"max-image-preview:large","max-video-preview":"max-video-preview:-1"},"canonical":"https:\/\/www.diocese-belfort-montbeliard.fr\/beaucourt-delle\/actualites\/messe-a-thiancourt-le-23-06-2024\/","og_locale":"fr_FR","og_type":"article","og_title":"Messe \u00e0 Thiancourt le 23\/06\/2024 - Doyenn\u00e9 de Beaucourt - Delle","og_description":"Paroisse Notre Dame de Montrobert, la messe a \u00e9t\u00e9 d\u00e9plac\u00e9 \u00e0 Thiancourt \u00e0 la salle communale le 23 juin 2024.","og_url":"https:\/\/www.diocese-belfort-montbeliard.fr\/beaucourt-delle\/actualites\/messe-a-thiancourt-le-23-06-2024\/","og_site_name":"Doyenn\u00e9 de Beaucourt - Delle","article_published_time":"2024-06-25T20:33:16+00:00","article_modified_time":"2024-07-23T17:22:04+00:00","og_image":[{"url":"https:\/\/www.diocese-belfort-montbeliard.fr\/beaucourt-delle\/wp-content\/uploads\/sites\/5\/2024\/06\/NDMR_P1080675-1440x1080.jpg","type":"","width":"","height":""}],"author":"paroissenddemontrobert","twitter_card":"summary_large_image","twitter_misc":{"\u00c9crit par":"paroissenddemontrobert","Dur\u00e9e de lecture estim\u00e9e":"2 minutes"},"schema":{"@context":"https:\/\/schema.org","@graph":[{"@type":"Article","@id":"https:\/\/www.diocese-belfort-montbeliard.fr\/beaucourt-delle\/actualites\/messe-a-thiancourt-le-23-06-2024\/#article","isPartOf":{"@id":"https:\/\/www.diocese-belfort-montbeliard.fr\/beaucourt-delle\/actualites\/messe-a-thiancourt-le-23-06-2024\/"},"author":{"name":"paroissenddemontrobert","@id":"https:\/\/www.diocese-belfort-montbeliard.fr\/beaucourt-delle\/#\/schema\/person\/7a214f5968cd9b628d38d16d52a3f2ab"},"headline":"Messe \u00e0 Thiancourt le 23\/06\/2024","datePublished":"2024-06-25T20:33:16+00:00","dateModified":"2024-07-23T17:22:04+00:00","mainEntityOfPage":{"@id":"https:\/\/www.diocese-belfort-montbeliard.fr\/beaucourt-delle\/actualites\/messe-a-thiancourt-le-23-06-2024\/"},"wordCount":43,"commentCount":0,"image":{"@id":"https:\/\/www.diocese-belfort-montbeliard.fr\/beaucourt-delle\/actualites\/messe-a-thiancourt-le-23-06-2024\/#primaryimage"},"thumbnailUrl":"https:\/\/www.diocese-belfort-montbeliard.fr\/beaucourt-delle\/wp-content\/uploads\/sites\/5\/2024\/06\/NDMR_P1080675-1440x1080.jpg","articleSection":["Notre Dame de Montrobert","Saint Fran\u00e7ois de Sales"],"inLanguage":"fr-FR","potentialAction":[{"@type":"CommentAction","name":"Comment","target":["https:\/\/www.diocese-belfort-montbeliard.fr\/beaucourt-delle\/actualites\/messe-a-thiancourt-le-23-06-2024\/#respond"]}]},{"@type":"WebPage","@id":"https:\/\/www.diocese-belfort-montbeliard.fr\/beaucourt-delle\/actualites\/messe-a-thiancourt-le-23-06-2024\/","url":"https:\/\/www.diocese-belfort-montbeliard.fr\/beaucourt-delle\/actualites\/messe-a-thiancourt-le-23-06-2024\/","name":"Messe \u00e0 Thiancourt le 23\/06\/2024 - Doyenn\u00e9 de Beaucourt - Delle","isPartOf":{"@id":"https:\/\/www.diocese-belfort-montbeliard.fr\/beaucourt-delle\/#website"},"primaryImageOfPage":{"@id":"https:\/\/www.diocese-belfort-montbeliard.fr\/beaucourt-delle\/actualites\/messe-a-thiancourt-le-23-06-2024\/#primaryimage"},"image":{"@id":"https:\/\/www.diocese-belfort-montbeliard.fr\/beaucourt-delle\/actualites\/messe-a-thiancourt-le-23-06-2024\/#primaryimage"},"thumbnailUrl":"https:\/\/www.diocese-belfort-montbeliard.fr\/beaucourt-delle\/wp-content\/uploads\/sites\/5\/2024\/06\/NDMR_P1080675-1440x1080.jpg","datePublished":"2024-06-25T20:33:16+00:00","dateModified":"2024-07-23T17:22:04+00:00","author":{"@id":"https:\/\/www.diocese-belfort-montbeliard.fr\/beaucourt-delle\/#\/schema\/person\/7a214f5968cd9b628d38d16d52a3f2ab"},"description":"Paroisse Notre Dame de Montrobert, la messe a \u00e9t\u00e9 d\u00e9plac\u00e9 \u00e0 Thiancourt \u00e0 la salle communale le 23 juin 2024.","breadcrumb":{"@id":"https:\/\/www.diocese-belfort-montbeliard.fr\/beaucourt-delle\/actualites\/messe-a-thiancourt-le-23-06-2024\/#breadcrumb"},"inLanguage":"fr-FR","potentialAction":[{"@type":"ReadAction","target":["https:\/\/www.diocese-belfort-montbeliard.fr\/beaucourt-delle\/actualites\/messe-a-thiancourt-le-23-06-2024\/"]}]},{"@type":"ImageObject","inLanguage":"fr-FR","@id":"https:\/\/www.diocese-belfort-montbeliard.fr\/beaucourt-delle\/actualites\/messe-a-thiancourt-le-23-06-2024\/#primaryimage","url":"https:\/\/www.diocese-belfort-montbeliard.fr\/beaucourt-delle\/wp-content\/uploads\/sites\/5\/2024\/06\/NDMR_P1080675-1440x1080.jpg","contentUrl":"https:\/\/www.diocese-belfort-montbeliard.fr\/beaucourt-delle\/wp-content\/uploads\/sites\/5\/2024\/06\/NDMR_P1080675-1440x1080.jpg"},{"@type":"BreadcrumbList","@id":"https:\/\/www.diocese-belfort-montbeliard.fr\/beaucourt-delle\/actualites\/messe-a-thiancourt-le-23-06-2024\/#breadcrumb","itemListElement":[{"@type":"ListItem","position":1,"name":"Accueil","item":"https:\/\/www.diocese-belfort-montbeliard.fr\/beaucourt-delle\/"},{"@type":"ListItem","position":2,"name":"Messe \u00e0 Thiancourt le 23\/06\/2024"}]},{"@type":"WebSite","@id":"https:\/\/www.diocese-belfort-montbeliard.fr\/beaucourt-delle\/#website","url":"https:\/\/www.diocese-belfort-montbeliard.fr\/beaucourt-delle\/","name":"Doyenn\u00e9 de Beaucourt - Delle","description":"Dioc\u00e8se de Belfort - Montb\u00e9liard","potentialAction":[{"@type":"SearchAction","target":{"@type":"EntryPoint","urlTemplate":"https:\/\/www.diocese-belfort-montbeliard.fr\/beaucourt-delle\/?s={search_term_string}"},"query-input":{"@type":"PropertyValueSpecification","valueRequired":true,"valueName":"search_term_string"}}],"inLanguage":"fr-FR"},{"@type":"Person","@id":"https:\/\/www.diocese-belfort-montbeliard.fr\/beaucourt-delle\/#\/schema\/person\/7a214f5968cd9b628d38d16d52a3f2ab","name":"paroissenddemontrobert","image":{"@type":"ImageObject","inLanguage":"fr-FR","@id":"https:\/\/secure.gravatar.com\/avatar\/252897a005b2ada0d0c631afc4fc5d1230d95d4c211df52ff18765397d17fd73?s=96&d=mm&r=g","url":"https:\/\/secure.gravatar.com\/avatar\/252897a005b2ada0d0c631afc4fc5d1230d95d4c211df52ff18765397d17fd73?s=96&d=mm&r=g","contentUrl":"https:\/\/secure.gravatar.com\/avatar\/252897a005b2ada0d0c631afc4fc5d1230d95d4c211df52ff18765397d17fd73?s=96&d=mm&r=g","caption":"paroissenddemontrobert"},"url":"https:\/\/www.diocese-belfort-montbeliard.fr\/beaucourt-delle\/author\/paroissenddemontrobert\/"}]}},"_links":{"self":[{"href":"https:\/\/www.diocese-belfort-montbeliard.fr\/beaucourt-delle\/wp-json\/wp\/v2\/posts\/11893","targetHints":{"allow":["GET"]}}],"collection":[{"href":"https:\/\/www.diocese-belfort-montbeliard.fr\/beaucourt-delle\/wp-json\/wp\/v2\/posts"}],"about":[{"href":"https:\/\/www.diocese-belfort-montbeliard.fr\/beaucourt-delle\/wp-json\/wp\/v2\/types\/post"}],"author":[{"embeddable":true,"href":"https:\/\/www.diocese-belfort-montbeliard.fr\/beaucourt-delle\/wp-json\/wp\/v2\/users\/15"}],"replies":[{"embeddable":true,"href":"https:\/\/www.diocese-belfort-montbeliard.fr\/beaucourt-delle\/wp-json\/wp\/v2\/comments?post=11893"}],"version-history":[{"count":1,"href":"https:\/\/www.diocese-belfort-montbeliard.fr\/beaucourt-delle\/wp-json\/wp\/v2\/posts\/11893\/revisions"}],"predecessor-version":[{"id":11906,"href":"https:\/\/www.diocese-belfort-montbeliard.fr\/beaucourt-delle\/wp-json\/wp\/v2\/posts\/11893\/revisions\/11906"}],"wp:attachment":[{"href":"https:\/\/www.diocese-belfort-montbeliard.fr\/beaucourt-delle\/wp-json\/wp\/v2\/media?parent=11893"}],"wp:term":[{"taxonomy":"category","embeddable":true,"href":"https:\/\/www.diocese-belfort-montbeliard.fr\/beaucourt-delle\/wp-json\/wp\/v2\/categories?post=11893"},{"taxonomy":"post_tag","embeddable":true,"href":"https:\/\/www.diocese-belfort-montbeliard.fr\/beaucourt-delle\/wp-json\/wp\/v2\/tags?post=11893"}],"curies":[{"name":"wp","href":"https:\/\/api.w.org\/{rel}","templated":true}]}}