{"id":13796,"date":"2025-10-16T22:01:00","date_gmt":"2025-10-16T20:01:00","guid":{"rendered":"https:\/\/www.diocese-belfort-montbeliard.fr\/beaucourt-delle\/?p=13796"},"modified":"2025-11-25T20:35:46","modified_gmt":"2025-11-25T19:35:46","slug":"messe-de-rentree-du-5-octobre-2025","status":"publish","type":"post","link":"https:\/\/www.diocese-belfort-montbeliard.fr\/beaucourt-delle\/actualites\/messe-de-rentree-du-5-octobre-2025\/","title":{"rendered":"Messe de rentr\u00e9e du 5 octobre 2025"},"content":{"rendered":"\n<p>Messe de  rentr\u00e9e du 5 octobre : les enfants sont dans le ch\u0153ur de l&rsquo;\u00e9glise.<\/p>\n\n\n\n<p>L&rsquo;entr\u00e9e (photos 1 \u00e03), le gloire \u00e0 Dieu (photos 4-5), la pri\u00e8re universelle (photos 6 \u00e0 8), la procession des offrandes (9 \u00e0 11)<\/p>\n\n\n\n<p>Puis les plus jeunes nous rejoignent (phots 12 \u00e0 15) et c&rsquo;est le Notre P\u00e8re tous ensemble (photos 16 &#8211; 17) et c&rsquo;est la b\u00e9n\u00e9diction des cat\u00e9chistes&#8230;<\/p>\n\n\n\n<figure class=\"wp-block-gallery has-nested-images columns-default is-cropped wp-block-gallery-1 is-layout-flex wp-block-gallery-is-layout-flex\">\n<figure class=\"wp-block-image size-large\"><img loading=\"lazy\" decoding=\"async\" width=\"810\" height=\"1080\" data-id=\"13805\" src=\"https:\/\/www.diocese-belfort-montbeliard.fr\/beaucourt-delle\/wp-content\/uploads\/sites\/5\/2025\/11\/NDMR_20251005_100357_052-810x1080.jpg\" alt=\"\" class=\"wp-image-13805\" srcset=\"https:\/\/www.diocese-belfort-montbeliard.fr\/beaucourt-delle\/wp-content\/uploads\/sites\/5\/2025\/11\/NDMR_20251005_100357_052-810x1080.jpg 810w, https:\/\/www.diocese-belfort-montbeliard.fr\/beaucourt-delle\/wp-content\/uploads\/sites\/5\/2025\/11\/NDMR_20251005_100357_052-450x600.jpg 450w, https:\/\/www.diocese-belfort-montbeliard.fr\/beaucourt-delle\/wp-content\/uploads\/sites\/5\/2025\/11\/NDMR_20251005_100357_052-768x1024.jpg 768w, https:\/\/www.diocese-belfort-montbeliard.fr\/beaucourt-delle\/wp-content\/uploads\/sites\/5\/2025\/11\/NDMR_20251005_100357_052-1152x1536.jpg 1152w, https:\/\/www.diocese-belfort-montbeliard.fr\/beaucourt-delle\/wp-content\/uploads\/sites\/5\/2025\/11\/NDMR_20251005_100357_052-1536x2048.jpg 1536w, https:\/\/www.diocese-belfort-montbeliard.fr\/beaucourt-delle\/wp-content\/uploads\/sites\/5\/2025\/11\/NDMR_20251005_100357_052-scaled.jpg 1920w\" sizes=\"auto, (max-width: 810px) 100vw, 810px\" \/><\/figure>\n\n\n\n<figure class=\"wp-block-image size-large\"><img loading=\"lazy\" decoding=\"async\" width=\"810\" height=\"1080\" data-id=\"13809\" src=\"https:\/\/www.diocese-belfort-montbeliard.fr\/beaucourt-delle\/wp-content\/uploads\/sites\/5\/2025\/11\/NDMR_20251005_100401_653-810x1080.jpg\" alt=\"\" class=\"wp-image-13809\" srcset=\"https:\/\/www.diocese-belfort-montbeliard.fr\/beaucourt-delle\/wp-content\/uploads\/sites\/5\/2025\/11\/NDMR_20251005_100401_653-810x1080.jpg 810w, https:\/\/www.diocese-belfort-montbeliard.fr\/beaucourt-delle\/wp-content\/uploads\/sites\/5\/2025\/11\/NDMR_20251005_100401_653-450x600.jpg 450w, https:\/\/www.diocese-belfort-montbeliard.fr\/beaucourt-delle\/wp-content\/uploads\/sites\/5\/2025\/11\/NDMR_20251005_100401_653-768x1024.jpg 768w, https:\/\/www.diocese-belfort-montbeliard.fr\/beaucourt-delle\/wp-content\/uploads\/sites\/5\/2025\/11\/NDMR_20251005_100401_653-1152x1536.jpg 1152w, https:\/\/www.diocese-belfort-montbeliard.fr\/beaucourt-delle\/wp-content\/uploads\/sites\/5\/2025\/11\/NDMR_20251005_100401_653-1536x2048.jpg 1536w, https:\/\/www.diocese-belfort-montbeliard.fr\/beaucourt-delle\/wp-content\/uploads\/sites\/5\/2025\/11\/NDMR_20251005_100401_653-scaled.jpg 1920w\" sizes=\"auto, (max-width: 810px) 100vw, 810px\" \/><\/figure>\n\n\n\n<figure class=\"wp-block-image size-large\"><img loading=\"lazy\" decoding=\"async\" width=\"810\" height=\"1080\" data-id=\"13815\" src=\"https:\/\/www.diocese-belfort-montbeliard.fr\/beaucourt-delle\/wp-content\/uploads\/sites\/5\/2025\/11\/NDMR_20251005_100407_027-810x1080.jpg\" alt=\"\" class=\"wp-image-13815\" srcset=\"https:\/\/www.diocese-belfort-montbeliard.fr\/beaucourt-delle\/wp-content\/uploads\/sites\/5\/2025\/11\/NDMR_20251005_100407_027-810x1080.jpg 810w, https:\/\/www.diocese-belfort-montbeliard.fr\/beaucourt-delle\/wp-content\/uploads\/sites\/5\/2025\/11\/NDMR_20251005_100407_027-450x600.jpg 450w, https:\/\/www.diocese-belfort-montbeliard.fr\/beaucourt-delle\/wp-content\/uploads\/sites\/5\/2025\/11\/NDMR_20251005_100407_027-768x1024.jpg 768w, https:\/\/www.diocese-belfort-montbeliard.fr\/beaucourt-delle\/wp-content\/uploads\/sites\/5\/2025\/11\/NDMR_20251005_100407_027-1152x1536.jpg 1152w, https:\/\/www.diocese-belfort-montbeliard.fr\/beaucourt-delle\/wp-content\/uploads\/sites\/5\/2025\/11\/NDMR_20251005_100407_027-1536x2048.jpg 1536w, https:\/\/www.diocese-belfort-montbeliard.fr\/beaucourt-delle\/wp-content\/uploads\/sites\/5\/2025\/11\/NDMR_20251005_100407_027-scaled.jpg 1920w\" sizes=\"auto, (max-width: 810px) 100vw, 810px\" \/><\/figure>\n\n\n\n<figure class=\"wp-block-image size-large\"><img loading=\"lazy\" decoding=\"async\" width=\"810\" height=\"1080\" data-id=\"13802\" src=\"https:\/\/www.diocese-belfort-montbeliard.fr\/beaucourt-delle\/wp-content\/uploads\/sites\/5\/2025\/11\/NDMR_20251005_100435_349-810x1080.jpg\" alt=\"\" class=\"wp-image-13802\" srcset=\"https:\/\/www.diocese-belfort-montbeliard.fr\/beaucourt-delle\/wp-content\/uploads\/sites\/5\/2025\/11\/NDMR_20251005_100435_349-810x1080.jpg 810w, https:\/\/www.diocese-belfort-montbeliard.fr\/beaucourt-delle\/wp-content\/uploads\/sites\/5\/2025\/11\/NDMR_20251005_100435_349-450x600.jpg 450w, https:\/\/www.diocese-belfort-montbeliard.fr\/beaucourt-delle\/wp-content\/uploads\/sites\/5\/2025\/11\/NDMR_20251005_100435_349-768x1024.jpg 768w, https:\/\/www.diocese-belfort-montbeliard.fr\/beaucourt-delle\/wp-content\/uploads\/sites\/5\/2025\/11\/NDMR_20251005_100435_349-1152x1536.jpg 1152w, https:\/\/www.diocese-belfort-montbeliard.fr\/beaucourt-delle\/wp-content\/uploads\/sites\/5\/2025\/11\/NDMR_20251005_100435_349-1536x2048.jpg 1536w, https:\/\/www.diocese-belfort-montbeliard.fr\/beaucourt-delle\/wp-content\/uploads\/sites\/5\/2025\/11\/NDMR_20251005_100435_349-scaled.jpg 1920w\" sizes=\"auto, (max-width: 810px) 100vw, 810px\" \/><\/figure>\n\n\n\n<figure class=\"wp-block-image size-large\"><img loading=\"lazy\" decoding=\"async\" width=\"810\" height=\"1080\" data-id=\"13816\" src=\"https:\/\/www.diocese-belfort-montbeliard.fr\/beaucourt-delle\/wp-content\/uploads\/sites\/5\/2025\/11\/NDMR_20251005_101244_210-810x1080.jpg\" alt=\"\" class=\"wp-image-13816\" srcset=\"https:\/\/www.diocese-belfort-montbeliard.fr\/beaucourt-delle\/wp-content\/uploads\/sites\/5\/2025\/11\/NDMR_20251005_101244_210-810x1080.jpg 810w, https:\/\/www.diocese-belfort-montbeliard.fr\/beaucourt-delle\/wp-content\/uploads\/sites\/5\/2025\/11\/NDMR_20251005_101244_210-450x600.jpg 450w, https:\/\/www.diocese-belfort-montbeliard.fr\/beaucourt-delle\/wp-content\/uploads\/sites\/5\/2025\/11\/NDMR_20251005_101244_210-768x1024.jpg 768w, https:\/\/www.diocese-belfort-montbeliard.fr\/beaucourt-delle\/wp-content\/uploads\/sites\/5\/2025\/11\/NDMR_20251005_101244_210-1152x1536.jpg 1152w, https:\/\/www.diocese-belfort-montbeliard.fr\/beaucourt-delle\/wp-content\/uploads\/sites\/5\/2025\/11\/NDMR_20251005_101244_210-1536x2048.jpg 1536w, https:\/\/www.diocese-belfort-montbeliard.fr\/beaucourt-delle\/wp-content\/uploads\/sites\/5\/2025\/11\/NDMR_20251005_101244_210-scaled.jpg 1920w\" sizes=\"auto, (max-width: 810px) 100vw, 810px\" \/><\/figure>\n\n\n\n<figure class=\"wp-block-image size-large\"><img loading=\"lazy\" decoding=\"async\" width=\"810\" height=\"1080\" data-id=\"13798\" src=\"https:\/\/www.diocese-belfort-montbeliard.fr\/beaucourt-delle\/wp-content\/uploads\/sites\/5\/2025\/11\/NDMR_20251005_104516_451-810x1080.jpg\" alt=\"\" class=\"wp-image-13798\" srcset=\"https:\/\/www.diocese-belfort-montbeliard.fr\/beaucourt-delle\/wp-content\/uploads\/sites\/5\/2025\/11\/NDMR_20251005_104516_451-810x1080.jpg 810w, https:\/\/www.diocese-belfort-montbeliard.fr\/beaucourt-delle\/wp-content\/uploads\/sites\/5\/2025\/11\/NDMR_20251005_104516_451-450x600.jpg 450w, https:\/\/www.diocese-belfort-montbeliard.fr\/beaucourt-delle\/wp-content\/uploads\/sites\/5\/2025\/11\/NDMR_20251005_104516_451-768x1024.jpg 768w, https:\/\/www.diocese-belfort-montbeliard.fr\/beaucourt-delle\/wp-content\/uploads\/sites\/5\/2025\/11\/NDMR_20251005_104516_451-1152x1536.jpg 1152w, https:\/\/www.diocese-belfort-montbeliard.fr\/beaucourt-delle\/wp-content\/uploads\/sites\/5\/2025\/11\/NDMR_20251005_104516_451-1536x2048.jpg 1536w, https:\/\/www.diocese-belfort-montbeliard.fr\/beaucourt-delle\/wp-content\/uploads\/sites\/5\/2025\/11\/NDMR_20251005_104516_451-scaled.jpg 1920w\" sizes=\"auto, (max-width: 810px) 100vw, 810px\" \/><\/figure>\n\n\n\n<figure class=\"wp-block-image size-large\"><img loading=\"lazy\" decoding=\"async\" width=\"810\" height=\"1080\" data-id=\"13804\" src=\"https:\/\/www.diocese-belfort-montbeliard.fr\/beaucourt-delle\/wp-content\/uploads\/sites\/5\/2025\/11\/NDMR_20251005_104535_182-810x1080.jpg\" alt=\"\" class=\"wp-image-13804\" srcset=\"https:\/\/www.diocese-belfort-montbeliard.fr\/beaucourt-delle\/wp-content\/uploads\/sites\/5\/2025\/11\/NDMR_20251005_104535_182-810x1080.jpg 810w, https:\/\/www.diocese-belfort-montbeliard.fr\/beaucourt-delle\/wp-content\/uploads\/sites\/5\/2025\/11\/NDMR_20251005_104535_182-450x600.jpg 450w, https:\/\/www.diocese-belfort-montbeliard.fr\/beaucourt-delle\/wp-content\/uploads\/sites\/5\/2025\/11\/NDMR_20251005_104535_182-768x1024.jpg 768w, https:\/\/www.diocese-belfort-montbeliard.fr\/beaucourt-delle\/wp-content\/uploads\/sites\/5\/2025\/11\/NDMR_20251005_104535_182-1152x1536.jpg 1152w, https:\/\/www.diocese-belfort-montbeliard.fr\/beaucourt-delle\/wp-content\/uploads\/sites\/5\/2025\/11\/NDMR_20251005_104535_182-1536x2048.jpg 1536w, https:\/\/www.diocese-belfort-montbeliard.fr\/beaucourt-delle\/wp-content\/uploads\/sites\/5\/2025\/11\/NDMR_20251005_104535_182-scaled.jpg 1920w\" sizes=\"auto, (max-width: 810px) 100vw, 810px\" \/><\/figure>\n\n\n\n<figure class=\"wp-block-image size-large\"><img loading=\"lazy\" decoding=\"async\" width=\"810\" height=\"1080\" data-id=\"13799\" src=\"https:\/\/www.diocese-belfort-montbeliard.fr\/beaucourt-delle\/wp-content\/uploads\/sites\/5\/2025\/11\/NDMR_20251005_104552_005-810x1080.jpg\" alt=\"\" class=\"wp-image-13799\" srcset=\"https:\/\/www.diocese-belfort-montbeliard.fr\/beaucourt-delle\/wp-content\/uploads\/sites\/5\/2025\/11\/NDMR_20251005_104552_005-810x1080.jpg 810w, https:\/\/www.diocese-belfort-montbeliard.fr\/beaucourt-delle\/wp-content\/uploads\/sites\/5\/2025\/11\/NDMR_20251005_104552_005-450x600.jpg 450w, https:\/\/www.diocese-belfort-montbeliard.fr\/beaucourt-delle\/wp-content\/uploads\/sites\/5\/2025\/11\/NDMR_20251005_104552_005-768x1024.jpg 768w, https:\/\/www.diocese-belfort-montbeliard.fr\/beaucourt-delle\/wp-content\/uploads\/sites\/5\/2025\/11\/NDMR_20251005_104552_005-1152x1536.jpg 1152w, https:\/\/www.diocese-belfort-montbeliard.fr\/beaucourt-delle\/wp-content\/uploads\/sites\/5\/2025\/11\/NDMR_20251005_104552_005-1536x2048.jpg 1536w, https:\/\/www.diocese-belfort-montbeliard.fr\/beaucourt-delle\/wp-content\/uploads\/sites\/5\/2025\/11\/NDMR_20251005_104552_005-scaled.jpg 1920w\" sizes=\"auto, (max-width: 810px) 100vw, 810px\" \/><\/figure>\n\n\n\n<figure class=\"wp-block-image size-large\"><img loading=\"lazy\" decoding=\"async\" width=\"810\" height=\"1080\" data-id=\"13810\" src=\"https:\/\/www.diocese-belfort-montbeliard.fr\/beaucourt-delle\/wp-content\/uploads\/sites\/5\/2025\/11\/NDMR_20251005_104904_435-810x1080.jpg\" alt=\"\" class=\"wp-image-13810\" srcset=\"https:\/\/www.diocese-belfort-montbeliard.fr\/beaucourt-delle\/wp-content\/uploads\/sites\/5\/2025\/11\/NDMR_20251005_104904_435-810x1080.jpg 810w, https:\/\/www.diocese-belfort-montbeliard.fr\/beaucourt-delle\/wp-content\/uploads\/sites\/5\/2025\/11\/NDMR_20251005_104904_435-450x600.jpg 450w, https:\/\/www.diocese-belfort-montbeliard.fr\/beaucourt-delle\/wp-content\/uploads\/sites\/5\/2025\/11\/NDMR_20251005_104904_435-768x1024.jpg 768w, https:\/\/www.diocese-belfort-montbeliard.fr\/beaucourt-delle\/wp-content\/uploads\/sites\/5\/2025\/11\/NDMR_20251005_104904_435-1152x1536.jpg 1152w, https:\/\/www.diocese-belfort-montbeliard.fr\/beaucourt-delle\/wp-content\/uploads\/sites\/5\/2025\/11\/NDMR_20251005_104904_435-1536x2048.jpg 1536w, https:\/\/www.diocese-belfort-montbeliard.fr\/beaucourt-delle\/wp-content\/uploads\/sites\/5\/2025\/11\/NDMR_20251005_104904_435-scaled.jpg 1920w\" sizes=\"auto, (max-width: 810px) 100vw, 810px\" \/><\/figure>\n\n\n\n<figure class=\"wp-block-image size-large\"><img loading=\"lazy\" decoding=\"async\" width=\"810\" height=\"1080\" data-id=\"13801\" src=\"https:\/\/www.diocese-belfort-montbeliard.fr\/beaucourt-delle\/wp-content\/uploads\/sites\/5\/2025\/11\/NDMR_20251005_104907_591-810x1080.jpg\" alt=\"\" class=\"wp-image-13801\" srcset=\"https:\/\/www.diocese-belfort-montbeliard.fr\/beaucourt-delle\/wp-content\/uploads\/sites\/5\/2025\/11\/NDMR_20251005_104907_591-810x1080.jpg 810w, https:\/\/www.diocese-belfort-montbeliard.fr\/beaucourt-delle\/wp-content\/uploads\/sites\/5\/2025\/11\/NDMR_20251005_104907_591-450x600.jpg 450w, https:\/\/www.diocese-belfort-montbeliard.fr\/beaucourt-delle\/wp-content\/uploads\/sites\/5\/2025\/11\/NDMR_20251005_104907_591-768x1024.jpg 768w, https:\/\/www.diocese-belfort-montbeliard.fr\/beaucourt-delle\/wp-content\/uploads\/sites\/5\/2025\/11\/NDMR_20251005_104907_591-1152x1536.jpg 1152w, https:\/\/www.diocese-belfort-montbeliard.fr\/beaucourt-delle\/wp-content\/uploads\/sites\/5\/2025\/11\/NDMR_20251005_104907_591-1536x2048.jpg 1536w, https:\/\/www.diocese-belfort-montbeliard.fr\/beaucourt-delle\/wp-content\/uploads\/sites\/5\/2025\/11\/NDMR_20251005_104907_591-scaled.jpg 1920w\" sizes=\"auto, (max-width: 810px) 100vw, 810px\" \/><\/figure>\n\n\n\n<figure class=\"wp-block-image size-large\"><img loading=\"lazy\" decoding=\"async\" width=\"810\" height=\"1080\" data-id=\"13817\" src=\"https:\/\/www.diocese-belfort-montbeliard.fr\/beaucourt-delle\/wp-content\/uploads\/sites\/5\/2025\/11\/NDMR_20251005_104910_183-810x1080.jpg\" alt=\"\" class=\"wp-image-13817\" srcset=\"https:\/\/www.diocese-belfort-montbeliard.fr\/beaucourt-delle\/wp-content\/uploads\/sites\/5\/2025\/11\/NDMR_20251005_104910_183-810x1080.jpg 810w, https:\/\/www.diocese-belfort-montbeliard.fr\/beaucourt-delle\/wp-content\/uploads\/sites\/5\/2025\/11\/NDMR_20251005_104910_183-450x600.jpg 450w, https:\/\/www.diocese-belfort-montbeliard.fr\/beaucourt-delle\/wp-content\/uploads\/sites\/5\/2025\/11\/NDMR_20251005_104910_183-768x1024.jpg 768w, https:\/\/www.diocese-belfort-montbeliard.fr\/beaucourt-delle\/wp-content\/uploads\/sites\/5\/2025\/11\/NDMR_20251005_104910_183-1152x1536.jpg 1152w, https:\/\/www.diocese-belfort-montbeliard.fr\/beaucourt-delle\/wp-content\/uploads\/sites\/5\/2025\/11\/NDMR_20251005_104910_183-1536x2048.jpg 1536w, https:\/\/www.diocese-belfort-montbeliard.fr\/beaucourt-delle\/wp-content\/uploads\/sites\/5\/2025\/11\/NDMR_20251005_104910_183-scaled.jpg 1920w\" sizes=\"auto, (max-width: 810px) 100vw, 810px\" \/><\/figure>\n\n\n\n<figure class=\"wp-block-image size-large\"><img loading=\"lazy\" decoding=\"async\" width=\"810\" height=\"1080\" data-id=\"13813\" src=\"https:\/\/www.diocese-belfort-montbeliard.fr\/beaucourt-delle\/wp-content\/uploads\/sites\/5\/2025\/11\/NDMR_20251005_110122_811-810x1080.jpg\" alt=\"\" class=\"wp-image-13813\" srcset=\"https:\/\/www.diocese-belfort-montbeliard.fr\/beaucourt-delle\/wp-content\/uploads\/sites\/5\/2025\/11\/NDMR_20251005_110122_811-810x1080.jpg 810w, https:\/\/www.diocese-belfort-montbeliard.fr\/beaucourt-delle\/wp-content\/uploads\/sites\/5\/2025\/11\/NDMR_20251005_110122_811-450x600.jpg 450w, https:\/\/www.diocese-belfort-montbeliard.fr\/beaucourt-delle\/wp-content\/uploads\/sites\/5\/2025\/11\/NDMR_20251005_110122_811-768x1024.jpg 768w, https:\/\/www.diocese-belfort-montbeliard.fr\/beaucourt-delle\/wp-content\/uploads\/sites\/5\/2025\/11\/NDMR_20251005_110122_811-1152x1536.jpg 1152w, https:\/\/www.diocese-belfort-montbeliard.fr\/beaucourt-delle\/wp-content\/uploads\/sites\/5\/2025\/11\/NDMR_20251005_110122_811-1536x2048.jpg 1536w, https:\/\/www.diocese-belfort-montbeliard.fr\/beaucourt-delle\/wp-content\/uploads\/sites\/5\/2025\/11\/NDMR_20251005_110122_811-scaled.jpg 1920w\" sizes=\"auto, (max-width: 810px) 100vw, 810px\" \/><\/figure>\n\n\n\n<figure class=\"wp-block-image size-large\"><img loading=\"lazy\" decoding=\"async\" width=\"810\" height=\"1080\" data-id=\"13814\" src=\"https:\/\/www.diocese-belfort-montbeliard.fr\/beaucourt-delle\/wp-content\/uploads\/sites\/5\/2025\/11\/NDMR_20251005_110127_308-810x1080.jpg\" alt=\"\" class=\"wp-image-13814\" srcset=\"https:\/\/www.diocese-belfort-montbeliard.fr\/beaucourt-delle\/wp-content\/uploads\/sites\/5\/2025\/11\/NDMR_20251005_110127_308-810x1080.jpg 810w, https:\/\/www.diocese-belfort-montbeliard.fr\/beaucourt-delle\/wp-content\/uploads\/sites\/5\/2025\/11\/NDMR_20251005_110127_308-450x600.jpg 450w, https:\/\/www.diocese-belfort-montbeliard.fr\/beaucourt-delle\/wp-content\/uploads\/sites\/5\/2025\/11\/NDMR_20251005_110127_308-768x1024.jpg 768w, https:\/\/www.diocese-belfort-montbeliard.fr\/beaucourt-delle\/wp-content\/uploads\/sites\/5\/2025\/11\/NDMR_20251005_110127_308-1152x1536.jpg 1152w, https:\/\/www.diocese-belfort-montbeliard.fr\/beaucourt-delle\/wp-content\/uploads\/sites\/5\/2025\/11\/NDMR_20251005_110127_308-1536x2048.jpg 1536w, https:\/\/www.diocese-belfort-montbeliard.fr\/beaucourt-delle\/wp-content\/uploads\/sites\/5\/2025\/11\/NDMR_20251005_110127_308-scaled.jpg 1920w\" sizes=\"auto, (max-width: 810px) 100vw, 810px\" \/><\/figure>\n\n\n\n<figure class=\"wp-block-image size-large\"><img loading=\"lazy\" decoding=\"async\" width=\"810\" height=\"1080\" data-id=\"13800\" src=\"https:\/\/www.diocese-belfort-montbeliard.fr\/beaucourt-delle\/wp-content\/uploads\/sites\/5\/2025\/11\/NDMR_20251005_110316_268-810x1080.jpg\" alt=\"\" class=\"wp-image-13800\" srcset=\"https:\/\/www.diocese-belfort-montbeliard.fr\/beaucourt-delle\/wp-content\/uploads\/sites\/5\/2025\/11\/NDMR_20251005_110316_268-810x1080.jpg 810w, https:\/\/www.diocese-belfort-montbeliard.fr\/beaucourt-delle\/wp-content\/uploads\/sites\/5\/2025\/11\/NDMR_20251005_110316_268-450x600.jpg 450w, https:\/\/www.diocese-belfort-montbeliard.fr\/beaucourt-delle\/wp-content\/uploads\/sites\/5\/2025\/11\/NDMR_20251005_110316_268-768x1024.jpg 768w, https:\/\/www.diocese-belfort-montbeliard.fr\/beaucourt-delle\/wp-content\/uploads\/sites\/5\/2025\/11\/NDMR_20251005_110316_268-1152x1536.jpg 1152w, https:\/\/www.diocese-belfort-montbeliard.fr\/beaucourt-delle\/wp-content\/uploads\/sites\/5\/2025\/11\/NDMR_20251005_110316_268-1536x2048.jpg 1536w, https:\/\/www.diocese-belfort-montbeliard.fr\/beaucourt-delle\/wp-content\/uploads\/sites\/5\/2025\/11\/NDMR_20251005_110316_268-scaled.jpg 1920w\" sizes=\"auto, (max-width: 810px) 100vw, 810px\" \/><\/figure>\n\n\n\n<figure class=\"wp-block-image size-large\"><img loading=\"lazy\" decoding=\"async\" width=\"810\" height=\"1080\" data-id=\"13803\" src=\"https:\/\/www.diocese-belfort-montbeliard.fr\/beaucourt-delle\/wp-content\/uploads\/sites\/5\/2025\/11\/NDMR_20251005_110403_834-810x1080.jpg\" alt=\"\" class=\"wp-image-13803\" srcset=\"https:\/\/www.diocese-belfort-montbeliard.fr\/beaucourt-delle\/wp-content\/uploads\/sites\/5\/2025\/11\/NDMR_20251005_110403_834-810x1080.jpg 810w, https:\/\/www.diocese-belfort-montbeliard.fr\/beaucourt-delle\/wp-content\/uploads\/sites\/5\/2025\/11\/NDMR_20251005_110403_834-450x600.jpg 450w, https:\/\/www.diocese-belfort-montbeliard.fr\/beaucourt-delle\/wp-content\/uploads\/sites\/5\/2025\/11\/NDMR_20251005_110403_834-768x1024.jpg 768w, https:\/\/www.diocese-belfort-montbeliard.fr\/beaucourt-delle\/wp-content\/uploads\/sites\/5\/2025\/11\/NDMR_20251005_110403_834-1152x1536.jpg 1152w, https:\/\/www.diocese-belfort-montbeliard.fr\/beaucourt-delle\/wp-content\/uploads\/sites\/5\/2025\/11\/NDMR_20251005_110403_834-1536x2048.jpg 1536w, https:\/\/www.diocese-belfort-montbeliard.fr\/beaucourt-delle\/wp-content\/uploads\/sites\/5\/2025\/11\/NDMR_20251005_110403_834-scaled.jpg 1920w\" sizes=\"auto, (max-width: 810px) 100vw, 810px\" \/><\/figure>\n\n\n\n<figure class=\"wp-block-image size-large\"><img loading=\"lazy\" decoding=\"async\" width=\"810\" height=\"1080\" data-id=\"13812\" src=\"https:\/\/www.diocese-belfort-montbeliard.fr\/beaucourt-delle\/wp-content\/uploads\/sites\/5\/2025\/11\/NDMR_20251005_110429_013-810x1080.jpg\" alt=\"\" class=\"wp-image-13812\" srcset=\"https:\/\/www.diocese-belfort-montbeliard.fr\/beaucourt-delle\/wp-content\/uploads\/sites\/5\/2025\/11\/NDMR_20251005_110429_013-810x1080.jpg 810w, https:\/\/www.diocese-belfort-montbeliard.fr\/beaucourt-delle\/wp-content\/uploads\/sites\/5\/2025\/11\/NDMR_20251005_110429_013-450x600.jpg 450w, https:\/\/www.diocese-belfort-montbeliard.fr\/beaucourt-delle\/wp-content\/uploads\/sites\/5\/2025\/11\/NDMR_20251005_110429_013-768x1024.jpg 768w, https:\/\/www.diocese-belfort-montbeliard.fr\/beaucourt-delle\/wp-content\/uploads\/sites\/5\/2025\/11\/NDMR_20251005_110429_013-1152x1536.jpg 1152w, https:\/\/www.diocese-belfort-montbeliard.fr\/beaucourt-delle\/wp-content\/uploads\/sites\/5\/2025\/11\/NDMR_20251005_110429_013-1536x2048.jpg 1536w, https:\/\/www.diocese-belfort-montbeliard.fr\/beaucourt-delle\/wp-content\/uploads\/sites\/5\/2025\/11\/NDMR_20251005_110429_013-scaled.jpg 1920w\" sizes=\"auto, (max-width: 810px) 100vw, 810px\" \/><\/figure>\n\n\n\n<figure class=\"wp-block-image size-large\"><img loading=\"lazy\" decoding=\"async\" width=\"810\" height=\"1080\" data-id=\"13811\" src=\"https:\/\/www.diocese-belfort-montbeliard.fr\/beaucourt-delle\/wp-content\/uploads\/sites\/5\/2025\/11\/NDMR_20251005_110442_982-810x1080.jpg\" alt=\"\" class=\"wp-image-13811\" srcset=\"https:\/\/www.diocese-belfort-montbeliard.fr\/beaucourt-delle\/wp-content\/uploads\/sites\/5\/2025\/11\/NDMR_20251005_110442_982-810x1080.jpg 810w, https:\/\/www.diocese-belfort-montbeliard.fr\/beaucourt-delle\/wp-content\/uploads\/sites\/5\/2025\/11\/NDMR_20251005_110442_982-450x600.jpg 450w, https:\/\/www.diocese-belfort-montbeliard.fr\/beaucourt-delle\/wp-content\/uploads\/sites\/5\/2025\/11\/NDMR_20251005_110442_982-768x1024.jpg 768w, https:\/\/www.diocese-belfort-montbeliard.fr\/beaucourt-delle\/wp-content\/uploads\/sites\/5\/2025\/11\/NDMR_20251005_110442_982-1152x1536.jpg 1152w, https:\/\/www.diocese-belfort-montbeliard.fr\/beaucourt-delle\/wp-content\/uploads\/sites\/5\/2025\/11\/NDMR_20251005_110442_982-1536x2048.jpg 1536w, https:\/\/www.diocese-belfort-montbeliard.fr\/beaucourt-delle\/wp-content\/uploads\/sites\/5\/2025\/11\/NDMR_20251005_110442_982-scaled.jpg 1920w\" sizes=\"auto, (max-width: 810px) 100vw, 810px\" \/><\/figure>\n\n\n\n<figure class=\"wp-block-image size-large\"><img loading=\"lazy\" decoding=\"async\" width=\"810\" height=\"1080\" data-id=\"13797\" src=\"https:\/\/www.diocese-belfort-montbeliard.fr\/beaucourt-delle\/wp-content\/uploads\/sites\/5\/2025\/11\/NDMR_20251005_112028_948-810x1080.jpg\" alt=\"\" class=\"wp-image-13797\" srcset=\"https:\/\/www.diocese-belfort-montbeliard.fr\/beaucourt-delle\/wp-content\/uploads\/sites\/5\/2025\/11\/NDMR_20251005_112028_948-810x1080.jpg 810w, https:\/\/www.diocese-belfort-montbeliard.fr\/beaucourt-delle\/wp-content\/uploads\/sites\/5\/2025\/11\/NDMR_20251005_112028_948-450x600.jpg 450w, https:\/\/www.diocese-belfort-montbeliard.fr\/beaucourt-delle\/wp-content\/uploads\/sites\/5\/2025\/11\/NDMR_20251005_112028_948-768x1024.jpg 768w, https:\/\/www.diocese-belfort-montbeliard.fr\/beaucourt-delle\/wp-content\/uploads\/sites\/5\/2025\/11\/NDMR_20251005_112028_948-1152x1536.jpg 1152w, https:\/\/www.diocese-belfort-montbeliard.fr\/beaucourt-delle\/wp-content\/uploads\/sites\/5\/2025\/11\/NDMR_20251005_112028_948-1536x2048.jpg 1536w, https:\/\/www.diocese-belfort-montbeliard.fr\/beaucourt-delle\/wp-content\/uploads\/sites\/5\/2025\/11\/NDMR_20251005_112028_948-scaled.jpg 1920w\" sizes=\"auto, (max-width: 810px) 100vw, 810px\" \/><\/figure>\n<\/figure>\n\n\n\n<p><\/p>\n","protected":false},"excerpt":{"rendered":"<p>Messe de rentr\u00e9e du 5 octobre : les enfants sont dans le ch\u0153ur de l&rsquo;\u00e9glise. L&rsquo;entr\u00e9e (photos 1 \u00e03), le gloire \u00e0 Dieu (photos 4-5), la pri\u00e8re universelle (photos 6 \u00e0 8), la procession des offrandes (9 \u00e0 11) Puis les plus jeunes nous rejoignent (phots 12 \u00e0 15) et c&rsquo;est le Notre P\u00e8re tous [&hellip;]<\/p>\n","protected":false},"author":15,"featured_media":0,"comment_status":"open","ping_status":"open","sticky":false,"template":"","format":"standard","meta":{"_acf_changed":false,"footnotes":""},"categories":[6,7],"tags":[],"class_list":["post-13796","post","type-post","status-publish","format-standard","hentry","category-notre-dame-de-montrobert","category-saint-francois-de-sales"],"acf":[],"yoast_head":"<!-- This site is optimized with the Yoast SEO plugin v27.4 - https:\/\/yoast.com\/product\/yoast-seo-wordpress\/ -->\n<title>Messe de rentr\u00e9e du 5 octobre 2025 - Doyenn\u00e9 de Beaucourt - Delle<\/title>\n<meta name=\"robots\" content=\"index, follow, max-snippet:-1, max-image-preview:large, max-video-preview:-1\" \/>\n<link rel=\"canonical\" href=\"https:\/\/www.diocese-belfort-montbeliard.fr\/beaucourt-delle\/actualites\/messe-de-rentree-du-5-octobre-2025\/\" \/>\n<meta property=\"og:locale\" content=\"fr_FR\" \/>\n<meta property=\"og:type\" content=\"article\" \/>\n<meta property=\"og:title\" content=\"Messe de rentr\u00e9e du 5 octobre 2025 - Doyenn\u00e9 de Beaucourt - Delle\" \/>\n<meta property=\"og:description\" content=\"Messe de rentr\u00e9e du 5 octobre : les enfants sont dans le ch\u0153ur de l&rsquo;\u00e9glise. L&rsquo;entr\u00e9e (photos 1 \u00e03), le gloire \u00e0 Dieu (photos 4-5), la pri\u00e8re universelle (photos 6 \u00e0 8), la procession des offrandes (9 \u00e0 11) Puis les plus jeunes nous rejoignent (phots 12 \u00e0 15) et c&rsquo;est le Notre P\u00e8re tous [&hellip;]\" \/>\n<meta property=\"og:url\" content=\"https:\/\/www.diocese-belfort-montbeliard.fr\/beaucourt-delle\/actualites\/messe-de-rentree-du-5-octobre-2025\/\" \/>\n<meta property=\"og:site_name\" content=\"Doyenn\u00e9 de Beaucourt - Delle\" \/>\n<meta property=\"article:published_time\" content=\"2025-10-16T20:01:00+00:00\" \/>\n<meta property=\"article:modified_time\" content=\"2025-11-25T19:35:46+00:00\" \/>\n<meta property=\"og:image\" content=\"https:\/\/www.diocese-belfort-montbeliard.fr\/beaucourt-delle\/wp-content\/uploads\/sites\/5\/2025\/11\/NDMR_20251005_100357_052-scaled.jpg\" \/>\n\t<meta property=\"og:image:width\" content=\"1920\" \/>\n\t<meta property=\"og:image:height\" content=\"2560\" \/>\n\t<meta property=\"og:image:type\" content=\"image\/jpeg\" \/>\n<meta name=\"author\" content=\"paroissenddemontrobert\" \/>\n<meta name=\"twitter:card\" content=\"summary_large_image\" \/>\n<meta name=\"twitter:label1\" content=\"\u00c9crit par\" \/>\n\t<meta name=\"twitter:data1\" content=\"paroissenddemontrobert\" \/>\n\t<meta name=\"twitter:label2\" content=\"Dur\u00e9e de lecture estim\u00e9e\" \/>\n\t<meta name=\"twitter:data2\" content=\"4 minutes\" \/>\n<script type=\"application\/ld+json\" class=\"yoast-schema-graph\">{\"@context\":\"https:\\\/\\\/schema.org\",\"@graph\":[{\"@type\":\"Article\",\"@id\":\"https:\\\/\\\/www.diocese-belfort-montbeliard.fr\\\/beaucourt-delle\\\/actualites\\\/messe-de-rentree-du-5-octobre-2025\\\/#article\",\"isPartOf\":{\"@id\":\"https:\\\/\\\/www.diocese-belfort-montbeliard.fr\\\/beaucourt-delle\\\/actualites\\\/messe-de-rentree-du-5-octobre-2025\\\/\"},\"author\":{\"name\":\"paroissenddemontrobert\",\"@id\":\"https:\\\/\\\/www.diocese-belfort-montbeliard.fr\\\/beaucourt-delle\\\/#\\\/schema\\\/person\\\/7a214f5968cd9b628d38d16d52a3f2ab\"},\"headline\":\"Messe de rentr\u00e9e du 5 octobre 2025\",\"datePublished\":\"2025-10-16T20:01:00+00:00\",\"dateModified\":\"2025-11-25T19:35:46+00:00\",\"mainEntityOfPage\":{\"@id\":\"https:\\\/\\\/www.diocese-belfort-montbeliard.fr\\\/beaucourt-delle\\\/actualites\\\/messe-de-rentree-du-5-octobre-2025\\\/\"},\"wordCount\":68,\"commentCount\":0,\"image\":{\"@id\":\"https:\\\/\\\/www.diocese-belfort-montbeliard.fr\\\/beaucourt-delle\\\/actualites\\\/messe-de-rentree-du-5-octobre-2025\\\/#primaryimage\"},\"thumbnailUrl\":\"https:\\\/\\\/www.diocese-belfort-montbeliard.fr\\\/beaucourt-delle\\\/wp-content\\\/uploads\\\/sites\\\/5\\\/2025\\\/11\\\/NDMR_20251005_100357_052-810x1080.jpg\",\"articleSection\":[\"Notre Dame de Montrobert\",\"Saint Fran\u00e7ois de Sales\"],\"inLanguage\":\"fr-FR\",\"potentialAction\":[{\"@type\":\"CommentAction\",\"name\":\"Comment\",\"target\":[\"https:\\\/\\\/www.diocese-belfort-montbeliard.fr\\\/beaucourt-delle\\\/actualites\\\/messe-de-rentree-du-5-octobre-2025\\\/#respond\"]}]},{\"@type\":\"WebPage\",\"@id\":\"https:\\\/\\\/www.diocese-belfort-montbeliard.fr\\\/beaucourt-delle\\\/actualites\\\/messe-de-rentree-du-5-octobre-2025\\\/\",\"url\":\"https:\\\/\\\/www.diocese-belfort-montbeliard.fr\\\/beaucourt-delle\\\/actualites\\\/messe-de-rentree-du-5-octobre-2025\\\/\",\"name\":\"Messe de rentr\u00e9e du 5 octobre 2025 - Doyenn\u00e9 de Beaucourt - Delle\",\"isPartOf\":{\"@id\":\"https:\\\/\\\/www.diocese-belfort-montbeliard.fr\\\/beaucourt-delle\\\/#website\"},\"primaryImageOfPage\":{\"@id\":\"https:\\\/\\\/www.diocese-belfort-montbeliard.fr\\\/beaucourt-delle\\\/actualites\\\/messe-de-rentree-du-5-octobre-2025\\\/#primaryimage\"},\"image\":{\"@id\":\"https:\\\/\\\/www.diocese-belfort-montbeliard.fr\\\/beaucourt-delle\\\/actualites\\\/messe-de-rentree-du-5-octobre-2025\\\/#primaryimage\"},\"thumbnailUrl\":\"https:\\\/\\\/www.diocese-belfort-montbeliard.fr\\\/beaucourt-delle\\\/wp-content\\\/uploads\\\/sites\\\/5\\\/2025\\\/11\\\/NDMR_20251005_100357_052-810x1080.jpg\",\"datePublished\":\"2025-10-16T20:01:00+00:00\",\"dateModified\":\"2025-11-25T19:35:46+00:00\",\"author\":{\"@id\":\"https:\\\/\\\/www.diocese-belfort-montbeliard.fr\\\/beaucourt-delle\\\/#\\\/schema\\\/person\\\/7a214f5968cd9b628d38d16d52a3f2ab\"},\"breadcrumb\":{\"@id\":\"https:\\\/\\\/www.diocese-belfort-montbeliard.fr\\\/beaucourt-delle\\\/actualites\\\/messe-de-rentree-du-5-octobre-2025\\\/#breadcrumb\"},\"inLanguage\":\"fr-FR\",\"potentialAction\":[{\"@type\":\"ReadAction\",\"target\":[\"https:\\\/\\\/www.diocese-belfort-montbeliard.fr\\\/beaucourt-delle\\\/actualites\\\/messe-de-rentree-du-5-octobre-2025\\\/\"]}]},{\"@type\":\"ImageObject\",\"inLanguage\":\"fr-FR\",\"@id\":\"https:\\\/\\\/www.diocese-belfort-montbeliard.fr\\\/beaucourt-delle\\\/actualites\\\/messe-de-rentree-du-5-octobre-2025\\\/#primaryimage\",\"url\":\"https:\\\/\\\/www.diocese-belfort-montbeliard.fr\\\/beaucourt-delle\\\/wp-content\\\/uploads\\\/sites\\\/5\\\/2025\\\/11\\\/NDMR_20251005_100357_052-scaled.jpg\",\"contentUrl\":\"https:\\\/\\\/www.diocese-belfort-montbeliard.fr\\\/beaucourt-delle\\\/wp-content\\\/uploads\\\/sites\\\/5\\\/2025\\\/11\\\/NDMR_20251005_100357_052-scaled.jpg\",\"width\":1920,\"height\":2560},{\"@type\":\"BreadcrumbList\",\"@id\":\"https:\\\/\\\/www.diocese-belfort-montbeliard.fr\\\/beaucourt-delle\\\/actualites\\\/messe-de-rentree-du-5-octobre-2025\\\/#breadcrumb\",\"itemListElement\":[{\"@type\":\"ListItem\",\"position\":1,\"name\":\"Accueil\",\"item\":\"https:\\\/\\\/www.diocese-belfort-montbeliard.fr\\\/beaucourt-delle\\\/\"},{\"@type\":\"ListItem\",\"position\":2,\"name\":\"Messe de rentr\u00e9e du 5 octobre 2025\"}]},{\"@type\":\"WebSite\",\"@id\":\"https:\\\/\\\/www.diocese-belfort-montbeliard.fr\\\/beaucourt-delle\\\/#website\",\"url\":\"https:\\\/\\\/www.diocese-belfort-montbeliard.fr\\\/beaucourt-delle\\\/\",\"name\":\"Doyenn\u00e9 de Beaucourt - Delle\",\"description\":\"Dioc\u00e8se de Belfort - Montb\u00e9liard\",\"potentialAction\":[{\"@type\":\"SearchAction\",\"target\":{\"@type\":\"EntryPoint\",\"urlTemplate\":\"https:\\\/\\\/www.diocese-belfort-montbeliard.fr\\\/beaucourt-delle\\\/?s={search_term_string}\"},\"query-input\":{\"@type\":\"PropertyValueSpecification\",\"valueRequired\":true,\"valueName\":\"search_term_string\"}}],\"inLanguage\":\"fr-FR\"},{\"@type\":\"Person\",\"@id\":\"https:\\\/\\\/www.diocese-belfort-montbeliard.fr\\\/beaucourt-delle\\\/#\\\/schema\\\/person\\\/7a214f5968cd9b628d38d16d52a3f2ab\",\"name\":\"paroissenddemontrobert\",\"image\":{\"@type\":\"ImageObject\",\"inLanguage\":\"fr-FR\",\"@id\":\"https:\\\/\\\/secure.gravatar.com\\\/avatar\\\/252897a005b2ada0d0c631afc4fc5d1230d95d4c211df52ff18765397d17fd73?s=96&d=mm&r=g\",\"url\":\"https:\\\/\\\/secure.gravatar.com\\\/avatar\\\/252897a005b2ada0d0c631afc4fc5d1230d95d4c211df52ff18765397d17fd73?s=96&d=mm&r=g\",\"contentUrl\":\"https:\\\/\\\/secure.gravatar.com\\\/avatar\\\/252897a005b2ada0d0c631afc4fc5d1230d95d4c211df52ff18765397d17fd73?s=96&d=mm&r=g\",\"caption\":\"paroissenddemontrobert\"},\"url\":\"https:\\\/\\\/www.diocese-belfort-montbeliard.fr\\\/beaucourt-delle\\\/author\\\/paroissenddemontrobert\\\/\"}]}<\/script>\n<!-- \/ Yoast SEO plugin. -->","yoast_head_json":{"title":"Messe de rentr\u00e9e du 5 octobre 2025 - Doyenn\u00e9 de Beaucourt - Delle","robots":{"index":"index","follow":"follow","max-snippet":"max-snippet:-1","max-image-preview":"max-image-preview:large","max-video-preview":"max-video-preview:-1"},"canonical":"https:\/\/www.diocese-belfort-montbeliard.fr\/beaucourt-delle\/actualites\/messe-de-rentree-du-5-octobre-2025\/","og_locale":"fr_FR","og_type":"article","og_title":"Messe de rentr\u00e9e du 5 octobre 2025 - Doyenn\u00e9 de Beaucourt - Delle","og_description":"Messe de rentr\u00e9e du 5 octobre : les enfants sont dans le ch\u0153ur de l&rsquo;\u00e9glise. L&rsquo;entr\u00e9e (photos 1 \u00e03), le gloire \u00e0 Dieu (photos 4-5), la pri\u00e8re universelle (photos 6 \u00e0 8), la procession des offrandes (9 \u00e0 11) Puis les plus jeunes nous rejoignent (phots 12 \u00e0 15) et c&rsquo;est le Notre P\u00e8re tous [&hellip;]","og_url":"https:\/\/www.diocese-belfort-montbeliard.fr\/beaucourt-delle\/actualites\/messe-de-rentree-du-5-octobre-2025\/","og_site_name":"Doyenn\u00e9 de Beaucourt - Delle","article_published_time":"2025-10-16T20:01:00+00:00","article_modified_time":"2025-11-25T19:35:46+00:00","og_image":[{"width":1920,"height":2560,"url":"https:\/\/www.diocese-belfort-montbeliard.fr\/beaucourt-delle\/wp-content\/uploads\/sites\/5\/2025\/11\/NDMR_20251005_100357_052-scaled.jpg","type":"image\/jpeg"}],"author":"paroissenddemontrobert","twitter_card":"summary_large_image","twitter_misc":{"\u00c9crit par":"paroissenddemontrobert","Dur\u00e9e de lecture estim\u00e9e":"4 minutes"},"schema":{"@context":"https:\/\/schema.org","@graph":[{"@type":"Article","@id":"https:\/\/www.diocese-belfort-montbeliard.fr\/beaucourt-delle\/actualites\/messe-de-rentree-du-5-octobre-2025\/#article","isPartOf":{"@id":"https:\/\/www.diocese-belfort-montbeliard.fr\/beaucourt-delle\/actualites\/messe-de-rentree-du-5-octobre-2025\/"},"author":{"name":"paroissenddemontrobert","@id":"https:\/\/www.diocese-belfort-montbeliard.fr\/beaucourt-delle\/#\/schema\/person\/7a214f5968cd9b628d38d16d52a3f2ab"},"headline":"Messe de rentr\u00e9e du 5 octobre 2025","datePublished":"2025-10-16T20:01:00+00:00","dateModified":"2025-11-25T19:35:46+00:00","mainEntityOfPage":{"@id":"https:\/\/www.diocese-belfort-montbeliard.fr\/beaucourt-delle\/actualites\/messe-de-rentree-du-5-octobre-2025\/"},"wordCount":68,"commentCount":0,"image":{"@id":"https:\/\/www.diocese-belfort-montbeliard.fr\/beaucourt-delle\/actualites\/messe-de-rentree-du-5-octobre-2025\/#primaryimage"},"thumbnailUrl":"https:\/\/www.diocese-belfort-montbeliard.fr\/beaucourt-delle\/wp-content\/uploads\/sites\/5\/2025\/11\/NDMR_20251005_100357_052-810x1080.jpg","articleSection":["Notre Dame de Montrobert","Saint Fran\u00e7ois de Sales"],"inLanguage":"fr-FR","potentialAction":[{"@type":"CommentAction","name":"Comment","target":["https:\/\/www.diocese-belfort-montbeliard.fr\/beaucourt-delle\/actualites\/messe-de-rentree-du-5-octobre-2025\/#respond"]}]},{"@type":"WebPage","@id":"https:\/\/www.diocese-belfort-montbeliard.fr\/beaucourt-delle\/actualites\/messe-de-rentree-du-5-octobre-2025\/","url":"https:\/\/www.diocese-belfort-montbeliard.fr\/beaucourt-delle\/actualites\/messe-de-rentree-du-5-octobre-2025\/","name":"Messe de rentr\u00e9e du 5 octobre 2025 - Doyenn\u00e9 de Beaucourt - Delle","isPartOf":{"@id":"https:\/\/www.diocese-belfort-montbeliard.fr\/beaucourt-delle\/#website"},"primaryImageOfPage":{"@id":"https:\/\/www.diocese-belfort-montbeliard.fr\/beaucourt-delle\/actualites\/messe-de-rentree-du-5-octobre-2025\/#primaryimage"},"image":{"@id":"https:\/\/www.diocese-belfort-montbeliard.fr\/beaucourt-delle\/actualites\/messe-de-rentree-du-5-octobre-2025\/#primaryimage"},"thumbnailUrl":"https:\/\/www.diocese-belfort-montbeliard.fr\/beaucourt-delle\/wp-content\/uploads\/sites\/5\/2025\/11\/NDMR_20251005_100357_052-810x1080.jpg","datePublished":"2025-10-16T20:01:00+00:00","dateModified":"2025-11-25T19:35:46+00:00","author":{"@id":"https:\/\/www.diocese-belfort-montbeliard.fr\/beaucourt-delle\/#\/schema\/person\/7a214f5968cd9b628d38d16d52a3f2ab"},"breadcrumb":{"@id":"https:\/\/www.diocese-belfort-montbeliard.fr\/beaucourt-delle\/actualites\/messe-de-rentree-du-5-octobre-2025\/#breadcrumb"},"inLanguage":"fr-FR","potentialAction":[{"@type":"ReadAction","target":["https:\/\/www.diocese-belfort-montbeliard.fr\/beaucourt-delle\/actualites\/messe-de-rentree-du-5-octobre-2025\/"]}]},{"@type":"ImageObject","inLanguage":"fr-FR","@id":"https:\/\/www.diocese-belfort-montbeliard.fr\/beaucourt-delle\/actualites\/messe-de-rentree-du-5-octobre-2025\/#primaryimage","url":"https:\/\/www.diocese-belfort-montbeliard.fr\/beaucourt-delle\/wp-content\/uploads\/sites\/5\/2025\/11\/NDMR_20251005_100357_052-scaled.jpg","contentUrl":"https:\/\/www.diocese-belfort-montbeliard.fr\/beaucourt-delle\/wp-content\/uploads\/sites\/5\/2025\/11\/NDMR_20251005_100357_052-scaled.jpg","width":1920,"height":2560},{"@type":"BreadcrumbList","@id":"https:\/\/www.diocese-belfort-montbeliard.fr\/beaucourt-delle\/actualites\/messe-de-rentree-du-5-octobre-2025\/#breadcrumb","itemListElement":[{"@type":"ListItem","position":1,"name":"Accueil","item":"https:\/\/www.diocese-belfort-montbeliard.fr\/beaucourt-delle\/"},{"@type":"ListItem","position":2,"name":"Messe de rentr\u00e9e du 5 octobre 2025"}]},{"@type":"WebSite","@id":"https:\/\/www.diocese-belfort-montbeliard.fr\/beaucourt-delle\/#website","url":"https:\/\/www.diocese-belfort-montbeliard.fr\/beaucourt-delle\/","name":"Doyenn\u00e9 de Beaucourt - Delle","description":"Dioc\u00e8se de Belfort - Montb\u00e9liard","potentialAction":[{"@type":"SearchAction","target":{"@type":"EntryPoint","urlTemplate":"https:\/\/www.diocese-belfort-montbeliard.fr\/beaucourt-delle\/?s={search_term_string}"},"query-input":{"@type":"PropertyValueSpecification","valueRequired":true,"valueName":"search_term_string"}}],"inLanguage":"fr-FR"},{"@type":"Person","@id":"https:\/\/www.diocese-belfort-montbeliard.fr\/beaucourt-delle\/#\/schema\/person\/7a214f5968cd9b628d38d16d52a3f2ab","name":"paroissenddemontrobert","image":{"@type":"ImageObject","inLanguage":"fr-FR","@id":"https:\/\/secure.gravatar.com\/avatar\/252897a005b2ada0d0c631afc4fc5d1230d95d4c211df52ff18765397d17fd73?s=96&d=mm&r=g","url":"https:\/\/secure.gravatar.com\/avatar\/252897a005b2ada0d0c631afc4fc5d1230d95d4c211df52ff18765397d17fd73?s=96&d=mm&r=g","contentUrl":"https:\/\/secure.gravatar.com\/avatar\/252897a005b2ada0d0c631afc4fc5d1230d95d4c211df52ff18765397d17fd73?s=96&d=mm&r=g","caption":"paroissenddemontrobert"},"url":"https:\/\/www.diocese-belfort-montbeliard.fr\/beaucourt-delle\/author\/paroissenddemontrobert\/"}]}},"_links":{"self":[{"href":"https:\/\/www.diocese-belfort-montbeliard.fr\/beaucourt-delle\/wp-json\/wp\/v2\/posts\/13796","targetHints":{"allow":["GET"]}}],"collection":[{"href":"https:\/\/www.diocese-belfort-montbeliard.fr\/beaucourt-delle\/wp-json\/wp\/v2\/posts"}],"about":[{"href":"https:\/\/www.diocese-belfort-montbeliard.fr\/beaucourt-delle\/wp-json\/wp\/v2\/types\/post"}],"author":[{"embeddable":true,"href":"https:\/\/www.diocese-belfort-montbeliard.fr\/beaucourt-delle\/wp-json\/wp\/v2\/users\/15"}],"replies":[{"embeddable":true,"href":"https:\/\/www.diocese-belfort-montbeliard.fr\/beaucourt-delle\/wp-json\/wp\/v2\/comments?post=13796"}],"version-history":[{"count":1,"href":"https:\/\/www.diocese-belfort-montbeliard.fr\/beaucourt-delle\/wp-json\/wp\/v2\/posts\/13796\/revisions"}],"predecessor-version":[{"id":13818,"href":"https:\/\/www.diocese-belfort-montbeliard.fr\/beaucourt-delle\/wp-json\/wp\/v2\/posts\/13796\/revisions\/13818"}],"wp:attachment":[{"href":"https:\/\/www.diocese-belfort-montbeliard.fr\/beaucourt-delle\/wp-json\/wp\/v2\/media?parent=13796"}],"wp:term":[{"taxonomy":"category","embeddable":true,"href":"https:\/\/www.diocese-belfort-montbeliard.fr\/beaucourt-delle\/wp-json\/wp\/v2\/categories?post=13796"},{"taxonomy":"post_tag","embeddable":true,"href":"https:\/\/www.diocese-belfort-montbeliard.fr\/beaucourt-delle\/wp-json\/wp\/v2\/tags?post=13796"}],"curies":[{"name":"wp","href":"https:\/\/api.w.org\/{rel}","templated":true}]}}