{"id":13830,"date":"2025-11-16T22:52:24","date_gmt":"2025-11-16T21:52:24","guid":{"rendered":"https:\/\/www.diocese-belfort-montbeliard.fr\/beaucourt-delle\/?p=13830"},"modified":"2025-11-25T20:33:25","modified_gmt":"2025-11-25T19:33:25","slug":"messe-de-la-st-hubert-avec-les-sonneurs","status":"publish","type":"post","link":"https:\/\/www.diocese-belfort-montbeliard.fr\/beaucourt-delle\/actualites\/messe-de-la-st-hubert-avec-les-sonneurs\/","title":{"rendered":"Messe de la St Hubert avec les sonneurs."},"content":{"rendered":"\n<p class=\"has-vert-color has-text-color has-link-color wp-elements-7cd5b08ab0aac56dc998bce7f98b792f\" style=\"font-size:30px\"><strong>Messe de la Saint Hubert avec les sonneurs le 15 novembre 2025 \u00e0 18h<\/strong>.<\/p>\n\n\n\n<p class=\"has-text-align-center has-rouge-color has-text-color has-link-color has-medium-font-size wp-elements-943e3ce2eb514ffcbad6a1cec2cfc047\">Vid\u00e9o des principaux moments forts de la messe <\/p>\n\n\n\n<p><\/p>\n\n\n\n<div class=\"wp-block-buttons is-layout-flex wp-block-buttons-is-layout-flex\">\n<div class=\"wp-block-button\"><a class=\"wp-block-button__link wp-element-button\" href=\"https:\/\/www.diocese-belfort-montbeliard.fr\/beaucourt-delle\/wp-content\/uploads\/sites\/5\/2025\/11\/ndmr_1_entree_20251115-wa0000.mp4\">Entr\u00e9e sonneurs  et c\u00e9l\u00e9brant<\/a><\/div>\n\n\n\n<div class=\"wp-block-button\"><a class=\"wp-block-button__link wp-element-button\" href=\"https:\/\/www.diocese-belfort-montbeliard.fr\/beaucourt-delle\/wp-content\/uploads\/sites\/5\/2025\/11\/ndmr_v2_20251115-wa0003.mp4\">Accueil des sonneurs<\/a><\/div>\n\n\n\n<div class=\"wp-block-button\"><a class=\"wp-block-button__link wp-element-button\" href=\"https:\/\/www.diocese-belfort-montbeliard.fr\/beaucourt-delle\/wp-content\/uploads\/sites\/5\/2025\/11\/ndmr_v3chorale20251115-wa0004.mp4\">Chorale Eglise de ce temps <\/a><\/div>\n\n\n\n<div class=\"wp-block-button\"><a class=\"wp-block-button__link wp-element-button\" href=\"https:\/\/www.diocese-belfort-montbeliard.fr\/beaucourt-delle\/wp-content\/uploads\/sites\/5\/2025\/11\/ndmr_v5-penitence20251116-wa0024.mp4\">P\u00e9nitence<\/a><\/div>\n\n\n\n<div class=\"wp-block-button\"><a class=\"wp-block-button__link wp-element-button\" href=\"https:\/\/www.diocese-belfort-montbeliard.fr\/beaucourt-delle\/wp-content\/uploads\/sites\/5\/2025\/11\/ndmr_v9_finvid-20251116-wa0026.mp4\">Pri\u00e8re p\u00e9nitentielle<\/a><\/div>\n\n\n\n<div class=\"wp-block-button\"><a class=\"wp-block-button__link wp-element-button\" href=\"https:\/\/www.diocese-belfort-montbeliard.fr\/beaucourt-delle\/wp-content\/uploads\/sites\/5\/2025\/11\/ndmr_v8-final_20251116-wa0025.mp4\">Offertoire<\/a><\/div>\n\n\n\n<div class=\"wp-block-button\"><a class=\"wp-block-button__link wp-element-button\" href=\"https:\/\/www.diocese-belfort-montbeliard.fr\/beaucourt-delle\/wp-content\/uploads\/sites\/5\/2025\/11\/ndmr_v4chorale_20251116-wa0022.mp4\">chorale Saint est le Seigneur <\/a><\/div>\n\n\n\n<div class=\"wp-block-button\"><a class=\"wp-block-button__link wp-element-button\" href=\"https:\/\/www.diocese-belfort-montbeliard.fr\/beaucourt-delle\/wp-content\/uploads\/sites\/5\/2025\/11\/ndmr_v5_20251116-wa0023.mp4\">Anamn\u00e8se<\/a><\/div>\n\n\n\n<div class=\"wp-block-button\"><a class=\"wp-block-button__link wp-element-button\" href=\"https:\/\/www.diocese-belfort-montbeliard.fr\/beaucourt-delle\/wp-content\/uploads\/sites\/5\/2025\/11\/ndmr_v8_ap-communion_20251116-wa0027.mp4\">Apr\u00e8s la communion<\/a><\/div>\n\n\n\n<div class=\"wp-block-button\"><a class=\"wp-block-button__link wp-element-button\" href=\"https:\/\/www.diocese-belfort-montbeliard.fr\/beaucourt-delle\/wp-content\/uploads\/sites\/5\/2025\/11\/ndmr_v9_chant-sonneurs_20251116-wa0028.mp4\">Chant des sonneurs<\/a><\/div>\n<\/div>\n\n\n\n<p><\/p>\n\n\n\n<p class=\"has-text-align-center has-rouge-color has-text-color has-link-color has-medium-font-size wp-elements-f0e4184e405b5ecd2f2a1c116b52c478\">Photos  de la messe <\/p>\n\n\n\n<div class=\"wp-block-columns is-layout-flex wp-container-core-columns-is-layout-9d6595d7 wp-block-columns-is-layout-flex\">\n<div class=\"wp-block-column is-layout-flow wp-block-column-is-layout-flow\" style=\"flex-basis:100%\">\n<figure class=\"wp-block-gallery has-nested-images columns-default is-cropped wp-block-gallery-1 is-layout-flex wp-block-gallery-is-layout-flex\">\n<figure class=\"wp-block-image size-large\"><img loading=\"lazy\" decoding=\"async\" width=\"799\" height=\"599\" data-id=\"13868\" src=\"https:\/\/www.diocese-belfort-montbeliard.fr\/beaucourt-delle\/wp-content\/uploads\/sites\/5\/2025\/11\/ndmr_bataglia_entre_20251116_163832.jpg\" alt=\"\" class=\"wp-image-13868\" srcset=\"https:\/\/www.diocese-belfort-montbeliard.fr\/beaucourt-delle\/wp-content\/uploads\/sites\/5\/2025\/11\/ndmr_bataglia_entre_20251116_163832.jpg 799w, https:\/\/www.diocese-belfort-montbeliard.fr\/beaucourt-delle\/wp-content\/uploads\/sites\/5\/2025\/11\/ndmr_bataglia_entre_20251116_163832-600x450.jpg 600w, https:\/\/www.diocese-belfort-montbeliard.fr\/beaucourt-delle\/wp-content\/uploads\/sites\/5\/2025\/11\/ndmr_bataglia_entre_20251116_163832-768x576.jpg 768w\" sizes=\"auto, (max-width: 799px) 100vw, 799px\" \/><\/figure>\n\n\n\n<figure class=\"wp-block-image size-large\"><img loading=\"lazy\" decoding=\"async\" width=\"799\" height=\"599\" data-id=\"13866\" src=\"https:\/\/www.diocese-belfort-montbeliard.fr\/beaucourt-delle\/wp-content\/uploads\/sites\/5\/2025\/11\/ndmr_p-entree_20251116_163832.jpg\" alt=\"\" class=\"wp-image-13866\" srcset=\"https:\/\/www.diocese-belfort-montbeliard.fr\/beaucourt-delle\/wp-content\/uploads\/sites\/5\/2025\/11\/ndmr_p-entree_20251116_163832.jpg 799w, https:\/\/www.diocese-belfort-montbeliard.fr\/beaucourt-delle\/wp-content\/uploads\/sites\/5\/2025\/11\/ndmr_p-entree_20251116_163832-600x450.jpg 600w, https:\/\/www.diocese-belfort-montbeliard.fr\/beaucourt-delle\/wp-content\/uploads\/sites\/5\/2025\/11\/ndmr_p-entree_20251116_163832-768x576.jpg 768w\" sizes=\"auto, (max-width: 799px) 100vw, 799px\" \/><\/figure>\n\n\n\n<figure class=\"wp-block-image size-large\"><img loading=\"lazy\" decoding=\"async\" width=\"810\" height=\"1080\" data-id=\"13865\" src=\"https:\/\/www.diocese-belfort-montbeliard.fr\/beaucourt-delle\/wp-content\/uploads\/sites\/5\/2025\/11\/ndmr_pconsecration_20251116-wa0016-810x1080.jpg\" alt=\"\" class=\"wp-image-13865\" srcset=\"https:\/\/www.diocese-belfort-montbeliard.fr\/beaucourt-delle\/wp-content\/uploads\/sites\/5\/2025\/11\/ndmr_pconsecration_20251116-wa0016-810x1080.jpg 810w, https:\/\/www.diocese-belfort-montbeliard.fr\/beaucourt-delle\/wp-content\/uploads\/sites\/5\/2025\/11\/ndmr_pconsecration_20251116-wa0016-450x600.jpg 450w, https:\/\/www.diocese-belfort-montbeliard.fr\/beaucourt-delle\/wp-content\/uploads\/sites\/5\/2025\/11\/ndmr_pconsecration_20251116-wa0016-768x1024.jpg 768w, https:\/\/www.diocese-belfort-montbeliard.fr\/beaucourt-delle\/wp-content\/uploads\/sites\/5\/2025\/11\/ndmr_pconsecration_20251116-wa0016-1152x1536.jpg 1152w, https:\/\/www.diocese-belfort-montbeliard.fr\/beaucourt-delle\/wp-content\/uploads\/sites\/5\/2025\/11\/ndmr_pconsecration_20251116-wa0016.jpg 1536w\" sizes=\"auto, (max-width: 810px) 100vw, 810px\" \/><\/figure>\n\n\n\n<figure class=\"wp-block-image size-large\"><img loading=\"lazy\" decoding=\"async\" width=\"810\" height=\"1080\" data-id=\"13832\" src=\"https:\/\/www.diocese-belfort-montbeliard.fr\/beaucourt-delle\/wp-content\/uploads\/sites\/5\/2025\/11\/NDMR_2_20251115-WA0002-810x1080.jpg\" alt=\"\" class=\"wp-image-13832\" srcset=\"https:\/\/www.diocese-belfort-montbeliard.fr\/beaucourt-delle\/wp-content\/uploads\/sites\/5\/2025\/11\/NDMR_2_20251115-WA0002-810x1080.jpg 810w, https:\/\/www.diocese-belfort-montbeliard.fr\/beaucourt-delle\/wp-content\/uploads\/sites\/5\/2025\/11\/NDMR_2_20251115-WA0002-450x600.jpg 450w, https:\/\/www.diocese-belfort-montbeliard.fr\/beaucourt-delle\/wp-content\/uploads\/sites\/5\/2025\/11\/NDMR_2_20251115-WA0002-768x1024.jpg 768w, https:\/\/www.diocese-belfort-montbeliard.fr\/beaucourt-delle\/wp-content\/uploads\/sites\/5\/2025\/11\/NDMR_2_20251115-WA0002-1152x1536.jpg 1152w, https:\/\/www.diocese-belfort-montbeliard.fr\/beaucourt-delle\/wp-content\/uploads\/sites\/5\/2025\/11\/NDMR_2_20251115-WA0002.jpg 1536w\" sizes=\"auto, (max-width: 810px) 100vw, 810px\" \/><\/figure>\n\n\n\n<figure class=\"wp-block-image size-large\"><img loading=\"lazy\" decoding=\"async\" width=\"810\" height=\"1080\" data-id=\"13867\" src=\"https:\/\/www.diocese-belfort-montbeliard.fr\/beaucourt-delle\/wp-content\/uploads\/sites\/5\/2025\/11\/ndmr_p-chorale_20251115-810x1080.jpg\" alt=\"\" class=\"wp-image-13867\" srcset=\"https:\/\/www.diocese-belfort-montbeliard.fr\/beaucourt-delle\/wp-content\/uploads\/sites\/5\/2025\/11\/ndmr_p-chorale_20251115-810x1080.jpg 810w, https:\/\/www.diocese-belfort-montbeliard.fr\/beaucourt-delle\/wp-content\/uploads\/sites\/5\/2025\/11\/ndmr_p-chorale_20251115-450x600.jpg 450w, https:\/\/www.diocese-belfort-montbeliard.fr\/beaucourt-delle\/wp-content\/uploads\/sites\/5\/2025\/11\/ndmr_p-chorale_20251115-768x1024.jpg 768w, https:\/\/www.diocese-belfort-montbeliard.fr\/beaucourt-delle\/wp-content\/uploads\/sites\/5\/2025\/11\/ndmr_p-chorale_20251115-1152x1536.jpg 1152w, https:\/\/www.diocese-belfort-montbeliard.fr\/beaucourt-delle\/wp-content\/uploads\/sites\/5\/2025\/11\/ndmr_p-chorale_20251115.jpg 1536w\" sizes=\"auto, (max-width: 810px) 100vw, 810px\" \/><\/figure>\n\n\n\n<figure class=\"wp-block-image size-large\"><img loading=\"lazy\" decoding=\"async\" width=\"810\" height=\"1080\" data-id=\"13835\" src=\"https:\/\/www.diocese-belfort-montbeliard.fr\/beaucourt-delle\/wp-content\/uploads\/sites\/5\/2025\/11\/NDMR_3_20251115-WA0001-810x1080.jpg\" alt=\"\" class=\"wp-image-13835\" srcset=\"https:\/\/www.diocese-belfort-montbeliard.fr\/beaucourt-delle\/wp-content\/uploads\/sites\/5\/2025\/11\/NDMR_3_20251115-WA0001-810x1080.jpg 810w, https:\/\/www.diocese-belfort-montbeliard.fr\/beaucourt-delle\/wp-content\/uploads\/sites\/5\/2025\/11\/NDMR_3_20251115-WA0001-450x600.jpg 450w, https:\/\/www.diocese-belfort-montbeliard.fr\/beaucourt-delle\/wp-content\/uploads\/sites\/5\/2025\/11\/NDMR_3_20251115-WA0001-768x1024.jpg 768w, https:\/\/www.diocese-belfort-montbeliard.fr\/beaucourt-delle\/wp-content\/uploads\/sites\/5\/2025\/11\/NDMR_3_20251115-WA0001-1152x1536.jpg 1152w, https:\/\/www.diocese-belfort-montbeliard.fr\/beaucourt-delle\/wp-content\/uploads\/sites\/5\/2025\/11\/NDMR_3_20251115-WA0001.jpg 1536w\" sizes=\"auto, (max-width: 810px) 100vw, 810px\" \/><\/figure>\n\n\n\n<figure class=\"wp-block-image size-large\"><img loading=\"lazy\" decoding=\"async\" width=\"810\" height=\"1080\" data-id=\"13834\" src=\"https:\/\/www.diocese-belfort-montbeliard.fr\/beaucourt-delle\/wp-content\/uploads\/sites\/5\/2025\/11\/NDMR_4_20251115-WA0005-810x1080.jpg\" alt=\"\" class=\"wp-image-13834\" srcset=\"https:\/\/www.diocese-belfort-montbeliard.fr\/beaucourt-delle\/wp-content\/uploads\/sites\/5\/2025\/11\/NDMR_4_20251115-WA0005-810x1080.jpg 810w, https:\/\/www.diocese-belfort-montbeliard.fr\/beaucourt-delle\/wp-content\/uploads\/sites\/5\/2025\/11\/NDMR_4_20251115-WA0005-450x600.jpg 450w, https:\/\/www.diocese-belfort-montbeliard.fr\/beaucourt-delle\/wp-content\/uploads\/sites\/5\/2025\/11\/NDMR_4_20251115-WA0005-768x1024.jpg 768w, https:\/\/www.diocese-belfort-montbeliard.fr\/beaucourt-delle\/wp-content\/uploads\/sites\/5\/2025\/11\/NDMR_4_20251115-WA0005-1152x1536.jpg 1152w, https:\/\/www.diocese-belfort-montbeliard.fr\/beaucourt-delle\/wp-content\/uploads\/sites\/5\/2025\/11\/NDMR_4_20251115-WA0005.jpg 1536w\" sizes=\"auto, (max-width: 810px) 100vw, 810px\" \/><\/figure>\n\n\n\n<figure class=\"wp-block-image size-large\"><img loading=\"lazy\" decoding=\"async\" width=\"1131\" height=\"848\" data-id=\"13864\" src=\"https:\/\/www.diocese-belfort-montbeliard.fr\/beaucourt-delle\/wp-content\/uploads\/sites\/5\/2025\/11\/ndmr1_20251116_163832-1.jpg\" alt=\"\" class=\"wp-image-13864\" srcset=\"https:\/\/www.diocese-belfort-montbeliard.fr\/beaucourt-delle\/wp-content\/uploads\/sites\/5\/2025\/11\/ndmr1_20251116_163832-1.jpg 1131w, https:\/\/www.diocese-belfort-montbeliard.fr\/beaucourt-delle\/wp-content\/uploads\/sites\/5\/2025\/11\/ndmr1_20251116_163832-1-600x450.jpg 600w, https:\/\/www.diocese-belfort-montbeliard.fr\/beaucourt-delle\/wp-content\/uploads\/sites\/5\/2025\/11\/ndmr1_20251116_163832-1-768x576.jpg 768w\" sizes=\"auto, (max-width: 1131px) 100vw, 1131px\" \/><\/figure>\n\n\n\n<figure class=\"wp-block-image size-large\"><img loading=\"lazy\" decoding=\"async\" width=\"1131\" height=\"848\" data-id=\"13833\" src=\"https:\/\/www.diocese-belfort-montbeliard.fr\/beaucourt-delle\/wp-content\/uploads\/sites\/5\/2025\/11\/NDMR1_20251116_163832.jpg\" alt=\"\" class=\"wp-image-13833\" srcset=\"https:\/\/www.diocese-belfort-montbeliard.fr\/beaucourt-delle\/wp-content\/uploads\/sites\/5\/2025\/11\/NDMR1_20251116_163832.jpg 1131w, https:\/\/www.diocese-belfort-montbeliard.fr\/beaucourt-delle\/wp-content\/uploads\/sites\/5\/2025\/11\/NDMR1_20251116_163832-600x450.jpg 600w, https:\/\/www.diocese-belfort-montbeliard.fr\/beaucourt-delle\/wp-content\/uploads\/sites\/5\/2025\/11\/NDMR1_20251116_163832-768x576.jpg 768w\" sizes=\"auto, (max-width: 1131px) 100vw, 1131px\" \/><\/figure>\n<\/figure>\n<\/div>\n<\/div>\n\n\n\n<p><\/p>\n","protected":false},"excerpt":{"rendered":"<p>Messe de la Saint Hubert avec les sonneurs le 15 novembre 2025 \u00e0 18h. Vid\u00e9o des principaux moments forts de la messe Photos de la messe<\/p>\n","protected":false},"author":15,"featured_media":0,"comment_status":"open","ping_status":"open","sticky":false,"template":"","format":"standard","meta":{"_acf_changed":false,"footnotes":""},"categories":[6,7],"tags":[],"class_list":["post-13830","post","type-post","status-publish","format-standard","hentry","category-notre-dame-de-montrobert","category-saint-francois-de-sales"],"acf":[],"yoast_head":"<!-- This site is optimized with the Yoast SEO plugin v27.4 - https:\/\/yoast.com\/product\/yoast-seo-wordpress\/ -->\n<title>Messe de la St Hubert avec les sonneurs. - Doyenn\u00e9 de Beaucourt - Delle<\/title>\n<meta name=\"robots\" content=\"index, follow, max-snippet:-1, max-image-preview:large, max-video-preview:-1\" \/>\n<link rel=\"canonical\" href=\"https:\/\/www.diocese-belfort-montbeliard.fr\/beaucourt-delle\/actualites\/messe-de-la-st-hubert-avec-les-sonneurs\/\" \/>\n<meta property=\"og:locale\" content=\"fr_FR\" \/>\n<meta property=\"og:type\" content=\"article\" \/>\n<meta property=\"og:title\" content=\"Messe de la St Hubert avec les sonneurs. - Doyenn\u00e9 de Beaucourt - Delle\" \/>\n<meta property=\"og:description\" content=\"Messe de la Saint Hubert avec les sonneurs le 15 novembre 2025 \u00e0 18h. Vid\u00e9o des principaux moments forts de la messe Photos de la messe\" \/>\n<meta property=\"og:url\" content=\"https:\/\/www.diocese-belfort-montbeliard.fr\/beaucourt-delle\/actualites\/messe-de-la-st-hubert-avec-les-sonneurs\/\" \/>\n<meta property=\"og:site_name\" content=\"Doyenn\u00e9 de Beaucourt - Delle\" \/>\n<meta property=\"article:published_time\" content=\"2025-11-16T21:52:24+00:00\" \/>\n<meta property=\"article:modified_time\" content=\"2025-11-25T19:33:25+00:00\" \/>\n<meta property=\"og:image\" content=\"https:\/\/www.diocese-belfort-montbeliard.fr\/beaucourt-delle\/wp-content\/uploads\/sites\/5\/2025\/11\/ndmr_bataglia_entre_20251116_163832.jpg\" \/>\n\t<meta property=\"og:image:width\" content=\"799\" \/>\n\t<meta property=\"og:image:height\" content=\"599\" \/>\n\t<meta property=\"og:image:type\" content=\"image\/jpeg\" \/>\n<meta name=\"author\" content=\"paroissenddemontrobert\" \/>\n<meta name=\"twitter:card\" content=\"summary_large_image\" \/>\n<meta name=\"twitter:label1\" content=\"\u00c9crit par\" \/>\n\t<meta name=\"twitter:data1\" content=\"paroissenddemontrobert\" \/>\n\t<meta name=\"twitter:label2\" content=\"Dur\u00e9e de lecture estim\u00e9e\" \/>\n\t<meta name=\"twitter:data2\" content=\"3 minutes\" \/>\n<script type=\"application\/ld+json\" class=\"yoast-schema-graph\">{\"@context\":\"https:\\\/\\\/schema.org\",\"@graph\":[{\"@type\":\"Article\",\"@id\":\"https:\\\/\\\/www.diocese-belfort-montbeliard.fr\\\/beaucourt-delle\\\/actualites\\\/messe-de-la-st-hubert-avec-les-sonneurs\\\/#article\",\"isPartOf\":{\"@id\":\"https:\\\/\\\/www.diocese-belfort-montbeliard.fr\\\/beaucourt-delle\\\/actualites\\\/messe-de-la-st-hubert-avec-les-sonneurs\\\/\"},\"author\":{\"name\":\"paroissenddemontrobert\",\"@id\":\"https:\\\/\\\/www.diocese-belfort-montbeliard.fr\\\/beaucourt-delle\\\/#\\\/schema\\\/person\\\/7a214f5968cd9b628d38d16d52a3f2ab\"},\"headline\":\"Messe de la St Hubert avec les sonneurs.\",\"datePublished\":\"2025-11-16T21:52:24+00:00\",\"dateModified\":\"2025-11-25T19:33:25+00:00\",\"mainEntityOfPage\":{\"@id\":\"https:\\\/\\\/www.diocese-belfort-montbeliard.fr\\\/beaucourt-delle\\\/actualites\\\/messe-de-la-st-hubert-avec-les-sonneurs\\\/\"},\"wordCount\":68,\"commentCount\":0,\"image\":{\"@id\":\"https:\\\/\\\/www.diocese-belfort-montbeliard.fr\\\/beaucourt-delle\\\/actualites\\\/messe-de-la-st-hubert-avec-les-sonneurs\\\/#primaryimage\"},\"thumbnailUrl\":\"https:\\\/\\\/www.diocese-belfort-montbeliard.fr\\\/beaucourt-delle\\\/wp-content\\\/uploads\\\/sites\\\/5\\\/2025\\\/11\\\/ndmr_bataglia_entre_20251116_163832.jpg\",\"articleSection\":[\"Notre Dame de Montrobert\",\"Saint Fran\u00e7ois de Sales\"],\"inLanguage\":\"fr-FR\",\"potentialAction\":[{\"@type\":\"CommentAction\",\"name\":\"Comment\",\"target\":[\"https:\\\/\\\/www.diocese-belfort-montbeliard.fr\\\/beaucourt-delle\\\/actualites\\\/messe-de-la-st-hubert-avec-les-sonneurs\\\/#respond\"]}]},{\"@type\":\"WebPage\",\"@id\":\"https:\\\/\\\/www.diocese-belfort-montbeliard.fr\\\/beaucourt-delle\\\/actualites\\\/messe-de-la-st-hubert-avec-les-sonneurs\\\/\",\"url\":\"https:\\\/\\\/www.diocese-belfort-montbeliard.fr\\\/beaucourt-delle\\\/actualites\\\/messe-de-la-st-hubert-avec-les-sonneurs\\\/\",\"name\":\"Messe de la St Hubert avec les sonneurs. - Doyenn\u00e9 de Beaucourt - Delle\",\"isPartOf\":{\"@id\":\"https:\\\/\\\/www.diocese-belfort-montbeliard.fr\\\/beaucourt-delle\\\/#website\"},\"primaryImageOfPage\":{\"@id\":\"https:\\\/\\\/www.diocese-belfort-montbeliard.fr\\\/beaucourt-delle\\\/actualites\\\/messe-de-la-st-hubert-avec-les-sonneurs\\\/#primaryimage\"},\"image\":{\"@id\":\"https:\\\/\\\/www.diocese-belfort-montbeliard.fr\\\/beaucourt-delle\\\/actualites\\\/messe-de-la-st-hubert-avec-les-sonneurs\\\/#primaryimage\"},\"thumbnailUrl\":\"https:\\\/\\\/www.diocese-belfort-montbeliard.fr\\\/beaucourt-delle\\\/wp-content\\\/uploads\\\/sites\\\/5\\\/2025\\\/11\\\/ndmr_bataglia_entre_20251116_163832.jpg\",\"datePublished\":\"2025-11-16T21:52:24+00:00\",\"dateModified\":\"2025-11-25T19:33:25+00:00\",\"author\":{\"@id\":\"https:\\\/\\\/www.diocese-belfort-montbeliard.fr\\\/beaucourt-delle\\\/#\\\/schema\\\/person\\\/7a214f5968cd9b628d38d16d52a3f2ab\"},\"breadcrumb\":{\"@id\":\"https:\\\/\\\/www.diocese-belfort-montbeliard.fr\\\/beaucourt-delle\\\/actualites\\\/messe-de-la-st-hubert-avec-les-sonneurs\\\/#breadcrumb\"},\"inLanguage\":\"fr-FR\",\"potentialAction\":[{\"@type\":\"ReadAction\",\"target\":[\"https:\\\/\\\/www.diocese-belfort-montbeliard.fr\\\/beaucourt-delle\\\/actualites\\\/messe-de-la-st-hubert-avec-les-sonneurs\\\/\"]}]},{\"@type\":\"ImageObject\",\"inLanguage\":\"fr-FR\",\"@id\":\"https:\\\/\\\/www.diocese-belfort-montbeliard.fr\\\/beaucourt-delle\\\/actualites\\\/messe-de-la-st-hubert-avec-les-sonneurs\\\/#primaryimage\",\"url\":\"https:\\\/\\\/www.diocese-belfort-montbeliard.fr\\\/beaucourt-delle\\\/wp-content\\\/uploads\\\/sites\\\/5\\\/2025\\\/11\\\/ndmr_bataglia_entre_20251116_163832.jpg\",\"contentUrl\":\"https:\\\/\\\/www.diocese-belfort-montbeliard.fr\\\/beaucourt-delle\\\/wp-content\\\/uploads\\\/sites\\\/5\\\/2025\\\/11\\\/ndmr_bataglia_entre_20251116_163832.jpg\",\"width\":799,\"height\":599},{\"@type\":\"BreadcrumbList\",\"@id\":\"https:\\\/\\\/www.diocese-belfort-montbeliard.fr\\\/beaucourt-delle\\\/actualites\\\/messe-de-la-st-hubert-avec-les-sonneurs\\\/#breadcrumb\",\"itemListElement\":[{\"@type\":\"ListItem\",\"position\":1,\"name\":\"Accueil\",\"item\":\"https:\\\/\\\/www.diocese-belfort-montbeliard.fr\\\/beaucourt-delle\\\/\"},{\"@type\":\"ListItem\",\"position\":2,\"name\":\"Messe de la St Hubert avec les sonneurs.\"}]},{\"@type\":\"WebSite\",\"@id\":\"https:\\\/\\\/www.diocese-belfort-montbeliard.fr\\\/beaucourt-delle\\\/#website\",\"url\":\"https:\\\/\\\/www.diocese-belfort-montbeliard.fr\\\/beaucourt-delle\\\/\",\"name\":\"Doyenn\u00e9 de Beaucourt - Delle\",\"description\":\"Dioc\u00e8se de Belfort - Montb\u00e9liard\",\"potentialAction\":[{\"@type\":\"SearchAction\",\"target\":{\"@type\":\"EntryPoint\",\"urlTemplate\":\"https:\\\/\\\/www.diocese-belfort-montbeliard.fr\\\/beaucourt-delle\\\/?s={search_term_string}\"},\"query-input\":{\"@type\":\"PropertyValueSpecification\",\"valueRequired\":true,\"valueName\":\"search_term_string\"}}],\"inLanguage\":\"fr-FR\"},{\"@type\":\"Person\",\"@id\":\"https:\\\/\\\/www.diocese-belfort-montbeliard.fr\\\/beaucourt-delle\\\/#\\\/schema\\\/person\\\/7a214f5968cd9b628d38d16d52a3f2ab\",\"name\":\"paroissenddemontrobert\",\"image\":{\"@type\":\"ImageObject\",\"inLanguage\":\"fr-FR\",\"@id\":\"https:\\\/\\\/secure.gravatar.com\\\/avatar\\\/252897a005b2ada0d0c631afc4fc5d1230d95d4c211df52ff18765397d17fd73?s=96&d=mm&r=g\",\"url\":\"https:\\\/\\\/secure.gravatar.com\\\/avatar\\\/252897a005b2ada0d0c631afc4fc5d1230d95d4c211df52ff18765397d17fd73?s=96&d=mm&r=g\",\"contentUrl\":\"https:\\\/\\\/secure.gravatar.com\\\/avatar\\\/252897a005b2ada0d0c631afc4fc5d1230d95d4c211df52ff18765397d17fd73?s=96&d=mm&r=g\",\"caption\":\"paroissenddemontrobert\"},\"url\":\"https:\\\/\\\/www.diocese-belfort-montbeliard.fr\\\/beaucourt-delle\\\/author\\\/paroissenddemontrobert\\\/\"}]}<\/script>\n<!-- \/ Yoast SEO plugin. -->","yoast_head_json":{"title":"Messe de la St Hubert avec les sonneurs. - Doyenn\u00e9 de Beaucourt - Delle","robots":{"index":"index","follow":"follow","max-snippet":"max-snippet:-1","max-image-preview":"max-image-preview:large","max-video-preview":"max-video-preview:-1"},"canonical":"https:\/\/www.diocese-belfort-montbeliard.fr\/beaucourt-delle\/actualites\/messe-de-la-st-hubert-avec-les-sonneurs\/","og_locale":"fr_FR","og_type":"article","og_title":"Messe de la St Hubert avec les sonneurs. - Doyenn\u00e9 de Beaucourt - Delle","og_description":"Messe de la Saint Hubert avec les sonneurs le 15 novembre 2025 \u00e0 18h. Vid\u00e9o des principaux moments forts de la messe Photos de la messe","og_url":"https:\/\/www.diocese-belfort-montbeliard.fr\/beaucourt-delle\/actualites\/messe-de-la-st-hubert-avec-les-sonneurs\/","og_site_name":"Doyenn\u00e9 de Beaucourt - Delle","article_published_time":"2025-11-16T21:52:24+00:00","article_modified_time":"2025-11-25T19:33:25+00:00","og_image":[{"width":799,"height":599,"url":"https:\/\/www.diocese-belfort-montbeliard.fr\/beaucourt-delle\/wp-content\/uploads\/sites\/5\/2025\/11\/ndmr_bataglia_entre_20251116_163832.jpg","type":"image\/jpeg"}],"author":"paroissenddemontrobert","twitter_card":"summary_large_image","twitter_misc":{"\u00c9crit par":"paroissenddemontrobert","Dur\u00e9e de lecture estim\u00e9e":"3 minutes"},"schema":{"@context":"https:\/\/schema.org","@graph":[{"@type":"Article","@id":"https:\/\/www.diocese-belfort-montbeliard.fr\/beaucourt-delle\/actualites\/messe-de-la-st-hubert-avec-les-sonneurs\/#article","isPartOf":{"@id":"https:\/\/www.diocese-belfort-montbeliard.fr\/beaucourt-delle\/actualites\/messe-de-la-st-hubert-avec-les-sonneurs\/"},"author":{"name":"paroissenddemontrobert","@id":"https:\/\/www.diocese-belfort-montbeliard.fr\/beaucourt-delle\/#\/schema\/person\/7a214f5968cd9b628d38d16d52a3f2ab"},"headline":"Messe de la St Hubert avec les sonneurs.","datePublished":"2025-11-16T21:52:24+00:00","dateModified":"2025-11-25T19:33:25+00:00","mainEntityOfPage":{"@id":"https:\/\/www.diocese-belfort-montbeliard.fr\/beaucourt-delle\/actualites\/messe-de-la-st-hubert-avec-les-sonneurs\/"},"wordCount":68,"commentCount":0,"image":{"@id":"https:\/\/www.diocese-belfort-montbeliard.fr\/beaucourt-delle\/actualites\/messe-de-la-st-hubert-avec-les-sonneurs\/#primaryimage"},"thumbnailUrl":"https:\/\/www.diocese-belfort-montbeliard.fr\/beaucourt-delle\/wp-content\/uploads\/sites\/5\/2025\/11\/ndmr_bataglia_entre_20251116_163832.jpg","articleSection":["Notre Dame de Montrobert","Saint Fran\u00e7ois de Sales"],"inLanguage":"fr-FR","potentialAction":[{"@type":"CommentAction","name":"Comment","target":["https:\/\/www.diocese-belfort-montbeliard.fr\/beaucourt-delle\/actualites\/messe-de-la-st-hubert-avec-les-sonneurs\/#respond"]}]},{"@type":"WebPage","@id":"https:\/\/www.diocese-belfort-montbeliard.fr\/beaucourt-delle\/actualites\/messe-de-la-st-hubert-avec-les-sonneurs\/","url":"https:\/\/www.diocese-belfort-montbeliard.fr\/beaucourt-delle\/actualites\/messe-de-la-st-hubert-avec-les-sonneurs\/","name":"Messe de la St Hubert avec les sonneurs. - Doyenn\u00e9 de Beaucourt - Delle","isPartOf":{"@id":"https:\/\/www.diocese-belfort-montbeliard.fr\/beaucourt-delle\/#website"},"primaryImageOfPage":{"@id":"https:\/\/www.diocese-belfort-montbeliard.fr\/beaucourt-delle\/actualites\/messe-de-la-st-hubert-avec-les-sonneurs\/#primaryimage"},"image":{"@id":"https:\/\/www.diocese-belfort-montbeliard.fr\/beaucourt-delle\/actualites\/messe-de-la-st-hubert-avec-les-sonneurs\/#primaryimage"},"thumbnailUrl":"https:\/\/www.diocese-belfort-montbeliard.fr\/beaucourt-delle\/wp-content\/uploads\/sites\/5\/2025\/11\/ndmr_bataglia_entre_20251116_163832.jpg","datePublished":"2025-11-16T21:52:24+00:00","dateModified":"2025-11-25T19:33:25+00:00","author":{"@id":"https:\/\/www.diocese-belfort-montbeliard.fr\/beaucourt-delle\/#\/schema\/person\/7a214f5968cd9b628d38d16d52a3f2ab"},"breadcrumb":{"@id":"https:\/\/www.diocese-belfort-montbeliard.fr\/beaucourt-delle\/actualites\/messe-de-la-st-hubert-avec-les-sonneurs\/#breadcrumb"},"inLanguage":"fr-FR","potentialAction":[{"@type":"ReadAction","target":["https:\/\/www.diocese-belfort-montbeliard.fr\/beaucourt-delle\/actualites\/messe-de-la-st-hubert-avec-les-sonneurs\/"]}]},{"@type":"ImageObject","inLanguage":"fr-FR","@id":"https:\/\/www.diocese-belfort-montbeliard.fr\/beaucourt-delle\/actualites\/messe-de-la-st-hubert-avec-les-sonneurs\/#primaryimage","url":"https:\/\/www.diocese-belfort-montbeliard.fr\/beaucourt-delle\/wp-content\/uploads\/sites\/5\/2025\/11\/ndmr_bataglia_entre_20251116_163832.jpg","contentUrl":"https:\/\/www.diocese-belfort-montbeliard.fr\/beaucourt-delle\/wp-content\/uploads\/sites\/5\/2025\/11\/ndmr_bataglia_entre_20251116_163832.jpg","width":799,"height":599},{"@type":"BreadcrumbList","@id":"https:\/\/www.diocese-belfort-montbeliard.fr\/beaucourt-delle\/actualites\/messe-de-la-st-hubert-avec-les-sonneurs\/#breadcrumb","itemListElement":[{"@type":"ListItem","position":1,"name":"Accueil","item":"https:\/\/www.diocese-belfort-montbeliard.fr\/beaucourt-delle\/"},{"@type":"ListItem","position":2,"name":"Messe de la St Hubert avec les sonneurs."}]},{"@type":"WebSite","@id":"https:\/\/www.diocese-belfort-montbeliard.fr\/beaucourt-delle\/#website","url":"https:\/\/www.diocese-belfort-montbeliard.fr\/beaucourt-delle\/","name":"Doyenn\u00e9 de Beaucourt - Delle","description":"Dioc\u00e8se de Belfort - Montb\u00e9liard","potentialAction":[{"@type":"SearchAction","target":{"@type":"EntryPoint","urlTemplate":"https:\/\/www.diocese-belfort-montbeliard.fr\/beaucourt-delle\/?s={search_term_string}"},"query-input":{"@type":"PropertyValueSpecification","valueRequired":true,"valueName":"search_term_string"}}],"inLanguage":"fr-FR"},{"@type":"Person","@id":"https:\/\/www.diocese-belfort-montbeliard.fr\/beaucourt-delle\/#\/schema\/person\/7a214f5968cd9b628d38d16d52a3f2ab","name":"paroissenddemontrobert","image":{"@type":"ImageObject","inLanguage":"fr-FR","@id":"https:\/\/secure.gravatar.com\/avatar\/252897a005b2ada0d0c631afc4fc5d1230d95d4c211df52ff18765397d17fd73?s=96&d=mm&r=g","url":"https:\/\/secure.gravatar.com\/avatar\/252897a005b2ada0d0c631afc4fc5d1230d95d4c211df52ff18765397d17fd73?s=96&d=mm&r=g","contentUrl":"https:\/\/secure.gravatar.com\/avatar\/252897a005b2ada0d0c631afc4fc5d1230d95d4c211df52ff18765397d17fd73?s=96&d=mm&r=g","caption":"paroissenddemontrobert"},"url":"https:\/\/www.diocese-belfort-montbeliard.fr\/beaucourt-delle\/author\/paroissenddemontrobert\/"}]}},"_links":{"self":[{"href":"https:\/\/www.diocese-belfort-montbeliard.fr\/beaucourt-delle\/wp-json\/wp\/v2\/posts\/13830","targetHints":{"allow":["GET"]}}],"collection":[{"href":"https:\/\/www.diocese-belfort-montbeliard.fr\/beaucourt-delle\/wp-json\/wp\/v2\/posts"}],"about":[{"href":"https:\/\/www.diocese-belfort-montbeliard.fr\/beaucourt-delle\/wp-json\/wp\/v2\/types\/post"}],"author":[{"embeddable":true,"href":"https:\/\/www.diocese-belfort-montbeliard.fr\/beaucourt-delle\/wp-json\/wp\/v2\/users\/15"}],"replies":[{"embeddable":true,"href":"https:\/\/www.diocese-belfort-montbeliard.fr\/beaucourt-delle\/wp-json\/wp\/v2\/comments?post=13830"}],"version-history":[{"count":10,"href":"https:\/\/www.diocese-belfort-montbeliard.fr\/beaucourt-delle\/wp-json\/wp\/v2\/posts\/13830\/revisions"}],"predecessor-version":[{"id":13906,"href":"https:\/\/www.diocese-belfort-montbeliard.fr\/beaucourt-delle\/wp-json\/wp\/v2\/posts\/13830\/revisions\/13906"}],"wp:attachment":[{"href":"https:\/\/www.diocese-belfort-montbeliard.fr\/beaucourt-delle\/wp-json\/wp\/v2\/media?parent=13830"}],"wp:term":[{"taxonomy":"category","embeddable":true,"href":"https:\/\/www.diocese-belfort-montbeliard.fr\/beaucourt-delle\/wp-json\/wp\/v2\/categories?post=13830"},{"taxonomy":"post_tag","embeddable":true,"href":"https:\/\/www.diocese-belfort-montbeliard.fr\/beaucourt-delle\/wp-json\/wp\/v2\/tags?post=13830"}],"curies":[{"name":"wp","href":"https:\/\/api.w.org\/{rel}","templated":true}]}}