{"id":14071,"date":"2026-01-06T20:27:22","date_gmt":"2026-01-06T19:27:22","guid":{"rendered":"https:\/\/www.diocese-belfort-montbeliard.fr\/beaucourt-delle\/?p=14071"},"modified":"2026-01-06T20:29:13","modified_gmt":"2026-01-06T19:29:13","slug":"visite-de-notre-pere-eveque-du-21-decembre-2025","status":"publish","type":"post","link":"https:\/\/www.diocese-belfort-montbeliard.fr\/beaucourt-delle\/actualites\/visite-de-notre-pere-eveque-du-21-decembre-2025\/","title":{"rendered":"Visite de notre P\u00e8re Ev\u00eaque du 21 d\u00e9cembre 2025"},"content":{"rendered":"\n<p>\u00c0&nbsp;10h30, le dimanche 21 d\u00e9cembre 2025, notre P\u00e8re Ev\u00eaque Denis JACHIET nous a fait la surprise et le plaisir de venir c\u00e9l\u00e9brer la messe du 4\u00e8me dimanche de l&rsquo;Avent \u00e0 l&rsquo;\u00e9glise Saint Fran\u00e7ois de Sales de Beaucourt.&nbsp;<\/p>\n\n\n\n<p>Les paroissiens ont \u00e9t\u00e9 tr\u00e8s sensibles \u00e0 cette venue et ils ont \u00e9t\u00e9 nombreux \u00e0 rester au verre de l&rsquo;amiti\u00e9 qui a suivi dans la nef de l&rsquo;\u00e9glise. Le p\u00e8re Ev\u00eaque a pu \u00e9changer avec certains d&rsquo;ente eux et n&rsquo;a pas h\u00e9sit\u00e9 \u00e0 proposer et conseiller lorsque cela s&rsquo;est av\u00e9r\u00e9 utile.&nbsp;<\/p>\n\n\n\n<p>Vous pourrez prendre connaissance du texte de son hom\u00e9lie \u00e0 la fin de l&rsquo;article.<\/p>\n\n\n\n<figure class=\"wp-block-gallery has-nested-images columns-default is-cropped wp-block-gallery-1 is-layout-flex wp-block-gallery-is-layout-flex\">\n<figure class=\"wp-block-image size-large\"><img loading=\"lazy\" decoding=\"async\" width=\"1574\" height=\"1080\" data-id=\"14077\" src=\"https:\/\/www.diocese-belfort-montbeliard.fr\/beaucourt-delle\/wp-content\/uploads\/sites\/5\/2026\/01\/eveque-4-1574x1080.jpg\" alt=\"\" class=\"wp-image-14077\" srcset=\"https:\/\/www.diocese-belfort-montbeliard.fr\/beaucourt-delle\/wp-content\/uploads\/sites\/5\/2026\/01\/eveque-4-1574x1080.jpg 1574w, https:\/\/www.diocese-belfort-montbeliard.fr\/beaucourt-delle\/wp-content\/uploads\/sites\/5\/2026\/01\/eveque-4-600x412.jpg 600w, https:\/\/www.diocese-belfort-montbeliard.fr\/beaucourt-delle\/wp-content\/uploads\/sites\/5\/2026\/01\/eveque-4-768x527.jpg 768w, https:\/\/www.diocese-belfort-montbeliard.fr\/beaucourt-delle\/wp-content\/uploads\/sites\/5\/2026\/01\/eveque-4-1536x1054.jpg 1536w, https:\/\/www.diocese-belfort-montbeliard.fr\/beaucourt-delle\/wp-content\/uploads\/sites\/5\/2026\/01\/eveque-4-2048x1405.jpg 2048w\" sizes=\"auto, (max-width: 1574px) 100vw, 1574px\" \/><\/figure>\n\n\n\n<figure class=\"wp-block-image size-large\"><img loading=\"lazy\" decoding=\"async\" width=\"1920\" height=\"887\" data-id=\"14076\" src=\"https:\/\/www.diocese-belfort-montbeliard.fr\/beaucourt-delle\/wp-content\/uploads\/sites\/5\/2026\/01\/eveque-3-1920x887.jpg\" alt=\"\" class=\"wp-image-14076\" srcset=\"https:\/\/www.diocese-belfort-montbeliard.fr\/beaucourt-delle\/wp-content\/uploads\/sites\/5\/2026\/01\/eveque-3-1920x887.jpg 1920w, https:\/\/www.diocese-belfort-montbeliard.fr\/beaucourt-delle\/wp-content\/uploads\/sites\/5\/2026\/01\/eveque-3-600x277.jpg 600w, https:\/\/www.diocese-belfort-montbeliard.fr\/beaucourt-delle\/wp-content\/uploads\/sites\/5\/2026\/01\/eveque-3-768x355.jpg 768w, https:\/\/www.diocese-belfort-montbeliard.fr\/beaucourt-delle\/wp-content\/uploads\/sites\/5\/2026\/01\/eveque-3-1536x710.jpg 1536w, https:\/\/www.diocese-belfort-montbeliard.fr\/beaucourt-delle\/wp-content\/uploads\/sites\/5\/2026\/01\/eveque-3-2048x946.jpg 2048w\" sizes=\"auto, (max-width: 1920px) 100vw, 1920px\" \/><\/figure>\n\n\n\n<figure class=\"wp-block-image size-large\"><img loading=\"lazy\" decoding=\"async\" width=\"1920\" height=\"887\" data-id=\"14075\" src=\"https:\/\/www.diocese-belfort-montbeliard.fr\/beaucourt-delle\/wp-content\/uploads\/sites\/5\/2026\/01\/eveque-2-1920x887.jpg\" alt=\"\" class=\"wp-image-14075\" srcset=\"https:\/\/www.diocese-belfort-montbeliard.fr\/beaucourt-delle\/wp-content\/uploads\/sites\/5\/2026\/01\/eveque-2-1920x887.jpg 1920w, https:\/\/www.diocese-belfort-montbeliard.fr\/beaucourt-delle\/wp-content\/uploads\/sites\/5\/2026\/01\/eveque-2-600x277.jpg 600w, https:\/\/www.diocese-belfort-montbeliard.fr\/beaucourt-delle\/wp-content\/uploads\/sites\/5\/2026\/01\/eveque-2-768x355.jpg 768w, https:\/\/www.diocese-belfort-montbeliard.fr\/beaucourt-delle\/wp-content\/uploads\/sites\/5\/2026\/01\/eveque-2-1536x710.jpg 1536w, https:\/\/www.diocese-belfort-montbeliard.fr\/beaucourt-delle\/wp-content\/uploads\/sites\/5\/2026\/01\/eveque-2-2048x946.jpg 2048w\" sizes=\"auto, (max-width: 1920px) 100vw, 1920px\" \/><\/figure>\n\n\n\n<figure class=\"wp-block-image size-large\"><img loading=\"lazy\" decoding=\"async\" width=\"1920\" height=\"887\" data-id=\"14074\" src=\"https:\/\/www.diocese-belfort-montbeliard.fr\/beaucourt-delle\/wp-content\/uploads\/sites\/5\/2026\/01\/eveque-1-1920x887.jpg\" alt=\"\" class=\"wp-image-14074\" srcset=\"https:\/\/www.diocese-belfort-montbeliard.fr\/beaucourt-delle\/wp-content\/uploads\/sites\/5\/2026\/01\/eveque-1-1920x887.jpg 1920w, https:\/\/www.diocese-belfort-montbeliard.fr\/beaucourt-delle\/wp-content\/uploads\/sites\/5\/2026\/01\/eveque-1-600x277.jpg 600w, https:\/\/www.diocese-belfort-montbeliard.fr\/beaucourt-delle\/wp-content\/uploads\/sites\/5\/2026\/01\/eveque-1-768x355.jpg 768w, https:\/\/www.diocese-belfort-montbeliard.fr\/beaucourt-delle\/wp-content\/uploads\/sites\/5\/2026\/01\/eveque-1-1536x710.jpg 1536w, https:\/\/www.diocese-belfort-montbeliard.fr\/beaucourt-delle\/wp-content\/uploads\/sites\/5\/2026\/01\/eveque-1-2048x946.jpg 2048w\" sizes=\"auto, (max-width: 1920px) 100vw, 1920px\" \/><\/figure>\n<\/figure>\n\n\n\n<p><strong>Hom\u00e9lie du 4<sup>\u00e8me<\/sup> dimanche de l\u2019Avent, ann\u00e9e A&nbsp;&nbsp;<\/strong>&nbsp;&nbsp;&nbsp;&nbsp;&nbsp;&nbsp;&nbsp;&nbsp;&nbsp;&nbsp;&nbsp;&nbsp;&nbsp;&nbsp;&nbsp;&nbsp;&nbsp;&nbsp;&nbsp;&nbsp;&nbsp;&nbsp;&nbsp;&nbsp;&nbsp;&nbsp;&nbsp;&nbsp;&nbsp;&nbsp;&nbsp;&nbsp;&nbsp;&nbsp;&nbsp;&nbsp;&nbsp;&nbsp;&nbsp; <strong>21\/12\/25<\/strong><\/p>\n\n\n\n<p>C\u2019est la figure de Joseph qui nous fait approcher du myst\u00e8re de l\u2019Incarnation. Dans une chanson des ann\u00e9es 1960, Georges Moustaki \u00e9crivait&nbsp;:<\/p>\n\n\n\n<p>Voil\u00e0 c&rsquo;que c&rsquo;est, mon vieux Jo<br>Que d&rsquo;avoir pris la plus jolie<br>Parmi les filles de Galil\u00e9e,<br>Celle qu&rsquo;on appelait Marie.<br>Tu aurais pu, mon vieux Jo,<br>Rester chez toi, tailler ton bois<br>Plut\u00f4t que d&rsquo;aller t&rsquo;exiler<br>Et te cacher avec Marie.<br>Parfois je pense \u00e0 toi, Joseph,<br>Mon pauvre ami, lorsque l&rsquo;on rit<br>De toi qui n&rsquo;avais demand\u00e9<br>Qu&rsquo;\u00e0 vivre heureux avec Marie.<\/p>\n\n\n\n<p>Cette chanson montre que l\u2019irruption du choix de Dieu a chamboul\u00e9 les projets de Joseph.<\/p>\n\n\n\n<p>Laissons-nous enseigner par Joseph dont Dieu a boulevers\u00e9 la vie : 1 &#8211; un homme juste 2 &#8211; un p\u00e8re d\u2019un genre particulier 3 &#8211;&nbsp; un croyant qui accepte sa mission unique.<\/p>\n\n\n\n<p>Joseph est \u00ab&nbsp;un homme<strong> juste<\/strong>&nbsp;\u00bb. Homme, il est<em> responsable<\/em> soucieux du bien de tous et de remplir son devoir. Il juge, d\u00e9cide et agit pour remplir son devoir d\u2019homme. Il exerce sa responsabilit\u00e9 d\u2019\u00e9poux, avant la vie en commun. Il saura agir en bon p\u00e8re de famille. Il forme des projets, n\u2019attend pas que passivement tout se d\u00e9cide, que tout lui soit r\u00e9v\u00e9l\u00e9.<\/p>\n\n\n\n<p>Il est \u00ab&nbsp;juste&nbsp;\u00bb. Pas <em>justicier<\/em>, qui se met \u00e0 la place de Dieu, pas <em>l\u00e9galiste<\/em> qui substitue la litt\u00e9ralit\u00e9 de la Loi \u00e0 son jugement. Juste, accord\u00e9 \u00e0 la volont\u00e9 de Dieu. Sa justice consiste \u00e0 entrer en conformit\u00e9 avec le dessein de Dieu. Dans la Bible, les justes sont ceux esp\u00e8rent en Dieu seul, ceux qui attendent la venue du Messie. Le c\u0153ur dispos\u00e9 \u00e0 toute \u00e9ventualit\u00e9, toute intervention, pr\u00e9visible ou non de Dieu dans sa vie.<\/p>\n\n\n\n<p>L\u2019inattendu se produit. Il n\u2019a pas \u00e9t\u00e9 averti au pr\u00e9alable par le Seigneur, comme Marie. Il doit r\u00e9agir devant l\u2019inattendu. Pas de soup\u00e7on, de jalousie, de peur pour sa r\u00e9putation. Joseph <em>craint<\/em> de prendre chez lui Marie, comme dira l\u2019ange. C\u2019est une crainte sacr\u00e9e devant le myst\u00e8re qu\u2019il sait venir de Dieu. Joseph respecte profond\u00e9ment sa volont\u00e9 souveraine.<\/p>\n\n\n\n<p>Son anc\u00eatre, le patriarche Joseph, d\u00e9clare \u00e0 ses fr\u00e8res craignant sa vengeance&nbsp;: \u00ab&nbsp;Soyez sans crainte ! Vais-je prendre la place de Dieu ?&nbsp;\u00bb Dans la m\u00eame attitude, Joseph, \u00e9poux de Marie, ne veut pas risquer de se mettre \u00e0 la place de Dieu en assumant de son propre chef une paternit\u00e9 qui n\u2019est pas la sienne. Joseph d\u00e9cide donc de se retirer devant l\u2019\u0153uvre de Dieu.<\/p>\n\n\n\n<p>\u00ab&nbsp;Ne crains pas de prendre chez toi Marie, certes, ce qui a \u00e9t\u00e9 engendr\u00e9 en elle vient de l\u2019Esprit Saint, mais le fils qu\u2019elle enfantera, tu lui donneras le nom de J\u00e9sus&nbsp;\u00bb. Autrement dit, tu as raison de croire qu\u2019elle porte en elle le fruit de l\u2019Esprit Saint, pourtant tu demeures fond\u00e9 \u00e0 la prendre chez toi comme \u00e9pouse car tu re\u00e7ois de Dieu une mission \u00e0 l\u2019\u00e9gard de cet enfant.<\/p>\n\n\n\n<p>La <strong>mission<\/strong> de Joseph&nbsp;? Prendre chez lui Marie et donner le nom de J\u00e9sus&nbsp;: Ob\u00e9ir au dessein de Dieu en exer\u00e7ant une paternit\u00e9 \u00e0 l\u2019\u00e9gard de J\u00e9sus. \u00ab&nbsp;Fils de David&nbsp;\u00bb, Joseph inscrit le Christ dans la lign\u00e9e davidique. Sans lien charnel, il donne \u00e0 J\u00e9sus, le Messie, sa place au sein du peuple \u00e9lu, dans la famille de David, il lui transmet sa l\u00e9gitimit\u00e9 messianique.<\/p>\n\n\n\n<p>Acaz m\u00e9prise la promesse de Dieu, il a immol\u00e9 son fils, h\u00e9ritier de David, comme le faisaient les rois pa\u00efens. Il refuse de demander un signe. A celui qui ne croit pas, le signe est comme un reproche. Mais le projet de Dieu est r\u00e9v\u00e9l\u00e9, m\u00eame si le roi-Messie, fils de David est annonc\u00e9 pour plus tard.<\/p>\n\n\n\n<p>Joseph exerce une <strong>v\u00e9ritable paternit\u00e9<\/strong> dans toute sa dimension humaine. La fonction de Joseph s\u2019efface devant celle du P\u00e8re des cieux, c\u2019est une paternit\u00e9 d\u00e9l\u00e9gu\u00e9e de celle de Dieu. Toute paternit\u00e9, charnelle ou spirituelle, est re\u00e7ue de Dieu, \u00e0 l\u2019exemple de celle de Joseph. Etre p\u00e8re, c\u2019est engendrer en esprit et en acte une vie qui ne vient pas de nous et qui ne nous appartient pas. Etre p\u00e8re, c\u2019est <strong>conduire \u00e0 Dieu<\/strong> celui qui nous vient de Dieu.<\/p>\n\n\n\n<p>Joseph est le type de l\u2019<strong>ob\u00e9issance<\/strong> du croyant. Consentir activement \u00e0 l\u2019\u0153uvre de Dieu&nbsp; qui nous d\u00e9passe. Accepter d\u2019\u00eatre bouscul\u00e9 par l\u2019impr\u00e9vu qui bouleverse les n\u00f4tres. Recevoir la mission que Dieu nous assigne et non celle que nous voudrions nous donner, m\u00eame avec les meilleure intentions. Apprendre \u00e0 consentir \u00e0 ce qu\u2019on n\u2019a pas choisi. La v\u00e9ritable ob\u00e9issance \u00e0 la volont\u00e9 de Dieu passe par <strong>l\u2019humilit\u00e9 devant les \u00e9v\u00e9nements<\/strong>.<\/p>\n\n\n\n<p>Devant les d\u00e9cisions petites ou grandes qui engagent notre foi, Joseph nous est donn\u00e9 comme l\u2019exemple de l\u2019homme<strong> juste<\/strong>. Il est celui qui agit avec droiture, accepte humblement l\u2019intervention de Dieu dans sa vie, et lui <strong>ob\u00e9it<\/strong> sans r\u00e9serve.<\/p>\n\n\n\n<p>En ce temps de pr\u00e9paration \u00e0 No\u00ebl, qu\u2019il nous soit donn\u00e9 d\u2019entrer davantage dans l\u2019ob\u00e9issance de la foi que St Paul vient propager parmi les nations pa\u00efennes.<\/p>\n\n\n\n<p>La Parole de Dieu s\u2019incarne aujourd\u2019hui dans l\u2019histoire des hommes dans la mesure o\u00f9 nous autres les chr\u00e9tiens acceptons, \u00e0 l\u2019image de Joseph, de prendre chez nous l\u2019\u00c9glise et le Christ qu\u2019elle porte en elle. En hommes responsables et justes, sachons accepter humblement les projets pr\u00e9vus ou non que Dieu vient accomplir en nous.<\/p>\n","protected":false},"excerpt":{"rendered":"<p>\u00c0&nbsp;10h30, le dimanche 21 d\u00e9cembre 2025, notre P\u00e8re Ev\u00eaque Denis JACHIET nous a fait la surprise et le plaisir de venir c\u00e9l\u00e9brer la messe du 4\u00e8me dimanche de l&rsquo;Avent \u00e0 l&rsquo;\u00e9glise Saint Fran\u00e7ois de Sales de Beaucourt.&nbsp; Les paroissiens ont \u00e9t\u00e9 tr\u00e8s sensibles \u00e0 cette venue et ils ont \u00e9t\u00e9 nombreux \u00e0 rester au verre [&hellip;]<\/p>\n","protected":false},"author":7,"featured_media":14074,"comment_status":"open","ping_status":"open","sticky":false,"template":"","format":"standard","meta":{"_acf_changed":false,"footnotes":""},"categories":[2],"tags":[],"class_list":["post-14071","post","type-post","status-publish","format-standard","has-post-thumbnail","hentry","category-jean-paull-ii"],"acf":[],"yoast_head":"<!-- This site is optimized with the Yoast SEO plugin v27.4 - https:\/\/yoast.com\/product\/yoast-seo-wordpress\/ -->\n<title>Visite de notre P\u00e8re Ev\u00eaque du 21 d\u00e9cembre 2025 - Doyenn\u00e9 de Beaucourt - Delle<\/title>\n<meta name=\"robots\" content=\"index, follow, max-snippet:-1, max-image-preview:large, max-video-preview:-1\" \/>\n<link rel=\"canonical\" href=\"https:\/\/www.diocese-belfort-montbeliard.fr\/beaucourt-delle\/actualites\/visite-de-notre-pere-eveque-du-21-decembre-2025\/\" \/>\n<meta property=\"og:locale\" content=\"fr_FR\" \/>\n<meta property=\"og:type\" content=\"article\" \/>\n<meta property=\"og:title\" content=\"Visite de notre P\u00e8re Ev\u00eaque du 21 d\u00e9cembre 2025 - Doyenn\u00e9 de Beaucourt - Delle\" \/>\n<meta property=\"og:description\" content=\"\u00c0&nbsp;10h30, le dimanche 21 d\u00e9cembre 2025, notre P\u00e8re Ev\u00eaque Denis JACHIET nous a fait la surprise et le plaisir de venir c\u00e9l\u00e9brer la messe du 4\u00e8me dimanche de l&rsquo;Avent \u00e0 l&rsquo;\u00e9glise Saint Fran\u00e7ois de Sales de Beaucourt.&nbsp; Les paroissiens ont \u00e9t\u00e9 tr\u00e8s sensibles \u00e0 cette venue et ils ont \u00e9t\u00e9 nombreux \u00e0 rester au verre [&hellip;]\" \/>\n<meta property=\"og:url\" content=\"https:\/\/www.diocese-belfort-montbeliard.fr\/beaucourt-delle\/actualites\/visite-de-notre-pere-eveque-du-21-decembre-2025\/\" \/>\n<meta property=\"og:site_name\" content=\"Doyenn\u00e9 de Beaucourt - Delle\" \/>\n<meta property=\"article:published_time\" content=\"2026-01-06T19:27:22+00:00\" \/>\n<meta property=\"article:modified_time\" content=\"2026-01-06T19:29:13+00:00\" \/>\n<meta property=\"og:image\" content=\"https:\/\/www.diocese-belfort-montbeliard.fr\/beaucourt-delle\/wp-content\/uploads\/sites\/5\/2026\/01\/eveque-1-scaled.jpg\" \/>\n\t<meta property=\"og:image:width\" content=\"2560\" \/>\n\t<meta property=\"og:image:height\" content=\"1183\" \/>\n\t<meta property=\"og:image:type\" content=\"image\/jpeg\" \/>\n<meta name=\"author\" content=\"paroissejeanpaul2\" \/>\n<meta name=\"twitter:card\" content=\"summary_large_image\" \/>\n<meta name=\"twitter:label1\" content=\"\u00c9crit par\" \/>\n\t<meta name=\"twitter:data1\" content=\"paroissejeanpaul2\" \/>\n\t<meta name=\"twitter:label2\" content=\"Dur\u00e9e de lecture estim\u00e9e\" \/>\n\t<meta name=\"twitter:data2\" content=\"6 minutes\" \/>\n<script type=\"application\/ld+json\" class=\"yoast-schema-graph\">{\"@context\":\"https:\\\/\\\/schema.org\",\"@graph\":[{\"@type\":\"Article\",\"@id\":\"https:\\\/\\\/www.diocese-belfort-montbeliard.fr\\\/beaucourt-delle\\\/actualites\\\/visite-de-notre-pere-eveque-du-21-decembre-2025\\\/#article\",\"isPartOf\":{\"@id\":\"https:\\\/\\\/www.diocese-belfort-montbeliard.fr\\\/beaucourt-delle\\\/actualites\\\/visite-de-notre-pere-eveque-du-21-decembre-2025\\\/\"},\"author\":{\"name\":\"paroissejeanpaul2\",\"@id\":\"https:\\\/\\\/www.diocese-belfort-montbeliard.fr\\\/beaucourt-delle\\\/#\\\/schema\\\/person\\\/76b6f8eacf986484d2d828d10af0eea4\"},\"headline\":\"Visite de notre P\u00e8re Ev\u00eaque du 21 d\u00e9cembre 2025\",\"datePublished\":\"2026-01-06T19:27:22+00:00\",\"dateModified\":\"2026-01-06T19:29:13+00:00\",\"mainEntityOfPage\":{\"@id\":\"https:\\\/\\\/www.diocese-belfort-montbeliard.fr\\\/beaucourt-delle\\\/actualites\\\/visite-de-notre-pere-eveque-du-21-decembre-2025\\\/\"},\"wordCount\":1143,\"commentCount\":0,\"image\":{\"@id\":\"https:\\\/\\\/www.diocese-belfort-montbeliard.fr\\\/beaucourt-delle\\\/actualites\\\/visite-de-notre-pere-eveque-du-21-decembre-2025\\\/#primaryimage\"},\"thumbnailUrl\":\"https:\\\/\\\/www.diocese-belfort-montbeliard.fr\\\/beaucourt-delle\\\/wp-content\\\/uploads\\\/sites\\\/5\\\/2026\\\/01\\\/eveque-1-scaled.jpg\",\"articleSection\":[\"Jean-Paull II\"],\"inLanguage\":\"fr-FR\",\"potentialAction\":[{\"@type\":\"CommentAction\",\"name\":\"Comment\",\"target\":[\"https:\\\/\\\/www.diocese-belfort-montbeliard.fr\\\/beaucourt-delle\\\/actualites\\\/visite-de-notre-pere-eveque-du-21-decembre-2025\\\/#respond\"]}]},{\"@type\":\"WebPage\",\"@id\":\"https:\\\/\\\/www.diocese-belfort-montbeliard.fr\\\/beaucourt-delle\\\/actualites\\\/visite-de-notre-pere-eveque-du-21-decembre-2025\\\/\",\"url\":\"https:\\\/\\\/www.diocese-belfort-montbeliard.fr\\\/beaucourt-delle\\\/actualites\\\/visite-de-notre-pere-eveque-du-21-decembre-2025\\\/\",\"name\":\"Visite de notre P\u00e8re Ev\u00eaque du 21 d\u00e9cembre 2025 - Doyenn\u00e9 de Beaucourt - Delle\",\"isPartOf\":{\"@id\":\"https:\\\/\\\/www.diocese-belfort-montbeliard.fr\\\/beaucourt-delle\\\/#website\"},\"primaryImageOfPage\":{\"@id\":\"https:\\\/\\\/www.diocese-belfort-montbeliard.fr\\\/beaucourt-delle\\\/actualites\\\/visite-de-notre-pere-eveque-du-21-decembre-2025\\\/#primaryimage\"},\"image\":{\"@id\":\"https:\\\/\\\/www.diocese-belfort-montbeliard.fr\\\/beaucourt-delle\\\/actualites\\\/visite-de-notre-pere-eveque-du-21-decembre-2025\\\/#primaryimage\"},\"thumbnailUrl\":\"https:\\\/\\\/www.diocese-belfort-montbeliard.fr\\\/beaucourt-delle\\\/wp-content\\\/uploads\\\/sites\\\/5\\\/2026\\\/01\\\/eveque-1-scaled.jpg\",\"datePublished\":\"2026-01-06T19:27:22+00:00\",\"dateModified\":\"2026-01-06T19:29:13+00:00\",\"author\":{\"@id\":\"https:\\\/\\\/www.diocese-belfort-montbeliard.fr\\\/beaucourt-delle\\\/#\\\/schema\\\/person\\\/76b6f8eacf986484d2d828d10af0eea4\"},\"breadcrumb\":{\"@id\":\"https:\\\/\\\/www.diocese-belfort-montbeliard.fr\\\/beaucourt-delle\\\/actualites\\\/visite-de-notre-pere-eveque-du-21-decembre-2025\\\/#breadcrumb\"},\"inLanguage\":\"fr-FR\",\"potentialAction\":[{\"@type\":\"ReadAction\",\"target\":[\"https:\\\/\\\/www.diocese-belfort-montbeliard.fr\\\/beaucourt-delle\\\/actualites\\\/visite-de-notre-pere-eveque-du-21-decembre-2025\\\/\"]}]},{\"@type\":\"ImageObject\",\"inLanguage\":\"fr-FR\",\"@id\":\"https:\\\/\\\/www.diocese-belfort-montbeliard.fr\\\/beaucourt-delle\\\/actualites\\\/visite-de-notre-pere-eveque-du-21-decembre-2025\\\/#primaryimage\",\"url\":\"https:\\\/\\\/www.diocese-belfort-montbeliard.fr\\\/beaucourt-delle\\\/wp-content\\\/uploads\\\/sites\\\/5\\\/2026\\\/01\\\/eveque-1-scaled.jpg\",\"contentUrl\":\"https:\\\/\\\/www.diocese-belfort-montbeliard.fr\\\/beaucourt-delle\\\/wp-content\\\/uploads\\\/sites\\\/5\\\/2026\\\/01\\\/eveque-1-scaled.jpg\",\"width\":2560,\"height\":1183},{\"@type\":\"BreadcrumbList\",\"@id\":\"https:\\\/\\\/www.diocese-belfort-montbeliard.fr\\\/beaucourt-delle\\\/actualites\\\/visite-de-notre-pere-eveque-du-21-decembre-2025\\\/#breadcrumb\",\"itemListElement\":[{\"@type\":\"ListItem\",\"position\":1,\"name\":\"Accueil\",\"item\":\"https:\\\/\\\/www.diocese-belfort-montbeliard.fr\\\/beaucourt-delle\\\/\"},{\"@type\":\"ListItem\",\"position\":2,\"name\":\"Visite de notre P\u00e8re Ev\u00eaque du 21 d\u00e9cembre 2025\"}]},{\"@type\":\"WebSite\",\"@id\":\"https:\\\/\\\/www.diocese-belfort-montbeliard.fr\\\/beaucourt-delle\\\/#website\",\"url\":\"https:\\\/\\\/www.diocese-belfort-montbeliard.fr\\\/beaucourt-delle\\\/\",\"name\":\"Doyenn\u00e9 de Beaucourt - Delle\",\"description\":\"Dioc\u00e8se de Belfort - Montb\u00e9liard\",\"potentialAction\":[{\"@type\":\"SearchAction\",\"target\":{\"@type\":\"EntryPoint\",\"urlTemplate\":\"https:\\\/\\\/www.diocese-belfort-montbeliard.fr\\\/beaucourt-delle\\\/?s={search_term_string}\"},\"query-input\":{\"@type\":\"PropertyValueSpecification\",\"valueRequired\":true,\"valueName\":\"search_term_string\"}}],\"inLanguage\":\"fr-FR\"},{\"@type\":\"Person\",\"@id\":\"https:\\\/\\\/www.diocese-belfort-montbeliard.fr\\\/beaucourt-delle\\\/#\\\/schema\\\/person\\\/76b6f8eacf986484d2d828d10af0eea4\",\"name\":\"paroissejeanpaul2\",\"image\":{\"@type\":\"ImageObject\",\"inLanguage\":\"fr-FR\",\"@id\":\"https:\\\/\\\/secure.gravatar.com\\\/avatar\\\/73b470c1d0a24e026ed553a6a7a760aece632df6b3a41471dce344f656521ecd?s=96&d=mm&r=g\",\"url\":\"https:\\\/\\\/secure.gravatar.com\\\/avatar\\\/73b470c1d0a24e026ed553a6a7a760aece632df6b3a41471dce344f656521ecd?s=96&d=mm&r=g\",\"contentUrl\":\"https:\\\/\\\/secure.gravatar.com\\\/avatar\\\/73b470c1d0a24e026ed553a6a7a760aece632df6b3a41471dce344f656521ecd?s=96&d=mm&r=g\",\"caption\":\"paroissejeanpaul2\"},\"url\":\"https:\\\/\\\/www.diocese-belfort-montbeliard.fr\\\/beaucourt-delle\\\/author\\\/paroissejeanpaul2\\\/\"}]}<\/script>\n<!-- \/ Yoast SEO plugin. -->","yoast_head_json":{"title":"Visite de notre P\u00e8re Ev\u00eaque du 21 d\u00e9cembre 2025 - Doyenn\u00e9 de Beaucourt - Delle","robots":{"index":"index","follow":"follow","max-snippet":"max-snippet:-1","max-image-preview":"max-image-preview:large","max-video-preview":"max-video-preview:-1"},"canonical":"https:\/\/www.diocese-belfort-montbeliard.fr\/beaucourt-delle\/actualites\/visite-de-notre-pere-eveque-du-21-decembre-2025\/","og_locale":"fr_FR","og_type":"article","og_title":"Visite de notre P\u00e8re Ev\u00eaque du 21 d\u00e9cembre 2025 - Doyenn\u00e9 de Beaucourt - Delle","og_description":"\u00c0&nbsp;10h30, le dimanche 21 d\u00e9cembre 2025, notre P\u00e8re Ev\u00eaque Denis JACHIET nous a fait la surprise et le plaisir de venir c\u00e9l\u00e9brer la messe du 4\u00e8me dimanche de l&rsquo;Avent \u00e0 l&rsquo;\u00e9glise Saint Fran\u00e7ois de Sales de Beaucourt.&nbsp; Les paroissiens ont \u00e9t\u00e9 tr\u00e8s sensibles \u00e0 cette venue et ils ont \u00e9t\u00e9 nombreux \u00e0 rester au verre [&hellip;]","og_url":"https:\/\/www.diocese-belfort-montbeliard.fr\/beaucourt-delle\/actualites\/visite-de-notre-pere-eveque-du-21-decembre-2025\/","og_site_name":"Doyenn\u00e9 de Beaucourt - Delle","article_published_time":"2026-01-06T19:27:22+00:00","article_modified_time":"2026-01-06T19:29:13+00:00","og_image":[{"width":2560,"height":1183,"url":"https:\/\/www.diocese-belfort-montbeliard.fr\/beaucourt-delle\/wp-content\/uploads\/sites\/5\/2026\/01\/eveque-1-scaled.jpg","type":"image\/jpeg"}],"author":"paroissejeanpaul2","twitter_card":"summary_large_image","twitter_misc":{"\u00c9crit par":"paroissejeanpaul2","Dur\u00e9e de lecture estim\u00e9e":"6 minutes"},"schema":{"@context":"https:\/\/schema.org","@graph":[{"@type":"Article","@id":"https:\/\/www.diocese-belfort-montbeliard.fr\/beaucourt-delle\/actualites\/visite-de-notre-pere-eveque-du-21-decembre-2025\/#article","isPartOf":{"@id":"https:\/\/www.diocese-belfort-montbeliard.fr\/beaucourt-delle\/actualites\/visite-de-notre-pere-eveque-du-21-decembre-2025\/"},"author":{"name":"paroissejeanpaul2","@id":"https:\/\/www.diocese-belfort-montbeliard.fr\/beaucourt-delle\/#\/schema\/person\/76b6f8eacf986484d2d828d10af0eea4"},"headline":"Visite de notre P\u00e8re Ev\u00eaque du 21 d\u00e9cembre 2025","datePublished":"2026-01-06T19:27:22+00:00","dateModified":"2026-01-06T19:29:13+00:00","mainEntityOfPage":{"@id":"https:\/\/www.diocese-belfort-montbeliard.fr\/beaucourt-delle\/actualites\/visite-de-notre-pere-eveque-du-21-decembre-2025\/"},"wordCount":1143,"commentCount":0,"image":{"@id":"https:\/\/www.diocese-belfort-montbeliard.fr\/beaucourt-delle\/actualites\/visite-de-notre-pere-eveque-du-21-decembre-2025\/#primaryimage"},"thumbnailUrl":"https:\/\/www.diocese-belfort-montbeliard.fr\/beaucourt-delle\/wp-content\/uploads\/sites\/5\/2026\/01\/eveque-1-scaled.jpg","articleSection":["Jean-Paull II"],"inLanguage":"fr-FR","potentialAction":[{"@type":"CommentAction","name":"Comment","target":["https:\/\/www.diocese-belfort-montbeliard.fr\/beaucourt-delle\/actualites\/visite-de-notre-pere-eveque-du-21-decembre-2025\/#respond"]}]},{"@type":"WebPage","@id":"https:\/\/www.diocese-belfort-montbeliard.fr\/beaucourt-delle\/actualites\/visite-de-notre-pere-eveque-du-21-decembre-2025\/","url":"https:\/\/www.diocese-belfort-montbeliard.fr\/beaucourt-delle\/actualites\/visite-de-notre-pere-eveque-du-21-decembre-2025\/","name":"Visite de notre P\u00e8re Ev\u00eaque du 21 d\u00e9cembre 2025 - Doyenn\u00e9 de Beaucourt - Delle","isPartOf":{"@id":"https:\/\/www.diocese-belfort-montbeliard.fr\/beaucourt-delle\/#website"},"primaryImageOfPage":{"@id":"https:\/\/www.diocese-belfort-montbeliard.fr\/beaucourt-delle\/actualites\/visite-de-notre-pere-eveque-du-21-decembre-2025\/#primaryimage"},"image":{"@id":"https:\/\/www.diocese-belfort-montbeliard.fr\/beaucourt-delle\/actualites\/visite-de-notre-pere-eveque-du-21-decembre-2025\/#primaryimage"},"thumbnailUrl":"https:\/\/www.diocese-belfort-montbeliard.fr\/beaucourt-delle\/wp-content\/uploads\/sites\/5\/2026\/01\/eveque-1-scaled.jpg","datePublished":"2026-01-06T19:27:22+00:00","dateModified":"2026-01-06T19:29:13+00:00","author":{"@id":"https:\/\/www.diocese-belfort-montbeliard.fr\/beaucourt-delle\/#\/schema\/person\/76b6f8eacf986484d2d828d10af0eea4"},"breadcrumb":{"@id":"https:\/\/www.diocese-belfort-montbeliard.fr\/beaucourt-delle\/actualites\/visite-de-notre-pere-eveque-du-21-decembre-2025\/#breadcrumb"},"inLanguage":"fr-FR","potentialAction":[{"@type":"ReadAction","target":["https:\/\/www.diocese-belfort-montbeliard.fr\/beaucourt-delle\/actualites\/visite-de-notre-pere-eveque-du-21-decembre-2025\/"]}]},{"@type":"ImageObject","inLanguage":"fr-FR","@id":"https:\/\/www.diocese-belfort-montbeliard.fr\/beaucourt-delle\/actualites\/visite-de-notre-pere-eveque-du-21-decembre-2025\/#primaryimage","url":"https:\/\/www.diocese-belfort-montbeliard.fr\/beaucourt-delle\/wp-content\/uploads\/sites\/5\/2026\/01\/eveque-1-scaled.jpg","contentUrl":"https:\/\/www.diocese-belfort-montbeliard.fr\/beaucourt-delle\/wp-content\/uploads\/sites\/5\/2026\/01\/eveque-1-scaled.jpg","width":2560,"height":1183},{"@type":"BreadcrumbList","@id":"https:\/\/www.diocese-belfort-montbeliard.fr\/beaucourt-delle\/actualites\/visite-de-notre-pere-eveque-du-21-decembre-2025\/#breadcrumb","itemListElement":[{"@type":"ListItem","position":1,"name":"Accueil","item":"https:\/\/www.diocese-belfort-montbeliard.fr\/beaucourt-delle\/"},{"@type":"ListItem","position":2,"name":"Visite de notre P\u00e8re Ev\u00eaque du 21 d\u00e9cembre 2025"}]},{"@type":"WebSite","@id":"https:\/\/www.diocese-belfort-montbeliard.fr\/beaucourt-delle\/#website","url":"https:\/\/www.diocese-belfort-montbeliard.fr\/beaucourt-delle\/","name":"Doyenn\u00e9 de Beaucourt - Delle","description":"Dioc\u00e8se de Belfort - Montb\u00e9liard","potentialAction":[{"@type":"SearchAction","target":{"@type":"EntryPoint","urlTemplate":"https:\/\/www.diocese-belfort-montbeliard.fr\/beaucourt-delle\/?s={search_term_string}"},"query-input":{"@type":"PropertyValueSpecification","valueRequired":true,"valueName":"search_term_string"}}],"inLanguage":"fr-FR"},{"@type":"Person","@id":"https:\/\/www.diocese-belfort-montbeliard.fr\/beaucourt-delle\/#\/schema\/person\/76b6f8eacf986484d2d828d10af0eea4","name":"paroissejeanpaul2","image":{"@type":"ImageObject","inLanguage":"fr-FR","@id":"https:\/\/secure.gravatar.com\/avatar\/73b470c1d0a24e026ed553a6a7a760aece632df6b3a41471dce344f656521ecd?s=96&d=mm&r=g","url":"https:\/\/secure.gravatar.com\/avatar\/73b470c1d0a24e026ed553a6a7a760aece632df6b3a41471dce344f656521ecd?s=96&d=mm&r=g","contentUrl":"https:\/\/secure.gravatar.com\/avatar\/73b470c1d0a24e026ed553a6a7a760aece632df6b3a41471dce344f656521ecd?s=96&d=mm&r=g","caption":"paroissejeanpaul2"},"url":"https:\/\/www.diocese-belfort-montbeliard.fr\/beaucourt-delle\/author\/paroissejeanpaul2\/"}]}},"_links":{"self":[{"href":"https:\/\/www.diocese-belfort-montbeliard.fr\/beaucourt-delle\/wp-json\/wp\/v2\/posts\/14071","targetHints":{"allow":["GET"]}}],"collection":[{"href":"https:\/\/www.diocese-belfort-montbeliard.fr\/beaucourt-delle\/wp-json\/wp\/v2\/posts"}],"about":[{"href":"https:\/\/www.diocese-belfort-montbeliard.fr\/beaucourt-delle\/wp-json\/wp\/v2\/types\/post"}],"author":[{"embeddable":true,"href":"https:\/\/www.diocese-belfort-montbeliard.fr\/beaucourt-delle\/wp-json\/wp\/v2\/users\/7"}],"replies":[{"embeddable":true,"href":"https:\/\/www.diocese-belfort-montbeliard.fr\/beaucourt-delle\/wp-json\/wp\/v2\/comments?post=14071"}],"version-history":[{"count":2,"href":"https:\/\/www.diocese-belfort-montbeliard.fr\/beaucourt-delle\/wp-json\/wp\/v2\/posts\/14071\/revisions"}],"predecessor-version":[{"id":14078,"href":"https:\/\/www.diocese-belfort-montbeliard.fr\/beaucourt-delle\/wp-json\/wp\/v2\/posts\/14071\/revisions\/14078"}],"wp:featuredmedia":[{"embeddable":true,"href":"https:\/\/www.diocese-belfort-montbeliard.fr\/beaucourt-delle\/wp-json\/wp\/v2\/media\/14074"}],"wp:attachment":[{"href":"https:\/\/www.diocese-belfort-montbeliard.fr\/beaucourt-delle\/wp-json\/wp\/v2\/media?parent=14071"}],"wp:term":[{"taxonomy":"category","embeddable":true,"href":"https:\/\/www.diocese-belfort-montbeliard.fr\/beaucourt-delle\/wp-json\/wp\/v2\/categories?post=14071"},{"taxonomy":"post_tag","embeddable":true,"href":"https:\/\/www.diocese-belfort-montbeliard.fr\/beaucourt-delle\/wp-json\/wp\/v2\/tags?post=14071"}],"curies":[{"name":"wp","href":"https:\/\/api.w.org\/{rel}","templated":true}]}}