{"id":14383,"date":"2026-04-22T17:20:28","date_gmt":"2026-04-22T15:20:28","guid":{"rendered":"https:\/\/www.diocese-belfort-montbeliard.fr\/beaucourt-delle\/?p=14383"},"modified":"2026-04-22T17:20:28","modified_gmt":"2026-04-22T15:20:28","slug":"messe-des-familles-des-tenebres-a-la-lumiere","status":"publish","type":"post","link":"https:\/\/www.diocese-belfort-montbeliard.fr\/beaucourt-delle\/actualites\/messe-des-familles-des-tenebres-a-la-lumiere\/","title":{"rendered":"Messe des familles, des t\u00e9n\u00e8bres \u00e0 la lumi\u00e8re"},"content":{"rendered":"\n<p>Messe des familles du 14 mars 2026 \u00e0 Dampierre les bois<\/p>\n\n\n\n<p>Des t\u00e9n\u00e8bres \u00e0 la lumi\u00e8re<\/p>\n\n\n\n<p><em><strong>\u00ab&nbsp;Il s\u2019en alla et se lava&nbsp;; quand il revint, il voyait&nbsp;\u00bb<\/strong><\/em> <em>(Jn 9,&nbsp;1.6-9.13-17.34-38)<\/em><\/p>\n\n\n\n<p>Notre messe des familles avait lieu en ce 4<sup>\u00e8me<\/sup> dimanche de Car\u00eame \u00e0 l\u2019Eglise St Pierre de Dampierre les Bois.<\/p>\n\n\n\n<p><strong>La liturgie du jour nous proposait une cat\u00e9ch\u00e8se sur le bapt\u00eame avec le miracle de la gu\u00e9rison de l\u2019aveugle-n\u00e9 dont le r\u00e9cit est th\u00e9\u00e2tral.<\/strong><\/p>\n\n\n\n<p><strong>L\u2019Evangile de Jean est celui de la foi et de la gu\u00e9rison de l\u2019aveugle-n\u00e9.<\/strong><\/p>\n\n\n\n<p><strong>J\u00e9sus gu\u00e9rit un mendiant aveugle de naissance, il lui rend la vue, ce qui lui permet de voir le monde qui l\u2019entoure, et dans un deuxi\u00e8me temps il lui ouvre les yeux de la foi.<\/strong><\/p>\n\n\n\n<p>Tout commence par un geste et une parole. J\u00e9sus fait de la boue avec sa salive et l\u2019applique sur les yeux de l\u2019aveugle. Geste qui n\u2019est pas sans rappeler celui de la Cr\u00e9ation, quand Dieu cr\u00e9a Adam avec la poussi\u00e8re du sol. J\u00e9sus lui dit\u00a0<em><strong>\u00ab\u00a0Va te laver \u00e0 la piscine de Silo\u00e9\u00a0\u00bb.<\/strong><\/em> L\u2019aveugle ob\u00e9it \u00e0 la parole, il va se laver et, lorsqu\u2019il revint, il voyait.<\/p>\n\n\n\n<p>L\u2019aveugle est pass\u00e9 des t\u00e9n\u00e8bres \u00e0 la lumi\u00e8re et reconna\u00eet en J\u00e9sus celui qui lui a redonn\u00e9&nbsp;la vue et la vie.<\/p>\n\n\n\n<p>Peu \u00e0 peu, la conclusion s\u2019impose d\u2019elle-m\u00eame \u00e0 cet aveugle de naissance. J\u00e9sus ne peut venir que de Dieu. Quand il comprend que c\u2019est le fils de l\u2019homme qui est l\u00e0 \u00e0 lui parler, r\u00e9pondant \u00e0 sa question <strong>\u00ab&nbsp;Crois-tu au Fils de l\u2019homme&nbsp;?&nbsp;\u00bb&nbsp;<\/strong>l\u2019aveugle s\u2019\u00e9crie <strong>\u00ab&nbsp;Je<\/strong> <strong>crois Seigneur&nbsp;\u00bb<\/strong> et se prosterne devant lui.<\/p>\n\n\n\n<p>D\u00e8s le d\u00e9but de son hom\u00e9lie Fr\u00e8re Benjamin donnait la parole aux enfants, leur posant diverses questions, tout en commentant les textes bibliques. <strong>Silo\u00e9 veut dire \u00ab\u00a0Envoy\u00e9\u00a0\u00bb<\/strong><\/p>\n\n\n\n<p>De m\u00eame nous sommes envoy\u00e9s pour t\u00e9moigner des merveilles de Dieu.<\/p>\n\n\n\n<p>\u00ab\u00a0J\u00e9sus gu\u00e9rit la c\u00e9cit\u00e9 de l\u2019\u00e2me\u00a0\u00bb et apporte la lumi\u00e8re. \u00ab\u00a0J\u00e9sus veut nous restaurer physiquement et spirituellement<em>\u00a0\u00bb<\/em>. Fr\u00e8re Benjamin terminait son hom\u00e9lie, appelant les fid\u00e8les \u00e0 prier pour les malades et \u00ab\u00a0demandant au Seigneur de nous gu\u00e9rir de notre aveuglement\u00a0\u00bb.<\/p>\n\n\n\n<p><em>Au cours de l\u2019atelier bricolage les jeunes du cat\u00e9 ont m\u00e9dit\u00e9 ce texte de l\u2019Evangile de Jean et r\u00e9fl\u00e9chi aux fruits que le Seigneur aimerait leur voir porter pour qu\u2019ils se conduisent en enfants de lumi\u00e8re&nbsp;: Pardon, Foi, Paix, Amour, R\u00e9confort, Joie, Pri\u00e8re, Partage\u2026<\/em><\/p>\n\n\n\n<p><em>Le panneau au pied de l\u2019autel illustrait et retra\u00e7ait de fa\u00e7on tr\u00e8s imag\u00e9e cette sc\u00e8ne.<\/em><\/p>\n\n\n\n<p><em>A la demande de Fr\u00e8re Benjamin, Salom\u00e9, entour\u00e9e par sa maman Tamara et Virginie, a pr\u00e9sent\u00e9 les <strong>lumignons symboles de lumi\u00e8re<\/strong> confectionn\u00e9s par les petits de l\u2019\u00e9veil \u00e0 la foi. Comme l\u2019aveugle-n\u00e9, nous aussi nous sommes aveugles quand notre regard est obscurci par trop de pr\u00e9occupations, emp\u00eachant nos yeux et notre c\u0153ur de recevoir la lumi\u00e8re. Alors demandons au Seigneur d\u2019\u00e9clairer notre chemin afin que nous passions, nous aussi, des t\u00e9n\u00e8bres de la nuit \u00e0 la lumi\u00e8re de la foi.<\/em><\/p>\n\n\n\n<p><em><strong>\u00ab&nbsp;Je suis l\u2019aveugle sur le chemin, gu\u00e9ris-moi je veux te voir&nbsp;\u00bb<\/strong><\/em><\/p>\n\n\n\n<p>Josiane pour l\u2019\u00e9quipe des cat\u00e9chistes<\/p>\n\n\n\n<figure class=\"wp-block-gallery has-nested-images columns-default is-cropped wp-block-gallery-1 is-layout-flex wp-block-gallery-is-layout-flex\">\n<figure class=\"wp-block-image size-large\"><img loading=\"lazy\" decoding=\"async\" width=\"810\" height=\"1080\" data-id=\"14380\" src=\"https:\/\/www.diocese-belfort-montbeliard.fr\/beaucourt-delle\/wp-content\/uploads\/sites\/5\/2026\/04\/bricolage-img_6593-810x1080.jpeg\" alt=\"\" class=\"wp-image-14380\" srcset=\"https:\/\/www.diocese-belfort-montbeliard.fr\/beaucourt-delle\/wp-content\/uploads\/sites\/5\/2026\/04\/bricolage-img_6593-810x1080.jpeg 810w, https:\/\/www.diocese-belfort-montbeliard.fr\/beaucourt-delle\/wp-content\/uploads\/sites\/5\/2026\/04\/bricolage-img_6593-450x600.jpeg 450w, https:\/\/www.diocese-belfort-montbeliard.fr\/beaucourt-delle\/wp-content\/uploads\/sites\/5\/2026\/04\/bricolage-img_6593-768x1024.jpeg 768w, https:\/\/www.diocese-belfort-montbeliard.fr\/beaucourt-delle\/wp-content\/uploads\/sites\/5\/2026\/04\/bricolage-img_6593-1152x1536.jpeg 1152w, https:\/\/www.diocese-belfort-montbeliard.fr\/beaucourt-delle\/wp-content\/uploads\/sites\/5\/2026\/04\/bricolage-img_6593-1536x2048.jpeg 1536w, https:\/\/www.diocese-belfort-montbeliard.fr\/beaucourt-delle\/wp-content\/uploads\/sites\/5\/2026\/04\/bricolage-img_6593-scaled.jpeg 1920w\" sizes=\"auto, (max-width: 810px) 100vw, 810px\" \/><\/figure>\n\n\n\n<figure class=\"wp-block-image size-large\"><img loading=\"lazy\" decoding=\"async\" width=\"810\" height=\"1080\" data-id=\"14381\" src=\"https:\/\/www.diocese-belfort-montbeliard.fr\/beaucourt-delle\/wp-content\/uploads\/sites\/5\/2026\/04\/bricolage-img_6594-810x1080.jpeg\" alt=\"\" class=\"wp-image-14381\" srcset=\"https:\/\/www.diocese-belfort-montbeliard.fr\/beaucourt-delle\/wp-content\/uploads\/sites\/5\/2026\/04\/bricolage-img_6594-810x1080.jpeg 810w, https:\/\/www.diocese-belfort-montbeliard.fr\/beaucourt-delle\/wp-content\/uploads\/sites\/5\/2026\/04\/bricolage-img_6594-450x600.jpeg 450w, https:\/\/www.diocese-belfort-montbeliard.fr\/beaucourt-delle\/wp-content\/uploads\/sites\/5\/2026\/04\/bricolage-img_6594-768x1024.jpeg 768w, https:\/\/www.diocese-belfort-montbeliard.fr\/beaucourt-delle\/wp-content\/uploads\/sites\/5\/2026\/04\/bricolage-img_6594-1152x1536.jpeg 1152w, https:\/\/www.diocese-belfort-montbeliard.fr\/beaucourt-delle\/wp-content\/uploads\/sites\/5\/2026\/04\/bricolage-img_6594-1536x2048.jpeg 1536w, https:\/\/www.diocese-belfort-montbeliard.fr\/beaucourt-delle\/wp-content\/uploads\/sites\/5\/2026\/04\/bricolage-img_6594-scaled.jpeg 1920w\" sizes=\"auto, (max-width: 810px) 100vw, 810px\" \/><\/figure>\n\n\n\n<figure class=\"wp-block-image size-large\"><img loading=\"lazy\" decoding=\"async\" width=\"810\" height=\"1080\" data-id=\"14382\" src=\"https:\/\/www.diocese-belfort-montbeliard.fr\/beaucourt-delle\/wp-content\/uploads\/sites\/5\/2026\/04\/bricolage-img_6595-810x1080.jpeg\" alt=\"\" class=\"wp-image-14382\" srcset=\"https:\/\/www.diocese-belfort-montbeliard.fr\/beaucourt-delle\/wp-content\/uploads\/sites\/5\/2026\/04\/bricolage-img_6595-810x1080.jpeg 810w, https:\/\/www.diocese-belfort-montbeliard.fr\/beaucourt-delle\/wp-content\/uploads\/sites\/5\/2026\/04\/bricolage-img_6595-450x600.jpeg 450w, https:\/\/www.diocese-belfort-montbeliard.fr\/beaucourt-delle\/wp-content\/uploads\/sites\/5\/2026\/04\/bricolage-img_6595-768x1024.jpeg 768w, https:\/\/www.diocese-belfort-montbeliard.fr\/beaucourt-delle\/wp-content\/uploads\/sites\/5\/2026\/04\/bricolage-img_6595-1152x1536.jpeg 1152w, https:\/\/www.diocese-belfort-montbeliard.fr\/beaucourt-delle\/wp-content\/uploads\/sites\/5\/2026\/04\/bricolage-img_6595-1536x2048.jpeg 1536w, https:\/\/www.diocese-belfort-montbeliard.fr\/beaucourt-delle\/wp-content\/uploads\/sites\/5\/2026\/04\/bricolage-img_6595-scaled.jpeg 1920w\" sizes=\"auto, (max-width: 810px) 100vw, 810px\" \/><\/figure>\n<\/figure>\n\n\n\n<figure class=\"wp-block-gallery has-nested-images columns-default is-cropped wp-block-gallery-2 is-layout-flex wp-block-gallery-is-layout-flex\">\n<figure class=\"wp-block-image size-large\"><img loading=\"lazy\" decoding=\"async\" width=\"1918\" height=\"1080\" data-id=\"14379\" src=\"https:\/\/www.diocese-belfort-montbeliard.fr\/beaucourt-delle\/wp-content\/uploads\/sites\/5\/2026\/04\/1000042081-1918x1080.jpg\" alt=\"\" class=\"wp-image-14379\" srcset=\"https:\/\/www.diocese-belfort-montbeliard.fr\/beaucourt-delle\/wp-content\/uploads\/sites\/5\/2026\/04\/1000042081-1918x1080.jpg 1918w, https:\/\/www.diocese-belfort-montbeliard.fr\/beaucourt-delle\/wp-content\/uploads\/sites\/5\/2026\/04\/1000042081-600x338.jpg 600w, https:\/\/www.diocese-belfort-montbeliard.fr\/beaucourt-delle\/wp-content\/uploads\/sites\/5\/2026\/04\/1000042081-768x432.jpg 768w, https:\/\/www.diocese-belfort-montbeliard.fr\/beaucourt-delle\/wp-content\/uploads\/sites\/5\/2026\/04\/1000042081-1536x865.jpg 1536w, https:\/\/www.diocese-belfort-montbeliard.fr\/beaucourt-delle\/wp-content\/uploads\/sites\/5\/2026\/04\/1000042081-2048x1153.jpg 2048w\" sizes=\"auto, (max-width: 1918px) 100vw, 1918px\" \/><\/figure>\n\n\n\n<figure class=\"wp-block-image size-large\"><img loading=\"lazy\" decoding=\"async\" width=\"1043\" height=\"1080\" data-id=\"14378\" src=\"https:\/\/www.diocese-belfort-montbeliard.fr\/beaucourt-delle\/wp-content\/uploads\/sites\/5\/2026\/04\/1000042077-1043x1080.jpg\" alt=\"\" class=\"wp-image-14378\" srcset=\"https:\/\/www.diocese-belfort-montbeliard.fr\/beaucourt-delle\/wp-content\/uploads\/sites\/5\/2026\/04\/1000042077-1043x1080.jpg 1043w, https:\/\/www.diocese-belfort-montbeliard.fr\/beaucourt-delle\/wp-content\/uploads\/sites\/5\/2026\/04\/1000042077-579x600.jpg 579w, https:\/\/www.diocese-belfort-montbeliard.fr\/beaucourt-delle\/wp-content\/uploads\/sites\/5\/2026\/04\/1000042077-768x795.jpg 768w, https:\/\/www.diocese-belfort-montbeliard.fr\/beaucourt-delle\/wp-content\/uploads\/sites\/5\/2026\/04\/1000042077-1483x1536.jpg 1483w, https:\/\/www.diocese-belfort-montbeliard.fr\/beaucourt-delle\/wp-content\/uploads\/sites\/5\/2026\/04\/1000042077-1978x2048.jpg 1978w\" sizes=\"auto, (max-width: 1043px) 100vw, 1043px\" \/><\/figure>\n\n\n\n<figure class=\"wp-block-image size-large\"><img loading=\"lazy\" decoding=\"async\" width=\"772\" height=\"1080\" data-id=\"14377\" src=\"https:\/\/www.diocese-belfort-montbeliard.fr\/beaucourt-delle\/wp-content\/uploads\/sites\/5\/2026\/04\/1000042075-772x1080.jpg\" alt=\"\" class=\"wp-image-14377\" srcset=\"https:\/\/www.diocese-belfort-montbeliard.fr\/beaucourt-delle\/wp-content\/uploads\/sites\/5\/2026\/04\/1000042075-772x1080.jpg 772w, https:\/\/www.diocese-belfort-montbeliard.fr\/beaucourt-delle\/wp-content\/uploads\/sites\/5\/2026\/04\/1000042075-429x600.jpg 429w, https:\/\/www.diocese-belfort-montbeliard.fr\/beaucourt-delle\/wp-content\/uploads\/sites\/5\/2026\/04\/1000042075-768x1075.jpg 768w, https:\/\/www.diocese-belfort-montbeliard.fr\/beaucourt-delle\/wp-content\/uploads\/sites\/5\/2026\/04\/1000042075-1097x1536.jpg 1097w, https:\/\/www.diocese-belfort-montbeliard.fr\/beaucourt-delle\/wp-content\/uploads\/sites\/5\/2026\/04\/1000042075-1463x2048.jpg 1463w, https:\/\/www.diocese-belfort-montbeliard.fr\/beaucourt-delle\/wp-content\/uploads\/sites\/5\/2026\/04\/1000042075-scaled.jpg 1829w\" sizes=\"auto, (max-width: 772px) 100vw, 772px\" \/><\/figure>\n<\/figure>\n","protected":false},"excerpt":{"rendered":"<p>Messe des familles du 14 mars 2026 \u00e0 Dampierre les bois Des t\u00e9n\u00e8bres \u00e0 la lumi\u00e8re \u00ab&nbsp;Il s\u2019en alla et se lava&nbsp;; quand il revint, il voyait&nbsp;\u00bb (Jn 9,&nbsp;1.6-9.13-17.34-38) Notre messe des familles avait lieu en ce 4\u00e8me dimanche de Car\u00eame \u00e0 l\u2019Eglise St Pierre de Dampierre les Bois. La liturgie du jour nous proposait [&hellip;]<\/p>\n","protected":false},"author":7,"featured_media":14382,"comment_status":"open","ping_status":"open","sticky":false,"template":"","format":"standard","meta":{"_acf_changed":false,"footnotes":""},"categories":[2],"tags":[],"class_list":["post-14383","post","type-post","status-publish","format-standard","has-post-thumbnail","hentry","category-jean-paull-ii"],"acf":[],"yoast_head":"<!-- This site is optimized with the Yoast SEO plugin v27.4 - https:\/\/yoast.com\/product\/yoast-seo-wordpress\/ -->\n<title>Messe des familles, des t\u00e9n\u00e8bres \u00e0 la lumi\u00e8re - Doyenn\u00e9 de Beaucourt - Delle<\/title>\n<meta name=\"robots\" content=\"index, follow, max-snippet:-1, max-image-preview:large, max-video-preview:-1\" \/>\n<link rel=\"canonical\" href=\"https:\/\/www.diocese-belfort-montbeliard.fr\/beaucourt-delle\/actualites\/messe-des-familles-des-tenebres-a-la-lumiere\/\" \/>\n<meta property=\"og:locale\" content=\"fr_FR\" \/>\n<meta property=\"og:type\" content=\"article\" \/>\n<meta property=\"og:title\" content=\"Messe des familles, des t\u00e9n\u00e8bres \u00e0 la lumi\u00e8re - Doyenn\u00e9 de Beaucourt - Delle\" \/>\n<meta property=\"og:description\" content=\"Messe des familles du 14 mars 2026 \u00e0 Dampierre les bois Des t\u00e9n\u00e8bres \u00e0 la lumi\u00e8re \u00ab&nbsp;Il s\u2019en alla et se lava&nbsp;; quand il revint, il voyait&nbsp;\u00bb (Jn 9,&nbsp;1.6-9.13-17.34-38) Notre messe des familles avait lieu en ce 4\u00e8me dimanche de Car\u00eame \u00e0 l\u2019Eglise St Pierre de Dampierre les Bois. La liturgie du jour nous proposait [&hellip;]\" \/>\n<meta property=\"og:url\" content=\"https:\/\/www.diocese-belfort-montbeliard.fr\/beaucourt-delle\/actualites\/messe-des-familles-des-tenebres-a-la-lumiere\/\" \/>\n<meta property=\"og:site_name\" content=\"Doyenn\u00e9 de Beaucourt - Delle\" \/>\n<meta property=\"article:published_time\" content=\"2026-04-22T15:20:28+00:00\" \/>\n<meta property=\"og:image\" content=\"https:\/\/www.diocese-belfort-montbeliard.fr\/beaucourt-delle\/wp-content\/uploads\/sites\/5\/2026\/04\/bricolage-img_6595-scaled.jpeg\" \/>\n\t<meta property=\"og:image:width\" content=\"1920\" \/>\n\t<meta property=\"og:image:height\" content=\"2560\" \/>\n\t<meta property=\"og:image:type\" content=\"image\/jpeg\" \/>\n<meta name=\"author\" content=\"paroissejeanpaul2\" \/>\n<meta name=\"twitter:card\" content=\"summary_large_image\" \/>\n<meta name=\"twitter:label1\" content=\"\u00c9crit par\" \/>\n\t<meta name=\"twitter:data1\" content=\"paroissejeanpaul2\" \/>\n\t<meta name=\"twitter:label2\" content=\"Dur\u00e9e de lecture estim\u00e9e\" \/>\n\t<meta name=\"twitter:data2\" content=\"4 minutes\" \/>\n<script type=\"application\/ld+json\" class=\"yoast-schema-graph\">{\"@context\":\"https:\\\/\\\/schema.org\",\"@graph\":[{\"@type\":\"Article\",\"@id\":\"https:\\\/\\\/www.diocese-belfort-montbeliard.fr\\\/beaucourt-delle\\\/actualites\\\/messe-des-familles-des-tenebres-a-la-lumiere\\\/#article\",\"isPartOf\":{\"@id\":\"https:\\\/\\\/www.diocese-belfort-montbeliard.fr\\\/beaucourt-delle\\\/actualites\\\/messe-des-familles-des-tenebres-a-la-lumiere\\\/\"},\"author\":{\"name\":\"paroissejeanpaul2\",\"@id\":\"https:\\\/\\\/www.diocese-belfort-montbeliard.fr\\\/beaucourt-delle\\\/#\\\/schema\\\/person\\\/76b6f8eacf986484d2d828d10af0eea4\"},\"headline\":\"Messe des familles, des t\u00e9n\u00e8bres \u00e0 la lumi\u00e8re\",\"datePublished\":\"2026-04-22T15:20:28+00:00\",\"mainEntityOfPage\":{\"@id\":\"https:\\\/\\\/www.diocese-belfort-montbeliard.fr\\\/beaucourt-delle\\\/actualites\\\/messe-des-familles-des-tenebres-a-la-lumiere\\\/\"},\"wordCount\":606,\"commentCount\":0,\"image\":{\"@id\":\"https:\\\/\\\/www.diocese-belfort-montbeliard.fr\\\/beaucourt-delle\\\/actualites\\\/messe-des-familles-des-tenebres-a-la-lumiere\\\/#primaryimage\"},\"thumbnailUrl\":\"https:\\\/\\\/www.diocese-belfort-montbeliard.fr\\\/beaucourt-delle\\\/wp-content\\\/uploads\\\/sites\\\/5\\\/2026\\\/04\\\/bricolage-img_6595-scaled.jpeg\",\"articleSection\":[\"Jean-Paull II\"],\"inLanguage\":\"fr-FR\",\"potentialAction\":[{\"@type\":\"CommentAction\",\"name\":\"Comment\",\"target\":[\"https:\\\/\\\/www.diocese-belfort-montbeliard.fr\\\/beaucourt-delle\\\/actualites\\\/messe-des-familles-des-tenebres-a-la-lumiere\\\/#respond\"]}]},{\"@type\":\"WebPage\",\"@id\":\"https:\\\/\\\/www.diocese-belfort-montbeliard.fr\\\/beaucourt-delle\\\/actualites\\\/messe-des-familles-des-tenebres-a-la-lumiere\\\/\",\"url\":\"https:\\\/\\\/www.diocese-belfort-montbeliard.fr\\\/beaucourt-delle\\\/actualites\\\/messe-des-familles-des-tenebres-a-la-lumiere\\\/\",\"name\":\"Messe des familles, des t\u00e9n\u00e8bres \u00e0 la lumi\u00e8re - Doyenn\u00e9 de Beaucourt - Delle\",\"isPartOf\":{\"@id\":\"https:\\\/\\\/www.diocese-belfort-montbeliard.fr\\\/beaucourt-delle\\\/#website\"},\"primaryImageOfPage\":{\"@id\":\"https:\\\/\\\/www.diocese-belfort-montbeliard.fr\\\/beaucourt-delle\\\/actualites\\\/messe-des-familles-des-tenebres-a-la-lumiere\\\/#primaryimage\"},\"image\":{\"@id\":\"https:\\\/\\\/www.diocese-belfort-montbeliard.fr\\\/beaucourt-delle\\\/actualites\\\/messe-des-familles-des-tenebres-a-la-lumiere\\\/#primaryimage\"},\"thumbnailUrl\":\"https:\\\/\\\/www.diocese-belfort-montbeliard.fr\\\/beaucourt-delle\\\/wp-content\\\/uploads\\\/sites\\\/5\\\/2026\\\/04\\\/bricolage-img_6595-scaled.jpeg\",\"datePublished\":\"2026-04-22T15:20:28+00:00\",\"author\":{\"@id\":\"https:\\\/\\\/www.diocese-belfort-montbeliard.fr\\\/beaucourt-delle\\\/#\\\/schema\\\/person\\\/76b6f8eacf986484d2d828d10af0eea4\"},\"breadcrumb\":{\"@id\":\"https:\\\/\\\/www.diocese-belfort-montbeliard.fr\\\/beaucourt-delle\\\/actualites\\\/messe-des-familles-des-tenebres-a-la-lumiere\\\/#breadcrumb\"},\"inLanguage\":\"fr-FR\",\"potentialAction\":[{\"@type\":\"ReadAction\",\"target\":[\"https:\\\/\\\/www.diocese-belfort-montbeliard.fr\\\/beaucourt-delle\\\/actualites\\\/messe-des-familles-des-tenebres-a-la-lumiere\\\/\"]}]},{\"@type\":\"ImageObject\",\"inLanguage\":\"fr-FR\",\"@id\":\"https:\\\/\\\/www.diocese-belfort-montbeliard.fr\\\/beaucourt-delle\\\/actualites\\\/messe-des-familles-des-tenebres-a-la-lumiere\\\/#primaryimage\",\"url\":\"https:\\\/\\\/www.diocese-belfort-montbeliard.fr\\\/beaucourt-delle\\\/wp-content\\\/uploads\\\/sites\\\/5\\\/2026\\\/04\\\/bricolage-img_6595-scaled.jpeg\",\"contentUrl\":\"https:\\\/\\\/www.diocese-belfort-montbeliard.fr\\\/beaucourt-delle\\\/wp-content\\\/uploads\\\/sites\\\/5\\\/2026\\\/04\\\/bricolage-img_6595-scaled.jpeg\",\"width\":1920,\"height\":2560},{\"@type\":\"BreadcrumbList\",\"@id\":\"https:\\\/\\\/www.diocese-belfort-montbeliard.fr\\\/beaucourt-delle\\\/actualites\\\/messe-des-familles-des-tenebres-a-la-lumiere\\\/#breadcrumb\",\"itemListElement\":[{\"@type\":\"ListItem\",\"position\":1,\"name\":\"Accueil\",\"item\":\"https:\\\/\\\/www.diocese-belfort-montbeliard.fr\\\/beaucourt-delle\\\/\"},{\"@type\":\"ListItem\",\"position\":2,\"name\":\"Messe des familles, des t\u00e9n\u00e8bres \u00e0 la lumi\u00e8re\"}]},{\"@type\":\"WebSite\",\"@id\":\"https:\\\/\\\/www.diocese-belfort-montbeliard.fr\\\/beaucourt-delle\\\/#website\",\"url\":\"https:\\\/\\\/www.diocese-belfort-montbeliard.fr\\\/beaucourt-delle\\\/\",\"name\":\"Doyenn\u00e9 de Beaucourt - Delle\",\"description\":\"Dioc\u00e8se de Belfort - Montb\u00e9liard\",\"potentialAction\":[{\"@type\":\"SearchAction\",\"target\":{\"@type\":\"EntryPoint\",\"urlTemplate\":\"https:\\\/\\\/www.diocese-belfort-montbeliard.fr\\\/beaucourt-delle\\\/?s={search_term_string}\"},\"query-input\":{\"@type\":\"PropertyValueSpecification\",\"valueRequired\":true,\"valueName\":\"search_term_string\"}}],\"inLanguage\":\"fr-FR\"},{\"@type\":\"Person\",\"@id\":\"https:\\\/\\\/www.diocese-belfort-montbeliard.fr\\\/beaucourt-delle\\\/#\\\/schema\\\/person\\\/76b6f8eacf986484d2d828d10af0eea4\",\"name\":\"paroissejeanpaul2\",\"image\":{\"@type\":\"ImageObject\",\"inLanguage\":\"fr-FR\",\"@id\":\"https:\\\/\\\/secure.gravatar.com\\\/avatar\\\/73b470c1d0a24e026ed553a6a7a760aece632df6b3a41471dce344f656521ecd?s=96&d=mm&r=g\",\"url\":\"https:\\\/\\\/secure.gravatar.com\\\/avatar\\\/73b470c1d0a24e026ed553a6a7a760aece632df6b3a41471dce344f656521ecd?s=96&d=mm&r=g\",\"contentUrl\":\"https:\\\/\\\/secure.gravatar.com\\\/avatar\\\/73b470c1d0a24e026ed553a6a7a760aece632df6b3a41471dce344f656521ecd?s=96&d=mm&r=g\",\"caption\":\"paroissejeanpaul2\"},\"url\":\"https:\\\/\\\/www.diocese-belfort-montbeliard.fr\\\/beaucourt-delle\\\/author\\\/paroissejeanpaul2\\\/\"}]}<\/script>\n<!-- \/ Yoast SEO plugin. -->","yoast_head_json":{"title":"Messe des familles, des t\u00e9n\u00e8bres \u00e0 la lumi\u00e8re - Doyenn\u00e9 de Beaucourt - Delle","robots":{"index":"index","follow":"follow","max-snippet":"max-snippet:-1","max-image-preview":"max-image-preview:large","max-video-preview":"max-video-preview:-1"},"canonical":"https:\/\/www.diocese-belfort-montbeliard.fr\/beaucourt-delle\/actualites\/messe-des-familles-des-tenebres-a-la-lumiere\/","og_locale":"fr_FR","og_type":"article","og_title":"Messe des familles, des t\u00e9n\u00e8bres \u00e0 la lumi\u00e8re - Doyenn\u00e9 de Beaucourt - Delle","og_description":"Messe des familles du 14 mars 2026 \u00e0 Dampierre les bois Des t\u00e9n\u00e8bres \u00e0 la lumi\u00e8re \u00ab&nbsp;Il s\u2019en alla et se lava&nbsp;; quand il revint, il voyait&nbsp;\u00bb (Jn 9,&nbsp;1.6-9.13-17.34-38) Notre messe des familles avait lieu en ce 4\u00e8me dimanche de Car\u00eame \u00e0 l\u2019Eglise St Pierre de Dampierre les Bois. La liturgie du jour nous proposait [&hellip;]","og_url":"https:\/\/www.diocese-belfort-montbeliard.fr\/beaucourt-delle\/actualites\/messe-des-familles-des-tenebres-a-la-lumiere\/","og_site_name":"Doyenn\u00e9 de Beaucourt - Delle","article_published_time":"2026-04-22T15:20:28+00:00","og_image":[{"width":1920,"height":2560,"url":"https:\/\/www.diocese-belfort-montbeliard.fr\/beaucourt-delle\/wp-content\/uploads\/sites\/5\/2026\/04\/bricolage-img_6595-scaled.jpeg","type":"image\/jpeg"}],"author":"paroissejeanpaul2","twitter_card":"summary_large_image","twitter_misc":{"\u00c9crit par":"paroissejeanpaul2","Dur\u00e9e de lecture estim\u00e9e":"4 minutes"},"schema":{"@context":"https:\/\/schema.org","@graph":[{"@type":"Article","@id":"https:\/\/www.diocese-belfort-montbeliard.fr\/beaucourt-delle\/actualites\/messe-des-familles-des-tenebres-a-la-lumiere\/#article","isPartOf":{"@id":"https:\/\/www.diocese-belfort-montbeliard.fr\/beaucourt-delle\/actualites\/messe-des-familles-des-tenebres-a-la-lumiere\/"},"author":{"name":"paroissejeanpaul2","@id":"https:\/\/www.diocese-belfort-montbeliard.fr\/beaucourt-delle\/#\/schema\/person\/76b6f8eacf986484d2d828d10af0eea4"},"headline":"Messe des familles, des t\u00e9n\u00e8bres \u00e0 la lumi\u00e8re","datePublished":"2026-04-22T15:20:28+00:00","mainEntityOfPage":{"@id":"https:\/\/www.diocese-belfort-montbeliard.fr\/beaucourt-delle\/actualites\/messe-des-familles-des-tenebres-a-la-lumiere\/"},"wordCount":606,"commentCount":0,"image":{"@id":"https:\/\/www.diocese-belfort-montbeliard.fr\/beaucourt-delle\/actualites\/messe-des-familles-des-tenebres-a-la-lumiere\/#primaryimage"},"thumbnailUrl":"https:\/\/www.diocese-belfort-montbeliard.fr\/beaucourt-delle\/wp-content\/uploads\/sites\/5\/2026\/04\/bricolage-img_6595-scaled.jpeg","articleSection":["Jean-Paull II"],"inLanguage":"fr-FR","potentialAction":[{"@type":"CommentAction","name":"Comment","target":["https:\/\/www.diocese-belfort-montbeliard.fr\/beaucourt-delle\/actualites\/messe-des-familles-des-tenebres-a-la-lumiere\/#respond"]}]},{"@type":"WebPage","@id":"https:\/\/www.diocese-belfort-montbeliard.fr\/beaucourt-delle\/actualites\/messe-des-familles-des-tenebres-a-la-lumiere\/","url":"https:\/\/www.diocese-belfort-montbeliard.fr\/beaucourt-delle\/actualites\/messe-des-familles-des-tenebres-a-la-lumiere\/","name":"Messe des familles, des t\u00e9n\u00e8bres \u00e0 la lumi\u00e8re - Doyenn\u00e9 de Beaucourt - Delle","isPartOf":{"@id":"https:\/\/www.diocese-belfort-montbeliard.fr\/beaucourt-delle\/#website"},"primaryImageOfPage":{"@id":"https:\/\/www.diocese-belfort-montbeliard.fr\/beaucourt-delle\/actualites\/messe-des-familles-des-tenebres-a-la-lumiere\/#primaryimage"},"image":{"@id":"https:\/\/www.diocese-belfort-montbeliard.fr\/beaucourt-delle\/actualites\/messe-des-familles-des-tenebres-a-la-lumiere\/#primaryimage"},"thumbnailUrl":"https:\/\/www.diocese-belfort-montbeliard.fr\/beaucourt-delle\/wp-content\/uploads\/sites\/5\/2026\/04\/bricolage-img_6595-scaled.jpeg","datePublished":"2026-04-22T15:20:28+00:00","author":{"@id":"https:\/\/www.diocese-belfort-montbeliard.fr\/beaucourt-delle\/#\/schema\/person\/76b6f8eacf986484d2d828d10af0eea4"},"breadcrumb":{"@id":"https:\/\/www.diocese-belfort-montbeliard.fr\/beaucourt-delle\/actualites\/messe-des-familles-des-tenebres-a-la-lumiere\/#breadcrumb"},"inLanguage":"fr-FR","potentialAction":[{"@type":"ReadAction","target":["https:\/\/www.diocese-belfort-montbeliard.fr\/beaucourt-delle\/actualites\/messe-des-familles-des-tenebres-a-la-lumiere\/"]}]},{"@type":"ImageObject","inLanguage":"fr-FR","@id":"https:\/\/www.diocese-belfort-montbeliard.fr\/beaucourt-delle\/actualites\/messe-des-familles-des-tenebres-a-la-lumiere\/#primaryimage","url":"https:\/\/www.diocese-belfort-montbeliard.fr\/beaucourt-delle\/wp-content\/uploads\/sites\/5\/2026\/04\/bricolage-img_6595-scaled.jpeg","contentUrl":"https:\/\/www.diocese-belfort-montbeliard.fr\/beaucourt-delle\/wp-content\/uploads\/sites\/5\/2026\/04\/bricolage-img_6595-scaled.jpeg","width":1920,"height":2560},{"@type":"BreadcrumbList","@id":"https:\/\/www.diocese-belfort-montbeliard.fr\/beaucourt-delle\/actualites\/messe-des-familles-des-tenebres-a-la-lumiere\/#breadcrumb","itemListElement":[{"@type":"ListItem","position":1,"name":"Accueil","item":"https:\/\/www.diocese-belfort-montbeliard.fr\/beaucourt-delle\/"},{"@type":"ListItem","position":2,"name":"Messe des familles, des t\u00e9n\u00e8bres \u00e0 la lumi\u00e8re"}]},{"@type":"WebSite","@id":"https:\/\/www.diocese-belfort-montbeliard.fr\/beaucourt-delle\/#website","url":"https:\/\/www.diocese-belfort-montbeliard.fr\/beaucourt-delle\/","name":"Doyenn\u00e9 de Beaucourt - Delle","description":"Dioc\u00e8se de Belfort - Montb\u00e9liard","potentialAction":[{"@type":"SearchAction","target":{"@type":"EntryPoint","urlTemplate":"https:\/\/www.diocese-belfort-montbeliard.fr\/beaucourt-delle\/?s={search_term_string}"},"query-input":{"@type":"PropertyValueSpecification","valueRequired":true,"valueName":"search_term_string"}}],"inLanguage":"fr-FR"},{"@type":"Person","@id":"https:\/\/www.diocese-belfort-montbeliard.fr\/beaucourt-delle\/#\/schema\/person\/76b6f8eacf986484d2d828d10af0eea4","name":"paroissejeanpaul2","image":{"@type":"ImageObject","inLanguage":"fr-FR","@id":"https:\/\/secure.gravatar.com\/avatar\/73b470c1d0a24e026ed553a6a7a760aece632df6b3a41471dce344f656521ecd?s=96&d=mm&r=g","url":"https:\/\/secure.gravatar.com\/avatar\/73b470c1d0a24e026ed553a6a7a760aece632df6b3a41471dce344f656521ecd?s=96&d=mm&r=g","contentUrl":"https:\/\/secure.gravatar.com\/avatar\/73b470c1d0a24e026ed553a6a7a760aece632df6b3a41471dce344f656521ecd?s=96&d=mm&r=g","caption":"paroissejeanpaul2"},"url":"https:\/\/www.diocese-belfort-montbeliard.fr\/beaucourt-delle\/author\/paroissejeanpaul2\/"}]}},"_links":{"self":[{"href":"https:\/\/www.diocese-belfort-montbeliard.fr\/beaucourt-delle\/wp-json\/wp\/v2\/posts\/14383","targetHints":{"allow":["GET"]}}],"collection":[{"href":"https:\/\/www.diocese-belfort-montbeliard.fr\/beaucourt-delle\/wp-json\/wp\/v2\/posts"}],"about":[{"href":"https:\/\/www.diocese-belfort-montbeliard.fr\/beaucourt-delle\/wp-json\/wp\/v2\/types\/post"}],"author":[{"embeddable":true,"href":"https:\/\/www.diocese-belfort-montbeliard.fr\/beaucourt-delle\/wp-json\/wp\/v2\/users\/7"}],"replies":[{"embeddable":true,"href":"https:\/\/www.diocese-belfort-montbeliard.fr\/beaucourt-delle\/wp-json\/wp\/v2\/comments?post=14383"}],"version-history":[{"count":1,"href":"https:\/\/www.diocese-belfort-montbeliard.fr\/beaucourt-delle\/wp-json\/wp\/v2\/posts\/14383\/revisions"}],"predecessor-version":[{"id":14384,"href":"https:\/\/www.diocese-belfort-montbeliard.fr\/beaucourt-delle\/wp-json\/wp\/v2\/posts\/14383\/revisions\/14384"}],"wp:featuredmedia":[{"embeddable":true,"href":"https:\/\/www.diocese-belfort-montbeliard.fr\/beaucourt-delle\/wp-json\/wp\/v2\/media\/14382"}],"wp:attachment":[{"href":"https:\/\/www.diocese-belfort-montbeliard.fr\/beaucourt-delle\/wp-json\/wp\/v2\/media?parent=14383"}],"wp:term":[{"taxonomy":"category","embeddable":true,"href":"https:\/\/www.diocese-belfort-montbeliard.fr\/beaucourt-delle\/wp-json\/wp\/v2\/categories?post=14383"},{"taxonomy":"post_tag","embeddable":true,"href":"https:\/\/www.diocese-belfort-montbeliard.fr\/beaucourt-delle\/wp-json\/wp\/v2\/tags?post=14383"}],"curies":[{"name":"wp","href":"https:\/\/api.w.org\/{rel}","templated":true}]}}