{"id":2748,"date":"2021-10-05T23:10:28","date_gmt":"2021-10-05T21:10:28","guid":{"rendered":"https:\/\/www.diocese-belfort-montbeliard.fr\/beaucourt-delle\/?p=2748"},"modified":"2022-09-16T19:36:51","modified_gmt":"2022-09-16T17:36:51","slug":"leveil-a-la-foi","status":"publish","type":"post","link":"https:\/\/www.diocese-belfort-montbeliard.fr\/beaucourt-delle\/actualites\/leveil-a-la-foi\/","title":{"rendered":"L\u2019\u00c9veil \u00e0 la Foi"},"content":{"rendered":"<a href=\"https:\/\/www.diocese-belfort-montbeliard.fr\/beaucourt-delle\/wp-content\/uploads\/sites\/5\/2021\/10\/ndmr_ealf-invit-sept-2022.pdf\" class=\"pdfemb-viewer\" style=\"\" data-width=\"max\" data-height=\"max\" data-toolbar=\"bottom\" data-toolbar-fixed=\"off\">ndmr_ealf-invit-sept-2022<\/a>\n<p class=\"wp-block-pdfemb-pdf-embedder-viewer\"><\/p>\n\n\n\n<div class=\"wp-block-buttons is-horizontal is-content-justification-right is-layout-flex wp-container-core-buttons-is-layout-ae2fe186 wp-block-buttons-is-layout-flex\">\n<div class=\"wp-block-button\"><a class=\"wp-block-button__link has-vert-background-color has-background\" href=\"https:\/\/www.diocese-belfort-montbeliard.fr\/beaucourt-delle\/paroisses\/notre-dame-de-montrobert\/\">Retour \u00e0 l&rsquo;accueil de la paroisse<\/a><\/div>\n<\/div>\n\n\n\n<p><\/p>\n","protected":false},"excerpt":{"rendered":"","protected":false},"author":15,"featured_media":0,"comment_status":"open","ping_status":"open","sticky":false,"template":"","format":"standard","meta":{"_acf_changed":false,"footnotes":""},"categories":[1],"tags":[],"class_list":["post-2748","post","type-post","status-publish","format-standard","hentry","category-beaucourt-delle-2"],"acf":[],"yoast_head":"<!-- This site is optimized with the Yoast SEO plugin v27.4 - https:\/\/yoast.com\/product\/yoast-seo-wordpress\/ -->\n<title>L\u2019\u00c9veil \u00e0 la Foi - Doyenn\u00e9 de Beaucourt - Delle<\/title>\n<meta name=\"robots\" content=\"index, follow, max-snippet:-1, max-image-preview:large, max-video-preview:-1\" \/>\n<link rel=\"canonical\" href=\"https:\/\/www.diocese-belfort-montbeliard.fr\/beaucourt-delle\/actualites\/leveil-a-la-foi\/\" \/>\n<meta property=\"og:locale\" content=\"fr_FR\" \/>\n<meta property=\"og:type\" content=\"article\" \/>\n<meta property=\"og:title\" content=\"L\u2019\u00c9veil \u00e0 la Foi - Doyenn\u00e9 de Beaucourt - Delle\" \/>\n<meta property=\"og:url\" content=\"https:\/\/www.diocese-belfort-montbeliard.fr\/beaucourt-delle\/actualites\/leveil-a-la-foi\/\" \/>\n<meta property=\"og:site_name\" content=\"Doyenn\u00e9 de Beaucourt - Delle\" \/>\n<meta property=\"article:published_time\" content=\"2021-10-05T21:10:28+00:00\" \/>\n<meta property=\"article:modified_time\" content=\"2022-09-16T17:36:51+00:00\" \/>\n<meta name=\"author\" content=\"paroissenddemontrobert\" \/>\n<meta name=\"twitter:card\" content=\"summary_large_image\" \/>\n<meta name=\"twitter:label1\" content=\"\u00c9crit par\" \/>\n\t<meta name=\"twitter:data1\" content=\"paroissenddemontrobert\" \/>\n\t<meta name=\"twitter:label2\" content=\"Dur\u00e9e de lecture estim\u00e9e\" \/>\n\t<meta name=\"twitter:data2\" content=\"1 minute\" \/>\n<script type=\"application\/ld+json\" class=\"yoast-schema-graph\">{\"@context\":\"https:\\\/\\\/schema.org\",\"@graph\":[{\"@type\":\"Article\",\"@id\":\"https:\\\/\\\/www.diocese-belfort-montbeliard.fr\\\/beaucourt-delle\\\/actualites\\\/leveil-a-la-foi\\\/#article\",\"isPartOf\":{\"@id\":\"https:\\\/\\\/www.diocese-belfort-montbeliard.fr\\\/beaucourt-delle\\\/actualites\\\/leveil-a-la-foi\\\/\"},\"author\":{\"name\":\"paroissenddemontrobert\",\"@id\":\"https:\\\/\\\/www.diocese-belfort-montbeliard.fr\\\/beaucourt-delle\\\/#\\\/schema\\\/person\\\/7a214f5968cd9b628d38d16d52a3f2ab\"},\"headline\":\"L\u2019\u00c9veil \u00e0 la Foi\",\"datePublished\":\"2021-10-05T21:10:28+00:00\",\"dateModified\":\"2022-09-16T17:36:51+00:00\",\"mainEntityOfPage\":{\"@id\":\"https:\\\/\\\/www.diocese-belfort-montbeliard.fr\\\/beaucourt-delle\\\/actualites\\\/leveil-a-la-foi\\\/\"},\"wordCount\":10,\"commentCount\":0,\"articleSection\":[\"Beaucourt - Delle\"],\"inLanguage\":\"fr-FR\",\"potentialAction\":[{\"@type\":\"CommentAction\",\"name\":\"Comment\",\"target\":[\"https:\\\/\\\/www.diocese-belfort-montbeliard.fr\\\/beaucourt-delle\\\/actualites\\\/leveil-a-la-foi\\\/#respond\"]}]},{\"@type\":\"WebPage\",\"@id\":\"https:\\\/\\\/www.diocese-belfort-montbeliard.fr\\\/beaucourt-delle\\\/actualites\\\/leveil-a-la-foi\\\/\",\"url\":\"https:\\\/\\\/www.diocese-belfort-montbeliard.fr\\\/beaucourt-delle\\\/actualites\\\/leveil-a-la-foi\\\/\",\"name\":\"L\u2019\u00c9veil \u00e0 la Foi - Doyenn\u00e9 de Beaucourt - Delle\",\"isPartOf\":{\"@id\":\"https:\\\/\\\/www.diocese-belfort-montbeliard.fr\\\/beaucourt-delle\\\/#website\"},\"datePublished\":\"2021-10-05T21:10:28+00:00\",\"dateModified\":\"2022-09-16T17:36:51+00:00\",\"author\":{\"@id\":\"https:\\\/\\\/www.diocese-belfort-montbeliard.fr\\\/beaucourt-delle\\\/#\\\/schema\\\/person\\\/7a214f5968cd9b628d38d16d52a3f2ab\"},\"breadcrumb\":{\"@id\":\"https:\\\/\\\/www.diocese-belfort-montbeliard.fr\\\/beaucourt-delle\\\/actualites\\\/leveil-a-la-foi\\\/#breadcrumb\"},\"inLanguage\":\"fr-FR\",\"potentialAction\":[{\"@type\":\"ReadAction\",\"target\":[\"https:\\\/\\\/www.diocese-belfort-montbeliard.fr\\\/beaucourt-delle\\\/actualites\\\/leveil-a-la-foi\\\/\"]}]},{\"@type\":\"BreadcrumbList\",\"@id\":\"https:\\\/\\\/www.diocese-belfort-montbeliard.fr\\\/beaucourt-delle\\\/actualites\\\/leveil-a-la-foi\\\/#breadcrumb\",\"itemListElement\":[{\"@type\":\"ListItem\",\"position\":1,\"name\":\"Accueil\",\"item\":\"https:\\\/\\\/www.diocese-belfort-montbeliard.fr\\\/beaucourt-delle\\\/\"},{\"@type\":\"ListItem\",\"position\":2,\"name\":\"L\u2019\u00c9veil \u00e0 la Foi\"}]},{\"@type\":\"WebSite\",\"@id\":\"https:\\\/\\\/www.diocese-belfort-montbeliard.fr\\\/beaucourt-delle\\\/#website\",\"url\":\"https:\\\/\\\/www.diocese-belfort-montbeliard.fr\\\/beaucourt-delle\\\/\",\"name\":\"Doyenn\u00e9 de Beaucourt - Delle\",\"description\":\"Dioc\u00e8se de Belfort - Montb\u00e9liard\",\"potentialAction\":[{\"@type\":\"SearchAction\",\"target\":{\"@type\":\"EntryPoint\",\"urlTemplate\":\"https:\\\/\\\/www.diocese-belfort-montbeliard.fr\\\/beaucourt-delle\\\/?s={search_term_string}\"},\"query-input\":{\"@type\":\"PropertyValueSpecification\",\"valueRequired\":true,\"valueName\":\"search_term_string\"}}],\"inLanguage\":\"fr-FR\"},{\"@type\":\"Person\",\"@id\":\"https:\\\/\\\/www.diocese-belfort-montbeliard.fr\\\/beaucourt-delle\\\/#\\\/schema\\\/person\\\/7a214f5968cd9b628d38d16d52a3f2ab\",\"name\":\"paroissenddemontrobert\",\"image\":{\"@type\":\"ImageObject\",\"inLanguage\":\"fr-FR\",\"@id\":\"https:\\\/\\\/secure.gravatar.com\\\/avatar\\\/252897a005b2ada0d0c631afc4fc5d1230d95d4c211df52ff18765397d17fd73?s=96&d=mm&r=g\",\"url\":\"https:\\\/\\\/secure.gravatar.com\\\/avatar\\\/252897a005b2ada0d0c631afc4fc5d1230d95d4c211df52ff18765397d17fd73?s=96&d=mm&r=g\",\"contentUrl\":\"https:\\\/\\\/secure.gravatar.com\\\/avatar\\\/252897a005b2ada0d0c631afc4fc5d1230d95d4c211df52ff18765397d17fd73?s=96&d=mm&r=g\",\"caption\":\"paroissenddemontrobert\"},\"url\":\"https:\\\/\\\/www.diocese-belfort-montbeliard.fr\\\/beaucourt-delle\\\/author\\\/paroissenddemontrobert\\\/\"}]}<\/script>\n<!-- \/ Yoast SEO plugin. -->","yoast_head_json":{"title":"L\u2019\u00c9veil \u00e0 la Foi - Doyenn\u00e9 de Beaucourt - Delle","robots":{"index":"index","follow":"follow","max-snippet":"max-snippet:-1","max-image-preview":"max-image-preview:large","max-video-preview":"max-video-preview:-1"},"canonical":"https:\/\/www.diocese-belfort-montbeliard.fr\/beaucourt-delle\/actualites\/leveil-a-la-foi\/","og_locale":"fr_FR","og_type":"article","og_title":"L\u2019\u00c9veil \u00e0 la Foi - Doyenn\u00e9 de Beaucourt - Delle","og_url":"https:\/\/www.diocese-belfort-montbeliard.fr\/beaucourt-delle\/actualites\/leveil-a-la-foi\/","og_site_name":"Doyenn\u00e9 de Beaucourt - Delle","article_published_time":"2021-10-05T21:10:28+00:00","article_modified_time":"2022-09-16T17:36:51+00:00","author":"paroissenddemontrobert","twitter_card":"summary_large_image","twitter_misc":{"\u00c9crit par":"paroissenddemontrobert","Dur\u00e9e de lecture estim\u00e9e":"1 minute"},"schema":{"@context":"https:\/\/schema.org","@graph":[{"@type":"Article","@id":"https:\/\/www.diocese-belfort-montbeliard.fr\/beaucourt-delle\/actualites\/leveil-a-la-foi\/#article","isPartOf":{"@id":"https:\/\/www.diocese-belfort-montbeliard.fr\/beaucourt-delle\/actualites\/leveil-a-la-foi\/"},"author":{"name":"paroissenddemontrobert","@id":"https:\/\/www.diocese-belfort-montbeliard.fr\/beaucourt-delle\/#\/schema\/person\/7a214f5968cd9b628d38d16d52a3f2ab"},"headline":"L\u2019\u00c9veil \u00e0 la Foi","datePublished":"2021-10-05T21:10:28+00:00","dateModified":"2022-09-16T17:36:51+00:00","mainEntityOfPage":{"@id":"https:\/\/www.diocese-belfort-montbeliard.fr\/beaucourt-delle\/actualites\/leveil-a-la-foi\/"},"wordCount":10,"commentCount":0,"articleSection":["Beaucourt - Delle"],"inLanguage":"fr-FR","potentialAction":[{"@type":"CommentAction","name":"Comment","target":["https:\/\/www.diocese-belfort-montbeliard.fr\/beaucourt-delle\/actualites\/leveil-a-la-foi\/#respond"]}]},{"@type":"WebPage","@id":"https:\/\/www.diocese-belfort-montbeliard.fr\/beaucourt-delle\/actualites\/leveil-a-la-foi\/","url":"https:\/\/www.diocese-belfort-montbeliard.fr\/beaucourt-delle\/actualites\/leveil-a-la-foi\/","name":"L\u2019\u00c9veil \u00e0 la Foi - Doyenn\u00e9 de Beaucourt - Delle","isPartOf":{"@id":"https:\/\/www.diocese-belfort-montbeliard.fr\/beaucourt-delle\/#website"},"datePublished":"2021-10-05T21:10:28+00:00","dateModified":"2022-09-16T17:36:51+00:00","author":{"@id":"https:\/\/www.diocese-belfort-montbeliard.fr\/beaucourt-delle\/#\/schema\/person\/7a214f5968cd9b628d38d16d52a3f2ab"},"breadcrumb":{"@id":"https:\/\/www.diocese-belfort-montbeliard.fr\/beaucourt-delle\/actualites\/leveil-a-la-foi\/#breadcrumb"},"inLanguage":"fr-FR","potentialAction":[{"@type":"ReadAction","target":["https:\/\/www.diocese-belfort-montbeliard.fr\/beaucourt-delle\/actualites\/leveil-a-la-foi\/"]}]},{"@type":"BreadcrumbList","@id":"https:\/\/www.diocese-belfort-montbeliard.fr\/beaucourt-delle\/actualites\/leveil-a-la-foi\/#breadcrumb","itemListElement":[{"@type":"ListItem","position":1,"name":"Accueil","item":"https:\/\/www.diocese-belfort-montbeliard.fr\/beaucourt-delle\/"},{"@type":"ListItem","position":2,"name":"L\u2019\u00c9veil \u00e0 la Foi"}]},{"@type":"WebSite","@id":"https:\/\/www.diocese-belfort-montbeliard.fr\/beaucourt-delle\/#website","url":"https:\/\/www.diocese-belfort-montbeliard.fr\/beaucourt-delle\/","name":"Doyenn\u00e9 de Beaucourt - Delle","description":"Dioc\u00e8se de Belfort - Montb\u00e9liard","potentialAction":[{"@type":"SearchAction","target":{"@type":"EntryPoint","urlTemplate":"https:\/\/www.diocese-belfort-montbeliard.fr\/beaucourt-delle\/?s={search_term_string}"},"query-input":{"@type":"PropertyValueSpecification","valueRequired":true,"valueName":"search_term_string"}}],"inLanguage":"fr-FR"},{"@type":"Person","@id":"https:\/\/www.diocese-belfort-montbeliard.fr\/beaucourt-delle\/#\/schema\/person\/7a214f5968cd9b628d38d16d52a3f2ab","name":"paroissenddemontrobert","image":{"@type":"ImageObject","inLanguage":"fr-FR","@id":"https:\/\/secure.gravatar.com\/avatar\/252897a005b2ada0d0c631afc4fc5d1230d95d4c211df52ff18765397d17fd73?s=96&d=mm&r=g","url":"https:\/\/secure.gravatar.com\/avatar\/252897a005b2ada0d0c631afc4fc5d1230d95d4c211df52ff18765397d17fd73?s=96&d=mm&r=g","contentUrl":"https:\/\/secure.gravatar.com\/avatar\/252897a005b2ada0d0c631afc4fc5d1230d95d4c211df52ff18765397d17fd73?s=96&d=mm&r=g","caption":"paroissenddemontrobert"},"url":"https:\/\/www.diocese-belfort-montbeliard.fr\/beaucourt-delle\/author\/paroissenddemontrobert\/"}]}},"_links":{"self":[{"href":"https:\/\/www.diocese-belfort-montbeliard.fr\/beaucourt-delle\/wp-json\/wp\/v2\/posts\/2748","targetHints":{"allow":["GET"]}}],"collection":[{"href":"https:\/\/www.diocese-belfort-montbeliard.fr\/beaucourt-delle\/wp-json\/wp\/v2\/posts"}],"about":[{"href":"https:\/\/www.diocese-belfort-montbeliard.fr\/beaucourt-delle\/wp-json\/wp\/v2\/types\/post"}],"author":[{"embeddable":true,"href":"https:\/\/www.diocese-belfort-montbeliard.fr\/beaucourt-delle\/wp-json\/wp\/v2\/users\/15"}],"replies":[{"embeddable":true,"href":"https:\/\/www.diocese-belfort-montbeliard.fr\/beaucourt-delle\/wp-json\/wp\/v2\/comments?post=2748"}],"version-history":[{"count":5,"href":"https:\/\/www.diocese-belfort-montbeliard.fr\/beaucourt-delle\/wp-json\/wp\/v2\/posts\/2748\/revisions"}],"predecessor-version":[{"id":7924,"href":"https:\/\/www.diocese-belfort-montbeliard.fr\/beaucourt-delle\/wp-json\/wp\/v2\/posts\/2748\/revisions\/7924"}],"wp:attachment":[{"href":"https:\/\/www.diocese-belfort-montbeliard.fr\/beaucourt-delle\/wp-json\/wp\/v2\/media?parent=2748"}],"wp:term":[{"taxonomy":"category","embeddable":true,"href":"https:\/\/www.diocese-belfort-montbeliard.fr\/beaucourt-delle\/wp-json\/wp\/v2\/categories?post=2748"},{"taxonomy":"post_tag","embeddable":true,"href":"https:\/\/www.diocese-belfort-montbeliard.fr\/beaucourt-delle\/wp-json\/wp\/v2\/tags?post=2748"}],"curies":[{"name":"wp","href":"https:\/\/api.w.org\/{rel}","templated":true}]}}