{"id":2474,"date":"2022-12-07T11:38:56","date_gmt":"2022-12-07T10:38:56","guid":{"rendered":"https:\/\/www.diocese-belfort-montbeliard.fr\/belfort\/?p=2474"},"modified":"2022-12-12T11:19:01","modified_gmt":"2022-12-12T10:19:01","slug":"ma-paroisse-dans-la-poche-avec-lapp-oclocher","status":"publish","type":"post","link":"https:\/\/www.diocese-belfort-montbeliard.fr\/belfort\/actualites\/ma-paroisse-dans-la-poche-avec-lapp-oclocher\/","title":{"rendered":"Ma Paroisse dans la poche avec l&rsquo;app Oclocher"},"content":{"rendered":"\n<p><a href=\"https:\/\/app.oclocher.fr\/\">https:\/\/app.oclocher.fr\/<\/a><\/p>\n\n\n\n<figure class=\"wp-block-image size-full\"><img loading=\"lazy\" decoding=\"async\" width=\"847\" height=\"606\" src=\"https:\/\/www.diocese-belfort-montbeliard.fr\/belfort\/wp-content\/uploads\/sites\/2\/2022\/12\/Oclocher.jpg\" alt=\"\" class=\"wp-image-2475\" srcset=\"https:\/\/www.diocese-belfort-montbeliard.fr\/belfort\/wp-content\/uploads\/sites\/2\/2022\/12\/Oclocher.jpg 847w, https:\/\/www.diocese-belfort-montbeliard.fr\/belfort\/wp-content\/uploads\/sites\/2\/2022\/12\/Oclocher-600x429.jpg 600w, https:\/\/www.diocese-belfort-montbeliard.fr\/belfort\/wp-content\/uploads\/sites\/2\/2022\/12\/Oclocher-768x549.jpg 768w\" sizes=\"auto, (max-width: 847px) 100vw, 847px\" \/><figcaption><a href=\"https:\/\/oclocher.fr\/app\/\">https:\/\/oclocher.fr\/app\/<\/a><\/figcaption><\/figure>\n\n\n\n<p><\/p>\n","protected":false},"excerpt":{"rendered":"<p>https:\/\/app.oclocher.fr\/<\/p>\n","protected":false},"author":17,"featured_media":2372,"comment_status":"open","ping_status":"open","sticky":false,"template":"","format":"standard","meta":{"_acf_changed":false,"footnotes":""},"categories":[1,5],"tags":[],"class_list":["post-2474","post","type-post","status-publish","format-standard","has-post-thumbnail","hentry","category-belfort","category-saint-jean-baptiste"],"acf":[],"yoast_head":"<!-- This site is optimized with the Yoast SEO plugin v27.4 - https:\/\/yoast.com\/product\/yoast-seo-wordpress\/ -->\n<title>Ma Paroisse dans la poche avec l&#039;app Oclocher - Doyenn\u00e9 de Belfort<\/title>\n<meta name=\"description\" content=\"Ma Paroisse dans la poche avec l&#039;app Oclocher https:\/\/app.oclocher.fr\/\" \/>\n<meta name=\"robots\" content=\"index, follow, max-snippet:-1, max-image-preview:large, max-video-preview:-1\" \/>\n<link rel=\"canonical\" href=\"https:\/\/www.diocese-belfort-montbeliard.fr\/belfort\/actualites\/ma-paroisse-dans-la-poche-avec-lapp-oclocher\/\" \/>\n<meta property=\"og:locale\" content=\"fr_FR\" \/>\n<meta property=\"og:type\" content=\"article\" \/>\n<meta property=\"og:title\" content=\"Ma Paroisse dans la poche avec l&#039;app Oclocher - Doyenn\u00e9 de Belfort\" \/>\n<meta property=\"og:description\" content=\"Ma Paroisse dans la poche avec l&#039;app Oclocher https:\/\/app.oclocher.fr\/\" \/>\n<meta property=\"og:url\" content=\"https:\/\/www.diocese-belfort-montbeliard.fr\/belfort\/actualites\/ma-paroisse-dans-la-poche-avec-lapp-oclocher\/\" \/>\n<meta property=\"og:site_name\" content=\"Doyenn\u00e9 de Belfort\" \/>\n<meta property=\"article:author\" content=\"https:\/\/www.facebook.com\/SaintJeanBaptisteBelfort\/\" \/>\n<meta property=\"article:published_time\" content=\"2022-12-07T10:38:56+00:00\" \/>\n<meta property=\"article:modified_time\" content=\"2022-12-12T10:19:01+00:00\" \/>\n<meta property=\"og:image\" content=\"https:\/\/www.diocese-belfort-montbeliard.fr\/belfort\/wp-content\/uploads\/sites\/2\/2022\/11\/image.png\" \/>\n\t<meta property=\"og:image:width\" content=\"225\" \/>\n\t<meta property=\"og:image:height\" content=\"225\" \/>\n\t<meta property=\"og:image:type\" content=\"image\/png\" \/>\n<meta name=\"author\" content=\"paroissesaintjeanbaptiste\" \/>\n<meta name=\"twitter:card\" content=\"summary_large_image\" \/>\n<meta name=\"twitter:label1\" content=\"\u00c9crit par\" \/>\n\t<meta name=\"twitter:data1\" content=\"paroissesaintjeanbaptiste\" \/>\n\t<meta name=\"twitter:label2\" content=\"Dur\u00e9e de lecture estim\u00e9e\" \/>\n\t<meta name=\"twitter:data2\" content=\"1 minute\" \/>\n<script type=\"application\/ld+json\" class=\"yoast-schema-graph\">{\"@context\":\"https:\\\/\\\/schema.org\",\"@graph\":[{\"@type\":\"Article\",\"@id\":\"https:\\\/\\\/www.diocese-belfort-montbeliard.fr\\\/belfort\\\/actualites\\\/ma-paroisse-dans-la-poche-avec-lapp-oclocher\\\/#article\",\"isPartOf\":{\"@id\":\"https:\\\/\\\/www.diocese-belfort-montbeliard.fr\\\/belfort\\\/actualites\\\/ma-paroisse-dans-la-poche-avec-lapp-oclocher\\\/\"},\"author\":{\"name\":\"paroissesaintjeanbaptiste\",\"@id\":\"https:\\\/\\\/www.diocese-belfort-montbeliard.fr\\\/belfort\\\/#\\\/schema\\\/person\\\/9eb7bfc1be2c662c92f173a7a88b8bc0\"},\"headline\":\"Ma Paroisse dans la poche avec l&rsquo;app Oclocher\",\"datePublished\":\"2022-12-07T10:38:56+00:00\",\"dateModified\":\"2022-12-12T10:19:01+00:00\",\"mainEntityOfPage\":{\"@id\":\"https:\\\/\\\/www.diocese-belfort-montbeliard.fr\\\/belfort\\\/actualites\\\/ma-paroisse-dans-la-poche-avec-lapp-oclocher\\\/\"},\"wordCount\":17,\"commentCount\":0,\"image\":{\"@id\":\"https:\\\/\\\/www.diocese-belfort-montbeliard.fr\\\/belfort\\\/actualites\\\/ma-paroisse-dans-la-poche-avec-lapp-oclocher\\\/#primaryimage\"},\"thumbnailUrl\":\"https:\\\/\\\/www.diocese-belfort-montbeliard.fr\\\/belfort\\\/wp-content\\\/uploads\\\/sites\\\/2\\\/2022\\\/11\\\/image.png\",\"articleSection\":[\"Belfort\",\"Saint Jean-Baptiste\"],\"inLanguage\":\"fr-FR\",\"potentialAction\":[{\"@type\":\"CommentAction\",\"name\":\"Comment\",\"target\":[\"https:\\\/\\\/www.diocese-belfort-montbeliard.fr\\\/belfort\\\/actualites\\\/ma-paroisse-dans-la-poche-avec-lapp-oclocher\\\/#respond\"]}]},{\"@type\":\"WebPage\",\"@id\":\"https:\\\/\\\/www.diocese-belfort-montbeliard.fr\\\/belfort\\\/actualites\\\/ma-paroisse-dans-la-poche-avec-lapp-oclocher\\\/\",\"url\":\"https:\\\/\\\/www.diocese-belfort-montbeliard.fr\\\/belfort\\\/actualites\\\/ma-paroisse-dans-la-poche-avec-lapp-oclocher\\\/\",\"name\":\"Ma Paroisse dans la poche avec l'app Oclocher - Doyenn\u00e9 de Belfort\",\"isPartOf\":{\"@id\":\"https:\\\/\\\/www.diocese-belfort-montbeliard.fr\\\/belfort\\\/#website\"},\"primaryImageOfPage\":{\"@id\":\"https:\\\/\\\/www.diocese-belfort-montbeliard.fr\\\/belfort\\\/actualites\\\/ma-paroisse-dans-la-poche-avec-lapp-oclocher\\\/#primaryimage\"},\"image\":{\"@id\":\"https:\\\/\\\/www.diocese-belfort-montbeliard.fr\\\/belfort\\\/actualites\\\/ma-paroisse-dans-la-poche-avec-lapp-oclocher\\\/#primaryimage\"},\"thumbnailUrl\":\"https:\\\/\\\/www.diocese-belfort-montbeliard.fr\\\/belfort\\\/wp-content\\\/uploads\\\/sites\\\/2\\\/2022\\\/11\\\/image.png\",\"datePublished\":\"2022-12-07T10:38:56+00:00\",\"dateModified\":\"2022-12-12T10:19:01+00:00\",\"author\":{\"@id\":\"https:\\\/\\\/www.diocese-belfort-montbeliard.fr\\\/belfort\\\/#\\\/schema\\\/person\\\/9eb7bfc1be2c662c92f173a7a88b8bc0\"},\"description\":\"Ma Paroisse dans la poche avec l'app Oclocher https:\\\/\\\/app.oclocher.fr\\\/\",\"breadcrumb\":{\"@id\":\"https:\\\/\\\/www.diocese-belfort-montbeliard.fr\\\/belfort\\\/actualites\\\/ma-paroisse-dans-la-poche-avec-lapp-oclocher\\\/#breadcrumb\"},\"inLanguage\":\"fr-FR\",\"potentialAction\":[{\"@type\":\"ReadAction\",\"target\":[\"https:\\\/\\\/www.diocese-belfort-montbeliard.fr\\\/belfort\\\/actualites\\\/ma-paroisse-dans-la-poche-avec-lapp-oclocher\\\/\"]}]},{\"@type\":\"ImageObject\",\"inLanguage\":\"fr-FR\",\"@id\":\"https:\\\/\\\/www.diocese-belfort-montbeliard.fr\\\/belfort\\\/actualites\\\/ma-paroisse-dans-la-poche-avec-lapp-oclocher\\\/#primaryimage\",\"url\":\"https:\\\/\\\/www.diocese-belfort-montbeliard.fr\\\/belfort\\\/wp-content\\\/uploads\\\/sites\\\/2\\\/2022\\\/11\\\/image.png\",\"contentUrl\":\"https:\\\/\\\/www.diocese-belfort-montbeliard.fr\\\/belfort\\\/wp-content\\\/uploads\\\/sites\\\/2\\\/2022\\\/11\\\/image.png\",\"width\":225,\"height\":225},{\"@type\":\"BreadcrumbList\",\"@id\":\"https:\\\/\\\/www.diocese-belfort-montbeliard.fr\\\/belfort\\\/actualites\\\/ma-paroisse-dans-la-poche-avec-lapp-oclocher\\\/#breadcrumb\",\"itemListElement\":[{\"@type\":\"ListItem\",\"position\":1,\"name\":\"Accueil\",\"item\":\"https:\\\/\\\/www.diocese-belfort-montbeliard.fr\\\/belfort\\\/\"},{\"@type\":\"ListItem\",\"position\":2,\"name\":\"Ma Paroisse dans la poche avec l&#8217;app Oclocher\"}]},{\"@type\":\"WebSite\",\"@id\":\"https:\\\/\\\/www.diocese-belfort-montbeliard.fr\\\/belfort\\\/#website\",\"url\":\"https:\\\/\\\/www.diocese-belfort-montbeliard.fr\\\/belfort\\\/\",\"name\":\"Doyenn\u00e9 de Belfort\",\"description\":\"Dioc\u00e8se de Belfort-Montb\u00e9liard\",\"potentialAction\":[{\"@type\":\"SearchAction\",\"target\":{\"@type\":\"EntryPoint\",\"urlTemplate\":\"https:\\\/\\\/www.diocese-belfort-montbeliard.fr\\\/belfort\\\/?s={search_term_string}\"},\"query-input\":{\"@type\":\"PropertyValueSpecification\",\"valueRequired\":true,\"valueName\":\"search_term_string\"}}],\"inLanguage\":\"fr-FR\"},{\"@type\":\"Person\",\"@id\":\"https:\\\/\\\/www.diocese-belfort-montbeliard.fr\\\/belfort\\\/#\\\/schema\\\/person\\\/9eb7bfc1be2c662c92f173a7a88b8bc0\",\"name\":\"paroissesaintjeanbaptiste\",\"image\":{\"@type\":\"ImageObject\",\"inLanguage\":\"fr-FR\",\"@id\":\"https:\\\/\\\/secure.gravatar.com\\\/avatar\\\/bd9459f3668c3f8d8453871c81cf5e9034d1d302aa7499c18f2e561c3c56987e?s=96&d=mm&r=g\",\"url\":\"https:\\\/\\\/secure.gravatar.com\\\/avatar\\\/bd9459f3668c3f8d8453871c81cf5e9034d1d302aa7499c18f2e561c3c56987e?s=96&d=mm&r=g\",\"contentUrl\":\"https:\\\/\\\/secure.gravatar.com\\\/avatar\\\/bd9459f3668c3f8d8453871c81cf5e9034d1d302aa7499c18f2e561c3c56987e?s=96&d=mm&r=g\",\"caption\":\"paroissesaintjeanbaptiste\"},\"sameAs\":[\"https:\\\/\\\/www.facebook.com\\\/SaintJeanBaptisteBelfort\\\/\"],\"url\":\"https:\\\/\\\/www.diocese-belfort-montbeliard.fr\\\/belfort\\\/author\\\/paroissesaintjeanbaptiste\\\/\"}]}<\/script>\n<!-- \/ Yoast SEO plugin. -->","yoast_head_json":{"title":"Ma Paroisse dans la poche avec l'app Oclocher - Doyenn\u00e9 de Belfort","description":"Ma Paroisse dans la poche avec l'app Oclocher https:\/\/app.oclocher.fr\/","robots":{"index":"index","follow":"follow","max-snippet":"max-snippet:-1","max-image-preview":"max-image-preview:large","max-video-preview":"max-video-preview:-1"},"canonical":"https:\/\/www.diocese-belfort-montbeliard.fr\/belfort\/actualites\/ma-paroisse-dans-la-poche-avec-lapp-oclocher\/","og_locale":"fr_FR","og_type":"article","og_title":"Ma Paroisse dans la poche avec l'app Oclocher - Doyenn\u00e9 de Belfort","og_description":"Ma Paroisse dans la poche avec l'app Oclocher https:\/\/app.oclocher.fr\/","og_url":"https:\/\/www.diocese-belfort-montbeliard.fr\/belfort\/actualites\/ma-paroisse-dans-la-poche-avec-lapp-oclocher\/","og_site_name":"Doyenn\u00e9 de Belfort","article_author":"https:\/\/www.facebook.com\/SaintJeanBaptisteBelfort\/","article_published_time":"2022-12-07T10:38:56+00:00","article_modified_time":"2022-12-12T10:19:01+00:00","og_image":[{"width":225,"height":225,"url":"https:\/\/www.diocese-belfort-montbeliard.fr\/belfort\/wp-content\/uploads\/sites\/2\/2022\/11\/image.png","type":"image\/png"}],"author":"paroissesaintjeanbaptiste","twitter_card":"summary_large_image","twitter_misc":{"\u00c9crit par":"paroissesaintjeanbaptiste","Dur\u00e9e de lecture estim\u00e9e":"1 minute"},"schema":{"@context":"https:\/\/schema.org","@graph":[{"@type":"Article","@id":"https:\/\/www.diocese-belfort-montbeliard.fr\/belfort\/actualites\/ma-paroisse-dans-la-poche-avec-lapp-oclocher\/#article","isPartOf":{"@id":"https:\/\/www.diocese-belfort-montbeliard.fr\/belfort\/actualites\/ma-paroisse-dans-la-poche-avec-lapp-oclocher\/"},"author":{"name":"paroissesaintjeanbaptiste","@id":"https:\/\/www.diocese-belfort-montbeliard.fr\/belfort\/#\/schema\/person\/9eb7bfc1be2c662c92f173a7a88b8bc0"},"headline":"Ma Paroisse dans la poche avec l&rsquo;app Oclocher","datePublished":"2022-12-07T10:38:56+00:00","dateModified":"2022-12-12T10:19:01+00:00","mainEntityOfPage":{"@id":"https:\/\/www.diocese-belfort-montbeliard.fr\/belfort\/actualites\/ma-paroisse-dans-la-poche-avec-lapp-oclocher\/"},"wordCount":17,"commentCount":0,"image":{"@id":"https:\/\/www.diocese-belfort-montbeliard.fr\/belfort\/actualites\/ma-paroisse-dans-la-poche-avec-lapp-oclocher\/#primaryimage"},"thumbnailUrl":"https:\/\/www.diocese-belfort-montbeliard.fr\/belfort\/wp-content\/uploads\/sites\/2\/2022\/11\/image.png","articleSection":["Belfort","Saint Jean-Baptiste"],"inLanguage":"fr-FR","potentialAction":[{"@type":"CommentAction","name":"Comment","target":["https:\/\/www.diocese-belfort-montbeliard.fr\/belfort\/actualites\/ma-paroisse-dans-la-poche-avec-lapp-oclocher\/#respond"]}]},{"@type":"WebPage","@id":"https:\/\/www.diocese-belfort-montbeliard.fr\/belfort\/actualites\/ma-paroisse-dans-la-poche-avec-lapp-oclocher\/","url":"https:\/\/www.diocese-belfort-montbeliard.fr\/belfort\/actualites\/ma-paroisse-dans-la-poche-avec-lapp-oclocher\/","name":"Ma Paroisse dans la poche avec l'app Oclocher - Doyenn\u00e9 de Belfort","isPartOf":{"@id":"https:\/\/www.diocese-belfort-montbeliard.fr\/belfort\/#website"},"primaryImageOfPage":{"@id":"https:\/\/www.diocese-belfort-montbeliard.fr\/belfort\/actualites\/ma-paroisse-dans-la-poche-avec-lapp-oclocher\/#primaryimage"},"image":{"@id":"https:\/\/www.diocese-belfort-montbeliard.fr\/belfort\/actualites\/ma-paroisse-dans-la-poche-avec-lapp-oclocher\/#primaryimage"},"thumbnailUrl":"https:\/\/www.diocese-belfort-montbeliard.fr\/belfort\/wp-content\/uploads\/sites\/2\/2022\/11\/image.png","datePublished":"2022-12-07T10:38:56+00:00","dateModified":"2022-12-12T10:19:01+00:00","author":{"@id":"https:\/\/www.diocese-belfort-montbeliard.fr\/belfort\/#\/schema\/person\/9eb7bfc1be2c662c92f173a7a88b8bc0"},"description":"Ma Paroisse dans la poche avec l'app Oclocher https:\/\/app.oclocher.fr\/","breadcrumb":{"@id":"https:\/\/www.diocese-belfort-montbeliard.fr\/belfort\/actualites\/ma-paroisse-dans-la-poche-avec-lapp-oclocher\/#breadcrumb"},"inLanguage":"fr-FR","potentialAction":[{"@type":"ReadAction","target":["https:\/\/www.diocese-belfort-montbeliard.fr\/belfort\/actualites\/ma-paroisse-dans-la-poche-avec-lapp-oclocher\/"]}]},{"@type":"ImageObject","inLanguage":"fr-FR","@id":"https:\/\/www.diocese-belfort-montbeliard.fr\/belfort\/actualites\/ma-paroisse-dans-la-poche-avec-lapp-oclocher\/#primaryimage","url":"https:\/\/www.diocese-belfort-montbeliard.fr\/belfort\/wp-content\/uploads\/sites\/2\/2022\/11\/image.png","contentUrl":"https:\/\/www.diocese-belfort-montbeliard.fr\/belfort\/wp-content\/uploads\/sites\/2\/2022\/11\/image.png","width":225,"height":225},{"@type":"BreadcrumbList","@id":"https:\/\/www.diocese-belfort-montbeliard.fr\/belfort\/actualites\/ma-paroisse-dans-la-poche-avec-lapp-oclocher\/#breadcrumb","itemListElement":[{"@type":"ListItem","position":1,"name":"Accueil","item":"https:\/\/www.diocese-belfort-montbeliard.fr\/belfort\/"},{"@type":"ListItem","position":2,"name":"Ma Paroisse dans la poche avec l&#8217;app Oclocher"}]},{"@type":"WebSite","@id":"https:\/\/www.diocese-belfort-montbeliard.fr\/belfort\/#website","url":"https:\/\/www.diocese-belfort-montbeliard.fr\/belfort\/","name":"Doyenn\u00e9 de Belfort","description":"Dioc\u00e8se de Belfort-Montb\u00e9liard","potentialAction":[{"@type":"SearchAction","target":{"@type":"EntryPoint","urlTemplate":"https:\/\/www.diocese-belfort-montbeliard.fr\/belfort\/?s={search_term_string}"},"query-input":{"@type":"PropertyValueSpecification","valueRequired":true,"valueName":"search_term_string"}}],"inLanguage":"fr-FR"},{"@type":"Person","@id":"https:\/\/www.diocese-belfort-montbeliard.fr\/belfort\/#\/schema\/person\/9eb7bfc1be2c662c92f173a7a88b8bc0","name":"paroissesaintjeanbaptiste","image":{"@type":"ImageObject","inLanguage":"fr-FR","@id":"https:\/\/secure.gravatar.com\/avatar\/bd9459f3668c3f8d8453871c81cf5e9034d1d302aa7499c18f2e561c3c56987e?s=96&d=mm&r=g","url":"https:\/\/secure.gravatar.com\/avatar\/bd9459f3668c3f8d8453871c81cf5e9034d1d302aa7499c18f2e561c3c56987e?s=96&d=mm&r=g","contentUrl":"https:\/\/secure.gravatar.com\/avatar\/bd9459f3668c3f8d8453871c81cf5e9034d1d302aa7499c18f2e561c3c56987e?s=96&d=mm&r=g","caption":"paroissesaintjeanbaptiste"},"sameAs":["https:\/\/www.facebook.com\/SaintJeanBaptisteBelfort\/"],"url":"https:\/\/www.diocese-belfort-montbeliard.fr\/belfort\/author\/paroissesaintjeanbaptiste\/"}]}},"_links":{"self":[{"href":"https:\/\/www.diocese-belfort-montbeliard.fr\/belfort\/wp-json\/wp\/v2\/posts\/2474","targetHints":{"allow":["GET"]}}],"collection":[{"href":"https:\/\/www.diocese-belfort-montbeliard.fr\/belfort\/wp-json\/wp\/v2\/posts"}],"about":[{"href":"https:\/\/www.diocese-belfort-montbeliard.fr\/belfort\/wp-json\/wp\/v2\/types\/post"}],"author":[{"embeddable":true,"href":"https:\/\/www.diocese-belfort-montbeliard.fr\/belfort\/wp-json\/wp\/v2\/users\/17"}],"replies":[{"embeddable":true,"href":"https:\/\/www.diocese-belfort-montbeliard.fr\/belfort\/wp-json\/wp\/v2\/comments?post=2474"}],"version-history":[{"count":3,"href":"https:\/\/www.diocese-belfort-montbeliard.fr\/belfort\/wp-json\/wp\/v2\/posts\/2474\/revisions"}],"predecessor-version":[{"id":2494,"href":"https:\/\/www.diocese-belfort-montbeliard.fr\/belfort\/wp-json\/wp\/v2\/posts\/2474\/revisions\/2494"}],"wp:featuredmedia":[{"embeddable":true,"href":"https:\/\/www.diocese-belfort-montbeliard.fr\/belfort\/wp-json\/wp\/v2\/media\/2372"}],"wp:attachment":[{"href":"https:\/\/www.diocese-belfort-montbeliard.fr\/belfort\/wp-json\/wp\/v2\/media?parent=2474"}],"wp:term":[{"taxonomy":"category","embeddable":true,"href":"https:\/\/www.diocese-belfort-montbeliard.fr\/belfort\/wp-json\/wp\/v2\/categories?post=2474"},{"taxonomy":"post_tag","embeddable":true,"href":"https:\/\/www.diocese-belfort-montbeliard.fr\/belfort\/wp-json\/wp\/v2\/tags?post=2474"}],"curies":[{"name":"wp","href":"https:\/\/api.w.org\/{rel}","templated":true}]}}