{"id":4773,"date":"2026-03-01T07:53:24","date_gmt":"2026-03-01T06:53:24","guid":{"rendered":"https:\/\/www.diocese-belfort-montbeliard.fr\/belfort\/?p=4773"},"modified":"2026-03-12T06:38:15","modified_gmt":"2026-03-12T05:38:15","slug":"concerts-1001-et-nuits","status":"publish","type":"post","link":"https:\/\/www.diocese-belfort-montbeliard.fr\/belfort\/actualites\/concerts-1001-et-nuits\/","title":{"rendered":"Concerts 1001 et nuits"},"content":{"rendered":"\n<p>Les 27 et 28 f\u00e9vrier 2026 se sont tenus \u00e0 l&rsquo;\u00e9glise Sainte Th\u00e9r\u00e8se 4 concerts organis\u00e9s par \u00ab\u00a0<a href=\"https:\/\/www.concerts1001nuits.com\/\">Mille et Une nuits<\/a>\u00a0\u00bb.<br>V\u00e9ritable moment suspendu, un millier de bougies ont embrass\u00e9es le quatuor \u00e0 cordes Lutecia autour des musiques de Queen, Hans Zimmer, Vivaldi ou Cold Play<\/p>\n\n\n\n<p>Nous vous proposons de revivre ce moment en images !<\/p>\n\n\n\n<figure class=\"wp-block-gallery has-nested-images columns-default is-cropped wp-block-gallery-1 is-layout-flex wp-block-gallery-is-layout-flex\">\n<figure class=\"wp-block-image size-large\"><img loading=\"lazy\" decoding=\"async\" width=\"1440\" height=\"1080\" data-id=\"4778\" src=\"https:\/\/www.diocese-belfort-montbeliard.fr\/belfort\/wp-content\/uploads\/sites\/2\/2026\/03\/20260228_203338-1440x1080.jpg\" alt=\"\" class=\"wp-image-4778\" srcset=\"https:\/\/www.diocese-belfort-montbeliard.fr\/belfort\/wp-content\/uploads\/sites\/2\/2026\/03\/20260228_203338-1440x1080.jpg 1440w, https:\/\/www.diocese-belfort-montbeliard.fr\/belfort\/wp-content\/uploads\/sites\/2\/2026\/03\/20260228_203338-600x450.jpg 600w, https:\/\/www.diocese-belfort-montbeliard.fr\/belfort\/wp-content\/uploads\/sites\/2\/2026\/03\/20260228_203338-768x576.jpg 768w, https:\/\/www.diocese-belfort-montbeliard.fr\/belfort\/wp-content\/uploads\/sites\/2\/2026\/03\/20260228_203338-1536x1152.jpg 1536w, https:\/\/www.diocese-belfort-montbeliard.fr\/belfort\/wp-content\/uploads\/sites\/2\/2026\/03\/20260228_203338-2048x1536.jpg 2048w\" sizes=\"auto, (max-width: 1440px) 100vw, 1440px\" \/><\/figure>\n\n\n\n<figure class=\"wp-block-image size-large\"><img loading=\"lazy\" decoding=\"async\" width=\"1440\" height=\"1080\" data-id=\"4777\" src=\"https:\/\/www.diocese-belfort-montbeliard.fr\/belfort\/wp-content\/uploads\/sites\/2\/2026\/03\/20260227_203440-1440x1080.jpg\" alt=\"\" class=\"wp-image-4777\" srcset=\"https:\/\/www.diocese-belfort-montbeliard.fr\/belfort\/wp-content\/uploads\/sites\/2\/2026\/03\/20260227_203440-1440x1080.jpg 1440w, https:\/\/www.diocese-belfort-montbeliard.fr\/belfort\/wp-content\/uploads\/sites\/2\/2026\/03\/20260227_203440-600x450.jpg 600w, https:\/\/www.diocese-belfort-montbeliard.fr\/belfort\/wp-content\/uploads\/sites\/2\/2026\/03\/20260227_203440-768x576.jpg 768w, https:\/\/www.diocese-belfort-montbeliard.fr\/belfort\/wp-content\/uploads\/sites\/2\/2026\/03\/20260227_203440-1536x1152.jpg 1536w, https:\/\/www.diocese-belfort-montbeliard.fr\/belfort\/wp-content\/uploads\/sites\/2\/2026\/03\/20260227_203440-2048x1536.jpg 2048w\" sizes=\"auto, (max-width: 1440px) 100vw, 1440px\" \/><\/figure>\n\n\n\n<figure class=\"wp-block-image size-large\"><img loading=\"lazy\" decoding=\"async\" width=\"810\" height=\"1080\" data-id=\"4776\" src=\"https:\/\/www.diocese-belfort-montbeliard.fr\/belfort\/wp-content\/uploads\/sites\/2\/2026\/03\/20260227_205108-810x1080.jpg\" alt=\"\" class=\"wp-image-4776\" srcset=\"https:\/\/www.diocese-belfort-montbeliard.fr\/belfort\/wp-content\/uploads\/sites\/2\/2026\/03\/20260227_205108-810x1080.jpg 810w, https:\/\/www.diocese-belfort-montbeliard.fr\/belfort\/wp-content\/uploads\/sites\/2\/2026\/03\/20260227_205108-450x600.jpg 450w, https:\/\/www.diocese-belfort-montbeliard.fr\/belfort\/wp-content\/uploads\/sites\/2\/2026\/03\/20260227_205108-768x1024.jpg 768w, https:\/\/www.diocese-belfort-montbeliard.fr\/belfort\/wp-content\/uploads\/sites\/2\/2026\/03\/20260227_205108-1152x1536.jpg 1152w, https:\/\/www.diocese-belfort-montbeliard.fr\/belfort\/wp-content\/uploads\/sites\/2\/2026\/03\/20260227_205108-1536x2048.jpg 1536w, https:\/\/www.diocese-belfort-montbeliard.fr\/belfort\/wp-content\/uploads\/sites\/2\/2026\/03\/20260227_205108-scaled.jpg 1920w\" sizes=\"auto, (max-width: 810px) 100vw, 810px\" \/><\/figure>\n\n\n\n<figure class=\"wp-block-image size-large\"><img loading=\"lazy\" decoding=\"async\" width=\"1440\" height=\"1080\" data-id=\"4775\" src=\"https:\/\/www.diocese-belfort-montbeliard.fr\/belfort\/wp-content\/uploads\/sites\/2\/2026\/03\/20260227_205044-1440x1080.jpg\" alt=\"\" class=\"wp-image-4775\" srcset=\"https:\/\/www.diocese-belfort-montbeliard.fr\/belfort\/wp-content\/uploads\/sites\/2\/2026\/03\/20260227_205044-1440x1080.jpg 1440w, https:\/\/www.diocese-belfort-montbeliard.fr\/belfort\/wp-content\/uploads\/sites\/2\/2026\/03\/20260227_205044-600x450.jpg 600w, https:\/\/www.diocese-belfort-montbeliard.fr\/belfort\/wp-content\/uploads\/sites\/2\/2026\/03\/20260227_205044-768x576.jpg 768w, https:\/\/www.diocese-belfort-montbeliard.fr\/belfort\/wp-content\/uploads\/sites\/2\/2026\/03\/20260227_205044-1536x1152.jpg 1536w, https:\/\/www.diocese-belfort-montbeliard.fr\/belfort\/wp-content\/uploads\/sites\/2\/2026\/03\/20260227_205044-2048x1536.jpg 2048w\" sizes=\"auto, (max-width: 1440px) 100vw, 1440px\" \/><\/figure>\n\n\n\n<figure class=\"wp-block-image size-large\"><img loading=\"lazy\" decoding=\"async\" width=\"1440\" height=\"1080\" data-id=\"4774\" src=\"https:\/\/www.diocese-belfort-montbeliard.fr\/belfort\/wp-content\/uploads\/sites\/2\/2026\/03\/20260227_205131-1440x1080.jpg\" alt=\"\" class=\"wp-image-4774\" srcset=\"https:\/\/www.diocese-belfort-montbeliard.fr\/belfort\/wp-content\/uploads\/sites\/2\/2026\/03\/20260227_205131-1440x1080.jpg 1440w, https:\/\/www.diocese-belfort-montbeliard.fr\/belfort\/wp-content\/uploads\/sites\/2\/2026\/03\/20260227_205131-600x450.jpg 600w, https:\/\/www.diocese-belfort-montbeliard.fr\/belfort\/wp-content\/uploads\/sites\/2\/2026\/03\/20260227_205131-768x576.jpg 768w, https:\/\/www.diocese-belfort-montbeliard.fr\/belfort\/wp-content\/uploads\/sites\/2\/2026\/03\/20260227_205131-1536x1152.jpg 1536w, https:\/\/www.diocese-belfort-montbeliard.fr\/belfort\/wp-content\/uploads\/sites\/2\/2026\/03\/20260227_205131-2048x1536.jpg 2048w\" sizes=\"auto, (max-width: 1440px) 100vw, 1440px\" \/><\/figure>\n<\/figure>\n\n\n\n<div class=\"wp-block-columns is-layout-flex wp-container-core-columns-is-layout-9d6595d7 wp-block-columns-is-layout-flex\">\n<div class=\"wp-block-column is-layout-flow wp-block-column-is-layout-flow\">\n<figure class=\"wp-block-embed is-type-video is-provider-youtube wp-block-embed-youtube wp-embed-aspect-16-9 wp-has-aspect-ratio\"><div class=\"wp-block-embed__wrapper\">\n<script>jQuery(function() {(tarteaucitron.job = tarteaucitron.job || []).push('youtube');});<\/script><div class=\"youtube_player\" videoID=\"hLtpyhiMXI4\" theme=\"light\" rel=\"0\" controls=\"1\" showinfo=\"1\" autoplay=\"0\"><\/div>\n<\/div><\/figure>\n\n\n\n<figure class=\"wp-block-embed is-type-video is-provider-youtube wp-block-embed-youtube wp-embed-aspect-16-9 wp-has-aspect-ratio\"><div class=\"wp-block-embed__wrapper\">\n<iframe loading=\"lazy\" title=\"Concert 1001 nuits - Lutetia joue Av\u00e9 Maria\" width=\"500\" height=\"281\" src=\"https:\/\/www.youtube.com\/embed\/K_3NsGa8i4s?feature=oembed\" frameborder=\"0\" allow=\"accelerometer; autoplay; clipboard-write; encrypted-media; gyroscope; picture-in-picture; web-share\" referrerpolicy=\"strict-origin-when-cross-origin\" allowfullscreen><\/iframe>\n<\/div><\/figure>\n<\/div>\n\n\n\n<div class=\"wp-block-column is-layout-flow wp-block-column-is-layout-flow\">\n<figure class=\"wp-block-embed is-type-video is-provider-youtube wp-block-embed-youtube wp-embed-aspect-16-9 wp-has-aspect-ratio\"><div class=\"wp-block-embed__wrapper\">\n<script>jQuery(function() {(tarteaucitron.job = tarteaucitron.job || []).push('youtube');});<\/script><div class=\"youtube_player\" videoID=\"-9s8PEI8gzk\" theme=\"light\" rel=\"0\" controls=\"1\" showinfo=\"1\" autoplay=\"0\"><\/div>\n<\/div><\/figure>\n<\/div>\n<\/div>\n\n\n\n<p><\/p>\n","protected":false},"excerpt":{"rendered":"<p>Les 27 et 28 f\u00e9vrier 2026 se sont tenus \u00e0 l&rsquo;\u00e9glise Sainte Th\u00e9r\u00e8se 4 concerts organis\u00e9s par \u00ab\u00a0Mille et Une nuits\u00a0\u00bb.V\u00e9ritable moment suspendu, un millier de bougies ont embrass\u00e9es le quatuor \u00e0 cordes Lutecia autour des musiques de Queen, Hans Zimmer, Vivaldi ou Cold Play Nous vous proposons de revivre ce moment en images !<\/p>\n","protected":false},"author":59,"featured_media":4775,"comment_status":"open","ping_status":"open","sticky":false,"template":"","format":"standard","meta":{"_acf_changed":false,"footnotes":""},"categories":[1,7,4],"tags":[],"class_list":["post-4773","post","type-post","status-publish","format-standard","has-post-thumbnail","hentry","category-belfort","category-mere-teresa","category-saint-pierre"],"acf":[],"yoast_head":"<!-- This site is optimized with the Yoast SEO plugin v27.4 - https:\/\/yoast.com\/product\/yoast-seo-wordpress\/ -->\n<title>Concerts 1001 et nuits - Doyenn\u00e9 de Belfort<\/title>\n<meta name=\"robots\" content=\"index, follow, max-snippet:-1, max-image-preview:large, max-video-preview:-1\" \/>\n<link rel=\"canonical\" href=\"https:\/\/www.diocese-belfort-montbeliard.fr\/belfort\/actualites\/concerts-1001-et-nuits\/\" \/>\n<meta property=\"og:locale\" content=\"fr_FR\" \/>\n<meta property=\"og:type\" content=\"article\" \/>\n<meta property=\"og:title\" content=\"Concerts 1001 et nuits - Doyenn\u00e9 de Belfort\" \/>\n<meta property=\"og:description\" content=\"Les 27 et 28 f\u00e9vrier 2026 se sont tenus \u00e0 l&rsquo;\u00e9glise Sainte Th\u00e9r\u00e8se 4 concerts organis\u00e9s par \u00ab\u00a0Mille et Une nuits\u00a0\u00bb.V\u00e9ritable moment suspendu, un millier de bougies ont embrass\u00e9es le quatuor \u00e0 cordes Lutecia autour des musiques de Queen, Hans Zimmer, Vivaldi ou Cold Play Nous vous proposons de revivre ce moment en images !\" \/>\n<meta property=\"og:url\" content=\"https:\/\/www.diocese-belfort-montbeliard.fr\/belfort\/actualites\/concerts-1001-et-nuits\/\" \/>\n<meta property=\"og:site_name\" content=\"Doyenn\u00e9 de Belfort\" \/>\n<meta property=\"article:published_time\" content=\"2026-03-01T06:53:24+00:00\" \/>\n<meta property=\"article:modified_time\" content=\"2026-03-12T05:38:15+00:00\" \/>\n<meta property=\"og:image\" content=\"https:\/\/www.diocese-belfort-montbeliard.fr\/belfort\/wp-content\/uploads\/sites\/2\/2026\/03\/20260227_205044-scaled.jpg\" \/>\n\t<meta property=\"og:image:width\" content=\"2560\" \/>\n\t<meta property=\"og:image:height\" content=\"1920\" \/>\n\t<meta property=\"og:image:type\" content=\"image\/jpeg\" \/>\n<meta name=\"author\" content=\"paroissemereteresa\" \/>\n<meta name=\"twitter:card\" content=\"summary_large_image\" \/>\n<meta name=\"twitter:label1\" content=\"\u00c9crit par\" \/>\n\t<meta name=\"twitter:data1\" content=\"paroissemereteresa\" \/>\n\t<meta name=\"twitter:label2\" content=\"Dur\u00e9e de lecture estim\u00e9e\" \/>\n\t<meta name=\"twitter:data2\" content=\"2 minutes\" \/>\n<script type=\"application\/ld+json\" class=\"yoast-schema-graph\">{\"@context\":\"https:\\\/\\\/schema.org\",\"@graph\":[{\"@type\":\"Article\",\"@id\":\"https:\\\/\\\/www.diocese-belfort-montbeliard.fr\\\/belfort\\\/actualites\\\/concerts-1001-et-nuits\\\/#article\",\"isPartOf\":{\"@id\":\"https:\\\/\\\/www.diocese-belfort-montbeliard.fr\\\/belfort\\\/actualites\\\/concerts-1001-et-nuits\\\/\"},\"author\":{\"name\":\"paroissemereteresa\",\"@id\":\"https:\\\/\\\/www.diocese-belfort-montbeliard.fr\\\/belfort\\\/#\\\/schema\\\/person\\\/2c411695f6076bdd44cedbdeee7f8206\"},\"headline\":\"Concerts 1001 et nuits\",\"datePublished\":\"2026-03-01T06:53:24+00:00\",\"dateModified\":\"2026-03-12T05:38:15+00:00\",\"mainEntityOfPage\":{\"@id\":\"https:\\\/\\\/www.diocese-belfort-montbeliard.fr\\\/belfort\\\/actualites\\\/concerts-1001-et-nuits\\\/\"},\"wordCount\":83,\"commentCount\":0,\"image\":{\"@id\":\"https:\\\/\\\/www.diocese-belfort-montbeliard.fr\\\/belfort\\\/actualites\\\/concerts-1001-et-nuits\\\/#primaryimage\"},\"thumbnailUrl\":\"https:\\\/\\\/www.diocese-belfort-montbeliard.fr\\\/belfort\\\/wp-content\\\/uploads\\\/sites\\\/2\\\/2026\\\/03\\\/20260227_205044-scaled.jpg\",\"articleSection\":[\"Belfort\",\"M\u00e8re Teresa\",\"Saint Pierre\"],\"inLanguage\":\"fr-FR\",\"potentialAction\":[{\"@type\":\"CommentAction\",\"name\":\"Comment\",\"target\":[\"https:\\\/\\\/www.diocese-belfort-montbeliard.fr\\\/belfort\\\/actualites\\\/concerts-1001-et-nuits\\\/#respond\"]}]},{\"@type\":\"WebPage\",\"@id\":\"https:\\\/\\\/www.diocese-belfort-montbeliard.fr\\\/belfort\\\/actualites\\\/concerts-1001-et-nuits\\\/\",\"url\":\"https:\\\/\\\/www.diocese-belfort-montbeliard.fr\\\/belfort\\\/actualites\\\/concerts-1001-et-nuits\\\/\",\"name\":\"Concerts 1001 et nuits - Doyenn\u00e9 de Belfort\",\"isPartOf\":{\"@id\":\"https:\\\/\\\/www.diocese-belfort-montbeliard.fr\\\/belfort\\\/#website\"},\"primaryImageOfPage\":{\"@id\":\"https:\\\/\\\/www.diocese-belfort-montbeliard.fr\\\/belfort\\\/actualites\\\/concerts-1001-et-nuits\\\/#primaryimage\"},\"image\":{\"@id\":\"https:\\\/\\\/www.diocese-belfort-montbeliard.fr\\\/belfort\\\/actualites\\\/concerts-1001-et-nuits\\\/#primaryimage\"},\"thumbnailUrl\":\"https:\\\/\\\/www.diocese-belfort-montbeliard.fr\\\/belfort\\\/wp-content\\\/uploads\\\/sites\\\/2\\\/2026\\\/03\\\/20260227_205044-scaled.jpg\",\"datePublished\":\"2026-03-01T06:53:24+00:00\",\"dateModified\":\"2026-03-12T05:38:15+00:00\",\"author\":{\"@id\":\"https:\\\/\\\/www.diocese-belfort-montbeliard.fr\\\/belfort\\\/#\\\/schema\\\/person\\\/2c411695f6076bdd44cedbdeee7f8206\"},\"breadcrumb\":{\"@id\":\"https:\\\/\\\/www.diocese-belfort-montbeliard.fr\\\/belfort\\\/actualites\\\/concerts-1001-et-nuits\\\/#breadcrumb\"},\"inLanguage\":\"fr-FR\",\"potentialAction\":[{\"@type\":\"ReadAction\",\"target\":[\"https:\\\/\\\/www.diocese-belfort-montbeliard.fr\\\/belfort\\\/actualites\\\/concerts-1001-et-nuits\\\/\"]}]},{\"@type\":\"ImageObject\",\"inLanguage\":\"fr-FR\",\"@id\":\"https:\\\/\\\/www.diocese-belfort-montbeliard.fr\\\/belfort\\\/actualites\\\/concerts-1001-et-nuits\\\/#primaryimage\",\"url\":\"https:\\\/\\\/www.diocese-belfort-montbeliard.fr\\\/belfort\\\/wp-content\\\/uploads\\\/sites\\\/2\\\/2026\\\/03\\\/20260227_205044-scaled.jpg\",\"contentUrl\":\"https:\\\/\\\/www.diocese-belfort-montbeliard.fr\\\/belfort\\\/wp-content\\\/uploads\\\/sites\\\/2\\\/2026\\\/03\\\/20260227_205044-scaled.jpg\",\"width\":2560,\"height\":1920},{\"@type\":\"BreadcrumbList\",\"@id\":\"https:\\\/\\\/www.diocese-belfort-montbeliard.fr\\\/belfort\\\/actualites\\\/concerts-1001-et-nuits\\\/#breadcrumb\",\"itemListElement\":[{\"@type\":\"ListItem\",\"position\":1,\"name\":\"Accueil\",\"item\":\"https:\\\/\\\/www.diocese-belfort-montbeliard.fr\\\/belfort\\\/\"},{\"@type\":\"ListItem\",\"position\":2,\"name\":\"Concerts 1001 et nuits\"}]},{\"@type\":\"WebSite\",\"@id\":\"https:\\\/\\\/www.diocese-belfort-montbeliard.fr\\\/belfort\\\/#website\",\"url\":\"https:\\\/\\\/www.diocese-belfort-montbeliard.fr\\\/belfort\\\/\",\"name\":\"Doyenn\u00e9 de Belfort\",\"description\":\"Dioc\u00e8se de Belfort-Montb\u00e9liard\",\"potentialAction\":[{\"@type\":\"SearchAction\",\"target\":{\"@type\":\"EntryPoint\",\"urlTemplate\":\"https:\\\/\\\/www.diocese-belfort-montbeliard.fr\\\/belfort\\\/?s={search_term_string}\"},\"query-input\":{\"@type\":\"PropertyValueSpecification\",\"valueRequired\":true,\"valueName\":\"search_term_string\"}}],\"inLanguage\":\"fr-FR\"},{\"@type\":\"Person\",\"@id\":\"https:\\\/\\\/www.diocese-belfort-montbeliard.fr\\\/belfort\\\/#\\\/schema\\\/person\\\/2c411695f6076bdd44cedbdeee7f8206\",\"name\":\"paroissemereteresa\",\"image\":{\"@type\":\"ImageObject\",\"inLanguage\":\"fr-FR\",\"@id\":\"https:\\\/\\\/secure.gravatar.com\\\/avatar\\\/e204b49249a3ecc673052223f21e357d9b05bd505137e2d58216d46d3f95c5cd?s=96&d=mm&r=g\",\"url\":\"https:\\\/\\\/secure.gravatar.com\\\/avatar\\\/e204b49249a3ecc673052223f21e357d9b05bd505137e2d58216d46d3f95c5cd?s=96&d=mm&r=g\",\"contentUrl\":\"https:\\\/\\\/secure.gravatar.com\\\/avatar\\\/e204b49249a3ecc673052223f21e357d9b05bd505137e2d58216d46d3f95c5cd?s=96&d=mm&r=g\",\"caption\":\"paroissemereteresa\"},\"url\":\"https:\\\/\\\/www.diocese-belfort-montbeliard.fr\\\/belfort\\\/author\\\/paroissemereteresa\\\/\"}]}<\/script>\n<!-- \/ Yoast SEO plugin. -->","yoast_head_json":{"title":"Concerts 1001 et nuits - Doyenn\u00e9 de Belfort","robots":{"index":"index","follow":"follow","max-snippet":"max-snippet:-1","max-image-preview":"max-image-preview:large","max-video-preview":"max-video-preview:-1"},"canonical":"https:\/\/www.diocese-belfort-montbeliard.fr\/belfort\/actualites\/concerts-1001-et-nuits\/","og_locale":"fr_FR","og_type":"article","og_title":"Concerts 1001 et nuits - Doyenn\u00e9 de Belfort","og_description":"Les 27 et 28 f\u00e9vrier 2026 se sont tenus \u00e0 l&rsquo;\u00e9glise Sainte Th\u00e9r\u00e8se 4 concerts organis\u00e9s par \u00ab\u00a0Mille et Une nuits\u00a0\u00bb.V\u00e9ritable moment suspendu, un millier de bougies ont embrass\u00e9es le quatuor \u00e0 cordes Lutecia autour des musiques de Queen, Hans Zimmer, Vivaldi ou Cold Play Nous vous proposons de revivre ce moment en images !","og_url":"https:\/\/www.diocese-belfort-montbeliard.fr\/belfort\/actualites\/concerts-1001-et-nuits\/","og_site_name":"Doyenn\u00e9 de Belfort","article_published_time":"2026-03-01T06:53:24+00:00","article_modified_time":"2026-03-12T05:38:15+00:00","og_image":[{"width":2560,"height":1920,"url":"https:\/\/www.diocese-belfort-montbeliard.fr\/belfort\/wp-content\/uploads\/sites\/2\/2026\/03\/20260227_205044-scaled.jpg","type":"image\/jpeg"}],"author":"paroissemereteresa","twitter_card":"summary_large_image","twitter_misc":{"\u00c9crit par":"paroissemereteresa","Dur\u00e9e de lecture estim\u00e9e":"2 minutes"},"schema":{"@context":"https:\/\/schema.org","@graph":[{"@type":"Article","@id":"https:\/\/www.diocese-belfort-montbeliard.fr\/belfort\/actualites\/concerts-1001-et-nuits\/#article","isPartOf":{"@id":"https:\/\/www.diocese-belfort-montbeliard.fr\/belfort\/actualites\/concerts-1001-et-nuits\/"},"author":{"name":"paroissemereteresa","@id":"https:\/\/www.diocese-belfort-montbeliard.fr\/belfort\/#\/schema\/person\/2c411695f6076bdd44cedbdeee7f8206"},"headline":"Concerts 1001 et nuits","datePublished":"2026-03-01T06:53:24+00:00","dateModified":"2026-03-12T05:38:15+00:00","mainEntityOfPage":{"@id":"https:\/\/www.diocese-belfort-montbeliard.fr\/belfort\/actualites\/concerts-1001-et-nuits\/"},"wordCount":83,"commentCount":0,"image":{"@id":"https:\/\/www.diocese-belfort-montbeliard.fr\/belfort\/actualites\/concerts-1001-et-nuits\/#primaryimage"},"thumbnailUrl":"https:\/\/www.diocese-belfort-montbeliard.fr\/belfort\/wp-content\/uploads\/sites\/2\/2026\/03\/20260227_205044-scaled.jpg","articleSection":["Belfort","M\u00e8re Teresa","Saint Pierre"],"inLanguage":"fr-FR","potentialAction":[{"@type":"CommentAction","name":"Comment","target":["https:\/\/www.diocese-belfort-montbeliard.fr\/belfort\/actualites\/concerts-1001-et-nuits\/#respond"]}]},{"@type":"WebPage","@id":"https:\/\/www.diocese-belfort-montbeliard.fr\/belfort\/actualites\/concerts-1001-et-nuits\/","url":"https:\/\/www.diocese-belfort-montbeliard.fr\/belfort\/actualites\/concerts-1001-et-nuits\/","name":"Concerts 1001 et nuits - Doyenn\u00e9 de Belfort","isPartOf":{"@id":"https:\/\/www.diocese-belfort-montbeliard.fr\/belfort\/#website"},"primaryImageOfPage":{"@id":"https:\/\/www.diocese-belfort-montbeliard.fr\/belfort\/actualites\/concerts-1001-et-nuits\/#primaryimage"},"image":{"@id":"https:\/\/www.diocese-belfort-montbeliard.fr\/belfort\/actualites\/concerts-1001-et-nuits\/#primaryimage"},"thumbnailUrl":"https:\/\/www.diocese-belfort-montbeliard.fr\/belfort\/wp-content\/uploads\/sites\/2\/2026\/03\/20260227_205044-scaled.jpg","datePublished":"2026-03-01T06:53:24+00:00","dateModified":"2026-03-12T05:38:15+00:00","author":{"@id":"https:\/\/www.diocese-belfort-montbeliard.fr\/belfort\/#\/schema\/person\/2c411695f6076bdd44cedbdeee7f8206"},"breadcrumb":{"@id":"https:\/\/www.diocese-belfort-montbeliard.fr\/belfort\/actualites\/concerts-1001-et-nuits\/#breadcrumb"},"inLanguage":"fr-FR","potentialAction":[{"@type":"ReadAction","target":["https:\/\/www.diocese-belfort-montbeliard.fr\/belfort\/actualites\/concerts-1001-et-nuits\/"]}]},{"@type":"ImageObject","inLanguage":"fr-FR","@id":"https:\/\/www.diocese-belfort-montbeliard.fr\/belfort\/actualites\/concerts-1001-et-nuits\/#primaryimage","url":"https:\/\/www.diocese-belfort-montbeliard.fr\/belfort\/wp-content\/uploads\/sites\/2\/2026\/03\/20260227_205044-scaled.jpg","contentUrl":"https:\/\/www.diocese-belfort-montbeliard.fr\/belfort\/wp-content\/uploads\/sites\/2\/2026\/03\/20260227_205044-scaled.jpg","width":2560,"height":1920},{"@type":"BreadcrumbList","@id":"https:\/\/www.diocese-belfort-montbeliard.fr\/belfort\/actualites\/concerts-1001-et-nuits\/#breadcrumb","itemListElement":[{"@type":"ListItem","position":1,"name":"Accueil","item":"https:\/\/www.diocese-belfort-montbeliard.fr\/belfort\/"},{"@type":"ListItem","position":2,"name":"Concerts 1001 et nuits"}]},{"@type":"WebSite","@id":"https:\/\/www.diocese-belfort-montbeliard.fr\/belfort\/#website","url":"https:\/\/www.diocese-belfort-montbeliard.fr\/belfort\/","name":"Doyenn\u00e9 de Belfort","description":"Dioc\u00e8se de Belfort-Montb\u00e9liard","potentialAction":[{"@type":"SearchAction","target":{"@type":"EntryPoint","urlTemplate":"https:\/\/www.diocese-belfort-montbeliard.fr\/belfort\/?s={search_term_string}"},"query-input":{"@type":"PropertyValueSpecification","valueRequired":true,"valueName":"search_term_string"}}],"inLanguage":"fr-FR"},{"@type":"Person","@id":"https:\/\/www.diocese-belfort-montbeliard.fr\/belfort\/#\/schema\/person\/2c411695f6076bdd44cedbdeee7f8206","name":"paroissemereteresa","image":{"@type":"ImageObject","inLanguage":"fr-FR","@id":"https:\/\/secure.gravatar.com\/avatar\/e204b49249a3ecc673052223f21e357d9b05bd505137e2d58216d46d3f95c5cd?s=96&d=mm&r=g","url":"https:\/\/secure.gravatar.com\/avatar\/e204b49249a3ecc673052223f21e357d9b05bd505137e2d58216d46d3f95c5cd?s=96&d=mm&r=g","contentUrl":"https:\/\/secure.gravatar.com\/avatar\/e204b49249a3ecc673052223f21e357d9b05bd505137e2d58216d46d3f95c5cd?s=96&d=mm&r=g","caption":"paroissemereteresa"},"url":"https:\/\/www.diocese-belfort-montbeliard.fr\/belfort\/author\/paroissemereteresa\/"}]}},"_links":{"self":[{"href":"https:\/\/www.diocese-belfort-montbeliard.fr\/belfort\/wp-json\/wp\/v2\/posts\/4773","targetHints":{"allow":["GET"]}}],"collection":[{"href":"https:\/\/www.diocese-belfort-montbeliard.fr\/belfort\/wp-json\/wp\/v2\/posts"}],"about":[{"href":"https:\/\/www.diocese-belfort-montbeliard.fr\/belfort\/wp-json\/wp\/v2\/types\/post"}],"author":[{"embeddable":true,"href":"https:\/\/www.diocese-belfort-montbeliard.fr\/belfort\/wp-json\/wp\/v2\/users\/59"}],"replies":[{"embeddable":true,"href":"https:\/\/www.diocese-belfort-montbeliard.fr\/belfort\/wp-json\/wp\/v2\/comments?post=4773"}],"version-history":[{"count":7,"href":"https:\/\/www.diocese-belfort-montbeliard.fr\/belfort\/wp-json\/wp\/v2\/posts\/4773\/revisions"}],"predecessor-version":[{"id":4832,"href":"https:\/\/www.diocese-belfort-montbeliard.fr\/belfort\/wp-json\/wp\/v2\/posts\/4773\/revisions\/4832"}],"wp:featuredmedia":[{"embeddable":true,"href":"https:\/\/www.diocese-belfort-montbeliard.fr\/belfort\/wp-json\/wp\/v2\/media\/4775"}],"wp:attachment":[{"href":"https:\/\/www.diocese-belfort-montbeliard.fr\/belfort\/wp-json\/wp\/v2\/media?parent=4773"}],"wp:term":[{"taxonomy":"category","embeddable":true,"href":"https:\/\/www.diocese-belfort-montbeliard.fr\/belfort\/wp-json\/wp\/v2\/categories?post=4773"},{"taxonomy":"post_tag","embeddable":true,"href":"https:\/\/www.diocese-belfort-montbeliard.fr\/belfort\/wp-json\/wp\/v2\/tags?post=4773"}],"curies":[{"name":"wp","href":"https:\/\/api.w.org\/{rel}","templated":true}]}}