{"id":3126,"date":"2022-03-10T16:44:01","date_gmt":"2022-03-10T15:44:01","guid":{"rendered":"https:\/\/www.diocese-belfort-montbeliard.fr\/charmont-montbeliard\/?p=3126"},"modified":"2023-11-10T14:00:47","modified_gmt":"2023-11-10T13:00:47","slug":"petit-dejeuner-solidaire-a-montbeliard","status":"publish","type":"post","link":"https:\/\/www.diocese-belfort-montbeliard.fr\/charmont-montbeliard\/actualites\/petit-dejeuner-solidaire-a-montbeliard\/","title":{"rendered":"Petit d\u00e9jeuner solidaire \u00e0 Montb\u00e9liard"},"content":{"rendered":"\n<div style=\"height:23px\" aria-hidden=\"true\" class=\"wp-block-spacer\"><\/div>\n\n\n\n<p><strong><a href=\"https:\/\/www.diocese-belfort-montbeliard.fr\/les-services\/jeunes-cathos\/tu-cherches-un-groupe\/laumonerie-des-lyceens\/\" target=\"_blank\" rel=\"noreferrer noopener\">L&rsquo;aum\u00f4nerie des lyc\u00e9ens et coll\u00e9giens de Montb\u00e9liard<\/a> vous invite \u00e0 partager un petit-d\u00e9jeuner solidaire au profit des projets de <a href=\"https:\/\/ccfd-terresolidaire.org\/\" target=\"_blank\" rel=\"noreferrer noopener\">CCFD<\/a>, ce 2 avril 2022 \u00e0 partir de 8h<\/strong> <strong>au Foyer Saint Maimboeuf.<\/strong><\/p>\n\n\n\n<div style=\"height:23px\" aria-hidden=\"true\" class=\"wp-block-spacer\"><\/div>\n\n\n\n<div class=\"wp-block-image is-style-default\"><figure class=\"aligncenter size-large\"><img loading=\"lazy\" decoding=\"async\" width=\"764\" height=\"1080\" src=\"https:\/\/www.diocese-belfort-montbeliard.fr\/charmont-montbeliard\/wp-content\/uploads\/sites\/8\/2022\/03\/affiche-pdj-solidaire-764x1080.png\" alt=\"\" class=\"wp-image-3127\" srcset=\"https:\/\/www.diocese-belfort-montbeliard.fr\/charmont-montbeliard\/wp-content\/uploads\/sites\/8\/2022\/03\/affiche-pdj-solidaire-764x1080.png 764w, https:\/\/www.diocese-belfort-montbeliard.fr\/charmont-montbeliard\/wp-content\/uploads\/sites\/8\/2022\/03\/affiche-pdj-solidaire-424x600.png 424w, https:\/\/www.diocese-belfort-montbeliard.fr\/charmont-montbeliard\/wp-content\/uploads\/sites\/8\/2022\/03\/affiche-pdj-solidaire-768x1086.png 768w, https:\/\/www.diocese-belfort-montbeliard.fr\/charmont-montbeliard\/wp-content\/uploads\/sites\/8\/2022\/03\/affiche-pdj-solidaire-1086x1536.png 1086w, https:\/\/www.diocese-belfort-montbeliard.fr\/charmont-montbeliard\/wp-content\/uploads\/sites\/8\/2022\/03\/affiche-pdj-solidaire-1448x2048.png 1448w\" sizes=\"auto, (max-width: 764px) 100vw, 764px\" \/><\/figure><\/div>\n","protected":false},"excerpt":{"rendered":"<p>L&rsquo;aum\u00f4nerie des lyc\u00e9ens et coll\u00e9giens de Montb\u00e9liard vous invite \u00e0 partager un petit-d\u00e9jeuner solidaire au profit des projets de CCFD, ce 2 avril 2022 \u00e0 partir de 8h au Foyer Saint Maimboeuf.<\/p>\n","protected":false},"author":4,"featured_media":3128,"comment_status":"open","ping_status":"open","sticky":false,"template":"","format":"standard","meta":{"_acf_changed":false,"footnotes":""},"categories":[3],"tags":[],"class_list":["post-3126","post","type-post","status-publish","format-standard","has-post-thumbnail","hentry","category-saint-paul"],"acf":[],"yoast_head":"<!-- This site is optimized with the Yoast SEO plugin v27.4 - https:\/\/yoast.com\/product\/yoast-seo-wordpress\/ -->\n<title>Petit d\u00e9jeuner solidaire \u00e0 Montb\u00e9liard - Doyenn\u00e9 de Charmont-Montb\u00e9liard<\/title>\n<meta name=\"description\" content=\"L&#039;aum\u00f4nerie des jeunes de Montb\u00e9liard vous invite \u00e0 partager un petit-d\u00e9jeuner solidaire ce 8 avril 2022 \u00e0 partir de 8h au foyer St Maimboeuf\" \/>\n<meta name=\"robots\" content=\"index, follow, max-snippet:-1, max-image-preview:large, max-video-preview:-1\" \/>\n<link rel=\"canonical\" href=\"https:\/\/www.diocese-belfort-montbeliard.fr\/charmont-montbeliard\/actualites\/petit-dejeuner-solidaire-a-montbeliard\/\" \/>\n<meta property=\"og:locale\" content=\"fr_FR\" \/>\n<meta property=\"og:type\" content=\"article\" \/>\n<meta property=\"og:title\" content=\"Petit d\u00e9jeuner solidaire \u00e0 Montb\u00e9liard - Doyenn\u00e9 de Charmont-Montb\u00e9liard\" \/>\n<meta property=\"og:description\" content=\"L&#039;aum\u00f4nerie des jeunes de Montb\u00e9liard vous invite \u00e0 partager un petit-d\u00e9jeuner solidaire ce 8 avril 2022 \u00e0 partir de 8h au foyer St Maimboeuf\" \/>\n<meta property=\"og:url\" content=\"https:\/\/www.diocese-belfort-montbeliard.fr\/charmont-montbeliard\/actualites\/petit-dejeuner-solidaire-a-montbeliard\/\" \/>\n<meta property=\"og:site_name\" content=\"Doyenn\u00e9 de Charmont-Montb\u00e9liard\" \/>\n<meta property=\"article:published_time\" content=\"2022-03-10T15:44:01+00:00\" \/>\n<meta property=\"article:modified_time\" content=\"2023-11-10T13:00:47+00:00\" \/>\n<meta property=\"og:image\" content=\"https:\/\/www.diocese-belfort-montbeliard.fr\/charmont-montbeliard\/wp-content\/uploads\/sites\/8\/2022\/03\/bannieres-wordpress-octobre-3.png\" \/>\n\t<meta property=\"og:image:width\" content=\"1350\" \/>\n\t<meta property=\"og:image:height\" content=\"650\" \/>\n\t<meta property=\"og:image:type\" content=\"image\/png\" \/>\n<meta name=\"author\" content=\"Justyna Lombard\" \/>\n<meta name=\"twitter:card\" content=\"summary_large_image\" \/>\n<meta name=\"twitter:label1\" content=\"\u00c9crit par\" \/>\n\t<meta name=\"twitter:data1\" content=\"Justyna Lombard\" \/>\n\t<meta name=\"twitter:label2\" content=\"Dur\u00e9e de lecture estim\u00e9e\" \/>\n\t<meta name=\"twitter:data2\" content=\"1 minute\" \/>\n<script type=\"application\/ld+json\" class=\"yoast-schema-graph\">{\"@context\":\"https:\\\/\\\/schema.org\",\"@graph\":[{\"@type\":\"Article\",\"@id\":\"https:\\\/\\\/www.diocese-belfort-montbeliard.fr\\\/charmont-montbeliard\\\/actualites\\\/petit-dejeuner-solidaire-a-montbeliard\\\/#article\",\"isPartOf\":{\"@id\":\"https:\\\/\\\/www.diocese-belfort-montbeliard.fr\\\/charmont-montbeliard\\\/actualites\\\/petit-dejeuner-solidaire-a-montbeliard\\\/\"},\"author\":{\"name\":\"Justyna Lombard\",\"@id\":\"https:\\\/\\\/www.diocese-belfort-montbeliard.fr\\\/charmont-montbeliard\\\/#\\\/schema\\\/person\\\/3bfd97321ca0308ad496468b404a4fa0\"},\"headline\":\"Petit d\u00e9jeuner solidaire \u00e0 Montb\u00e9liard\",\"datePublished\":\"2022-03-10T15:44:01+00:00\",\"dateModified\":\"2023-11-10T13:00:47+00:00\",\"mainEntityOfPage\":{\"@id\":\"https:\\\/\\\/www.diocese-belfort-montbeliard.fr\\\/charmont-montbeliard\\\/actualites\\\/petit-dejeuner-solidaire-a-montbeliard\\\/\"},\"wordCount\":40,\"commentCount\":0,\"image\":{\"@id\":\"https:\\\/\\\/www.diocese-belfort-montbeliard.fr\\\/charmont-montbeliard\\\/actualites\\\/petit-dejeuner-solidaire-a-montbeliard\\\/#primaryimage\"},\"thumbnailUrl\":\"https:\\\/\\\/www.diocese-belfort-montbeliard.fr\\\/charmont-montbeliard\\\/wp-content\\\/uploads\\\/sites\\\/8\\\/2022\\\/03\\\/bannieres-wordpress-octobre-3.png\",\"articleSection\":[\"Saint Paul\"],\"inLanguage\":\"fr-FR\",\"potentialAction\":[{\"@type\":\"CommentAction\",\"name\":\"Comment\",\"target\":[\"https:\\\/\\\/www.diocese-belfort-montbeliard.fr\\\/charmont-montbeliard\\\/actualites\\\/petit-dejeuner-solidaire-a-montbeliard\\\/#respond\"]}]},{\"@type\":\"WebPage\",\"@id\":\"https:\\\/\\\/www.diocese-belfort-montbeliard.fr\\\/charmont-montbeliard\\\/actualites\\\/petit-dejeuner-solidaire-a-montbeliard\\\/\",\"url\":\"https:\\\/\\\/www.diocese-belfort-montbeliard.fr\\\/charmont-montbeliard\\\/actualites\\\/petit-dejeuner-solidaire-a-montbeliard\\\/\",\"name\":\"Petit d\u00e9jeuner solidaire \u00e0 Montb\u00e9liard - Doyenn\u00e9 de Charmont-Montb\u00e9liard\",\"isPartOf\":{\"@id\":\"https:\\\/\\\/www.diocese-belfort-montbeliard.fr\\\/charmont-montbeliard\\\/#website\"},\"primaryImageOfPage\":{\"@id\":\"https:\\\/\\\/www.diocese-belfort-montbeliard.fr\\\/charmont-montbeliard\\\/actualites\\\/petit-dejeuner-solidaire-a-montbeliard\\\/#primaryimage\"},\"image\":{\"@id\":\"https:\\\/\\\/www.diocese-belfort-montbeliard.fr\\\/charmont-montbeliard\\\/actualites\\\/petit-dejeuner-solidaire-a-montbeliard\\\/#primaryimage\"},\"thumbnailUrl\":\"https:\\\/\\\/www.diocese-belfort-montbeliard.fr\\\/charmont-montbeliard\\\/wp-content\\\/uploads\\\/sites\\\/8\\\/2022\\\/03\\\/bannieres-wordpress-octobre-3.png\",\"datePublished\":\"2022-03-10T15:44:01+00:00\",\"dateModified\":\"2023-11-10T13:00:47+00:00\",\"author\":{\"@id\":\"https:\\\/\\\/www.diocese-belfort-montbeliard.fr\\\/charmont-montbeliard\\\/#\\\/schema\\\/person\\\/3bfd97321ca0308ad496468b404a4fa0\"},\"description\":\"L'aum\u00f4nerie des jeunes de Montb\u00e9liard vous invite \u00e0 partager un petit-d\u00e9jeuner solidaire ce 8 avril 2022 \u00e0 partir de 8h au foyer St Maimboeuf\",\"breadcrumb\":{\"@id\":\"https:\\\/\\\/www.diocese-belfort-montbeliard.fr\\\/charmont-montbeliard\\\/actualites\\\/petit-dejeuner-solidaire-a-montbeliard\\\/#breadcrumb\"},\"inLanguage\":\"fr-FR\",\"potentialAction\":[{\"@type\":\"ReadAction\",\"target\":[\"https:\\\/\\\/www.diocese-belfort-montbeliard.fr\\\/charmont-montbeliard\\\/actualites\\\/petit-dejeuner-solidaire-a-montbeliard\\\/\"]}]},{\"@type\":\"ImageObject\",\"inLanguage\":\"fr-FR\",\"@id\":\"https:\\\/\\\/www.diocese-belfort-montbeliard.fr\\\/charmont-montbeliard\\\/actualites\\\/petit-dejeuner-solidaire-a-montbeliard\\\/#primaryimage\",\"url\":\"https:\\\/\\\/www.diocese-belfort-montbeliard.fr\\\/charmont-montbeliard\\\/wp-content\\\/uploads\\\/sites\\\/8\\\/2022\\\/03\\\/bannieres-wordpress-octobre-3.png\",\"contentUrl\":\"https:\\\/\\\/www.diocese-belfort-montbeliard.fr\\\/charmont-montbeliard\\\/wp-content\\\/uploads\\\/sites\\\/8\\\/2022\\\/03\\\/bannieres-wordpress-octobre-3.png\",\"width\":1350,\"height\":650},{\"@type\":\"BreadcrumbList\",\"@id\":\"https:\\\/\\\/www.diocese-belfort-montbeliard.fr\\\/charmont-montbeliard\\\/actualites\\\/petit-dejeuner-solidaire-a-montbeliard\\\/#breadcrumb\",\"itemListElement\":[{\"@type\":\"ListItem\",\"position\":1,\"name\":\"Accueil\",\"item\":\"https:\\\/\\\/www.diocese-belfort-montbeliard.fr\\\/charmont-montbeliard\\\/\"},{\"@type\":\"ListItem\",\"position\":2,\"name\":\"Petit d\u00e9jeuner solidaire \u00e0 Montb\u00e9liard\"}]},{\"@type\":\"WebSite\",\"@id\":\"https:\\\/\\\/www.diocese-belfort-montbeliard.fr\\\/charmont-montbeliard\\\/#website\",\"url\":\"https:\\\/\\\/www.diocese-belfort-montbeliard.fr\\\/charmont-montbeliard\\\/\",\"name\":\"Doyenn\u00e9 de Charmont-Montb\u00e9liard\",\"description\":\"Dioc\u00e8se de Belfort-Montb\u00e9liard\",\"potentialAction\":[{\"@type\":\"SearchAction\",\"target\":{\"@type\":\"EntryPoint\",\"urlTemplate\":\"https:\\\/\\\/www.diocese-belfort-montbeliard.fr\\\/charmont-montbeliard\\\/?s={search_term_string}\"},\"query-input\":{\"@type\":\"PropertyValueSpecification\",\"valueRequired\":true,\"valueName\":\"search_term_string\"}}],\"inLanguage\":\"fr-FR\"},{\"@type\":\"Person\",\"@id\":\"https:\\\/\\\/www.diocese-belfort-montbeliard.fr\\\/charmont-montbeliard\\\/#\\\/schema\\\/person\\\/3bfd97321ca0308ad496468b404a4fa0\",\"name\":\"Justyna Lombard\",\"url\":\"https:\\\/\\\/www.diocese-belfort-montbeliard.fr\\\/charmont-montbeliard\\\/author\\\/site\\\/\"}]}<\/script>\n<!-- \/ Yoast SEO plugin. -->","yoast_head_json":{"title":"Petit d\u00e9jeuner solidaire \u00e0 Montb\u00e9liard - Doyenn\u00e9 de Charmont-Montb\u00e9liard","description":"L'aum\u00f4nerie des jeunes de Montb\u00e9liard vous invite \u00e0 partager un petit-d\u00e9jeuner solidaire ce 8 avril 2022 \u00e0 partir de 8h au foyer St Maimboeuf","robots":{"index":"index","follow":"follow","max-snippet":"max-snippet:-1","max-image-preview":"max-image-preview:large","max-video-preview":"max-video-preview:-1"},"canonical":"https:\/\/www.diocese-belfort-montbeliard.fr\/charmont-montbeliard\/actualites\/petit-dejeuner-solidaire-a-montbeliard\/","og_locale":"fr_FR","og_type":"article","og_title":"Petit d\u00e9jeuner solidaire \u00e0 Montb\u00e9liard - Doyenn\u00e9 de Charmont-Montb\u00e9liard","og_description":"L'aum\u00f4nerie des jeunes de Montb\u00e9liard vous invite \u00e0 partager un petit-d\u00e9jeuner solidaire ce 8 avril 2022 \u00e0 partir de 8h au foyer St Maimboeuf","og_url":"https:\/\/www.diocese-belfort-montbeliard.fr\/charmont-montbeliard\/actualites\/petit-dejeuner-solidaire-a-montbeliard\/","og_site_name":"Doyenn\u00e9 de Charmont-Montb\u00e9liard","article_published_time":"2022-03-10T15:44:01+00:00","article_modified_time":"2023-11-10T13:00:47+00:00","og_image":[{"width":1350,"height":650,"url":"https:\/\/www.diocese-belfort-montbeliard.fr\/charmont-montbeliard\/wp-content\/uploads\/sites\/8\/2022\/03\/bannieres-wordpress-octobre-3.png","type":"image\/png"}],"author":"Justyna Lombard","twitter_card":"summary_large_image","twitter_misc":{"\u00c9crit par":"Justyna Lombard","Dur\u00e9e de lecture estim\u00e9e":"1 minute"},"schema":{"@context":"https:\/\/schema.org","@graph":[{"@type":"Article","@id":"https:\/\/www.diocese-belfort-montbeliard.fr\/charmont-montbeliard\/actualites\/petit-dejeuner-solidaire-a-montbeliard\/#article","isPartOf":{"@id":"https:\/\/www.diocese-belfort-montbeliard.fr\/charmont-montbeliard\/actualites\/petit-dejeuner-solidaire-a-montbeliard\/"},"author":{"name":"Justyna Lombard","@id":"https:\/\/www.diocese-belfort-montbeliard.fr\/charmont-montbeliard\/#\/schema\/person\/3bfd97321ca0308ad496468b404a4fa0"},"headline":"Petit d\u00e9jeuner solidaire \u00e0 Montb\u00e9liard","datePublished":"2022-03-10T15:44:01+00:00","dateModified":"2023-11-10T13:00:47+00:00","mainEntityOfPage":{"@id":"https:\/\/www.diocese-belfort-montbeliard.fr\/charmont-montbeliard\/actualites\/petit-dejeuner-solidaire-a-montbeliard\/"},"wordCount":40,"commentCount":0,"image":{"@id":"https:\/\/www.diocese-belfort-montbeliard.fr\/charmont-montbeliard\/actualites\/petit-dejeuner-solidaire-a-montbeliard\/#primaryimage"},"thumbnailUrl":"https:\/\/www.diocese-belfort-montbeliard.fr\/charmont-montbeliard\/wp-content\/uploads\/sites\/8\/2022\/03\/bannieres-wordpress-octobre-3.png","articleSection":["Saint Paul"],"inLanguage":"fr-FR","potentialAction":[{"@type":"CommentAction","name":"Comment","target":["https:\/\/www.diocese-belfort-montbeliard.fr\/charmont-montbeliard\/actualites\/petit-dejeuner-solidaire-a-montbeliard\/#respond"]}]},{"@type":"WebPage","@id":"https:\/\/www.diocese-belfort-montbeliard.fr\/charmont-montbeliard\/actualites\/petit-dejeuner-solidaire-a-montbeliard\/","url":"https:\/\/www.diocese-belfort-montbeliard.fr\/charmont-montbeliard\/actualites\/petit-dejeuner-solidaire-a-montbeliard\/","name":"Petit d\u00e9jeuner solidaire \u00e0 Montb\u00e9liard - Doyenn\u00e9 de Charmont-Montb\u00e9liard","isPartOf":{"@id":"https:\/\/www.diocese-belfort-montbeliard.fr\/charmont-montbeliard\/#website"},"primaryImageOfPage":{"@id":"https:\/\/www.diocese-belfort-montbeliard.fr\/charmont-montbeliard\/actualites\/petit-dejeuner-solidaire-a-montbeliard\/#primaryimage"},"image":{"@id":"https:\/\/www.diocese-belfort-montbeliard.fr\/charmont-montbeliard\/actualites\/petit-dejeuner-solidaire-a-montbeliard\/#primaryimage"},"thumbnailUrl":"https:\/\/www.diocese-belfort-montbeliard.fr\/charmont-montbeliard\/wp-content\/uploads\/sites\/8\/2022\/03\/bannieres-wordpress-octobre-3.png","datePublished":"2022-03-10T15:44:01+00:00","dateModified":"2023-11-10T13:00:47+00:00","author":{"@id":"https:\/\/www.diocese-belfort-montbeliard.fr\/charmont-montbeliard\/#\/schema\/person\/3bfd97321ca0308ad496468b404a4fa0"},"description":"L'aum\u00f4nerie des jeunes de Montb\u00e9liard vous invite \u00e0 partager un petit-d\u00e9jeuner solidaire ce 8 avril 2022 \u00e0 partir de 8h au foyer St Maimboeuf","breadcrumb":{"@id":"https:\/\/www.diocese-belfort-montbeliard.fr\/charmont-montbeliard\/actualites\/petit-dejeuner-solidaire-a-montbeliard\/#breadcrumb"},"inLanguage":"fr-FR","potentialAction":[{"@type":"ReadAction","target":["https:\/\/www.diocese-belfort-montbeliard.fr\/charmont-montbeliard\/actualites\/petit-dejeuner-solidaire-a-montbeliard\/"]}]},{"@type":"ImageObject","inLanguage":"fr-FR","@id":"https:\/\/www.diocese-belfort-montbeliard.fr\/charmont-montbeliard\/actualites\/petit-dejeuner-solidaire-a-montbeliard\/#primaryimage","url":"https:\/\/www.diocese-belfort-montbeliard.fr\/charmont-montbeliard\/wp-content\/uploads\/sites\/8\/2022\/03\/bannieres-wordpress-octobre-3.png","contentUrl":"https:\/\/www.diocese-belfort-montbeliard.fr\/charmont-montbeliard\/wp-content\/uploads\/sites\/8\/2022\/03\/bannieres-wordpress-octobre-3.png","width":1350,"height":650},{"@type":"BreadcrumbList","@id":"https:\/\/www.diocese-belfort-montbeliard.fr\/charmont-montbeliard\/actualites\/petit-dejeuner-solidaire-a-montbeliard\/#breadcrumb","itemListElement":[{"@type":"ListItem","position":1,"name":"Accueil","item":"https:\/\/www.diocese-belfort-montbeliard.fr\/charmont-montbeliard\/"},{"@type":"ListItem","position":2,"name":"Petit d\u00e9jeuner solidaire \u00e0 Montb\u00e9liard"}]},{"@type":"WebSite","@id":"https:\/\/www.diocese-belfort-montbeliard.fr\/charmont-montbeliard\/#website","url":"https:\/\/www.diocese-belfort-montbeliard.fr\/charmont-montbeliard\/","name":"Doyenn\u00e9 de Charmont-Montb\u00e9liard","description":"Dioc\u00e8se de Belfort-Montb\u00e9liard","potentialAction":[{"@type":"SearchAction","target":{"@type":"EntryPoint","urlTemplate":"https:\/\/www.diocese-belfort-montbeliard.fr\/charmont-montbeliard\/?s={search_term_string}"},"query-input":{"@type":"PropertyValueSpecification","valueRequired":true,"valueName":"search_term_string"}}],"inLanguage":"fr-FR"},{"@type":"Person","@id":"https:\/\/www.diocese-belfort-montbeliard.fr\/charmont-montbeliard\/#\/schema\/person\/3bfd97321ca0308ad496468b404a4fa0","name":"Justyna Lombard","url":"https:\/\/www.diocese-belfort-montbeliard.fr\/charmont-montbeliard\/author\/site\/"}]}},"_links":{"self":[{"href":"https:\/\/www.diocese-belfort-montbeliard.fr\/charmont-montbeliard\/wp-json\/wp\/v2\/posts\/3126","targetHints":{"allow":["GET"]}}],"collection":[{"href":"https:\/\/www.diocese-belfort-montbeliard.fr\/charmont-montbeliard\/wp-json\/wp\/v2\/posts"}],"about":[{"href":"https:\/\/www.diocese-belfort-montbeliard.fr\/charmont-montbeliard\/wp-json\/wp\/v2\/types\/post"}],"author":[{"embeddable":true,"href":"https:\/\/www.diocese-belfort-montbeliard.fr\/charmont-montbeliard\/wp-json\/wp\/v2\/users\/4"}],"replies":[{"embeddable":true,"href":"https:\/\/www.diocese-belfort-montbeliard.fr\/charmont-montbeliard\/wp-json\/wp\/v2\/comments?post=3126"}],"version-history":[{"count":2,"href":"https:\/\/www.diocese-belfort-montbeliard.fr\/charmont-montbeliard\/wp-json\/wp\/v2\/posts\/3126\/revisions"}],"predecessor-version":[{"id":3143,"href":"https:\/\/www.diocese-belfort-montbeliard.fr\/charmont-montbeliard\/wp-json\/wp\/v2\/posts\/3126\/revisions\/3143"}],"wp:featuredmedia":[{"embeddable":true,"href":"https:\/\/www.diocese-belfort-montbeliard.fr\/charmont-montbeliard\/wp-json\/wp\/v2\/media\/3128"}],"wp:attachment":[{"href":"https:\/\/www.diocese-belfort-montbeliard.fr\/charmont-montbeliard\/wp-json\/wp\/v2\/media?parent=3126"}],"wp:term":[{"taxonomy":"category","embeddable":true,"href":"https:\/\/www.diocese-belfort-montbeliard.fr\/charmont-montbeliard\/wp-json\/wp\/v2\/categories?post=3126"},{"taxonomy":"post_tag","embeddable":true,"href":"https:\/\/www.diocese-belfort-montbeliard.fr\/charmont-montbeliard\/wp-json\/wp\/v2\/tags?post=3126"}],"curies":[{"name":"wp","href":"https:\/\/api.w.org\/{rel}","templated":true}]}}