{"id":437,"date":"0202-06-30T10:13:39","date_gmt":"0202-06-30T10:04:18","guid":{"rendered":"https:\/\/www.diocese-belfort-montbeliard.fr\/charmont-montbeliard\/?p=437"},"modified":"2025-06-25T06:49:56","modified_gmt":"2025-06-25T04:49:56","slug":"actualite","status":"publish","type":"post","link":"https:\/\/www.diocese-belfort-montbeliard.fr\/charmont-montbeliard\/actualites\/actualite\/","title":{"rendered":"Evadez-vous galerie photo"},"content":{"rendered":"\n<h4 class=\"wp-block-heading\">22 Juin 2025 : sortie \u00e0 <strong>Notre-Dame-de-Thierenbach<\/strong><\/h4>\n\n\n\n<figure class=\"wp-block-gallery has-nested-images columns-default is-cropped wp-block-gallery-1 is-layout-flex wp-block-gallery-is-layout-flex\">\n<figure class=\"wp-block-image size-large\"><img loading=\"lazy\" decoding=\"async\" width=\"1600\" height=\"738\" data-id=\"12086\" src=\"https:\/\/www.diocese-belfort-montbeliard.fr\/charmont-montbeliard\/wp-content\/uploads\/sites\/8\/0202\/06\/WhatsApp-Image-2025-06-23-at-22.46.54-5.jpeg\" alt=\"\" class=\"wp-image-12086\" srcset=\"https:\/\/www.diocese-belfort-montbeliard.fr\/charmont-montbeliard\/wp-content\/uploads\/sites\/8\/0202\/06\/WhatsApp-Image-2025-06-23-at-22.46.54-5.jpeg 1600w, https:\/\/www.diocese-belfort-montbeliard.fr\/charmont-montbeliard\/wp-content\/uploads\/sites\/8\/0202\/06\/WhatsApp-Image-2025-06-23-at-22.46.54-5-600x277.jpeg 600w, https:\/\/www.diocese-belfort-montbeliard.fr\/charmont-montbeliard\/wp-content\/uploads\/sites\/8\/0202\/06\/WhatsApp-Image-2025-06-23-at-22.46.54-5-768x354.jpeg 768w, https:\/\/www.diocese-belfort-montbeliard.fr\/charmont-montbeliard\/wp-content\/uploads\/sites\/8\/0202\/06\/WhatsApp-Image-2025-06-23-at-22.46.54-5-1536x708.jpeg 1536w\" sizes=\"auto, (max-width: 1600px) 100vw, 1600px\" \/><\/figure>\n\n\n\n<figure class=\"wp-block-image size-large\"><img loading=\"lazy\" decoding=\"async\" width=\"1600\" height=\"738\" data-id=\"12090\" src=\"https:\/\/www.diocese-belfort-montbeliard.fr\/charmont-montbeliard\/wp-content\/uploads\/sites\/8\/0202\/06\/WhatsApp-Image-2025-06-23-at-22.46.57-4.jpeg\" alt=\"\" class=\"wp-image-12090\" srcset=\"https:\/\/www.diocese-belfort-montbeliard.fr\/charmont-montbeliard\/wp-content\/uploads\/sites\/8\/0202\/06\/WhatsApp-Image-2025-06-23-at-22.46.57-4.jpeg 1600w, https:\/\/www.diocese-belfort-montbeliard.fr\/charmont-montbeliard\/wp-content\/uploads\/sites\/8\/0202\/06\/WhatsApp-Image-2025-06-23-at-22.46.57-4-600x277.jpeg 600w, https:\/\/www.diocese-belfort-montbeliard.fr\/charmont-montbeliard\/wp-content\/uploads\/sites\/8\/0202\/06\/WhatsApp-Image-2025-06-23-at-22.46.57-4-768x354.jpeg 768w, https:\/\/www.diocese-belfort-montbeliard.fr\/charmont-montbeliard\/wp-content\/uploads\/sites\/8\/0202\/06\/WhatsApp-Image-2025-06-23-at-22.46.57-4-1536x708.jpeg 1536w\" sizes=\"auto, (max-width: 1600px) 100vw, 1600px\" \/><\/figure>\n\n\n\n<figure class=\"wp-block-image size-large\"><img loading=\"lazy\" decoding=\"async\" width=\"498\" height=\"1080\" data-id=\"12087\" src=\"https:\/\/www.diocese-belfort-montbeliard.fr\/charmont-montbeliard\/wp-content\/uploads\/sites\/8\/0202\/06\/WhatsApp-Image-2025-06-23-at-22.46.58-5-498x1080.jpeg\" alt=\"\" class=\"wp-image-12087\" srcset=\"https:\/\/www.diocese-belfort-montbeliard.fr\/charmont-montbeliard\/wp-content\/uploads\/sites\/8\/0202\/06\/WhatsApp-Image-2025-06-23-at-22.46.58-5-498x1080.jpeg 498w, https:\/\/www.diocese-belfort-montbeliard.fr\/charmont-montbeliard\/wp-content\/uploads\/sites\/8\/0202\/06\/WhatsApp-Image-2025-06-23-at-22.46.58-5-277x600.jpeg 277w, https:\/\/www.diocese-belfort-montbeliard.fr\/charmont-montbeliard\/wp-content\/uploads\/sites\/8\/0202\/06\/WhatsApp-Image-2025-06-23-at-22.46.58-5-708x1536.jpeg 708w, https:\/\/www.diocese-belfort-montbeliard.fr\/charmont-montbeliard\/wp-content\/uploads\/sites\/8\/0202\/06\/WhatsApp-Image-2025-06-23-at-22.46.58-5.jpeg 738w\" sizes=\"auto, (max-width: 498px) 100vw, 498px\" \/><\/figure>\n\n\n\n<figure class=\"wp-block-image size-large\"><img loading=\"lazy\" decoding=\"async\" width=\"1600\" height=\"738\" data-id=\"12098\" src=\"https:\/\/www.diocese-belfort-montbeliard.fr\/charmont-montbeliard\/wp-content\/uploads\/sites\/8\/0202\/06\/WhatsApp-Image-2025-06-23-at-22.46.51-1.jpeg\" alt=\"\" class=\"wp-image-12098\" srcset=\"https:\/\/www.diocese-belfort-montbeliard.fr\/charmont-montbeliard\/wp-content\/uploads\/sites\/8\/0202\/06\/WhatsApp-Image-2025-06-23-at-22.46.51-1.jpeg 1600w, https:\/\/www.diocese-belfort-montbeliard.fr\/charmont-montbeliard\/wp-content\/uploads\/sites\/8\/0202\/06\/WhatsApp-Image-2025-06-23-at-22.46.51-1-600x277.jpeg 600w, https:\/\/www.diocese-belfort-montbeliard.fr\/charmont-montbeliard\/wp-content\/uploads\/sites\/8\/0202\/06\/WhatsApp-Image-2025-06-23-at-22.46.51-1-768x354.jpeg 768w, https:\/\/www.diocese-belfort-montbeliard.fr\/charmont-montbeliard\/wp-content\/uploads\/sites\/8\/0202\/06\/WhatsApp-Image-2025-06-23-at-22.46.51-1-1536x708.jpeg 1536w\" sizes=\"auto, (max-width: 1600px) 100vw, 1600px\" \/><\/figure>\n\n\n\n<figure class=\"wp-block-image size-large\"><img loading=\"lazy\" decoding=\"async\" width=\"1440\" height=\"1080\" data-id=\"12102\" src=\"https:\/\/www.diocese-belfort-montbeliard.fr\/charmont-montbeliard\/wp-content\/uploads\/sites\/8\/0202\/06\/WhatsApp-Image-2025-06-23-at-22.44.53-2-1440x1080.jpeg\" alt=\"\" class=\"wp-image-12102\" srcset=\"https:\/\/www.diocese-belfort-montbeliard.fr\/charmont-montbeliard\/wp-content\/uploads\/sites\/8\/0202\/06\/WhatsApp-Image-2025-06-23-at-22.44.53-2-1440x1080.jpeg 1440w, https:\/\/www.diocese-belfort-montbeliard.fr\/charmont-montbeliard\/wp-content\/uploads\/sites\/8\/0202\/06\/WhatsApp-Image-2025-06-23-at-22.44.53-2-600x450.jpeg 600w, https:\/\/www.diocese-belfort-montbeliard.fr\/charmont-montbeliard\/wp-content\/uploads\/sites\/8\/0202\/06\/WhatsApp-Image-2025-06-23-at-22.44.53-2-768x576.jpeg 768w, https:\/\/www.diocese-belfort-montbeliard.fr\/charmont-montbeliard\/wp-content\/uploads\/sites\/8\/0202\/06\/WhatsApp-Image-2025-06-23-at-22.44.53-2-1536x1152.jpeg 1536w, https:\/\/www.diocese-belfort-montbeliard.fr\/charmont-montbeliard\/wp-content\/uploads\/sites\/8\/0202\/06\/WhatsApp-Image-2025-06-23-at-22.44.53-2.jpeg 1600w\" sizes=\"auto, (max-width: 1440px) 100vw, 1440px\" \/><\/figure>\n\n\n\n<figure class=\"wp-block-image size-large\"><img loading=\"lazy\" decoding=\"async\" width=\"498\" height=\"1080\" data-id=\"12096\" src=\"https:\/\/www.diocese-belfort-montbeliard.fr\/charmont-montbeliard\/wp-content\/uploads\/sites\/8\/0202\/06\/WhatsApp-Image-2025-06-23-at-22.46.52-2-498x1080.jpeg\" alt=\"\" class=\"wp-image-12096\" srcset=\"https:\/\/www.diocese-belfort-montbeliard.fr\/charmont-montbeliard\/wp-content\/uploads\/sites\/8\/0202\/06\/WhatsApp-Image-2025-06-23-at-22.46.52-2-498x1080.jpeg 498w, https:\/\/www.diocese-belfort-montbeliard.fr\/charmont-montbeliard\/wp-content\/uploads\/sites\/8\/0202\/06\/WhatsApp-Image-2025-06-23-at-22.46.52-2-277x600.jpeg 277w, https:\/\/www.diocese-belfort-montbeliard.fr\/charmont-montbeliard\/wp-content\/uploads\/sites\/8\/0202\/06\/WhatsApp-Image-2025-06-23-at-22.46.52-2-708x1536.jpeg 708w, https:\/\/www.diocese-belfort-montbeliard.fr\/charmont-montbeliard\/wp-content\/uploads\/sites\/8\/0202\/06\/WhatsApp-Image-2025-06-23-at-22.46.52-2.jpeg 738w\" sizes=\"auto, (max-width: 498px) 100vw, 498px\" \/><\/figure>\n\n\n\n<figure class=\"wp-block-image size-large\"><img loading=\"lazy\" decoding=\"async\" width=\"1600\" height=\"738\" data-id=\"12094\" src=\"https:\/\/www.diocese-belfort-montbeliard.fr\/charmont-montbeliard\/wp-content\/uploads\/sites\/8\/0202\/06\/WhatsApp-Image-2025-06-23-at-22.46.53-3.jpeg\" alt=\"\" class=\"wp-image-12094\" srcset=\"https:\/\/www.diocese-belfort-montbeliard.fr\/charmont-montbeliard\/wp-content\/uploads\/sites\/8\/0202\/06\/WhatsApp-Image-2025-06-23-at-22.46.53-3.jpeg 1600w, https:\/\/www.diocese-belfort-montbeliard.fr\/charmont-montbeliard\/wp-content\/uploads\/sites\/8\/0202\/06\/WhatsApp-Image-2025-06-23-at-22.46.53-3-600x277.jpeg 600w, https:\/\/www.diocese-belfort-montbeliard.fr\/charmont-montbeliard\/wp-content\/uploads\/sites\/8\/0202\/06\/WhatsApp-Image-2025-06-23-at-22.46.53-3-768x354.jpeg 768w, https:\/\/www.diocese-belfort-montbeliard.fr\/charmont-montbeliard\/wp-content\/uploads\/sites\/8\/0202\/06\/WhatsApp-Image-2025-06-23-at-22.46.53-3-1536x708.jpeg 1536w\" sizes=\"auto, (max-width: 1600px) 100vw, 1600px\" \/><\/figure>\n\n\n\n<figure class=\"wp-block-image size-large\"><img loading=\"lazy\" decoding=\"async\" width=\"1600\" height=\"738\" data-id=\"12089\" src=\"https:\/\/www.diocese-belfort-montbeliard.fr\/charmont-montbeliard\/wp-content\/uploads\/sites\/8\/0202\/06\/WhatsApp-Image-2025-06-23-at-22.46.57-3.jpeg\" alt=\"\" class=\"wp-image-12089\" srcset=\"https:\/\/www.diocese-belfort-montbeliard.fr\/charmont-montbeliard\/wp-content\/uploads\/sites\/8\/0202\/06\/WhatsApp-Image-2025-06-23-at-22.46.57-3.jpeg 1600w, https:\/\/www.diocese-belfort-montbeliard.fr\/charmont-montbeliard\/wp-content\/uploads\/sites\/8\/0202\/06\/WhatsApp-Image-2025-06-23-at-22.46.57-3-600x277.jpeg 600w, https:\/\/www.diocese-belfort-montbeliard.fr\/charmont-montbeliard\/wp-content\/uploads\/sites\/8\/0202\/06\/WhatsApp-Image-2025-06-23-at-22.46.57-3-768x354.jpeg 768w, https:\/\/www.diocese-belfort-montbeliard.fr\/charmont-montbeliard\/wp-content\/uploads\/sites\/8\/0202\/06\/WhatsApp-Image-2025-06-23-at-22.46.57-3-1536x708.jpeg 1536w\" sizes=\"auto, (max-width: 1600px) 100vw, 1600px\" \/><\/figure>\n\n\n\n<figure class=\"wp-block-image size-large\"><img loading=\"lazy\" decoding=\"async\" width=\"1600\" height=\"900\" data-id=\"12100\" src=\"https:\/\/www.diocese-belfort-montbeliard.fr\/charmont-montbeliard\/wp-content\/uploads\/sites\/8\/0202\/06\/WhatsApp-Image-2025-06-23-at-22.46.49.jpeg\" alt=\"\" class=\"wp-image-12100\" srcset=\"https:\/\/www.diocese-belfort-montbeliard.fr\/charmont-montbeliard\/wp-content\/uploads\/sites\/8\/0202\/06\/WhatsApp-Image-2025-06-23-at-22.46.49.jpeg 1600w, https:\/\/www.diocese-belfort-montbeliard.fr\/charmont-montbeliard\/wp-content\/uploads\/sites\/8\/0202\/06\/WhatsApp-Image-2025-06-23-at-22.46.49-600x338.jpeg 600w, https:\/\/www.diocese-belfort-montbeliard.fr\/charmont-montbeliard\/wp-content\/uploads\/sites\/8\/0202\/06\/WhatsApp-Image-2025-06-23-at-22.46.49-768x432.jpeg 768w, https:\/\/www.diocese-belfort-montbeliard.fr\/charmont-montbeliard\/wp-content\/uploads\/sites\/8\/0202\/06\/WhatsApp-Image-2025-06-23-at-22.46.49-1536x864.jpeg 1536w\" sizes=\"auto, (max-width: 1600px) 100vw, 1600px\" \/><\/figure>\n\n\n\n<figure class=\"wp-block-image size-large\"><img loading=\"lazy\" decoding=\"async\" width=\"1440\" height=\"1080\" data-id=\"12104\" src=\"https:\/\/www.diocese-belfort-montbeliard.fr\/charmont-montbeliard\/wp-content\/uploads\/sites\/8\/0202\/06\/WhatsApp-Image-2025-06-23-at-22.44.53-1-1440x1080.jpeg\" alt=\"\" class=\"wp-image-12104\" srcset=\"https:\/\/www.diocese-belfort-montbeliard.fr\/charmont-montbeliard\/wp-content\/uploads\/sites\/8\/0202\/06\/WhatsApp-Image-2025-06-23-at-22.44.53-1-1440x1080.jpeg 1440w, https:\/\/www.diocese-belfort-montbeliard.fr\/charmont-montbeliard\/wp-content\/uploads\/sites\/8\/0202\/06\/WhatsApp-Image-2025-06-23-at-22.44.53-1-600x450.jpeg 600w, https:\/\/www.diocese-belfort-montbeliard.fr\/charmont-montbeliard\/wp-content\/uploads\/sites\/8\/0202\/06\/WhatsApp-Image-2025-06-23-at-22.44.53-1-768x576.jpeg 768w, https:\/\/www.diocese-belfort-montbeliard.fr\/charmont-montbeliard\/wp-content\/uploads\/sites\/8\/0202\/06\/WhatsApp-Image-2025-06-23-at-22.44.53-1-1536x1152.jpeg 1536w, https:\/\/www.diocese-belfort-montbeliard.fr\/charmont-montbeliard\/wp-content\/uploads\/sites\/8\/0202\/06\/WhatsApp-Image-2025-06-23-at-22.44.53-1.jpeg 1600w\" sizes=\"auto, (max-width: 1440px) 100vw, 1440px\" \/><\/figure>\n\n\n\n<figure class=\"wp-block-image size-large\"><img loading=\"lazy\" decoding=\"async\" width=\"1440\" height=\"1080\" data-id=\"12103\" src=\"https:\/\/www.diocese-belfort-montbeliard.fr\/charmont-montbeliard\/wp-content\/uploads\/sites\/8\/0202\/06\/WhatsApp-Image-2025-06-23-at-22.46.50-3-1440x1080.jpeg\" alt=\"\" class=\"wp-image-12103\" srcset=\"https:\/\/www.diocese-belfort-montbeliard.fr\/charmont-montbeliard\/wp-content\/uploads\/sites\/8\/0202\/06\/WhatsApp-Image-2025-06-23-at-22.46.50-3-1440x1080.jpeg 1440w, https:\/\/www.diocese-belfort-montbeliard.fr\/charmont-montbeliard\/wp-content\/uploads\/sites\/8\/0202\/06\/WhatsApp-Image-2025-06-23-at-22.46.50-3-600x450.jpeg 600w, https:\/\/www.diocese-belfort-montbeliard.fr\/charmont-montbeliard\/wp-content\/uploads\/sites\/8\/0202\/06\/WhatsApp-Image-2025-06-23-at-22.46.50-3-768x576.jpeg 768w, https:\/\/www.diocese-belfort-montbeliard.fr\/charmont-montbeliard\/wp-content\/uploads\/sites\/8\/0202\/06\/WhatsApp-Image-2025-06-23-at-22.46.50-3-1536x1152.jpeg 1536w, https:\/\/www.diocese-belfort-montbeliard.fr\/charmont-montbeliard\/wp-content\/uploads\/sites\/8\/0202\/06\/WhatsApp-Image-2025-06-23-at-22.46.50-3.jpeg 2048w\" sizes=\"auto, (max-width: 1440px) 100vw, 1440px\" \/><\/figure>\n\n\n\n<figure class=\"wp-block-image size-large\"><img loading=\"lazy\" decoding=\"async\" width=\"1600\" height=\"738\" data-id=\"12093\" src=\"https:\/\/www.diocese-belfort-montbeliard.fr\/charmont-montbeliard\/wp-content\/uploads\/sites\/8\/0202\/06\/WhatsApp-Image-2025-06-23-at-22.46.57-2.jpeg\" alt=\"\" class=\"wp-image-12093\" srcset=\"https:\/\/www.diocese-belfort-montbeliard.fr\/charmont-montbeliard\/wp-content\/uploads\/sites\/8\/0202\/06\/WhatsApp-Image-2025-06-23-at-22.46.57-2.jpeg 1600w, https:\/\/www.diocese-belfort-montbeliard.fr\/charmont-montbeliard\/wp-content\/uploads\/sites\/8\/0202\/06\/WhatsApp-Image-2025-06-23-at-22.46.57-2-600x277.jpeg 600w, https:\/\/www.diocese-belfort-montbeliard.fr\/charmont-montbeliard\/wp-content\/uploads\/sites\/8\/0202\/06\/WhatsApp-Image-2025-06-23-at-22.46.57-2-768x354.jpeg 768w, https:\/\/www.diocese-belfort-montbeliard.fr\/charmont-montbeliard\/wp-content\/uploads\/sites\/8\/0202\/06\/WhatsApp-Image-2025-06-23-at-22.46.57-2-1536x708.jpeg 1536w\" sizes=\"auto, (max-width: 1600px) 100vw, 1600px\" \/><\/figure>\n\n\n\n<figure class=\"wp-block-image size-large\"><img loading=\"lazy\" decoding=\"async\" width=\"1600\" height=\"738\" data-id=\"12097\" src=\"https:\/\/www.diocese-belfort-montbeliard.fr\/charmont-montbeliard\/wp-content\/uploads\/sites\/8\/0202\/06\/WhatsApp-Image-2025-06-23-at-22.46.54.jpeg\" alt=\"\" class=\"wp-image-12097\" srcset=\"https:\/\/www.diocese-belfort-montbeliard.fr\/charmont-montbeliard\/wp-content\/uploads\/sites\/8\/0202\/06\/WhatsApp-Image-2025-06-23-at-22.46.54.jpeg 1600w, https:\/\/www.diocese-belfort-montbeliard.fr\/charmont-montbeliard\/wp-content\/uploads\/sites\/8\/0202\/06\/WhatsApp-Image-2025-06-23-at-22.46.54-600x277.jpeg 600w, https:\/\/www.diocese-belfort-montbeliard.fr\/charmont-montbeliard\/wp-content\/uploads\/sites\/8\/0202\/06\/WhatsApp-Image-2025-06-23-at-22.46.54-768x354.jpeg 768w, https:\/\/www.diocese-belfort-montbeliard.fr\/charmont-montbeliard\/wp-content\/uploads\/sites\/8\/0202\/06\/WhatsApp-Image-2025-06-23-at-22.46.54-1536x708.jpeg 1536w\" sizes=\"auto, (max-width: 1600px) 100vw, 1600px\" \/><\/figure>\n\n\n\n<figure class=\"wp-block-image size-large\"><img loading=\"lazy\" decoding=\"async\" width=\"1600\" height=\"738\" data-id=\"12088\" src=\"https:\/\/www.diocese-belfort-montbeliard.fr\/charmont-montbeliard\/wp-content\/uploads\/sites\/8\/0202\/06\/WhatsApp-Image-2025-06-23-at-22.46.53.jpeg\" alt=\"\" class=\"wp-image-12088\" srcset=\"https:\/\/www.diocese-belfort-montbeliard.fr\/charmont-montbeliard\/wp-content\/uploads\/sites\/8\/0202\/06\/WhatsApp-Image-2025-06-23-at-22.46.53.jpeg 1600w, https:\/\/www.diocese-belfort-montbeliard.fr\/charmont-montbeliard\/wp-content\/uploads\/sites\/8\/0202\/06\/WhatsApp-Image-2025-06-23-at-22.46.53-600x277.jpeg 600w, https:\/\/www.diocese-belfort-montbeliard.fr\/charmont-montbeliard\/wp-content\/uploads\/sites\/8\/0202\/06\/WhatsApp-Image-2025-06-23-at-22.46.53-768x354.jpeg 768w, https:\/\/www.diocese-belfort-montbeliard.fr\/charmont-montbeliard\/wp-content\/uploads\/sites\/8\/0202\/06\/WhatsApp-Image-2025-06-23-at-22.46.53-1536x708.jpeg 1536w\" sizes=\"auto, (max-width: 1600px) 100vw, 1600px\" \/><\/figure>\n\n\n\n<figure class=\"wp-block-image size-large\"><img loading=\"lazy\" decoding=\"async\" width=\"1600\" height=\"738\" data-id=\"12092\" src=\"https:\/\/www.diocese-belfort-montbeliard.fr\/charmont-montbeliard\/wp-content\/uploads\/sites\/8\/0202\/06\/WhatsApp-Image-2025-06-23-at-22.46.53-1.jpeg\" alt=\"\" class=\"wp-image-12092\" srcset=\"https:\/\/www.diocese-belfort-montbeliard.fr\/charmont-montbeliard\/wp-content\/uploads\/sites\/8\/0202\/06\/WhatsApp-Image-2025-06-23-at-22.46.53-1.jpeg 1600w, https:\/\/www.diocese-belfort-montbeliard.fr\/charmont-montbeliard\/wp-content\/uploads\/sites\/8\/0202\/06\/WhatsApp-Image-2025-06-23-at-22.46.53-1-600x277.jpeg 600w, https:\/\/www.diocese-belfort-montbeliard.fr\/charmont-montbeliard\/wp-content\/uploads\/sites\/8\/0202\/06\/WhatsApp-Image-2025-06-23-at-22.46.53-1-768x354.jpeg 768w, https:\/\/www.diocese-belfort-montbeliard.fr\/charmont-montbeliard\/wp-content\/uploads\/sites\/8\/0202\/06\/WhatsApp-Image-2025-06-23-at-22.46.53-1-1536x708.jpeg 1536w\" sizes=\"auto, (max-width: 1600px) 100vw, 1600px\" \/><\/figure>\n\n\n\n<figure class=\"wp-block-image size-large\"><img loading=\"lazy\" decoding=\"async\" width=\"1600\" height=\"738\" data-id=\"12095\" src=\"https:\/\/www.diocese-belfort-montbeliard.fr\/charmont-montbeliard\/wp-content\/uploads\/sites\/8\/0202\/06\/WhatsApp-Image-2025-06-23-at-22.46.51.jpeg\" alt=\"\" class=\"wp-image-12095\" srcset=\"https:\/\/www.diocese-belfort-montbeliard.fr\/charmont-montbeliard\/wp-content\/uploads\/sites\/8\/0202\/06\/WhatsApp-Image-2025-06-23-at-22.46.51.jpeg 1600w, https:\/\/www.diocese-belfort-montbeliard.fr\/charmont-montbeliard\/wp-content\/uploads\/sites\/8\/0202\/06\/WhatsApp-Image-2025-06-23-at-22.46.51-600x277.jpeg 600w, https:\/\/www.diocese-belfort-montbeliard.fr\/charmont-montbeliard\/wp-content\/uploads\/sites\/8\/0202\/06\/WhatsApp-Image-2025-06-23-at-22.46.51-768x354.jpeg 768w, https:\/\/www.diocese-belfort-montbeliard.fr\/charmont-montbeliard\/wp-content\/uploads\/sites\/8\/0202\/06\/WhatsApp-Image-2025-06-23-at-22.46.51-1536x708.jpeg 1536w\" sizes=\"auto, (max-width: 1600px) 100vw, 1600px\" \/><\/figure>\n\n\n\n<figure class=\"wp-block-image size-large\"><img loading=\"lazy\" decoding=\"async\" width=\"1600\" height=\"900\" data-id=\"12099\" src=\"https:\/\/www.diocese-belfort-montbeliard.fr\/charmont-montbeliard\/wp-content\/uploads\/sites\/8\/0202\/06\/WhatsApp-Image-2025-06-23-at-22.46.50.jpeg\" alt=\"\" class=\"wp-image-12099\" srcset=\"https:\/\/www.diocese-belfort-montbeliard.fr\/charmont-montbeliard\/wp-content\/uploads\/sites\/8\/0202\/06\/WhatsApp-Image-2025-06-23-at-22.46.50.jpeg 1600w, https:\/\/www.diocese-belfort-montbeliard.fr\/charmont-montbeliard\/wp-content\/uploads\/sites\/8\/0202\/06\/WhatsApp-Image-2025-06-23-at-22.46.50-600x338.jpeg 600w, https:\/\/www.diocese-belfort-montbeliard.fr\/charmont-montbeliard\/wp-content\/uploads\/sites\/8\/0202\/06\/WhatsApp-Image-2025-06-23-at-22.46.50-768x432.jpeg 768w, https:\/\/www.diocese-belfort-montbeliard.fr\/charmont-montbeliard\/wp-content\/uploads\/sites\/8\/0202\/06\/WhatsApp-Image-2025-06-23-at-22.46.50-1536x864.jpeg 1536w\" sizes=\"auto, (max-width: 1600px) 100vw, 1600px\" \/><\/figure>\n\n\n\n<figure class=\"wp-block-image size-large\"><img loading=\"lazy\" decoding=\"async\" width=\"1600\" height=\"738\" data-id=\"12091\" src=\"https:\/\/www.diocese-belfort-montbeliard.fr\/charmont-montbeliard\/wp-content\/uploads\/sites\/8\/0202\/06\/WhatsApp-Image-2025-06-23-at-22.46.58-6.jpeg\" alt=\"\" class=\"wp-image-12091\" srcset=\"https:\/\/www.diocese-belfort-montbeliard.fr\/charmont-montbeliard\/wp-content\/uploads\/sites\/8\/0202\/06\/WhatsApp-Image-2025-06-23-at-22.46.58-6.jpeg 1600w, https:\/\/www.diocese-belfort-montbeliard.fr\/charmont-montbeliard\/wp-content\/uploads\/sites\/8\/0202\/06\/WhatsApp-Image-2025-06-23-at-22.46.58-6-600x277.jpeg 600w, https:\/\/www.diocese-belfort-montbeliard.fr\/charmont-montbeliard\/wp-content\/uploads\/sites\/8\/0202\/06\/WhatsApp-Image-2025-06-23-at-22.46.58-6-768x354.jpeg 768w, https:\/\/www.diocese-belfort-montbeliard.fr\/charmont-montbeliard\/wp-content\/uploads\/sites\/8\/0202\/06\/WhatsApp-Image-2025-06-23-at-22.46.58-6-1536x708.jpeg 1536w\" sizes=\"auto, (max-width: 1600px) 100vw, 1600px\" \/><\/figure>\n<\/figure>\n\n\n\n<h4 class=\"wp-block-heading\">23 Juin 2024 : sortie \u00e0 Consolation<\/h4>\n\n\n\n<figure class=\"wp-block-gallery has-nested-images columns-5 wp-block-gallery-2 is-layout-flex wp-block-gallery-is-layout-flex\">\n<figure class=\"wp-block-image size-large\"><img loading=\"lazy\" decoding=\"async\" width=\"1920\" height=\"1080\" data-id=\"9939\" src=\"https:\/\/www.diocese-belfort-montbeliard.fr\/charmont-montbeliard\/wp-content\/uploads\/sites\/8\/2024\/06\/P1002400-1920x1080.jpg\" alt=\"\" class=\"wp-image-9939\" srcset=\"https:\/\/www.diocese-belfort-montbeliard.fr\/charmont-montbeliard\/wp-content\/uploads\/sites\/8\/2024\/06\/P1002400-1920x1080.jpg 1920w, https:\/\/www.diocese-belfort-montbeliard.fr\/charmont-montbeliard\/wp-content\/uploads\/sites\/8\/2024\/06\/P1002400-600x338.jpg 600w, https:\/\/www.diocese-belfort-montbeliard.fr\/charmont-montbeliard\/wp-content\/uploads\/sites\/8\/2024\/06\/P1002400-768x432.jpg 768w, https:\/\/www.diocese-belfort-montbeliard.fr\/charmont-montbeliard\/wp-content\/uploads\/sites\/8\/2024\/06\/P1002400-1536x865.jpg 1536w, https:\/\/www.diocese-belfort-montbeliard.fr\/charmont-montbeliard\/wp-content\/uploads\/sites\/8\/2024\/06\/P1002400-2048x1153.jpg 2048w\" sizes=\"auto, (max-width: 1920px) 100vw, 1920px\" \/><\/figure>\n\n\n\n<figure class=\"wp-block-image size-large\"><img loading=\"lazy\" decoding=\"async\" width=\"1920\" height=\"1080\" data-id=\"9938\" src=\"https:\/\/www.diocese-belfort-montbeliard.fr\/charmont-montbeliard\/wp-content\/uploads\/sites\/8\/2024\/06\/P1002401-1920x1080.jpg\" alt=\"\" class=\"wp-image-9938\" srcset=\"https:\/\/www.diocese-belfort-montbeliard.fr\/charmont-montbeliard\/wp-content\/uploads\/sites\/8\/2024\/06\/P1002401-1920x1080.jpg 1920w, https:\/\/www.diocese-belfort-montbeliard.fr\/charmont-montbeliard\/wp-content\/uploads\/sites\/8\/2024\/06\/P1002401-600x338.jpg 600w, https:\/\/www.diocese-belfort-montbeliard.fr\/charmont-montbeliard\/wp-content\/uploads\/sites\/8\/2024\/06\/P1002401-768x432.jpg 768w, https:\/\/www.diocese-belfort-montbeliard.fr\/charmont-montbeliard\/wp-content\/uploads\/sites\/8\/2024\/06\/P1002401-1536x865.jpg 1536w, https:\/\/www.diocese-belfort-montbeliard.fr\/charmont-montbeliard\/wp-content\/uploads\/sites\/8\/2024\/06\/P1002401-2048x1153.jpg 2048w\" sizes=\"auto, (max-width: 1920px) 100vw, 1920px\" \/><\/figure>\n\n\n\n<figure class=\"wp-block-image size-large\"><img loading=\"lazy\" decoding=\"async\" width=\"1920\" height=\"1080\" data-id=\"9948\" src=\"https:\/\/www.diocese-belfort-montbeliard.fr\/charmont-montbeliard\/wp-content\/uploads\/sites\/8\/2024\/06\/P1002402-1920x1080.jpg\" alt=\"\" class=\"wp-image-9948\" srcset=\"https:\/\/www.diocese-belfort-montbeliard.fr\/charmont-montbeliard\/wp-content\/uploads\/sites\/8\/2024\/06\/P1002402-1920x1080.jpg 1920w, https:\/\/www.diocese-belfort-montbeliard.fr\/charmont-montbeliard\/wp-content\/uploads\/sites\/8\/2024\/06\/P1002402-600x338.jpg 600w, https:\/\/www.diocese-belfort-montbeliard.fr\/charmont-montbeliard\/wp-content\/uploads\/sites\/8\/2024\/06\/P1002402-768x432.jpg 768w, https:\/\/www.diocese-belfort-montbeliard.fr\/charmont-montbeliard\/wp-content\/uploads\/sites\/8\/2024\/06\/P1002402-1536x865.jpg 1536w, https:\/\/www.diocese-belfort-montbeliard.fr\/charmont-montbeliard\/wp-content\/uploads\/sites\/8\/2024\/06\/P1002402-2048x1153.jpg 2048w\" sizes=\"auto, (max-width: 1920px) 100vw, 1920px\" \/><\/figure>\n\n\n\n<figure class=\"wp-block-image size-large\"><img loading=\"lazy\" decoding=\"async\" width=\"1920\" height=\"1080\" data-id=\"9957\" src=\"https:\/\/www.diocese-belfort-montbeliard.fr\/charmont-montbeliard\/wp-content\/uploads\/sites\/8\/2024\/06\/P1002403-1920x1080.jpg\" alt=\"\" class=\"wp-image-9957\" srcset=\"https:\/\/www.diocese-belfort-montbeliard.fr\/charmont-montbeliard\/wp-content\/uploads\/sites\/8\/2024\/06\/P1002403-1920x1080.jpg 1920w, https:\/\/www.diocese-belfort-montbeliard.fr\/charmont-montbeliard\/wp-content\/uploads\/sites\/8\/2024\/06\/P1002403-600x338.jpg 600w, https:\/\/www.diocese-belfort-montbeliard.fr\/charmont-montbeliard\/wp-content\/uploads\/sites\/8\/2024\/06\/P1002403-768x432.jpg 768w, https:\/\/www.diocese-belfort-montbeliard.fr\/charmont-montbeliard\/wp-content\/uploads\/sites\/8\/2024\/06\/P1002403-1536x865.jpg 1536w, https:\/\/www.diocese-belfort-montbeliard.fr\/charmont-montbeliard\/wp-content\/uploads\/sites\/8\/2024\/06\/P1002403-2048x1153.jpg 2048w\" sizes=\"auto, (max-width: 1920px) 100vw, 1920px\" \/><\/figure>\n\n\n\n<figure class=\"wp-block-image size-large\"><img loading=\"lazy\" decoding=\"async\" width=\"608\" height=\"1080\" data-id=\"9945\" src=\"https:\/\/www.diocese-belfort-montbeliard.fr\/charmont-montbeliard\/wp-content\/uploads\/sites\/8\/2024\/06\/P1002404-608x1080.jpg\" alt=\"\" class=\"wp-image-9945\" srcset=\"https:\/\/www.diocese-belfort-montbeliard.fr\/charmont-montbeliard\/wp-content\/uploads\/sites\/8\/2024\/06\/P1002404-608x1080.jpg 608w, https:\/\/www.diocese-belfort-montbeliard.fr\/charmont-montbeliard\/wp-content\/uploads\/sites\/8\/2024\/06\/P1002404-338x600.jpg 338w, https:\/\/www.diocese-belfort-montbeliard.fr\/charmont-montbeliard\/wp-content\/uploads\/sites\/8\/2024\/06\/P1002404-768x1364.jpg 768w, https:\/\/www.diocese-belfort-montbeliard.fr\/charmont-montbeliard\/wp-content\/uploads\/sites\/8\/2024\/06\/P1002404-865x1536.jpg 865w, https:\/\/www.diocese-belfort-montbeliard.fr\/charmont-montbeliard\/wp-content\/uploads\/sites\/8\/2024\/06\/P1002404-1153x2048.jpg 1153w, https:\/\/www.diocese-belfort-montbeliard.fr\/charmont-montbeliard\/wp-content\/uploads\/sites\/8\/2024\/06\/P1002404.jpg 1351w\" sizes=\"auto, (max-width: 608px) 100vw, 608px\" \/><\/figure>\n\n\n\n<figure class=\"wp-block-image size-large\"><img loading=\"lazy\" decoding=\"async\" width=\"1920\" height=\"1080\" data-id=\"9981\" src=\"https:\/\/www.diocese-belfort-montbeliard.fr\/charmont-montbeliard\/wp-content\/uploads\/sites\/8\/2024\/06\/P1002405-1920x1080.jpg\" alt=\"\" class=\"wp-image-9981\" srcset=\"https:\/\/www.diocese-belfort-montbeliard.fr\/charmont-montbeliard\/wp-content\/uploads\/sites\/8\/2024\/06\/P1002405-1920x1080.jpg 1920w, https:\/\/www.diocese-belfort-montbeliard.fr\/charmont-montbeliard\/wp-content\/uploads\/sites\/8\/2024\/06\/P1002405-600x338.jpg 600w, https:\/\/www.diocese-belfort-montbeliard.fr\/charmont-montbeliard\/wp-content\/uploads\/sites\/8\/2024\/06\/P1002405-768x432.jpg 768w, https:\/\/www.diocese-belfort-montbeliard.fr\/charmont-montbeliard\/wp-content\/uploads\/sites\/8\/2024\/06\/P1002405-1536x865.jpg 1536w, https:\/\/www.diocese-belfort-montbeliard.fr\/charmont-montbeliard\/wp-content\/uploads\/sites\/8\/2024\/06\/P1002405-2048x1153.jpg 2048w\" sizes=\"auto, (max-width: 1920px) 100vw, 1920px\" \/><\/figure>\n\n\n\n<figure class=\"wp-block-image size-large\"><img loading=\"lazy\" decoding=\"async\" width=\"1920\" height=\"1080\" data-id=\"10012\" src=\"https:\/\/www.diocese-belfort-montbeliard.fr\/charmont-montbeliard\/wp-content\/uploads\/sites\/8\/2024\/06\/P1002406-1920x1080.jpg\" alt=\"\" class=\"wp-image-10012\" srcset=\"https:\/\/www.diocese-belfort-montbeliard.fr\/charmont-montbeliard\/wp-content\/uploads\/sites\/8\/2024\/06\/P1002406-1920x1080.jpg 1920w, https:\/\/www.diocese-belfort-montbeliard.fr\/charmont-montbeliard\/wp-content\/uploads\/sites\/8\/2024\/06\/P1002406-600x338.jpg 600w, https:\/\/www.diocese-belfort-montbeliard.fr\/charmont-montbeliard\/wp-content\/uploads\/sites\/8\/2024\/06\/P1002406-768x432.jpg 768w, https:\/\/www.diocese-belfort-montbeliard.fr\/charmont-montbeliard\/wp-content\/uploads\/sites\/8\/2024\/06\/P1002406-1536x865.jpg 1536w, https:\/\/www.diocese-belfort-montbeliard.fr\/charmont-montbeliard\/wp-content\/uploads\/sites\/8\/2024\/06\/P1002406-2048x1153.jpg 2048w\" sizes=\"auto, (max-width: 1920px) 100vw, 1920px\" \/><\/figure>\n\n\n\n<figure class=\"wp-block-image size-large\"><img loading=\"lazy\" decoding=\"async\" width=\"1920\" height=\"1080\" data-id=\"10026\" src=\"https:\/\/www.diocese-belfort-montbeliard.fr\/charmont-montbeliard\/wp-content\/uploads\/sites\/8\/2024\/06\/P1002407-1920x1080.jpg\" alt=\"\" class=\"wp-image-10026\" srcset=\"https:\/\/www.diocese-belfort-montbeliard.fr\/charmont-montbeliard\/wp-content\/uploads\/sites\/8\/2024\/06\/P1002407-1920x1080.jpg 1920w, https:\/\/www.diocese-belfort-montbeliard.fr\/charmont-montbeliard\/wp-content\/uploads\/sites\/8\/2024\/06\/P1002407-600x338.jpg 600w, https:\/\/www.diocese-belfort-montbeliard.fr\/charmont-montbeliard\/wp-content\/uploads\/sites\/8\/2024\/06\/P1002407-768x432.jpg 768w, https:\/\/www.diocese-belfort-montbeliard.fr\/charmont-montbeliard\/wp-content\/uploads\/sites\/8\/2024\/06\/P1002407-1536x865.jpg 1536w, https:\/\/www.diocese-belfort-montbeliard.fr\/charmont-montbeliard\/wp-content\/uploads\/sites\/8\/2024\/06\/P1002407-2048x1153.jpg 2048w\" sizes=\"auto, (max-width: 1920px) 100vw, 1920px\" \/><\/figure>\n\n\n\n<figure class=\"wp-block-image size-large\"><img loading=\"lazy\" decoding=\"async\" width=\"1920\" height=\"1080\" data-id=\"9960\" src=\"https:\/\/www.diocese-belfort-montbeliard.fr\/charmont-montbeliard\/wp-content\/uploads\/sites\/8\/2024\/06\/P1002408-1920x1080.jpg\" alt=\"\" class=\"wp-image-9960\" srcset=\"https:\/\/www.diocese-belfort-montbeliard.fr\/charmont-montbeliard\/wp-content\/uploads\/sites\/8\/2024\/06\/P1002408-1920x1080.jpg 1920w, https:\/\/www.diocese-belfort-montbeliard.fr\/charmont-montbeliard\/wp-content\/uploads\/sites\/8\/2024\/06\/P1002408-600x338.jpg 600w, https:\/\/www.diocese-belfort-montbeliard.fr\/charmont-montbeliard\/wp-content\/uploads\/sites\/8\/2024\/06\/P1002408-768x432.jpg 768w, https:\/\/www.diocese-belfort-montbeliard.fr\/charmont-montbeliard\/wp-content\/uploads\/sites\/8\/2024\/06\/P1002408-1536x865.jpg 1536w, https:\/\/www.diocese-belfort-montbeliard.fr\/charmont-montbeliard\/wp-content\/uploads\/sites\/8\/2024\/06\/P1002408-2048x1153.jpg 2048w\" sizes=\"auto, (max-width: 1920px) 100vw, 1920px\" \/><\/figure>\n\n\n\n<figure class=\"wp-block-image size-large\"><img loading=\"lazy\" decoding=\"async\" width=\"1920\" height=\"1080\" data-id=\"10018\" src=\"https:\/\/www.diocese-belfort-montbeliard.fr\/charmont-montbeliard\/wp-content\/uploads\/sites\/8\/2024\/06\/P1002409-1920x1080.jpg\" alt=\"\" class=\"wp-image-10018\" srcset=\"https:\/\/www.diocese-belfort-montbeliard.fr\/charmont-montbeliard\/wp-content\/uploads\/sites\/8\/2024\/06\/P1002409-1920x1080.jpg 1920w, https:\/\/www.diocese-belfort-montbeliard.fr\/charmont-montbeliard\/wp-content\/uploads\/sites\/8\/2024\/06\/P1002409-600x338.jpg 600w, https:\/\/www.diocese-belfort-montbeliard.fr\/charmont-montbeliard\/wp-content\/uploads\/sites\/8\/2024\/06\/P1002409-768x432.jpg 768w, https:\/\/www.diocese-belfort-montbeliard.fr\/charmont-montbeliard\/wp-content\/uploads\/sites\/8\/2024\/06\/P1002409-1536x865.jpg 1536w, https:\/\/www.diocese-belfort-montbeliard.fr\/charmont-montbeliard\/wp-content\/uploads\/sites\/8\/2024\/06\/P1002409-2048x1153.jpg 2048w\" sizes=\"auto, (max-width: 1920px) 100vw, 1920px\" \/><\/figure>\n\n\n\n<figure class=\"wp-block-image size-large\"><img loading=\"lazy\" decoding=\"async\" width=\"1920\" height=\"1080\" data-id=\"10006\" src=\"https:\/\/www.diocese-belfort-montbeliard.fr\/charmont-montbeliard\/wp-content\/uploads\/sites\/8\/2024\/06\/P1002410-1920x1080.jpg\" alt=\"\" class=\"wp-image-10006\" srcset=\"https:\/\/www.diocese-belfort-montbeliard.fr\/charmont-montbeliard\/wp-content\/uploads\/sites\/8\/2024\/06\/P1002410-1920x1080.jpg 1920w, https:\/\/www.diocese-belfort-montbeliard.fr\/charmont-montbeliard\/wp-content\/uploads\/sites\/8\/2024\/06\/P1002410-600x338.jpg 600w, https:\/\/www.diocese-belfort-montbeliard.fr\/charmont-montbeliard\/wp-content\/uploads\/sites\/8\/2024\/06\/P1002410-768x432.jpg 768w, https:\/\/www.diocese-belfort-montbeliard.fr\/charmont-montbeliard\/wp-content\/uploads\/sites\/8\/2024\/06\/P1002410-1536x865.jpg 1536w, https:\/\/www.diocese-belfort-montbeliard.fr\/charmont-montbeliard\/wp-content\/uploads\/sites\/8\/2024\/06\/P1002410-2048x1153.jpg 2048w\" sizes=\"auto, (max-width: 1920px) 100vw, 1920px\" \/><\/figure>\n\n\n\n<figure class=\"wp-block-image size-large\"><img loading=\"lazy\" decoding=\"async\" width=\"608\" height=\"1080\" data-id=\"9976\" src=\"https:\/\/www.diocese-belfort-montbeliard.fr\/charmont-montbeliard\/wp-content\/uploads\/sites\/8\/2024\/06\/P1002411-608x1080.jpg\" alt=\"\" class=\"wp-image-9976\" srcset=\"https:\/\/www.diocese-belfort-montbeliard.fr\/charmont-montbeliard\/wp-content\/uploads\/sites\/8\/2024\/06\/P1002411-608x1080.jpg 608w, https:\/\/www.diocese-belfort-montbeliard.fr\/charmont-montbeliard\/wp-content\/uploads\/sites\/8\/2024\/06\/P1002411-338x600.jpg 338w, https:\/\/www.diocese-belfort-montbeliard.fr\/charmont-montbeliard\/wp-content\/uploads\/sites\/8\/2024\/06\/P1002411-768x1364.jpg 768w, https:\/\/www.diocese-belfort-montbeliard.fr\/charmont-montbeliard\/wp-content\/uploads\/sites\/8\/2024\/06\/P1002411-865x1536.jpg 865w, https:\/\/www.diocese-belfort-montbeliard.fr\/charmont-montbeliard\/wp-content\/uploads\/sites\/8\/2024\/06\/P1002411-1153x2048.jpg 1153w, https:\/\/www.diocese-belfort-montbeliard.fr\/charmont-montbeliard\/wp-content\/uploads\/sites\/8\/2024\/06\/P1002411.jpg 1351w\" sizes=\"auto, (max-width: 608px) 100vw, 608px\" \/><\/figure>\n\n\n\n<figure class=\"wp-block-image size-large\"><img loading=\"lazy\" decoding=\"async\" width=\"1920\" height=\"1080\" data-id=\"9940\" src=\"https:\/\/www.diocese-belfort-montbeliard.fr\/charmont-montbeliard\/wp-content\/uploads\/sites\/8\/2024\/06\/P1002412-1920x1080.jpg\" alt=\"\" class=\"wp-image-9940\" srcset=\"https:\/\/www.diocese-belfort-montbeliard.fr\/charmont-montbeliard\/wp-content\/uploads\/sites\/8\/2024\/06\/P1002412-1920x1080.jpg 1920w, https:\/\/www.diocese-belfort-montbeliard.fr\/charmont-montbeliard\/wp-content\/uploads\/sites\/8\/2024\/06\/P1002412-600x338.jpg 600w, https:\/\/www.diocese-belfort-montbeliard.fr\/charmont-montbeliard\/wp-content\/uploads\/sites\/8\/2024\/06\/P1002412-768x432.jpg 768w, https:\/\/www.diocese-belfort-montbeliard.fr\/charmont-montbeliard\/wp-content\/uploads\/sites\/8\/2024\/06\/P1002412-1536x865.jpg 1536w, https:\/\/www.diocese-belfort-montbeliard.fr\/charmont-montbeliard\/wp-content\/uploads\/sites\/8\/2024\/06\/P1002412-2048x1153.jpg 2048w\" sizes=\"auto, (max-width: 1920px) 100vw, 1920px\" \/><\/figure>\n\n\n\n<figure class=\"wp-block-image size-large\"><img loading=\"lazy\" decoding=\"async\" width=\"1920\" height=\"1080\" data-id=\"9979\" src=\"https:\/\/www.diocese-belfort-montbeliard.fr\/charmont-montbeliard\/wp-content\/uploads\/sites\/8\/2024\/06\/P1002413-1920x1080.jpg\" alt=\"\" class=\"wp-image-9979\" srcset=\"https:\/\/www.diocese-belfort-montbeliard.fr\/charmont-montbeliard\/wp-content\/uploads\/sites\/8\/2024\/06\/P1002413-1920x1080.jpg 1920w, https:\/\/www.diocese-belfort-montbeliard.fr\/charmont-montbeliard\/wp-content\/uploads\/sites\/8\/2024\/06\/P1002413-600x338.jpg 600w, https:\/\/www.diocese-belfort-montbeliard.fr\/charmont-montbeliard\/wp-content\/uploads\/sites\/8\/2024\/06\/P1002413-768x432.jpg 768w, https:\/\/www.diocese-belfort-montbeliard.fr\/charmont-montbeliard\/wp-content\/uploads\/sites\/8\/2024\/06\/P1002413-1536x865.jpg 1536w, https:\/\/www.diocese-belfort-montbeliard.fr\/charmont-montbeliard\/wp-content\/uploads\/sites\/8\/2024\/06\/P1002413-2048x1153.jpg 2048w\" sizes=\"auto, (max-width: 1920px) 100vw, 1920px\" \/><\/figure>\n\n\n\n<figure class=\"wp-block-image size-large\"><img loading=\"lazy\" decoding=\"async\" width=\"1920\" height=\"1080\" data-id=\"9956\" src=\"https:\/\/www.diocese-belfort-montbeliard.fr\/charmont-montbeliard\/wp-content\/uploads\/sites\/8\/2024\/06\/P1002414-1920x1080.jpg\" alt=\"\" class=\"wp-image-9956\" srcset=\"https:\/\/www.diocese-belfort-montbeliard.fr\/charmont-montbeliard\/wp-content\/uploads\/sites\/8\/2024\/06\/P1002414-1920x1080.jpg 1920w, https:\/\/www.diocese-belfort-montbeliard.fr\/charmont-montbeliard\/wp-content\/uploads\/sites\/8\/2024\/06\/P1002414-600x338.jpg 600w, https:\/\/www.diocese-belfort-montbeliard.fr\/charmont-montbeliard\/wp-content\/uploads\/sites\/8\/2024\/06\/P1002414-768x432.jpg 768w, https:\/\/www.diocese-belfort-montbeliard.fr\/charmont-montbeliard\/wp-content\/uploads\/sites\/8\/2024\/06\/P1002414-1536x865.jpg 1536w, https:\/\/www.diocese-belfort-montbeliard.fr\/charmont-montbeliard\/wp-content\/uploads\/sites\/8\/2024\/06\/P1002414-2048x1153.jpg 2048w\" sizes=\"auto, (max-width: 1920px) 100vw, 1920px\" \/><\/figure>\n\n\n\n<figure class=\"wp-block-image size-large\"><img loading=\"lazy\" decoding=\"async\" width=\"1920\" height=\"1080\" data-id=\"9959\" src=\"https:\/\/www.diocese-belfort-montbeliard.fr\/charmont-montbeliard\/wp-content\/uploads\/sites\/8\/2024\/06\/P1002415-1920x1080.jpg\" alt=\"\" class=\"wp-image-9959\" srcset=\"https:\/\/www.diocese-belfort-montbeliard.fr\/charmont-montbeliard\/wp-content\/uploads\/sites\/8\/2024\/06\/P1002415-1920x1080.jpg 1920w, https:\/\/www.diocese-belfort-montbeliard.fr\/charmont-montbeliard\/wp-content\/uploads\/sites\/8\/2024\/06\/P1002415-600x338.jpg 600w, https:\/\/www.diocese-belfort-montbeliard.fr\/charmont-montbeliard\/wp-content\/uploads\/sites\/8\/2024\/06\/P1002415-768x432.jpg 768w, https:\/\/www.diocese-belfort-montbeliard.fr\/charmont-montbeliard\/wp-content\/uploads\/sites\/8\/2024\/06\/P1002415-1536x865.jpg 1536w, https:\/\/www.diocese-belfort-montbeliard.fr\/charmont-montbeliard\/wp-content\/uploads\/sites\/8\/2024\/06\/P1002415-2048x1153.jpg 2048w\" sizes=\"auto, (max-width: 1920px) 100vw, 1920px\" \/><\/figure>\n\n\n\n<figure class=\"wp-block-image size-large\"><img loading=\"lazy\" decoding=\"async\" width=\"1920\" height=\"1080\" data-id=\"9942\" src=\"https:\/\/www.diocese-belfort-montbeliard.fr\/charmont-montbeliard\/wp-content\/uploads\/sites\/8\/2024\/06\/P1002416-1920x1080.jpg\" alt=\"\" class=\"wp-image-9942\" srcset=\"https:\/\/www.diocese-belfort-montbeliard.fr\/charmont-montbeliard\/wp-content\/uploads\/sites\/8\/2024\/06\/P1002416-1920x1080.jpg 1920w, https:\/\/www.diocese-belfort-montbeliard.fr\/charmont-montbeliard\/wp-content\/uploads\/sites\/8\/2024\/06\/P1002416-600x338.jpg 600w, https:\/\/www.diocese-belfort-montbeliard.fr\/charmont-montbeliard\/wp-content\/uploads\/sites\/8\/2024\/06\/P1002416-768x432.jpg 768w, https:\/\/www.diocese-belfort-montbeliard.fr\/charmont-montbeliard\/wp-content\/uploads\/sites\/8\/2024\/06\/P1002416-1536x865.jpg 1536w, https:\/\/www.diocese-belfort-montbeliard.fr\/charmont-montbeliard\/wp-content\/uploads\/sites\/8\/2024\/06\/P1002416-2048x1153.jpg 2048w\" sizes=\"auto, (max-width: 1920px) 100vw, 1920px\" \/><\/figure>\n\n\n\n<figure class=\"wp-block-image size-large\"><img loading=\"lazy\" decoding=\"async\" width=\"1920\" height=\"1080\" data-id=\"9964\" src=\"https:\/\/www.diocese-belfort-montbeliard.fr\/charmont-montbeliard\/wp-content\/uploads\/sites\/8\/2024\/06\/P1002417-1920x1080.jpg\" alt=\"\" class=\"wp-image-9964\" srcset=\"https:\/\/www.diocese-belfort-montbeliard.fr\/charmont-montbeliard\/wp-content\/uploads\/sites\/8\/2024\/06\/P1002417-1920x1080.jpg 1920w, https:\/\/www.diocese-belfort-montbeliard.fr\/charmont-montbeliard\/wp-content\/uploads\/sites\/8\/2024\/06\/P1002417-600x338.jpg 600w, https:\/\/www.diocese-belfort-montbeliard.fr\/charmont-montbeliard\/wp-content\/uploads\/sites\/8\/2024\/06\/P1002417-768x432.jpg 768w, https:\/\/www.diocese-belfort-montbeliard.fr\/charmont-montbeliard\/wp-content\/uploads\/sites\/8\/2024\/06\/P1002417-1536x865.jpg 1536w, https:\/\/www.diocese-belfort-montbeliard.fr\/charmont-montbeliard\/wp-content\/uploads\/sites\/8\/2024\/06\/P1002417-2048x1153.jpg 2048w\" sizes=\"auto, (max-width: 1920px) 100vw, 1920px\" \/><\/figure>\n\n\n\n<figure class=\"wp-block-image size-large\"><img loading=\"lazy\" decoding=\"async\" width=\"1920\" height=\"1080\" data-id=\"9944\" src=\"https:\/\/www.diocese-belfort-montbeliard.fr\/charmont-montbeliard\/wp-content\/uploads\/sites\/8\/2024\/06\/P1002418-1920x1080.jpg\" alt=\"\" class=\"wp-image-9944\" srcset=\"https:\/\/www.diocese-belfort-montbeliard.fr\/charmont-montbeliard\/wp-content\/uploads\/sites\/8\/2024\/06\/P1002418-1920x1080.jpg 1920w, https:\/\/www.diocese-belfort-montbeliard.fr\/charmont-montbeliard\/wp-content\/uploads\/sites\/8\/2024\/06\/P1002418-600x338.jpg 600w, https:\/\/www.diocese-belfort-montbeliard.fr\/charmont-montbeliard\/wp-content\/uploads\/sites\/8\/2024\/06\/P1002418-768x432.jpg 768w, https:\/\/www.diocese-belfort-montbeliard.fr\/charmont-montbeliard\/wp-content\/uploads\/sites\/8\/2024\/06\/P1002418-1536x865.jpg 1536w, https:\/\/www.diocese-belfort-montbeliard.fr\/charmont-montbeliard\/wp-content\/uploads\/sites\/8\/2024\/06\/P1002418-2048x1153.jpg 2048w\" sizes=\"auto, (max-width: 1920px) 100vw, 1920px\" \/><\/figure>\n\n\n\n<figure class=\"wp-block-image size-large\"><img loading=\"lazy\" decoding=\"async\" width=\"608\" height=\"1080\" data-id=\"9958\" src=\"https:\/\/www.diocese-belfort-montbeliard.fr\/charmont-montbeliard\/wp-content\/uploads\/sites\/8\/2024\/06\/P1002419-608x1080.jpg\" alt=\"\" class=\"wp-image-9958\" srcset=\"https:\/\/www.diocese-belfort-montbeliard.fr\/charmont-montbeliard\/wp-content\/uploads\/sites\/8\/2024\/06\/P1002419-608x1080.jpg 608w, https:\/\/www.diocese-belfort-montbeliard.fr\/charmont-montbeliard\/wp-content\/uploads\/sites\/8\/2024\/06\/P1002419-338x600.jpg 338w, https:\/\/www.diocese-belfort-montbeliard.fr\/charmont-montbeliard\/wp-content\/uploads\/sites\/8\/2024\/06\/P1002419-768x1364.jpg 768w, https:\/\/www.diocese-belfort-montbeliard.fr\/charmont-montbeliard\/wp-content\/uploads\/sites\/8\/2024\/06\/P1002419-865x1536.jpg 865w, https:\/\/www.diocese-belfort-montbeliard.fr\/charmont-montbeliard\/wp-content\/uploads\/sites\/8\/2024\/06\/P1002419-1153x2048.jpg 1153w, https:\/\/www.diocese-belfort-montbeliard.fr\/charmont-montbeliard\/wp-content\/uploads\/sites\/8\/2024\/06\/P1002419.jpg 1351w\" sizes=\"auto, (max-width: 608px) 100vw, 608px\" \/><\/figure>\n\n\n\n<figure class=\"wp-block-image size-large\"><img loading=\"lazy\" decoding=\"async\" width=\"1920\" height=\"1080\" data-id=\"9974\" src=\"https:\/\/www.diocese-belfort-montbeliard.fr\/charmont-montbeliard\/wp-content\/uploads\/sites\/8\/2024\/06\/P1002420-1920x1080.jpg\" alt=\"\" class=\"wp-image-9974\" srcset=\"https:\/\/www.diocese-belfort-montbeliard.fr\/charmont-montbeliard\/wp-content\/uploads\/sites\/8\/2024\/06\/P1002420-1920x1080.jpg 1920w, https:\/\/www.diocese-belfort-montbeliard.fr\/charmont-montbeliard\/wp-content\/uploads\/sites\/8\/2024\/06\/P1002420-600x338.jpg 600w, https:\/\/www.diocese-belfort-montbeliard.fr\/charmont-montbeliard\/wp-content\/uploads\/sites\/8\/2024\/06\/P1002420-768x432.jpg 768w, https:\/\/www.diocese-belfort-montbeliard.fr\/charmont-montbeliard\/wp-content\/uploads\/sites\/8\/2024\/06\/P1002420-1536x865.jpg 1536w, https:\/\/www.diocese-belfort-montbeliard.fr\/charmont-montbeliard\/wp-content\/uploads\/sites\/8\/2024\/06\/P1002420-2048x1153.jpg 2048w\" sizes=\"auto, (max-width: 1920px) 100vw, 1920px\" \/><\/figure>\n\n\n\n<figure class=\"wp-block-image size-large\"><img loading=\"lazy\" decoding=\"async\" width=\"1920\" height=\"1080\" data-id=\"9972\" src=\"https:\/\/www.diocese-belfort-montbeliard.fr\/charmont-montbeliard\/wp-content\/uploads\/sites\/8\/2024\/06\/P1002421-1920x1080.jpg\" alt=\"\" class=\"wp-image-9972\" srcset=\"https:\/\/www.diocese-belfort-montbeliard.fr\/charmont-montbeliard\/wp-content\/uploads\/sites\/8\/2024\/06\/P1002421-1920x1080.jpg 1920w, https:\/\/www.diocese-belfort-montbeliard.fr\/charmont-montbeliard\/wp-content\/uploads\/sites\/8\/2024\/06\/P1002421-600x338.jpg 600w, https:\/\/www.diocese-belfort-montbeliard.fr\/charmont-montbeliard\/wp-content\/uploads\/sites\/8\/2024\/06\/P1002421-768x432.jpg 768w, https:\/\/www.diocese-belfort-montbeliard.fr\/charmont-montbeliard\/wp-content\/uploads\/sites\/8\/2024\/06\/P1002421-1536x865.jpg 1536w, https:\/\/www.diocese-belfort-montbeliard.fr\/charmont-montbeliard\/wp-content\/uploads\/sites\/8\/2024\/06\/P1002421-2048x1153.jpg 2048w\" sizes=\"auto, (max-width: 1920px) 100vw, 1920px\" \/><\/figure>\n\n\n\n<figure class=\"wp-block-image size-large\"><img loading=\"lazy\" decoding=\"async\" width=\"1920\" height=\"1080\" data-id=\"9941\" src=\"https:\/\/www.diocese-belfort-montbeliard.fr\/charmont-montbeliard\/wp-content\/uploads\/sites\/8\/2024\/06\/P1002422-1920x1080.jpg\" alt=\"\" class=\"wp-image-9941\" srcset=\"https:\/\/www.diocese-belfort-montbeliard.fr\/charmont-montbeliard\/wp-content\/uploads\/sites\/8\/2024\/06\/P1002422-1920x1080.jpg 1920w, https:\/\/www.diocese-belfort-montbeliard.fr\/charmont-montbeliard\/wp-content\/uploads\/sites\/8\/2024\/06\/P1002422-600x338.jpg 600w, https:\/\/www.diocese-belfort-montbeliard.fr\/charmont-montbeliard\/wp-content\/uploads\/sites\/8\/2024\/06\/P1002422-768x432.jpg 768w, https:\/\/www.diocese-belfort-montbeliard.fr\/charmont-montbeliard\/wp-content\/uploads\/sites\/8\/2024\/06\/P1002422-1536x865.jpg 1536w, https:\/\/www.diocese-belfort-montbeliard.fr\/charmont-montbeliard\/wp-content\/uploads\/sites\/8\/2024\/06\/P1002422-2048x1153.jpg 2048w\" sizes=\"auto, (max-width: 1920px) 100vw, 1920px\" \/><\/figure>\n\n\n\n<figure class=\"wp-block-image size-large\"><img loading=\"lazy\" decoding=\"async\" width=\"1920\" height=\"1080\" data-id=\"9997\" src=\"https:\/\/www.diocese-belfort-montbeliard.fr\/charmont-montbeliard\/wp-content\/uploads\/sites\/8\/2024\/06\/P1002423-1920x1080.jpg\" alt=\"\" class=\"wp-image-9997\" srcset=\"https:\/\/www.diocese-belfort-montbeliard.fr\/charmont-montbeliard\/wp-content\/uploads\/sites\/8\/2024\/06\/P1002423-1920x1080.jpg 1920w, https:\/\/www.diocese-belfort-montbeliard.fr\/charmont-montbeliard\/wp-content\/uploads\/sites\/8\/2024\/06\/P1002423-600x338.jpg 600w, https:\/\/www.diocese-belfort-montbeliard.fr\/charmont-montbeliard\/wp-content\/uploads\/sites\/8\/2024\/06\/P1002423-768x432.jpg 768w, https:\/\/www.diocese-belfort-montbeliard.fr\/charmont-montbeliard\/wp-content\/uploads\/sites\/8\/2024\/06\/P1002423-1536x865.jpg 1536w, https:\/\/www.diocese-belfort-montbeliard.fr\/charmont-montbeliard\/wp-content\/uploads\/sites\/8\/2024\/06\/P1002423-2048x1153.jpg 2048w\" sizes=\"auto, (max-width: 1920px) 100vw, 1920px\" \/><\/figure>\n\n\n\n<figure class=\"wp-block-image size-large\"><img loading=\"lazy\" decoding=\"async\" width=\"1920\" height=\"1080\" data-id=\"9975\" src=\"https:\/\/www.diocese-belfort-montbeliard.fr\/charmont-montbeliard\/wp-content\/uploads\/sites\/8\/2024\/06\/P1002424-1920x1080.jpg\" alt=\"\" class=\"wp-image-9975\" srcset=\"https:\/\/www.diocese-belfort-montbeliard.fr\/charmont-montbeliard\/wp-content\/uploads\/sites\/8\/2024\/06\/P1002424-1920x1080.jpg 1920w, https:\/\/www.diocese-belfort-montbeliard.fr\/charmont-montbeliard\/wp-content\/uploads\/sites\/8\/2024\/06\/P1002424-600x338.jpg 600w, https:\/\/www.diocese-belfort-montbeliard.fr\/charmont-montbeliard\/wp-content\/uploads\/sites\/8\/2024\/06\/P1002424-768x432.jpg 768w, https:\/\/www.diocese-belfort-montbeliard.fr\/charmont-montbeliard\/wp-content\/uploads\/sites\/8\/2024\/06\/P1002424-1536x865.jpg 1536w, https:\/\/www.diocese-belfort-montbeliard.fr\/charmont-montbeliard\/wp-content\/uploads\/sites\/8\/2024\/06\/P1002424-2048x1153.jpg 2048w\" sizes=\"auto, (max-width: 1920px) 100vw, 1920px\" \/><\/figure>\n\n\n\n<figure class=\"wp-block-image size-large\"><img loading=\"lazy\" decoding=\"async\" width=\"608\" height=\"1080\" data-id=\"9978\" src=\"https:\/\/www.diocese-belfort-montbeliard.fr\/charmont-montbeliard\/wp-content\/uploads\/sites\/8\/2024\/06\/P1002425-608x1080.jpg\" alt=\"\" class=\"wp-image-9978\" srcset=\"https:\/\/www.diocese-belfort-montbeliard.fr\/charmont-montbeliard\/wp-content\/uploads\/sites\/8\/2024\/06\/P1002425-608x1080.jpg 608w, https:\/\/www.diocese-belfort-montbeliard.fr\/charmont-montbeliard\/wp-content\/uploads\/sites\/8\/2024\/06\/P1002425-338x600.jpg 338w, https:\/\/www.diocese-belfort-montbeliard.fr\/charmont-montbeliard\/wp-content\/uploads\/sites\/8\/2024\/06\/P1002425-768x1364.jpg 768w, https:\/\/www.diocese-belfort-montbeliard.fr\/charmont-montbeliard\/wp-content\/uploads\/sites\/8\/2024\/06\/P1002425-865x1536.jpg 865w, https:\/\/www.diocese-belfort-montbeliard.fr\/charmont-montbeliard\/wp-content\/uploads\/sites\/8\/2024\/06\/P1002425-1153x2048.jpg 1153w, https:\/\/www.diocese-belfort-montbeliard.fr\/charmont-montbeliard\/wp-content\/uploads\/sites\/8\/2024\/06\/P1002425.jpg 1351w\" sizes=\"auto, (max-width: 608px) 100vw, 608px\" \/><\/figure>\n\n\n\n<figure class=\"wp-block-image size-large\"><img loading=\"lazy\" decoding=\"async\" width=\"608\" height=\"1080\" data-id=\"10038\" src=\"https:\/\/www.diocese-belfort-montbeliard.fr\/charmont-montbeliard\/wp-content\/uploads\/sites\/8\/2024\/06\/P1002426-608x1080.jpg\" alt=\"\" class=\"wp-image-10038\" srcset=\"https:\/\/www.diocese-belfort-montbeliard.fr\/charmont-montbeliard\/wp-content\/uploads\/sites\/8\/2024\/06\/P1002426-608x1080.jpg 608w, https:\/\/www.diocese-belfort-montbeliard.fr\/charmont-montbeliard\/wp-content\/uploads\/sites\/8\/2024\/06\/P1002426-338x600.jpg 338w, https:\/\/www.diocese-belfort-montbeliard.fr\/charmont-montbeliard\/wp-content\/uploads\/sites\/8\/2024\/06\/P1002426-768x1364.jpg 768w, https:\/\/www.diocese-belfort-montbeliard.fr\/charmont-montbeliard\/wp-content\/uploads\/sites\/8\/2024\/06\/P1002426-865x1536.jpg 865w, https:\/\/www.diocese-belfort-montbeliard.fr\/charmont-montbeliard\/wp-content\/uploads\/sites\/8\/2024\/06\/P1002426-1153x2048.jpg 1153w, https:\/\/www.diocese-belfort-montbeliard.fr\/charmont-montbeliard\/wp-content\/uploads\/sites\/8\/2024\/06\/P1002426.jpg 1351w\" sizes=\"auto, (max-width: 608px) 100vw, 608px\" \/><\/figure>\n\n\n\n<figure class=\"wp-block-image size-large\"><img loading=\"lazy\" decoding=\"async\" width=\"608\" height=\"1080\" data-id=\"10011\" src=\"https:\/\/www.diocese-belfort-montbeliard.fr\/charmont-montbeliard\/wp-content\/uploads\/sites\/8\/2024\/06\/P1002427-608x1080.jpg\" alt=\"\" class=\"wp-image-10011\" srcset=\"https:\/\/www.diocese-belfort-montbeliard.fr\/charmont-montbeliard\/wp-content\/uploads\/sites\/8\/2024\/06\/P1002427-608x1080.jpg 608w, https:\/\/www.diocese-belfort-montbeliard.fr\/charmont-montbeliard\/wp-content\/uploads\/sites\/8\/2024\/06\/P1002427-338x600.jpg 338w, https:\/\/www.diocese-belfort-montbeliard.fr\/charmont-montbeliard\/wp-content\/uploads\/sites\/8\/2024\/06\/P1002427-768x1364.jpg 768w, https:\/\/www.diocese-belfort-montbeliard.fr\/charmont-montbeliard\/wp-content\/uploads\/sites\/8\/2024\/06\/P1002427-865x1536.jpg 865w, https:\/\/www.diocese-belfort-montbeliard.fr\/charmont-montbeliard\/wp-content\/uploads\/sites\/8\/2024\/06\/P1002427-1153x2048.jpg 1153w, https:\/\/www.diocese-belfort-montbeliard.fr\/charmont-montbeliard\/wp-content\/uploads\/sites\/8\/2024\/06\/P1002427.jpg 1351w\" sizes=\"auto, (max-width: 608px) 100vw, 608px\" \/><\/figure>\n\n\n\n<figure class=\"wp-block-image size-large\"><img loading=\"lazy\" decoding=\"async\" width=\"608\" height=\"1080\" data-id=\"9963\" src=\"https:\/\/www.diocese-belfort-montbeliard.fr\/charmont-montbeliard\/wp-content\/uploads\/sites\/8\/2024\/06\/P1002428-608x1080.jpg\" alt=\"\" class=\"wp-image-9963\" srcset=\"https:\/\/www.diocese-belfort-montbeliard.fr\/charmont-montbeliard\/wp-content\/uploads\/sites\/8\/2024\/06\/P1002428-608x1080.jpg 608w, https:\/\/www.diocese-belfort-montbeliard.fr\/charmont-montbeliard\/wp-content\/uploads\/sites\/8\/2024\/06\/P1002428-338x600.jpg 338w, https:\/\/www.diocese-belfort-montbeliard.fr\/charmont-montbeliard\/wp-content\/uploads\/sites\/8\/2024\/06\/P1002428-768x1364.jpg 768w, https:\/\/www.diocese-belfort-montbeliard.fr\/charmont-montbeliard\/wp-content\/uploads\/sites\/8\/2024\/06\/P1002428-865x1536.jpg 865w, https:\/\/www.diocese-belfort-montbeliard.fr\/charmont-montbeliard\/wp-content\/uploads\/sites\/8\/2024\/06\/P1002428-1153x2048.jpg 1153w, https:\/\/www.diocese-belfort-montbeliard.fr\/charmont-montbeliard\/wp-content\/uploads\/sites\/8\/2024\/06\/P1002428.jpg 1351w\" sizes=\"auto, (max-width: 608px) 100vw, 608px\" \/><\/figure>\n\n\n\n<figure class=\"wp-block-image size-large\"><img loading=\"lazy\" decoding=\"async\" width=\"608\" height=\"1080\" data-id=\"10000\" src=\"https:\/\/www.diocese-belfort-montbeliard.fr\/charmont-montbeliard\/wp-content\/uploads\/sites\/8\/2024\/06\/P1002429-608x1080.jpg\" alt=\"\" class=\"wp-image-10000\" srcset=\"https:\/\/www.diocese-belfort-montbeliard.fr\/charmont-montbeliard\/wp-content\/uploads\/sites\/8\/2024\/06\/P1002429-608x1080.jpg 608w, https:\/\/www.diocese-belfort-montbeliard.fr\/charmont-montbeliard\/wp-content\/uploads\/sites\/8\/2024\/06\/P1002429-338x600.jpg 338w, https:\/\/www.diocese-belfort-montbeliard.fr\/charmont-montbeliard\/wp-content\/uploads\/sites\/8\/2024\/06\/P1002429-768x1364.jpg 768w, https:\/\/www.diocese-belfort-montbeliard.fr\/charmont-montbeliard\/wp-content\/uploads\/sites\/8\/2024\/06\/P1002429-865x1536.jpg 865w, https:\/\/www.diocese-belfort-montbeliard.fr\/charmont-montbeliard\/wp-content\/uploads\/sites\/8\/2024\/06\/P1002429-1153x2048.jpg 1153w, https:\/\/www.diocese-belfort-montbeliard.fr\/charmont-montbeliard\/wp-content\/uploads\/sites\/8\/2024\/06\/P1002429.jpg 1351w\" sizes=\"auto, (max-width: 608px) 100vw, 608px\" \/><\/figure>\n\n\n\n<figure class=\"wp-block-image size-large\"><img loading=\"lazy\" decoding=\"async\" width=\"1920\" height=\"1080\" data-id=\"10040\" src=\"https:\/\/www.diocese-belfort-montbeliard.fr\/charmont-montbeliard\/wp-content\/uploads\/sites\/8\/2024\/06\/P1002430-1920x1080.jpg\" alt=\"\" class=\"wp-image-10040\" srcset=\"https:\/\/www.diocese-belfort-montbeliard.fr\/charmont-montbeliard\/wp-content\/uploads\/sites\/8\/2024\/06\/P1002430-1920x1080.jpg 1920w, https:\/\/www.diocese-belfort-montbeliard.fr\/charmont-montbeliard\/wp-content\/uploads\/sites\/8\/2024\/06\/P1002430-600x338.jpg 600w, https:\/\/www.diocese-belfort-montbeliard.fr\/charmont-montbeliard\/wp-content\/uploads\/sites\/8\/2024\/06\/P1002430-768x432.jpg 768w, https:\/\/www.diocese-belfort-montbeliard.fr\/charmont-montbeliard\/wp-content\/uploads\/sites\/8\/2024\/06\/P1002430-1536x865.jpg 1536w, https:\/\/www.diocese-belfort-montbeliard.fr\/charmont-montbeliard\/wp-content\/uploads\/sites\/8\/2024\/06\/P1002430-2048x1153.jpg 2048w\" sizes=\"auto, (max-width: 1920px) 100vw, 1920px\" \/><\/figure>\n\n\n\n<figure class=\"wp-block-image size-large\"><img loading=\"lazy\" decoding=\"async\" width=\"608\" height=\"1080\" data-id=\"9986\" src=\"https:\/\/www.diocese-belfort-montbeliard.fr\/charmont-montbeliard\/wp-content\/uploads\/sites\/8\/2024\/06\/P1002431-608x1080.jpg\" alt=\"\" class=\"wp-image-9986\" srcset=\"https:\/\/www.diocese-belfort-montbeliard.fr\/charmont-montbeliard\/wp-content\/uploads\/sites\/8\/2024\/06\/P1002431-608x1080.jpg 608w, https:\/\/www.diocese-belfort-montbeliard.fr\/charmont-montbeliard\/wp-content\/uploads\/sites\/8\/2024\/06\/P1002431-338x600.jpg 338w, https:\/\/www.diocese-belfort-montbeliard.fr\/charmont-montbeliard\/wp-content\/uploads\/sites\/8\/2024\/06\/P1002431-768x1364.jpg 768w, https:\/\/www.diocese-belfort-montbeliard.fr\/charmont-montbeliard\/wp-content\/uploads\/sites\/8\/2024\/06\/P1002431-865x1536.jpg 865w, https:\/\/www.diocese-belfort-montbeliard.fr\/charmont-montbeliard\/wp-content\/uploads\/sites\/8\/2024\/06\/P1002431-1153x2048.jpg 1153w, https:\/\/www.diocese-belfort-montbeliard.fr\/charmont-montbeliard\/wp-content\/uploads\/sites\/8\/2024\/06\/P1002431.jpg 1351w\" sizes=\"auto, (max-width: 608px) 100vw, 608px\" \/><\/figure>\n\n\n\n<figure class=\"wp-block-image size-large\"><img loading=\"lazy\" decoding=\"async\" width=\"608\" height=\"1080\" data-id=\"9996\" src=\"https:\/\/www.diocese-belfort-montbeliard.fr\/charmont-montbeliard\/wp-content\/uploads\/sites\/8\/2024\/06\/P1002432-608x1080.jpg\" alt=\"\" class=\"wp-image-9996\" srcset=\"https:\/\/www.diocese-belfort-montbeliard.fr\/charmont-montbeliard\/wp-content\/uploads\/sites\/8\/2024\/06\/P1002432-608x1080.jpg 608w, https:\/\/www.diocese-belfort-montbeliard.fr\/charmont-montbeliard\/wp-content\/uploads\/sites\/8\/2024\/06\/P1002432-338x600.jpg 338w, https:\/\/www.diocese-belfort-montbeliard.fr\/charmont-montbeliard\/wp-content\/uploads\/sites\/8\/2024\/06\/P1002432-768x1364.jpg 768w, https:\/\/www.diocese-belfort-montbeliard.fr\/charmont-montbeliard\/wp-content\/uploads\/sites\/8\/2024\/06\/P1002432-865x1536.jpg 865w, https:\/\/www.diocese-belfort-montbeliard.fr\/charmont-montbeliard\/wp-content\/uploads\/sites\/8\/2024\/06\/P1002432-1153x2048.jpg 1153w, https:\/\/www.diocese-belfort-montbeliard.fr\/charmont-montbeliard\/wp-content\/uploads\/sites\/8\/2024\/06\/P1002432.jpg 1351w\" sizes=\"auto, (max-width: 608px) 100vw, 608px\" \/><\/figure>\n\n\n\n<figure class=\"wp-block-image size-large\"><img loading=\"lazy\" decoding=\"async\" width=\"1920\" height=\"1080\" data-id=\"10037\" src=\"https:\/\/www.diocese-belfort-montbeliard.fr\/charmont-montbeliard\/wp-content\/uploads\/sites\/8\/2024\/06\/P1002433-1920x1080.jpg\" alt=\"\" class=\"wp-image-10037\" srcset=\"https:\/\/www.diocese-belfort-montbeliard.fr\/charmont-montbeliard\/wp-content\/uploads\/sites\/8\/2024\/06\/P1002433-1920x1080.jpg 1920w, https:\/\/www.diocese-belfort-montbeliard.fr\/charmont-montbeliard\/wp-content\/uploads\/sites\/8\/2024\/06\/P1002433-600x338.jpg 600w, https:\/\/www.diocese-belfort-montbeliard.fr\/charmont-montbeliard\/wp-content\/uploads\/sites\/8\/2024\/06\/P1002433-768x432.jpg 768w, https:\/\/www.diocese-belfort-montbeliard.fr\/charmont-montbeliard\/wp-content\/uploads\/sites\/8\/2024\/06\/P1002433-1536x865.jpg 1536w, https:\/\/www.diocese-belfort-montbeliard.fr\/charmont-montbeliard\/wp-content\/uploads\/sites\/8\/2024\/06\/P1002433-2048x1153.jpg 2048w\" sizes=\"auto, (max-width: 1920px) 100vw, 1920px\" \/><\/figure>\n\n\n\n<figure class=\"wp-block-image size-large\"><img loading=\"lazy\" decoding=\"async\" width=\"1920\" height=\"1080\" data-id=\"10042\" src=\"https:\/\/www.diocese-belfort-montbeliard.fr\/charmont-montbeliard\/wp-content\/uploads\/sites\/8\/2024\/06\/P1002434-1920x1080.jpg\" alt=\"\" class=\"wp-image-10042\" srcset=\"https:\/\/www.diocese-belfort-montbeliard.fr\/charmont-montbeliard\/wp-content\/uploads\/sites\/8\/2024\/06\/P1002434-1920x1080.jpg 1920w, https:\/\/www.diocese-belfort-montbeliard.fr\/charmont-montbeliard\/wp-content\/uploads\/sites\/8\/2024\/06\/P1002434-600x338.jpg 600w, https:\/\/www.diocese-belfort-montbeliard.fr\/charmont-montbeliard\/wp-content\/uploads\/sites\/8\/2024\/06\/P1002434-768x432.jpg 768w, https:\/\/www.diocese-belfort-montbeliard.fr\/charmont-montbeliard\/wp-content\/uploads\/sites\/8\/2024\/06\/P1002434-1536x865.jpg 1536w, https:\/\/www.diocese-belfort-montbeliard.fr\/charmont-montbeliard\/wp-content\/uploads\/sites\/8\/2024\/06\/P1002434-2048x1153.jpg 2048w\" sizes=\"auto, (max-width: 1920px) 100vw, 1920px\" \/><\/figure>\n\n\n\n<figure class=\"wp-block-image size-large\"><img loading=\"lazy\" decoding=\"async\" width=\"1920\" height=\"1080\" data-id=\"9943\" src=\"https:\/\/www.diocese-belfort-montbeliard.fr\/charmont-montbeliard\/wp-content\/uploads\/sites\/8\/2024\/06\/P1002435-1920x1080.jpg\" alt=\"\" class=\"wp-image-9943\" srcset=\"https:\/\/www.diocese-belfort-montbeliard.fr\/charmont-montbeliard\/wp-content\/uploads\/sites\/8\/2024\/06\/P1002435-1920x1080.jpg 1920w, https:\/\/www.diocese-belfort-montbeliard.fr\/charmont-montbeliard\/wp-content\/uploads\/sites\/8\/2024\/06\/P1002435-600x338.jpg 600w, https:\/\/www.diocese-belfort-montbeliard.fr\/charmont-montbeliard\/wp-content\/uploads\/sites\/8\/2024\/06\/P1002435-768x432.jpg 768w, https:\/\/www.diocese-belfort-montbeliard.fr\/charmont-montbeliard\/wp-content\/uploads\/sites\/8\/2024\/06\/P1002435-1536x865.jpg 1536w, https:\/\/www.diocese-belfort-montbeliard.fr\/charmont-montbeliard\/wp-content\/uploads\/sites\/8\/2024\/06\/P1002435-2048x1153.jpg 2048w\" sizes=\"auto, (max-width: 1920px) 100vw, 1920px\" \/><\/figure>\n\n\n\n<figure class=\"wp-block-image size-large\"><img loading=\"lazy\" decoding=\"async\" width=\"1920\" height=\"1080\" data-id=\"9973\" src=\"https:\/\/www.diocese-belfort-montbeliard.fr\/charmont-montbeliard\/wp-content\/uploads\/sites\/8\/2024\/06\/P1002436-1920x1080.jpg\" alt=\"\" class=\"wp-image-9973\" srcset=\"https:\/\/www.diocese-belfort-montbeliard.fr\/charmont-montbeliard\/wp-content\/uploads\/sites\/8\/2024\/06\/P1002436-1920x1080.jpg 1920w, https:\/\/www.diocese-belfort-montbeliard.fr\/charmont-montbeliard\/wp-content\/uploads\/sites\/8\/2024\/06\/P1002436-600x338.jpg 600w, https:\/\/www.diocese-belfort-montbeliard.fr\/charmont-montbeliard\/wp-content\/uploads\/sites\/8\/2024\/06\/P1002436-768x432.jpg 768w, https:\/\/www.diocese-belfort-montbeliard.fr\/charmont-montbeliard\/wp-content\/uploads\/sites\/8\/2024\/06\/P1002436-1536x865.jpg 1536w, https:\/\/www.diocese-belfort-montbeliard.fr\/charmont-montbeliard\/wp-content\/uploads\/sites\/8\/2024\/06\/P1002436-2048x1153.jpg 2048w\" sizes=\"auto, (max-width: 1920px) 100vw, 1920px\" \/><\/figure>\n\n\n\n<figure class=\"wp-block-image size-large\"><img loading=\"lazy\" decoding=\"async\" width=\"608\" height=\"1080\" data-id=\"9970\" src=\"https:\/\/www.diocese-belfort-montbeliard.fr\/charmont-montbeliard\/wp-content\/uploads\/sites\/8\/2024\/06\/P1002437-608x1080.jpg\" alt=\"\" class=\"wp-image-9970\" srcset=\"https:\/\/www.diocese-belfort-montbeliard.fr\/charmont-montbeliard\/wp-content\/uploads\/sites\/8\/2024\/06\/P1002437-608x1080.jpg 608w, https:\/\/www.diocese-belfort-montbeliard.fr\/charmont-montbeliard\/wp-content\/uploads\/sites\/8\/2024\/06\/P1002437-338x600.jpg 338w, https:\/\/www.diocese-belfort-montbeliard.fr\/charmont-montbeliard\/wp-content\/uploads\/sites\/8\/2024\/06\/P1002437-768x1364.jpg 768w, https:\/\/www.diocese-belfort-montbeliard.fr\/charmont-montbeliard\/wp-content\/uploads\/sites\/8\/2024\/06\/P1002437-865x1536.jpg 865w, https:\/\/www.diocese-belfort-montbeliard.fr\/charmont-montbeliard\/wp-content\/uploads\/sites\/8\/2024\/06\/P1002437-1153x2048.jpg 1153w, https:\/\/www.diocese-belfort-montbeliard.fr\/charmont-montbeliard\/wp-content\/uploads\/sites\/8\/2024\/06\/P1002437.jpg 1351w\" sizes=\"auto, (max-width: 608px) 100vw, 608px\" \/><\/figure>\n\n\n\n<figure class=\"wp-block-image size-large\"><img loading=\"lazy\" decoding=\"async\" width=\"1920\" height=\"1080\" data-id=\"9995\" src=\"https:\/\/www.diocese-belfort-montbeliard.fr\/charmont-montbeliard\/wp-content\/uploads\/sites\/8\/2024\/06\/P1002438-1920x1080.jpg\" alt=\"\" class=\"wp-image-9995\" srcset=\"https:\/\/www.diocese-belfort-montbeliard.fr\/charmont-montbeliard\/wp-content\/uploads\/sites\/8\/2024\/06\/P1002438-1920x1080.jpg 1920w, https:\/\/www.diocese-belfort-montbeliard.fr\/charmont-montbeliard\/wp-content\/uploads\/sites\/8\/2024\/06\/P1002438-600x338.jpg 600w, https:\/\/www.diocese-belfort-montbeliard.fr\/charmont-montbeliard\/wp-content\/uploads\/sites\/8\/2024\/06\/P1002438-768x432.jpg 768w, https:\/\/www.diocese-belfort-montbeliard.fr\/charmont-montbeliard\/wp-content\/uploads\/sites\/8\/2024\/06\/P1002438-1536x865.jpg 1536w, https:\/\/www.diocese-belfort-montbeliard.fr\/charmont-montbeliard\/wp-content\/uploads\/sites\/8\/2024\/06\/P1002438-2048x1153.jpg 2048w\" sizes=\"auto, (max-width: 1920px) 100vw, 1920px\" \/><\/figure>\n\n\n\n<figure class=\"wp-block-image size-large\"><img loading=\"lazy\" decoding=\"async\" width=\"1920\" height=\"1080\" data-id=\"9993\" src=\"https:\/\/www.diocese-belfort-montbeliard.fr\/charmont-montbeliard\/wp-content\/uploads\/sites\/8\/2024\/06\/P1002439-1920x1080.jpg\" alt=\"\" class=\"wp-image-9993\" srcset=\"https:\/\/www.diocese-belfort-montbeliard.fr\/charmont-montbeliard\/wp-content\/uploads\/sites\/8\/2024\/06\/P1002439-1920x1080.jpg 1920w, https:\/\/www.diocese-belfort-montbeliard.fr\/charmont-montbeliard\/wp-content\/uploads\/sites\/8\/2024\/06\/P1002439-600x338.jpg 600w, https:\/\/www.diocese-belfort-montbeliard.fr\/charmont-montbeliard\/wp-content\/uploads\/sites\/8\/2024\/06\/P1002439-768x432.jpg 768w, https:\/\/www.diocese-belfort-montbeliard.fr\/charmont-montbeliard\/wp-content\/uploads\/sites\/8\/2024\/06\/P1002439-1536x865.jpg 1536w, https:\/\/www.diocese-belfort-montbeliard.fr\/charmont-montbeliard\/wp-content\/uploads\/sites\/8\/2024\/06\/P1002439-2048x1153.jpg 2048w\" sizes=\"auto, (max-width: 1920px) 100vw, 1920px\" \/><\/figure>\n\n\n\n<figure class=\"wp-block-image size-large\"><img loading=\"lazy\" decoding=\"async\" width=\"1920\" height=\"1080\" data-id=\"9971\" src=\"https:\/\/www.diocese-belfort-montbeliard.fr\/charmont-montbeliard\/wp-content\/uploads\/sites\/8\/2024\/06\/P1002440-1920x1080.jpg\" alt=\"\" class=\"wp-image-9971\" srcset=\"https:\/\/www.diocese-belfort-montbeliard.fr\/charmont-montbeliard\/wp-content\/uploads\/sites\/8\/2024\/06\/P1002440-1920x1080.jpg 1920w, https:\/\/www.diocese-belfort-montbeliard.fr\/charmont-montbeliard\/wp-content\/uploads\/sites\/8\/2024\/06\/P1002440-600x338.jpg 600w, https:\/\/www.diocese-belfort-montbeliard.fr\/charmont-montbeliard\/wp-content\/uploads\/sites\/8\/2024\/06\/P1002440-768x432.jpg 768w, https:\/\/www.diocese-belfort-montbeliard.fr\/charmont-montbeliard\/wp-content\/uploads\/sites\/8\/2024\/06\/P1002440-1536x865.jpg 1536w, https:\/\/www.diocese-belfort-montbeliard.fr\/charmont-montbeliard\/wp-content\/uploads\/sites\/8\/2024\/06\/P1002440-2048x1153.jpg 2048w\" sizes=\"auto, (max-width: 1920px) 100vw, 1920px\" \/><\/figure>\n\n\n\n<figure class=\"wp-block-image size-large\"><img loading=\"lazy\" decoding=\"async\" width=\"1920\" height=\"1080\" data-id=\"9966\" src=\"https:\/\/www.diocese-belfort-montbeliard.fr\/charmont-montbeliard\/wp-content\/uploads\/sites\/8\/2024\/06\/P1002442-1920x1080.jpg\" alt=\"\" class=\"wp-image-9966\" srcset=\"https:\/\/www.diocese-belfort-montbeliard.fr\/charmont-montbeliard\/wp-content\/uploads\/sites\/8\/2024\/06\/P1002442-1920x1080.jpg 1920w, https:\/\/www.diocese-belfort-montbeliard.fr\/charmont-montbeliard\/wp-content\/uploads\/sites\/8\/2024\/06\/P1002442-600x338.jpg 600w, https:\/\/www.diocese-belfort-montbeliard.fr\/charmont-montbeliard\/wp-content\/uploads\/sites\/8\/2024\/06\/P1002442-768x432.jpg 768w, https:\/\/www.diocese-belfort-montbeliard.fr\/charmont-montbeliard\/wp-content\/uploads\/sites\/8\/2024\/06\/P1002442-1536x865.jpg 1536w, https:\/\/www.diocese-belfort-montbeliard.fr\/charmont-montbeliard\/wp-content\/uploads\/sites\/8\/2024\/06\/P1002442-2048x1153.jpg 2048w\" sizes=\"auto, (max-width: 1920px) 100vw, 1920px\" \/><\/figure>\n\n\n\n<figure class=\"wp-block-image size-large\"><img loading=\"lazy\" decoding=\"async\" width=\"1920\" height=\"1080\" data-id=\"9982\" src=\"https:\/\/www.diocese-belfort-montbeliard.fr\/charmont-montbeliard\/wp-content\/uploads\/sites\/8\/2024\/06\/P1002443-1920x1080.jpg\" alt=\"\" class=\"wp-image-9982\" srcset=\"https:\/\/www.diocese-belfort-montbeliard.fr\/charmont-montbeliard\/wp-content\/uploads\/sites\/8\/2024\/06\/P1002443-1920x1080.jpg 1920w, https:\/\/www.diocese-belfort-montbeliard.fr\/charmont-montbeliard\/wp-content\/uploads\/sites\/8\/2024\/06\/P1002443-600x338.jpg 600w, https:\/\/www.diocese-belfort-montbeliard.fr\/charmont-montbeliard\/wp-content\/uploads\/sites\/8\/2024\/06\/P1002443-768x432.jpg 768w, https:\/\/www.diocese-belfort-montbeliard.fr\/charmont-montbeliard\/wp-content\/uploads\/sites\/8\/2024\/06\/P1002443-1536x865.jpg 1536w, https:\/\/www.diocese-belfort-montbeliard.fr\/charmont-montbeliard\/wp-content\/uploads\/sites\/8\/2024\/06\/P1002443-2048x1153.jpg 2048w\" sizes=\"auto, (max-width: 1920px) 100vw, 1920px\" \/><\/figure>\n\n\n\n<figure class=\"wp-block-image size-large\"><img loading=\"lazy\" decoding=\"async\" width=\"1920\" height=\"1080\" data-id=\"9983\" src=\"https:\/\/www.diocese-belfort-montbeliard.fr\/charmont-montbeliard\/wp-content\/uploads\/sites\/8\/2024\/06\/P1002444-1920x1080.jpg\" alt=\"\" class=\"wp-image-9983\" srcset=\"https:\/\/www.diocese-belfort-montbeliard.fr\/charmont-montbeliard\/wp-content\/uploads\/sites\/8\/2024\/06\/P1002444-1920x1080.jpg 1920w, https:\/\/www.diocese-belfort-montbeliard.fr\/charmont-montbeliard\/wp-content\/uploads\/sites\/8\/2024\/06\/P1002444-600x338.jpg 600w, https:\/\/www.diocese-belfort-montbeliard.fr\/charmont-montbeliard\/wp-content\/uploads\/sites\/8\/2024\/06\/P1002444-768x432.jpg 768w, https:\/\/www.diocese-belfort-montbeliard.fr\/charmont-montbeliard\/wp-content\/uploads\/sites\/8\/2024\/06\/P1002444-1536x865.jpg 1536w, https:\/\/www.diocese-belfort-montbeliard.fr\/charmont-montbeliard\/wp-content\/uploads\/sites\/8\/2024\/06\/P1002444-2048x1153.jpg 2048w\" sizes=\"auto, (max-width: 1920px) 100vw, 1920px\" \/><\/figure>\n\n\n\n<figure class=\"wp-block-image size-large\"><img loading=\"lazy\" decoding=\"async\" width=\"1920\" height=\"1080\" data-id=\"9987\" src=\"https:\/\/www.diocese-belfort-montbeliard.fr\/charmont-montbeliard\/wp-content\/uploads\/sites\/8\/2024\/06\/P1002445-1920x1080.jpg\" alt=\"\" class=\"wp-image-9987\" srcset=\"https:\/\/www.diocese-belfort-montbeliard.fr\/charmont-montbeliard\/wp-content\/uploads\/sites\/8\/2024\/06\/P1002445-1920x1080.jpg 1920w, https:\/\/www.diocese-belfort-montbeliard.fr\/charmont-montbeliard\/wp-content\/uploads\/sites\/8\/2024\/06\/P1002445-600x338.jpg 600w, https:\/\/www.diocese-belfort-montbeliard.fr\/charmont-montbeliard\/wp-content\/uploads\/sites\/8\/2024\/06\/P1002445-768x432.jpg 768w, https:\/\/www.diocese-belfort-montbeliard.fr\/charmont-montbeliard\/wp-content\/uploads\/sites\/8\/2024\/06\/P1002445-1536x865.jpg 1536w, https:\/\/www.diocese-belfort-montbeliard.fr\/charmont-montbeliard\/wp-content\/uploads\/sites\/8\/2024\/06\/P1002445-2048x1153.jpg 2048w\" sizes=\"auto, (max-width: 1920px) 100vw, 1920px\" \/><\/figure>\n\n\n\n<figure class=\"wp-block-image size-large\"><img loading=\"lazy\" decoding=\"async\" width=\"1920\" height=\"1080\" data-id=\"9969\" src=\"https:\/\/www.diocese-belfort-montbeliard.fr\/charmont-montbeliard\/wp-content\/uploads\/sites\/8\/2024\/06\/P1002446-1920x1080.jpg\" alt=\"\" class=\"wp-image-9969\" srcset=\"https:\/\/www.diocese-belfort-montbeliard.fr\/charmont-montbeliard\/wp-content\/uploads\/sites\/8\/2024\/06\/P1002446-1920x1080.jpg 1920w, https:\/\/www.diocese-belfort-montbeliard.fr\/charmont-montbeliard\/wp-content\/uploads\/sites\/8\/2024\/06\/P1002446-600x338.jpg 600w, https:\/\/www.diocese-belfort-montbeliard.fr\/charmont-montbeliard\/wp-content\/uploads\/sites\/8\/2024\/06\/P1002446-768x432.jpg 768w, https:\/\/www.diocese-belfort-montbeliard.fr\/charmont-montbeliard\/wp-content\/uploads\/sites\/8\/2024\/06\/P1002446-1536x865.jpg 1536w, https:\/\/www.diocese-belfort-montbeliard.fr\/charmont-montbeliard\/wp-content\/uploads\/sites\/8\/2024\/06\/P1002446-2048x1153.jpg 2048w\" sizes=\"auto, (max-width: 1920px) 100vw, 1920px\" \/><\/figure>\n\n\n\n<figure class=\"wp-block-image size-large\"><img loading=\"lazy\" decoding=\"async\" width=\"1920\" height=\"1080\" data-id=\"10004\" src=\"https:\/\/www.diocese-belfort-montbeliard.fr\/charmont-montbeliard\/wp-content\/uploads\/sites\/8\/2024\/06\/P1002448-1920x1080.jpg\" alt=\"\" class=\"wp-image-10004\" srcset=\"https:\/\/www.diocese-belfort-montbeliard.fr\/charmont-montbeliard\/wp-content\/uploads\/sites\/8\/2024\/06\/P1002448-1920x1080.jpg 1920w, https:\/\/www.diocese-belfort-montbeliard.fr\/charmont-montbeliard\/wp-content\/uploads\/sites\/8\/2024\/06\/P1002448-600x338.jpg 600w, https:\/\/www.diocese-belfort-montbeliard.fr\/charmont-montbeliard\/wp-content\/uploads\/sites\/8\/2024\/06\/P1002448-768x432.jpg 768w, https:\/\/www.diocese-belfort-montbeliard.fr\/charmont-montbeliard\/wp-content\/uploads\/sites\/8\/2024\/06\/P1002448-1536x865.jpg 1536w, https:\/\/www.diocese-belfort-montbeliard.fr\/charmont-montbeliard\/wp-content\/uploads\/sites\/8\/2024\/06\/P1002448-2048x1153.jpg 2048w\" sizes=\"auto, (max-width: 1920px) 100vw, 1920px\" \/><\/figure>\n\n\n\n<figure class=\"wp-block-image size-large\"><img loading=\"lazy\" decoding=\"async\" width=\"1920\" height=\"1080\" data-id=\"10003\" src=\"https:\/\/www.diocese-belfort-montbeliard.fr\/charmont-montbeliard\/wp-content\/uploads\/sites\/8\/2024\/06\/P1002449-1920x1080.jpg\" alt=\"\" class=\"wp-image-10003\" srcset=\"https:\/\/www.diocese-belfort-montbeliard.fr\/charmont-montbeliard\/wp-content\/uploads\/sites\/8\/2024\/06\/P1002449-1920x1080.jpg 1920w, https:\/\/www.diocese-belfort-montbeliard.fr\/charmont-montbeliard\/wp-content\/uploads\/sites\/8\/2024\/06\/P1002449-600x338.jpg 600w, https:\/\/www.diocese-belfort-montbeliard.fr\/charmont-montbeliard\/wp-content\/uploads\/sites\/8\/2024\/06\/P1002449-768x432.jpg 768w, https:\/\/www.diocese-belfort-montbeliard.fr\/charmont-montbeliard\/wp-content\/uploads\/sites\/8\/2024\/06\/P1002449-1536x865.jpg 1536w, https:\/\/www.diocese-belfort-montbeliard.fr\/charmont-montbeliard\/wp-content\/uploads\/sites\/8\/2024\/06\/P1002449-2048x1153.jpg 2048w\" sizes=\"auto, (max-width: 1920px) 100vw, 1920px\" \/><\/figure>\n\n\n\n<figure class=\"wp-block-image size-large\"><img loading=\"lazy\" decoding=\"async\" width=\"1920\" height=\"1080\" data-id=\"10005\" src=\"https:\/\/www.diocese-belfort-montbeliard.fr\/charmont-montbeliard\/wp-content\/uploads\/sites\/8\/2024\/06\/P1002450-1920x1080.jpg\" alt=\"\" class=\"wp-image-10005\" srcset=\"https:\/\/www.diocese-belfort-montbeliard.fr\/charmont-montbeliard\/wp-content\/uploads\/sites\/8\/2024\/06\/P1002450-1920x1080.jpg 1920w, https:\/\/www.diocese-belfort-montbeliard.fr\/charmont-montbeliard\/wp-content\/uploads\/sites\/8\/2024\/06\/P1002450-600x338.jpg 600w, https:\/\/www.diocese-belfort-montbeliard.fr\/charmont-montbeliard\/wp-content\/uploads\/sites\/8\/2024\/06\/P1002450-768x432.jpg 768w, https:\/\/www.diocese-belfort-montbeliard.fr\/charmont-montbeliard\/wp-content\/uploads\/sites\/8\/2024\/06\/P1002450-1536x865.jpg 1536w, https:\/\/www.diocese-belfort-montbeliard.fr\/charmont-montbeliard\/wp-content\/uploads\/sites\/8\/2024\/06\/P1002450-2048x1153.jpg 2048w\" sizes=\"auto, (max-width: 1920px) 100vw, 1920px\" \/><\/figure>\n\n\n\n<figure class=\"wp-block-image size-large\"><img loading=\"lazy\" decoding=\"async\" width=\"608\" height=\"1080\" data-id=\"10008\" src=\"https:\/\/www.diocese-belfort-montbeliard.fr\/charmont-montbeliard\/wp-content\/uploads\/sites\/8\/2024\/06\/P1002451-608x1080.jpg\" alt=\"\" class=\"wp-image-10008\" srcset=\"https:\/\/www.diocese-belfort-montbeliard.fr\/charmont-montbeliard\/wp-content\/uploads\/sites\/8\/2024\/06\/P1002451-608x1080.jpg 608w, https:\/\/www.diocese-belfort-montbeliard.fr\/charmont-montbeliard\/wp-content\/uploads\/sites\/8\/2024\/06\/P1002451-338x600.jpg 338w, https:\/\/www.diocese-belfort-montbeliard.fr\/charmont-montbeliard\/wp-content\/uploads\/sites\/8\/2024\/06\/P1002451-768x1364.jpg 768w, https:\/\/www.diocese-belfort-montbeliard.fr\/charmont-montbeliard\/wp-content\/uploads\/sites\/8\/2024\/06\/P1002451-865x1536.jpg 865w, https:\/\/www.diocese-belfort-montbeliard.fr\/charmont-montbeliard\/wp-content\/uploads\/sites\/8\/2024\/06\/P1002451-1153x2048.jpg 1153w, https:\/\/www.diocese-belfort-montbeliard.fr\/charmont-montbeliard\/wp-content\/uploads\/sites\/8\/2024\/06\/P1002451.jpg 1351w\" sizes=\"auto, (max-width: 608px) 100vw, 608px\" \/><\/figure>\n\n\n\n<figure class=\"wp-block-image size-large\"><img loading=\"lazy\" decoding=\"async\" width=\"608\" height=\"1080\" data-id=\"9999\" src=\"https:\/\/www.diocese-belfort-montbeliard.fr\/charmont-montbeliard\/wp-content\/uploads\/sites\/8\/2024\/06\/P1002452-608x1080.jpg\" alt=\"\" class=\"wp-image-9999\" srcset=\"https:\/\/www.diocese-belfort-montbeliard.fr\/charmont-montbeliard\/wp-content\/uploads\/sites\/8\/2024\/06\/P1002452-608x1080.jpg 608w, https:\/\/www.diocese-belfort-montbeliard.fr\/charmont-montbeliard\/wp-content\/uploads\/sites\/8\/2024\/06\/P1002452-338x600.jpg 338w, https:\/\/www.diocese-belfort-montbeliard.fr\/charmont-montbeliard\/wp-content\/uploads\/sites\/8\/2024\/06\/P1002452-768x1364.jpg 768w, https:\/\/www.diocese-belfort-montbeliard.fr\/charmont-montbeliard\/wp-content\/uploads\/sites\/8\/2024\/06\/P1002452-865x1536.jpg 865w, https:\/\/www.diocese-belfort-montbeliard.fr\/charmont-montbeliard\/wp-content\/uploads\/sites\/8\/2024\/06\/P1002452-1153x2048.jpg 1153w, https:\/\/www.diocese-belfort-montbeliard.fr\/charmont-montbeliard\/wp-content\/uploads\/sites\/8\/2024\/06\/P1002452.jpg 1351w\" sizes=\"auto, (max-width: 608px) 100vw, 608px\" \/><\/figure>\n\n\n\n<figure class=\"wp-block-image size-large\"><img loading=\"lazy\" decoding=\"async\" width=\"1920\" height=\"1080\" data-id=\"9992\" src=\"https:\/\/www.diocese-belfort-montbeliard.fr\/charmont-montbeliard\/wp-content\/uploads\/sites\/8\/2024\/06\/P1002453-1920x1080.jpg\" alt=\"\" class=\"wp-image-9992\" srcset=\"https:\/\/www.diocese-belfort-montbeliard.fr\/charmont-montbeliard\/wp-content\/uploads\/sites\/8\/2024\/06\/P1002453-1920x1080.jpg 1920w, https:\/\/www.diocese-belfort-montbeliard.fr\/charmont-montbeliard\/wp-content\/uploads\/sites\/8\/2024\/06\/P1002453-600x338.jpg 600w, https:\/\/www.diocese-belfort-montbeliard.fr\/charmont-montbeliard\/wp-content\/uploads\/sites\/8\/2024\/06\/P1002453-768x432.jpg 768w, https:\/\/www.diocese-belfort-montbeliard.fr\/charmont-montbeliard\/wp-content\/uploads\/sites\/8\/2024\/06\/P1002453-1536x865.jpg 1536w, https:\/\/www.diocese-belfort-montbeliard.fr\/charmont-montbeliard\/wp-content\/uploads\/sites\/8\/2024\/06\/P1002453-2048x1153.jpg 2048w\" sizes=\"auto, (max-width: 1920px) 100vw, 1920px\" \/><\/figure>\n\n\n\n<figure class=\"wp-block-image size-large\"><img loading=\"lazy\" decoding=\"async\" width=\"1920\" height=\"1080\" data-id=\"10009\" src=\"https:\/\/www.diocese-belfort-montbeliard.fr\/charmont-montbeliard\/wp-content\/uploads\/sites\/8\/2024\/06\/P1002454-1920x1080.jpg\" alt=\"\" class=\"wp-image-10009\" srcset=\"https:\/\/www.diocese-belfort-montbeliard.fr\/charmont-montbeliard\/wp-content\/uploads\/sites\/8\/2024\/06\/P1002454-1920x1080.jpg 1920w, https:\/\/www.diocese-belfort-montbeliard.fr\/charmont-montbeliard\/wp-content\/uploads\/sites\/8\/2024\/06\/P1002454-600x338.jpg 600w, https:\/\/www.diocese-belfort-montbeliard.fr\/charmont-montbeliard\/wp-content\/uploads\/sites\/8\/2024\/06\/P1002454-768x432.jpg 768w, https:\/\/www.diocese-belfort-montbeliard.fr\/charmont-montbeliard\/wp-content\/uploads\/sites\/8\/2024\/06\/P1002454-1536x865.jpg 1536w, https:\/\/www.diocese-belfort-montbeliard.fr\/charmont-montbeliard\/wp-content\/uploads\/sites\/8\/2024\/06\/P1002454-2048x1153.jpg 2048w\" sizes=\"auto, (max-width: 1920px) 100vw, 1920px\" \/><\/figure>\n\n\n\n<figure class=\"wp-block-image size-large\"><img loading=\"lazy\" decoding=\"async\" width=\"1920\" height=\"1080\" data-id=\"10002\" src=\"https:\/\/www.diocese-belfort-montbeliard.fr\/charmont-montbeliard\/wp-content\/uploads\/sites\/8\/2024\/06\/P1002455-1920x1080.jpg\" alt=\"\" class=\"wp-image-10002\" srcset=\"https:\/\/www.diocese-belfort-montbeliard.fr\/charmont-montbeliard\/wp-content\/uploads\/sites\/8\/2024\/06\/P1002455-1920x1080.jpg 1920w, https:\/\/www.diocese-belfort-montbeliard.fr\/charmont-montbeliard\/wp-content\/uploads\/sites\/8\/2024\/06\/P1002455-600x338.jpg 600w, https:\/\/www.diocese-belfort-montbeliard.fr\/charmont-montbeliard\/wp-content\/uploads\/sites\/8\/2024\/06\/P1002455-768x432.jpg 768w, https:\/\/www.diocese-belfort-montbeliard.fr\/charmont-montbeliard\/wp-content\/uploads\/sites\/8\/2024\/06\/P1002455-1536x865.jpg 1536w, https:\/\/www.diocese-belfort-montbeliard.fr\/charmont-montbeliard\/wp-content\/uploads\/sites\/8\/2024\/06\/P1002455-2048x1153.jpg 2048w\" sizes=\"auto, (max-width: 1920px) 100vw, 1920px\" \/><\/figure>\n\n\n\n<figure class=\"wp-block-image size-large\"><img loading=\"lazy\" decoding=\"async\" width=\"1920\" height=\"1080\" data-id=\"9967\" src=\"https:\/\/www.diocese-belfort-montbeliard.fr\/charmont-montbeliard\/wp-content\/uploads\/sites\/8\/2024\/06\/P1002456-1920x1080.jpg\" alt=\"\" class=\"wp-image-9967\" srcset=\"https:\/\/www.diocese-belfort-montbeliard.fr\/charmont-montbeliard\/wp-content\/uploads\/sites\/8\/2024\/06\/P1002456-1920x1080.jpg 1920w, https:\/\/www.diocese-belfort-montbeliard.fr\/charmont-montbeliard\/wp-content\/uploads\/sites\/8\/2024\/06\/P1002456-600x338.jpg 600w, https:\/\/www.diocese-belfort-montbeliard.fr\/charmont-montbeliard\/wp-content\/uploads\/sites\/8\/2024\/06\/P1002456-768x432.jpg 768w, https:\/\/www.diocese-belfort-montbeliard.fr\/charmont-montbeliard\/wp-content\/uploads\/sites\/8\/2024\/06\/P1002456-1536x865.jpg 1536w, https:\/\/www.diocese-belfort-montbeliard.fr\/charmont-montbeliard\/wp-content\/uploads\/sites\/8\/2024\/06\/P1002456-2048x1153.jpg 2048w\" sizes=\"auto, (max-width: 1920px) 100vw, 1920px\" \/><\/figure>\n\n\n\n<figure class=\"wp-block-image size-large\"><img loading=\"lazy\" decoding=\"async\" width=\"1920\" height=\"1080\" data-id=\"9977\" src=\"https:\/\/www.diocese-belfort-montbeliard.fr\/charmont-montbeliard\/wp-content\/uploads\/sites\/8\/2024\/06\/P1002457-1920x1080.jpg\" alt=\"\" class=\"wp-image-9977\" srcset=\"https:\/\/www.diocese-belfort-montbeliard.fr\/charmont-montbeliard\/wp-content\/uploads\/sites\/8\/2024\/06\/P1002457-1920x1080.jpg 1920w, https:\/\/www.diocese-belfort-montbeliard.fr\/charmont-montbeliard\/wp-content\/uploads\/sites\/8\/2024\/06\/P1002457-600x338.jpg 600w, https:\/\/www.diocese-belfort-montbeliard.fr\/charmont-montbeliard\/wp-content\/uploads\/sites\/8\/2024\/06\/P1002457-768x432.jpg 768w, https:\/\/www.diocese-belfort-montbeliard.fr\/charmont-montbeliard\/wp-content\/uploads\/sites\/8\/2024\/06\/P1002457-1536x865.jpg 1536w, https:\/\/www.diocese-belfort-montbeliard.fr\/charmont-montbeliard\/wp-content\/uploads\/sites\/8\/2024\/06\/P1002457-2048x1153.jpg 2048w\" sizes=\"auto, (max-width: 1920px) 100vw, 1920px\" \/><\/figure>\n\n\n\n<figure class=\"wp-block-image size-large\"><img loading=\"lazy\" decoding=\"async\" width=\"1920\" height=\"1080\" data-id=\"9989\" src=\"https:\/\/www.diocese-belfort-montbeliard.fr\/charmont-montbeliard\/wp-content\/uploads\/sites\/8\/2024\/06\/P1002458-1920x1080.jpg\" alt=\"\" class=\"wp-image-9989\" srcset=\"https:\/\/www.diocese-belfort-montbeliard.fr\/charmont-montbeliard\/wp-content\/uploads\/sites\/8\/2024\/06\/P1002458-1920x1080.jpg 1920w, https:\/\/www.diocese-belfort-montbeliard.fr\/charmont-montbeliard\/wp-content\/uploads\/sites\/8\/2024\/06\/P1002458-600x338.jpg 600w, https:\/\/www.diocese-belfort-montbeliard.fr\/charmont-montbeliard\/wp-content\/uploads\/sites\/8\/2024\/06\/P1002458-768x432.jpg 768w, https:\/\/www.diocese-belfort-montbeliard.fr\/charmont-montbeliard\/wp-content\/uploads\/sites\/8\/2024\/06\/P1002458-1536x865.jpg 1536w, https:\/\/www.diocese-belfort-montbeliard.fr\/charmont-montbeliard\/wp-content\/uploads\/sites\/8\/2024\/06\/P1002458-2048x1153.jpg 2048w\" sizes=\"auto, (max-width: 1920px) 100vw, 1920px\" \/><\/figure>\n\n\n\n<figure class=\"wp-block-image size-large\"><img loading=\"lazy\" decoding=\"async\" width=\"1920\" height=\"1080\" data-id=\"9990\" src=\"https:\/\/www.diocese-belfort-montbeliard.fr\/charmont-montbeliard\/wp-content\/uploads\/sites\/8\/2024\/06\/P1002459-1920x1080.jpg\" alt=\"\" class=\"wp-image-9990\" srcset=\"https:\/\/www.diocese-belfort-montbeliard.fr\/charmont-montbeliard\/wp-content\/uploads\/sites\/8\/2024\/06\/P1002459-1920x1080.jpg 1920w, https:\/\/www.diocese-belfort-montbeliard.fr\/charmont-montbeliard\/wp-content\/uploads\/sites\/8\/2024\/06\/P1002459-600x338.jpg 600w, https:\/\/www.diocese-belfort-montbeliard.fr\/charmont-montbeliard\/wp-content\/uploads\/sites\/8\/2024\/06\/P1002459-768x432.jpg 768w, https:\/\/www.diocese-belfort-montbeliard.fr\/charmont-montbeliard\/wp-content\/uploads\/sites\/8\/2024\/06\/P1002459-1536x865.jpg 1536w, https:\/\/www.diocese-belfort-montbeliard.fr\/charmont-montbeliard\/wp-content\/uploads\/sites\/8\/2024\/06\/P1002459-2048x1153.jpg 2048w\" sizes=\"auto, (max-width: 1920px) 100vw, 1920px\" \/><\/figure>\n\n\n\n<figure class=\"wp-block-image size-large\"><img loading=\"lazy\" decoding=\"async\" width=\"1920\" height=\"1080\" data-id=\"9980\" src=\"https:\/\/www.diocese-belfort-montbeliard.fr\/charmont-montbeliard\/wp-content\/uploads\/sites\/8\/2024\/06\/P1002460-1920x1080.jpg\" alt=\"\" class=\"wp-image-9980\" srcset=\"https:\/\/www.diocese-belfort-montbeliard.fr\/charmont-montbeliard\/wp-content\/uploads\/sites\/8\/2024\/06\/P1002460-1920x1080.jpg 1920w, https:\/\/www.diocese-belfort-montbeliard.fr\/charmont-montbeliard\/wp-content\/uploads\/sites\/8\/2024\/06\/P1002460-600x338.jpg 600w, https:\/\/www.diocese-belfort-montbeliard.fr\/charmont-montbeliard\/wp-content\/uploads\/sites\/8\/2024\/06\/P1002460-768x432.jpg 768w, https:\/\/www.diocese-belfort-montbeliard.fr\/charmont-montbeliard\/wp-content\/uploads\/sites\/8\/2024\/06\/P1002460-1536x865.jpg 1536w, https:\/\/www.diocese-belfort-montbeliard.fr\/charmont-montbeliard\/wp-content\/uploads\/sites\/8\/2024\/06\/P1002460-2048x1153.jpg 2048w\" sizes=\"auto, (max-width: 1920px) 100vw, 1920px\" \/><\/figure>\n\n\n\n<figure class=\"wp-block-image size-large\"><img loading=\"lazy\" decoding=\"async\" width=\"1920\" height=\"1080\" data-id=\"9994\" src=\"https:\/\/www.diocese-belfort-montbeliard.fr\/charmont-montbeliard\/wp-content\/uploads\/sites\/8\/2024\/06\/P1002461-1920x1080.jpg\" alt=\"\" class=\"wp-image-9994\" srcset=\"https:\/\/www.diocese-belfort-montbeliard.fr\/charmont-montbeliard\/wp-content\/uploads\/sites\/8\/2024\/06\/P1002461-1920x1080.jpg 1920w, https:\/\/www.diocese-belfort-montbeliard.fr\/charmont-montbeliard\/wp-content\/uploads\/sites\/8\/2024\/06\/P1002461-600x338.jpg 600w, https:\/\/www.diocese-belfort-montbeliard.fr\/charmont-montbeliard\/wp-content\/uploads\/sites\/8\/2024\/06\/P1002461-768x432.jpg 768w, https:\/\/www.diocese-belfort-montbeliard.fr\/charmont-montbeliard\/wp-content\/uploads\/sites\/8\/2024\/06\/P1002461-1536x865.jpg 1536w, https:\/\/www.diocese-belfort-montbeliard.fr\/charmont-montbeliard\/wp-content\/uploads\/sites\/8\/2024\/06\/P1002461-2048x1153.jpg 2048w\" sizes=\"auto, (max-width: 1920px) 100vw, 1920px\" \/><\/figure>\n\n\n\n<figure class=\"wp-block-image size-large\"><img loading=\"lazy\" decoding=\"async\" width=\"1920\" height=\"1080\" data-id=\"10015\" src=\"https:\/\/www.diocese-belfort-montbeliard.fr\/charmont-montbeliard\/wp-content\/uploads\/sites\/8\/2024\/06\/P1002462-1920x1080.jpg\" alt=\"\" class=\"wp-image-10015\" srcset=\"https:\/\/www.diocese-belfort-montbeliard.fr\/charmont-montbeliard\/wp-content\/uploads\/sites\/8\/2024\/06\/P1002462-1920x1080.jpg 1920w, https:\/\/www.diocese-belfort-montbeliard.fr\/charmont-montbeliard\/wp-content\/uploads\/sites\/8\/2024\/06\/P1002462-600x338.jpg 600w, https:\/\/www.diocese-belfort-montbeliard.fr\/charmont-montbeliard\/wp-content\/uploads\/sites\/8\/2024\/06\/P1002462-768x432.jpg 768w, https:\/\/www.diocese-belfort-montbeliard.fr\/charmont-montbeliard\/wp-content\/uploads\/sites\/8\/2024\/06\/P1002462-1536x865.jpg 1536w, https:\/\/www.diocese-belfort-montbeliard.fr\/charmont-montbeliard\/wp-content\/uploads\/sites\/8\/2024\/06\/P1002462-2048x1153.jpg 2048w\" sizes=\"auto, (max-width: 1920px) 100vw, 1920px\" \/><\/figure>\n\n\n\n<figure class=\"wp-block-image size-large\"><img loading=\"lazy\" decoding=\"async\" width=\"1920\" height=\"1080\" data-id=\"9985\" src=\"https:\/\/www.diocese-belfort-montbeliard.fr\/charmont-montbeliard\/wp-content\/uploads\/sites\/8\/2024\/06\/P1002463-1920x1080.jpg\" alt=\"\" class=\"wp-image-9985\" srcset=\"https:\/\/www.diocese-belfort-montbeliard.fr\/charmont-montbeliard\/wp-content\/uploads\/sites\/8\/2024\/06\/P1002463-1920x1080.jpg 1920w, https:\/\/www.diocese-belfort-montbeliard.fr\/charmont-montbeliard\/wp-content\/uploads\/sites\/8\/2024\/06\/P1002463-600x338.jpg 600w, https:\/\/www.diocese-belfort-montbeliard.fr\/charmont-montbeliard\/wp-content\/uploads\/sites\/8\/2024\/06\/P1002463-768x432.jpg 768w, https:\/\/www.diocese-belfort-montbeliard.fr\/charmont-montbeliard\/wp-content\/uploads\/sites\/8\/2024\/06\/P1002463-1536x865.jpg 1536w, https:\/\/www.diocese-belfort-montbeliard.fr\/charmont-montbeliard\/wp-content\/uploads\/sites\/8\/2024\/06\/P1002463-2048x1153.jpg 2048w\" sizes=\"auto, (max-width: 1920px) 100vw, 1920px\" \/><\/figure>\n\n\n\n<figure class=\"wp-block-image size-large\"><img loading=\"lazy\" decoding=\"async\" width=\"608\" height=\"1080\" data-id=\"9950\" src=\"https:\/\/www.diocese-belfort-montbeliard.fr\/charmont-montbeliard\/wp-content\/uploads\/sites\/8\/2024\/06\/P1002464-608x1080.jpg\" alt=\"\" class=\"wp-image-9950\" srcset=\"https:\/\/www.diocese-belfort-montbeliard.fr\/charmont-montbeliard\/wp-content\/uploads\/sites\/8\/2024\/06\/P1002464-608x1080.jpg 608w, https:\/\/www.diocese-belfort-montbeliard.fr\/charmont-montbeliard\/wp-content\/uploads\/sites\/8\/2024\/06\/P1002464-338x600.jpg 338w, https:\/\/www.diocese-belfort-montbeliard.fr\/charmont-montbeliard\/wp-content\/uploads\/sites\/8\/2024\/06\/P1002464-768x1364.jpg 768w, https:\/\/www.diocese-belfort-montbeliard.fr\/charmont-montbeliard\/wp-content\/uploads\/sites\/8\/2024\/06\/P1002464-865x1536.jpg 865w, https:\/\/www.diocese-belfort-montbeliard.fr\/charmont-montbeliard\/wp-content\/uploads\/sites\/8\/2024\/06\/P1002464-1153x2048.jpg 1153w, https:\/\/www.diocese-belfort-montbeliard.fr\/charmont-montbeliard\/wp-content\/uploads\/sites\/8\/2024\/06\/P1002464.jpg 1351w\" sizes=\"auto, (max-width: 608px) 100vw, 608px\" \/><\/figure>\n\n\n\n<figure class=\"wp-block-image size-large\"><img loading=\"lazy\" decoding=\"async\" width=\"608\" height=\"1080\" data-id=\"9951\" src=\"https:\/\/www.diocese-belfort-montbeliard.fr\/charmont-montbeliard\/wp-content\/uploads\/sites\/8\/2024\/06\/P1002465-608x1080.jpg\" alt=\"\" class=\"wp-image-9951\" srcset=\"https:\/\/www.diocese-belfort-montbeliard.fr\/charmont-montbeliard\/wp-content\/uploads\/sites\/8\/2024\/06\/P1002465-608x1080.jpg 608w, https:\/\/www.diocese-belfort-montbeliard.fr\/charmont-montbeliard\/wp-content\/uploads\/sites\/8\/2024\/06\/P1002465-338x600.jpg 338w, https:\/\/www.diocese-belfort-montbeliard.fr\/charmont-montbeliard\/wp-content\/uploads\/sites\/8\/2024\/06\/P1002465-768x1364.jpg 768w, https:\/\/www.diocese-belfort-montbeliard.fr\/charmont-montbeliard\/wp-content\/uploads\/sites\/8\/2024\/06\/P1002465-865x1536.jpg 865w, https:\/\/www.diocese-belfort-montbeliard.fr\/charmont-montbeliard\/wp-content\/uploads\/sites\/8\/2024\/06\/P1002465-1153x2048.jpg 1153w, https:\/\/www.diocese-belfort-montbeliard.fr\/charmont-montbeliard\/wp-content\/uploads\/sites\/8\/2024\/06\/P1002465.jpg 1351w\" sizes=\"auto, (max-width: 608px) 100vw, 608px\" \/><\/figure>\n\n\n\n<figure class=\"wp-block-image size-large\"><img loading=\"lazy\" decoding=\"async\" width=\"608\" height=\"1080\" data-id=\"9946\" src=\"https:\/\/www.diocese-belfort-montbeliard.fr\/charmont-montbeliard\/wp-content\/uploads\/sites\/8\/2024\/06\/P1002466-608x1080.jpg\" alt=\"\" class=\"wp-image-9946\" srcset=\"https:\/\/www.diocese-belfort-montbeliard.fr\/charmont-montbeliard\/wp-content\/uploads\/sites\/8\/2024\/06\/P1002466-608x1080.jpg 608w, https:\/\/www.diocese-belfort-montbeliard.fr\/charmont-montbeliard\/wp-content\/uploads\/sites\/8\/2024\/06\/P1002466-338x600.jpg 338w, https:\/\/www.diocese-belfort-montbeliard.fr\/charmont-montbeliard\/wp-content\/uploads\/sites\/8\/2024\/06\/P1002466-768x1364.jpg 768w, https:\/\/www.diocese-belfort-montbeliard.fr\/charmont-montbeliard\/wp-content\/uploads\/sites\/8\/2024\/06\/P1002466-865x1536.jpg 865w, https:\/\/www.diocese-belfort-montbeliard.fr\/charmont-montbeliard\/wp-content\/uploads\/sites\/8\/2024\/06\/P1002466-1153x2048.jpg 1153w, https:\/\/www.diocese-belfort-montbeliard.fr\/charmont-montbeliard\/wp-content\/uploads\/sites\/8\/2024\/06\/P1002466.jpg 1351w\" sizes=\"auto, (max-width: 608px) 100vw, 608px\" \/><\/figure>\n\n\n\n<figure class=\"wp-block-image size-large\"><img loading=\"lazy\" decoding=\"async\" width=\"608\" height=\"1080\" data-id=\"9962\" src=\"https:\/\/www.diocese-belfort-montbeliard.fr\/charmont-montbeliard\/wp-content\/uploads\/sites\/8\/2024\/06\/P1002467-608x1080.jpg\" alt=\"\" class=\"wp-image-9962\" srcset=\"https:\/\/www.diocese-belfort-montbeliard.fr\/charmont-montbeliard\/wp-content\/uploads\/sites\/8\/2024\/06\/P1002467-608x1080.jpg 608w, https:\/\/www.diocese-belfort-montbeliard.fr\/charmont-montbeliard\/wp-content\/uploads\/sites\/8\/2024\/06\/P1002467-338x600.jpg 338w, https:\/\/www.diocese-belfort-montbeliard.fr\/charmont-montbeliard\/wp-content\/uploads\/sites\/8\/2024\/06\/P1002467-768x1364.jpg 768w, https:\/\/www.diocese-belfort-montbeliard.fr\/charmont-montbeliard\/wp-content\/uploads\/sites\/8\/2024\/06\/P1002467-865x1536.jpg 865w, https:\/\/www.diocese-belfort-montbeliard.fr\/charmont-montbeliard\/wp-content\/uploads\/sites\/8\/2024\/06\/P1002467-1153x2048.jpg 1153w, https:\/\/www.diocese-belfort-montbeliard.fr\/charmont-montbeliard\/wp-content\/uploads\/sites\/8\/2024\/06\/P1002467.jpg 1351w\" sizes=\"auto, (max-width: 608px) 100vw, 608px\" \/><\/figure>\n\n\n\n<figure class=\"wp-block-image size-large\"><img loading=\"lazy\" decoding=\"async\" width=\"608\" height=\"1080\" data-id=\"9949\" src=\"https:\/\/www.diocese-belfort-montbeliard.fr\/charmont-montbeliard\/wp-content\/uploads\/sites\/8\/2024\/06\/P1002468-608x1080.jpg\" alt=\"\" class=\"wp-image-9949\" srcset=\"https:\/\/www.diocese-belfort-montbeliard.fr\/charmont-montbeliard\/wp-content\/uploads\/sites\/8\/2024\/06\/P1002468-608x1080.jpg 608w, https:\/\/www.diocese-belfort-montbeliard.fr\/charmont-montbeliard\/wp-content\/uploads\/sites\/8\/2024\/06\/P1002468-338x600.jpg 338w, https:\/\/www.diocese-belfort-montbeliard.fr\/charmont-montbeliard\/wp-content\/uploads\/sites\/8\/2024\/06\/P1002468-768x1364.jpg 768w, https:\/\/www.diocese-belfort-montbeliard.fr\/charmont-montbeliard\/wp-content\/uploads\/sites\/8\/2024\/06\/P1002468-865x1536.jpg 865w, https:\/\/www.diocese-belfort-montbeliard.fr\/charmont-montbeliard\/wp-content\/uploads\/sites\/8\/2024\/06\/P1002468-1153x2048.jpg 1153w, https:\/\/www.diocese-belfort-montbeliard.fr\/charmont-montbeliard\/wp-content\/uploads\/sites\/8\/2024\/06\/P1002468.jpg 1351w\" sizes=\"auto, (max-width: 608px) 100vw, 608px\" \/><\/figure>\n\n\n\n<figure class=\"wp-block-image size-large\"><img loading=\"lazy\" decoding=\"async\" width=\"608\" height=\"1080\" data-id=\"9961\" src=\"https:\/\/www.diocese-belfort-montbeliard.fr\/charmont-montbeliard\/wp-content\/uploads\/sites\/8\/2024\/06\/P1002469-608x1080.jpg\" alt=\"\" class=\"wp-image-9961\" srcset=\"https:\/\/www.diocese-belfort-montbeliard.fr\/charmont-montbeliard\/wp-content\/uploads\/sites\/8\/2024\/06\/P1002469-608x1080.jpg 608w, https:\/\/www.diocese-belfort-montbeliard.fr\/charmont-montbeliard\/wp-content\/uploads\/sites\/8\/2024\/06\/P1002469-338x600.jpg 338w, https:\/\/www.diocese-belfort-montbeliard.fr\/charmont-montbeliard\/wp-content\/uploads\/sites\/8\/2024\/06\/P1002469-768x1364.jpg 768w, https:\/\/www.diocese-belfort-montbeliard.fr\/charmont-montbeliard\/wp-content\/uploads\/sites\/8\/2024\/06\/P1002469-865x1536.jpg 865w, https:\/\/www.diocese-belfort-montbeliard.fr\/charmont-montbeliard\/wp-content\/uploads\/sites\/8\/2024\/06\/P1002469-1153x2048.jpg 1153w, https:\/\/www.diocese-belfort-montbeliard.fr\/charmont-montbeliard\/wp-content\/uploads\/sites\/8\/2024\/06\/P1002469.jpg 1351w\" sizes=\"auto, (max-width: 608px) 100vw, 608px\" \/><\/figure>\n\n\n\n<figure class=\"wp-block-image size-large\"><img loading=\"lazy\" decoding=\"async\" width=\"608\" height=\"1080\" data-id=\"9953\" src=\"https:\/\/www.diocese-belfort-montbeliard.fr\/charmont-montbeliard\/wp-content\/uploads\/sites\/8\/2024\/06\/P1002470-608x1080.jpg\" alt=\"\" class=\"wp-image-9953\" srcset=\"https:\/\/www.diocese-belfort-montbeliard.fr\/charmont-montbeliard\/wp-content\/uploads\/sites\/8\/2024\/06\/P1002470-608x1080.jpg 608w, https:\/\/www.diocese-belfort-montbeliard.fr\/charmont-montbeliard\/wp-content\/uploads\/sites\/8\/2024\/06\/P1002470-338x600.jpg 338w, https:\/\/www.diocese-belfort-montbeliard.fr\/charmont-montbeliard\/wp-content\/uploads\/sites\/8\/2024\/06\/P1002470-768x1364.jpg 768w, https:\/\/www.diocese-belfort-montbeliard.fr\/charmont-montbeliard\/wp-content\/uploads\/sites\/8\/2024\/06\/P1002470-865x1536.jpg 865w, https:\/\/www.diocese-belfort-montbeliard.fr\/charmont-montbeliard\/wp-content\/uploads\/sites\/8\/2024\/06\/P1002470-1153x2048.jpg 1153w, https:\/\/www.diocese-belfort-montbeliard.fr\/charmont-montbeliard\/wp-content\/uploads\/sites\/8\/2024\/06\/P1002470.jpg 1351w\" sizes=\"auto, (max-width: 608px) 100vw, 608px\" \/><\/figure>\n\n\n\n<figure class=\"wp-block-image size-large\"><img loading=\"lazy\" decoding=\"async\" width=\"608\" height=\"1080\" data-id=\"9955\" src=\"https:\/\/www.diocese-belfort-montbeliard.fr\/charmont-montbeliard\/wp-content\/uploads\/sites\/8\/2024\/06\/P1002471-608x1080.jpg\" alt=\"\" class=\"wp-image-9955\" srcset=\"https:\/\/www.diocese-belfort-montbeliard.fr\/charmont-montbeliard\/wp-content\/uploads\/sites\/8\/2024\/06\/P1002471-608x1080.jpg 608w, https:\/\/www.diocese-belfort-montbeliard.fr\/charmont-montbeliard\/wp-content\/uploads\/sites\/8\/2024\/06\/P1002471-338x600.jpg 338w, https:\/\/www.diocese-belfort-montbeliard.fr\/charmont-montbeliard\/wp-content\/uploads\/sites\/8\/2024\/06\/P1002471-768x1364.jpg 768w, https:\/\/www.diocese-belfort-montbeliard.fr\/charmont-montbeliard\/wp-content\/uploads\/sites\/8\/2024\/06\/P1002471-865x1536.jpg 865w, https:\/\/www.diocese-belfort-montbeliard.fr\/charmont-montbeliard\/wp-content\/uploads\/sites\/8\/2024\/06\/P1002471-1153x2048.jpg 1153w, https:\/\/www.diocese-belfort-montbeliard.fr\/charmont-montbeliard\/wp-content\/uploads\/sites\/8\/2024\/06\/P1002471.jpg 1351w\" sizes=\"auto, (max-width: 608px) 100vw, 608px\" \/><\/figure>\n\n\n\n<figure class=\"wp-block-image size-large\"><img loading=\"lazy\" decoding=\"async\" width=\"608\" height=\"1080\" data-id=\"9954\" src=\"https:\/\/www.diocese-belfort-montbeliard.fr\/charmont-montbeliard\/wp-content\/uploads\/sites\/8\/2024\/06\/P1002472-608x1080.jpg\" alt=\"\" class=\"wp-image-9954\" srcset=\"https:\/\/www.diocese-belfort-montbeliard.fr\/charmont-montbeliard\/wp-content\/uploads\/sites\/8\/2024\/06\/P1002472-608x1080.jpg 608w, https:\/\/www.diocese-belfort-montbeliard.fr\/charmont-montbeliard\/wp-content\/uploads\/sites\/8\/2024\/06\/P1002472-338x600.jpg 338w, https:\/\/www.diocese-belfort-montbeliard.fr\/charmont-montbeliard\/wp-content\/uploads\/sites\/8\/2024\/06\/P1002472-768x1364.jpg 768w, https:\/\/www.diocese-belfort-montbeliard.fr\/charmont-montbeliard\/wp-content\/uploads\/sites\/8\/2024\/06\/P1002472-865x1536.jpg 865w, https:\/\/www.diocese-belfort-montbeliard.fr\/charmont-montbeliard\/wp-content\/uploads\/sites\/8\/2024\/06\/P1002472-1153x2048.jpg 1153w, https:\/\/www.diocese-belfort-montbeliard.fr\/charmont-montbeliard\/wp-content\/uploads\/sites\/8\/2024\/06\/P1002472.jpg 1351w\" sizes=\"auto, (max-width: 608px) 100vw, 608px\" \/><\/figure>\n\n\n\n<figure class=\"wp-block-image size-large\"><img loading=\"lazy\" decoding=\"async\" width=\"608\" height=\"1080\" data-id=\"9968\" src=\"https:\/\/www.diocese-belfort-montbeliard.fr\/charmont-montbeliard\/wp-content\/uploads\/sites\/8\/2024\/06\/P1002473-608x1080.jpg\" alt=\"\" class=\"wp-image-9968\" srcset=\"https:\/\/www.diocese-belfort-montbeliard.fr\/charmont-montbeliard\/wp-content\/uploads\/sites\/8\/2024\/06\/P1002473-608x1080.jpg 608w, https:\/\/www.diocese-belfort-montbeliard.fr\/charmont-montbeliard\/wp-content\/uploads\/sites\/8\/2024\/06\/P1002473-338x600.jpg 338w, https:\/\/www.diocese-belfort-montbeliard.fr\/charmont-montbeliard\/wp-content\/uploads\/sites\/8\/2024\/06\/P1002473-768x1364.jpg 768w, https:\/\/www.diocese-belfort-montbeliard.fr\/charmont-montbeliard\/wp-content\/uploads\/sites\/8\/2024\/06\/P1002473-865x1536.jpg 865w, https:\/\/www.diocese-belfort-montbeliard.fr\/charmont-montbeliard\/wp-content\/uploads\/sites\/8\/2024\/06\/P1002473-1153x2048.jpg 1153w, https:\/\/www.diocese-belfort-montbeliard.fr\/charmont-montbeliard\/wp-content\/uploads\/sites\/8\/2024\/06\/P1002473.jpg 1351w\" sizes=\"auto, (max-width: 608px) 100vw, 608px\" \/><\/figure>\n\n\n\n<figure class=\"wp-block-image size-large\"><img loading=\"lazy\" decoding=\"async\" width=\"1920\" height=\"1080\" data-id=\"10016\" src=\"https:\/\/www.diocese-belfort-montbeliard.fr\/charmont-montbeliard\/wp-content\/uploads\/sites\/8\/2024\/06\/P1002476-1920x1080.jpg\" alt=\"\" class=\"wp-image-10016\" srcset=\"https:\/\/www.diocese-belfort-montbeliard.fr\/charmont-montbeliard\/wp-content\/uploads\/sites\/8\/2024\/06\/P1002476-1920x1080.jpg 1920w, https:\/\/www.diocese-belfort-montbeliard.fr\/charmont-montbeliard\/wp-content\/uploads\/sites\/8\/2024\/06\/P1002476-600x338.jpg 600w, https:\/\/www.diocese-belfort-montbeliard.fr\/charmont-montbeliard\/wp-content\/uploads\/sites\/8\/2024\/06\/P1002476-768x432.jpg 768w, https:\/\/www.diocese-belfort-montbeliard.fr\/charmont-montbeliard\/wp-content\/uploads\/sites\/8\/2024\/06\/P1002476-1536x865.jpg 1536w, https:\/\/www.diocese-belfort-montbeliard.fr\/charmont-montbeliard\/wp-content\/uploads\/sites\/8\/2024\/06\/P1002476-2048x1153.jpg 2048w\" sizes=\"auto, (max-width: 1920px) 100vw, 1920px\" \/><\/figure>\n\n\n\n<figure class=\"wp-block-image size-large\"><img loading=\"lazy\" decoding=\"async\" width=\"1920\" height=\"1080\" data-id=\"10013\" src=\"https:\/\/www.diocese-belfort-montbeliard.fr\/charmont-montbeliard\/wp-content\/uploads\/sites\/8\/2024\/06\/P1002477-1920x1080.jpg\" alt=\"\" class=\"wp-image-10013\" srcset=\"https:\/\/www.diocese-belfort-montbeliard.fr\/charmont-montbeliard\/wp-content\/uploads\/sites\/8\/2024\/06\/P1002477-1920x1080.jpg 1920w, https:\/\/www.diocese-belfort-montbeliard.fr\/charmont-montbeliard\/wp-content\/uploads\/sites\/8\/2024\/06\/P1002477-600x338.jpg 600w, https:\/\/www.diocese-belfort-montbeliard.fr\/charmont-montbeliard\/wp-content\/uploads\/sites\/8\/2024\/06\/P1002477-768x432.jpg 768w, https:\/\/www.diocese-belfort-montbeliard.fr\/charmont-montbeliard\/wp-content\/uploads\/sites\/8\/2024\/06\/P1002477-1536x865.jpg 1536w, https:\/\/www.diocese-belfort-montbeliard.fr\/charmont-montbeliard\/wp-content\/uploads\/sites\/8\/2024\/06\/P1002477-2048x1153.jpg 2048w\" sizes=\"auto, (max-width: 1920px) 100vw, 1920px\" \/><\/figure>\n\n\n\n<figure class=\"wp-block-image size-large\"><img loading=\"lazy\" decoding=\"async\" width=\"1920\" height=\"1080\" data-id=\"10030\" src=\"https:\/\/www.diocese-belfort-montbeliard.fr\/charmont-montbeliard\/wp-content\/uploads\/sites\/8\/2024\/06\/P1002478-1920x1080.jpg\" alt=\"\" class=\"wp-image-10030\" srcset=\"https:\/\/www.diocese-belfort-montbeliard.fr\/charmont-montbeliard\/wp-content\/uploads\/sites\/8\/2024\/06\/P1002478-1920x1080.jpg 1920w, https:\/\/www.diocese-belfort-montbeliard.fr\/charmont-montbeliard\/wp-content\/uploads\/sites\/8\/2024\/06\/P1002478-600x338.jpg 600w, https:\/\/www.diocese-belfort-montbeliard.fr\/charmont-montbeliard\/wp-content\/uploads\/sites\/8\/2024\/06\/P1002478-768x432.jpg 768w, https:\/\/www.diocese-belfort-montbeliard.fr\/charmont-montbeliard\/wp-content\/uploads\/sites\/8\/2024\/06\/P1002478-1536x865.jpg 1536w, https:\/\/www.diocese-belfort-montbeliard.fr\/charmont-montbeliard\/wp-content\/uploads\/sites\/8\/2024\/06\/P1002478-2048x1153.jpg 2048w\" sizes=\"auto, (max-width: 1920px) 100vw, 1920px\" \/><\/figure>\n\n\n\n<figure class=\"wp-block-image size-large\"><img loading=\"lazy\" decoding=\"async\" width=\"1920\" height=\"1080\" data-id=\"10033\" src=\"https:\/\/www.diocese-belfort-montbeliard.fr\/charmont-montbeliard\/wp-content\/uploads\/sites\/8\/2024\/06\/P1002479-1920x1080.jpg\" alt=\"\" class=\"wp-image-10033\" srcset=\"https:\/\/www.diocese-belfort-montbeliard.fr\/charmont-montbeliard\/wp-content\/uploads\/sites\/8\/2024\/06\/P1002479-1920x1080.jpg 1920w, https:\/\/www.diocese-belfort-montbeliard.fr\/charmont-montbeliard\/wp-content\/uploads\/sites\/8\/2024\/06\/P1002479-600x338.jpg 600w, https:\/\/www.diocese-belfort-montbeliard.fr\/charmont-montbeliard\/wp-content\/uploads\/sites\/8\/2024\/06\/P1002479-768x432.jpg 768w, https:\/\/www.diocese-belfort-montbeliard.fr\/charmont-montbeliard\/wp-content\/uploads\/sites\/8\/2024\/06\/P1002479-1536x865.jpg 1536w, https:\/\/www.diocese-belfort-montbeliard.fr\/charmont-montbeliard\/wp-content\/uploads\/sites\/8\/2024\/06\/P1002479-2048x1153.jpg 2048w\" sizes=\"auto, (max-width: 1920px) 100vw, 1920px\" \/><\/figure>\n\n\n\n<figure class=\"wp-block-image size-large\"><img loading=\"lazy\" decoding=\"async\" width=\"1920\" height=\"1080\" data-id=\"10017\" src=\"https:\/\/www.diocese-belfort-montbeliard.fr\/charmont-montbeliard\/wp-content\/uploads\/sites\/8\/2024\/06\/P1002480-1920x1080.jpg\" alt=\"\" class=\"wp-image-10017\" srcset=\"https:\/\/www.diocese-belfort-montbeliard.fr\/charmont-montbeliard\/wp-content\/uploads\/sites\/8\/2024\/06\/P1002480-1920x1080.jpg 1920w, https:\/\/www.diocese-belfort-montbeliard.fr\/charmont-montbeliard\/wp-content\/uploads\/sites\/8\/2024\/06\/P1002480-600x338.jpg 600w, https:\/\/www.diocese-belfort-montbeliard.fr\/charmont-montbeliard\/wp-content\/uploads\/sites\/8\/2024\/06\/P1002480-768x432.jpg 768w, https:\/\/www.diocese-belfort-montbeliard.fr\/charmont-montbeliard\/wp-content\/uploads\/sites\/8\/2024\/06\/P1002480-1536x865.jpg 1536w, https:\/\/www.diocese-belfort-montbeliard.fr\/charmont-montbeliard\/wp-content\/uploads\/sites\/8\/2024\/06\/P1002480-2048x1153.jpg 2048w\" sizes=\"auto, (max-width: 1920px) 100vw, 1920px\" \/><\/figure>\n\n\n\n<figure class=\"wp-block-image size-large\"><img loading=\"lazy\" decoding=\"async\" width=\"1920\" height=\"1080\" data-id=\"10025\" src=\"https:\/\/www.diocese-belfort-montbeliard.fr\/charmont-montbeliard\/wp-content\/uploads\/sites\/8\/2024\/06\/P1002481-1920x1080.jpg\" alt=\"\" class=\"wp-image-10025\" srcset=\"https:\/\/www.diocese-belfort-montbeliard.fr\/charmont-montbeliard\/wp-content\/uploads\/sites\/8\/2024\/06\/P1002481-1920x1080.jpg 1920w, https:\/\/www.diocese-belfort-montbeliard.fr\/charmont-montbeliard\/wp-content\/uploads\/sites\/8\/2024\/06\/P1002481-600x338.jpg 600w, https:\/\/www.diocese-belfort-montbeliard.fr\/charmont-montbeliard\/wp-content\/uploads\/sites\/8\/2024\/06\/P1002481-768x432.jpg 768w, https:\/\/www.diocese-belfort-montbeliard.fr\/charmont-montbeliard\/wp-content\/uploads\/sites\/8\/2024\/06\/P1002481-1536x865.jpg 1536w, https:\/\/www.diocese-belfort-montbeliard.fr\/charmont-montbeliard\/wp-content\/uploads\/sites\/8\/2024\/06\/P1002481-2048x1153.jpg 2048w\" sizes=\"auto, (max-width: 1920px) 100vw, 1920px\" \/><\/figure>\n\n\n\n<figure class=\"wp-block-image size-large\"><img loading=\"lazy\" decoding=\"async\" width=\"1920\" height=\"1080\" data-id=\"10027\" src=\"https:\/\/www.diocese-belfort-montbeliard.fr\/charmont-montbeliard\/wp-content\/uploads\/sites\/8\/2024\/06\/P1002482-1920x1080.jpg\" alt=\"\" class=\"wp-image-10027\" srcset=\"https:\/\/www.diocese-belfort-montbeliard.fr\/charmont-montbeliard\/wp-content\/uploads\/sites\/8\/2024\/06\/P1002482-1920x1080.jpg 1920w, https:\/\/www.diocese-belfort-montbeliard.fr\/charmont-montbeliard\/wp-content\/uploads\/sites\/8\/2024\/06\/P1002482-600x338.jpg 600w, https:\/\/www.diocese-belfort-montbeliard.fr\/charmont-montbeliard\/wp-content\/uploads\/sites\/8\/2024\/06\/P1002482-768x432.jpg 768w, https:\/\/www.diocese-belfort-montbeliard.fr\/charmont-montbeliard\/wp-content\/uploads\/sites\/8\/2024\/06\/P1002482-1536x865.jpg 1536w, https:\/\/www.diocese-belfort-montbeliard.fr\/charmont-montbeliard\/wp-content\/uploads\/sites\/8\/2024\/06\/P1002482-2048x1153.jpg 2048w\" sizes=\"auto, (max-width: 1920px) 100vw, 1920px\" \/><\/figure>\n\n\n\n<figure class=\"wp-block-image size-large\"><img loading=\"lazy\" decoding=\"async\" width=\"1920\" height=\"1080\" data-id=\"10029\" src=\"https:\/\/www.diocese-belfort-montbeliard.fr\/charmont-montbeliard\/wp-content\/uploads\/sites\/8\/2024\/06\/P1002483-1920x1080.jpg\" alt=\"\" class=\"wp-image-10029\" srcset=\"https:\/\/www.diocese-belfort-montbeliard.fr\/charmont-montbeliard\/wp-content\/uploads\/sites\/8\/2024\/06\/P1002483-1920x1080.jpg 1920w, https:\/\/www.diocese-belfort-montbeliard.fr\/charmont-montbeliard\/wp-content\/uploads\/sites\/8\/2024\/06\/P1002483-600x338.jpg 600w, https:\/\/www.diocese-belfort-montbeliard.fr\/charmont-montbeliard\/wp-content\/uploads\/sites\/8\/2024\/06\/P1002483-768x432.jpg 768w, https:\/\/www.diocese-belfort-montbeliard.fr\/charmont-montbeliard\/wp-content\/uploads\/sites\/8\/2024\/06\/P1002483-1536x865.jpg 1536w, https:\/\/www.diocese-belfort-montbeliard.fr\/charmont-montbeliard\/wp-content\/uploads\/sites\/8\/2024\/06\/P1002483-2048x1153.jpg 2048w\" sizes=\"auto, (max-width: 1920px) 100vw, 1920px\" \/><\/figure>\n\n\n\n<figure class=\"wp-block-image size-large\"><img loading=\"lazy\" decoding=\"async\" width=\"1920\" height=\"1080\" data-id=\"10022\" src=\"https:\/\/www.diocese-belfort-montbeliard.fr\/charmont-montbeliard\/wp-content\/uploads\/sites\/8\/2024\/06\/P1002484-1920x1080.jpg\" alt=\"\" class=\"wp-image-10022\" srcset=\"https:\/\/www.diocese-belfort-montbeliard.fr\/charmont-montbeliard\/wp-content\/uploads\/sites\/8\/2024\/06\/P1002484-1920x1080.jpg 1920w, https:\/\/www.diocese-belfort-montbeliard.fr\/charmont-montbeliard\/wp-content\/uploads\/sites\/8\/2024\/06\/P1002484-600x338.jpg 600w, https:\/\/www.diocese-belfort-montbeliard.fr\/charmont-montbeliard\/wp-content\/uploads\/sites\/8\/2024\/06\/P1002484-768x432.jpg 768w, https:\/\/www.diocese-belfort-montbeliard.fr\/charmont-montbeliard\/wp-content\/uploads\/sites\/8\/2024\/06\/P1002484-1536x865.jpg 1536w, https:\/\/www.diocese-belfort-montbeliard.fr\/charmont-montbeliard\/wp-content\/uploads\/sites\/8\/2024\/06\/P1002484-2048x1153.jpg 2048w\" sizes=\"auto, (max-width: 1920px) 100vw, 1920px\" \/><\/figure>\n\n\n\n<figure class=\"wp-block-image size-large\"><img loading=\"lazy\" decoding=\"async\" width=\"1920\" height=\"1080\" data-id=\"10031\" src=\"https:\/\/www.diocese-belfort-montbeliard.fr\/charmont-montbeliard\/wp-content\/uploads\/sites\/8\/2024\/06\/P1002485-1920x1080.jpg\" alt=\"\" class=\"wp-image-10031\" srcset=\"https:\/\/www.diocese-belfort-montbeliard.fr\/charmont-montbeliard\/wp-content\/uploads\/sites\/8\/2024\/06\/P1002485-1920x1080.jpg 1920w, https:\/\/www.diocese-belfort-montbeliard.fr\/charmont-montbeliard\/wp-content\/uploads\/sites\/8\/2024\/06\/P1002485-600x338.jpg 600w, https:\/\/www.diocese-belfort-montbeliard.fr\/charmont-montbeliard\/wp-content\/uploads\/sites\/8\/2024\/06\/P1002485-768x432.jpg 768w, https:\/\/www.diocese-belfort-montbeliard.fr\/charmont-montbeliard\/wp-content\/uploads\/sites\/8\/2024\/06\/P1002485-1536x865.jpg 1536w, https:\/\/www.diocese-belfort-montbeliard.fr\/charmont-montbeliard\/wp-content\/uploads\/sites\/8\/2024\/06\/P1002485-2048x1153.jpg 2048w\" sizes=\"auto, (max-width: 1920px) 100vw, 1920px\" \/><\/figure>\n\n\n\n<figure class=\"wp-block-image size-large\"><img loading=\"lazy\" decoding=\"async\" width=\"1920\" height=\"1080\" data-id=\"10021\" src=\"https:\/\/www.diocese-belfort-montbeliard.fr\/charmont-montbeliard\/wp-content\/uploads\/sites\/8\/2024\/06\/P1002486-1920x1080.jpg\" alt=\"\" class=\"wp-image-10021\" srcset=\"https:\/\/www.diocese-belfort-montbeliard.fr\/charmont-montbeliard\/wp-content\/uploads\/sites\/8\/2024\/06\/P1002486-1920x1080.jpg 1920w, https:\/\/www.diocese-belfort-montbeliard.fr\/charmont-montbeliard\/wp-content\/uploads\/sites\/8\/2024\/06\/P1002486-600x338.jpg 600w, https:\/\/www.diocese-belfort-montbeliard.fr\/charmont-montbeliard\/wp-content\/uploads\/sites\/8\/2024\/06\/P1002486-768x432.jpg 768w, https:\/\/www.diocese-belfort-montbeliard.fr\/charmont-montbeliard\/wp-content\/uploads\/sites\/8\/2024\/06\/P1002486-1536x865.jpg 1536w, https:\/\/www.diocese-belfort-montbeliard.fr\/charmont-montbeliard\/wp-content\/uploads\/sites\/8\/2024\/06\/P1002486-2048x1153.jpg 2048w\" sizes=\"auto, (max-width: 1920px) 100vw, 1920px\" \/><\/figure>\n\n\n\n<figure class=\"wp-block-image size-large\"><img loading=\"lazy\" decoding=\"async\" width=\"1920\" height=\"1080\" data-id=\"10034\" src=\"https:\/\/www.diocese-belfort-montbeliard.fr\/charmont-montbeliard\/wp-content\/uploads\/sites\/8\/2024\/06\/P1002487-1920x1080.jpg\" alt=\"\" class=\"wp-image-10034\" srcset=\"https:\/\/www.diocese-belfort-montbeliard.fr\/charmont-montbeliard\/wp-content\/uploads\/sites\/8\/2024\/06\/P1002487-1920x1080.jpg 1920w, https:\/\/www.diocese-belfort-montbeliard.fr\/charmont-montbeliard\/wp-content\/uploads\/sites\/8\/2024\/06\/P1002487-600x338.jpg 600w, https:\/\/www.diocese-belfort-montbeliard.fr\/charmont-montbeliard\/wp-content\/uploads\/sites\/8\/2024\/06\/P1002487-768x432.jpg 768w, https:\/\/www.diocese-belfort-montbeliard.fr\/charmont-montbeliard\/wp-content\/uploads\/sites\/8\/2024\/06\/P1002487-1536x865.jpg 1536w, https:\/\/www.diocese-belfort-montbeliard.fr\/charmont-montbeliard\/wp-content\/uploads\/sites\/8\/2024\/06\/P1002487-2048x1153.jpg 2048w\" sizes=\"auto, (max-width: 1920px) 100vw, 1920px\" \/><\/figure>\n\n\n\n<figure class=\"wp-block-image size-large\"><img loading=\"lazy\" decoding=\"async\" width=\"1920\" height=\"1080\" data-id=\"10035\" src=\"https:\/\/www.diocese-belfort-montbeliard.fr\/charmont-montbeliard\/wp-content\/uploads\/sites\/8\/2024\/06\/P1002488-1920x1080.jpg\" alt=\"\" class=\"wp-image-10035\" srcset=\"https:\/\/www.diocese-belfort-montbeliard.fr\/charmont-montbeliard\/wp-content\/uploads\/sites\/8\/2024\/06\/P1002488-1920x1080.jpg 1920w, https:\/\/www.diocese-belfort-montbeliard.fr\/charmont-montbeliard\/wp-content\/uploads\/sites\/8\/2024\/06\/P1002488-600x338.jpg 600w, https:\/\/www.diocese-belfort-montbeliard.fr\/charmont-montbeliard\/wp-content\/uploads\/sites\/8\/2024\/06\/P1002488-768x432.jpg 768w, https:\/\/www.diocese-belfort-montbeliard.fr\/charmont-montbeliard\/wp-content\/uploads\/sites\/8\/2024\/06\/P1002488-1536x865.jpg 1536w, https:\/\/www.diocese-belfort-montbeliard.fr\/charmont-montbeliard\/wp-content\/uploads\/sites\/8\/2024\/06\/P1002488-2048x1153.jpg 2048w\" sizes=\"auto, (max-width: 1920px) 100vw, 1920px\" \/><\/figure>\n\n\n\n<figure class=\"wp-block-image size-large\"><img loading=\"lazy\" decoding=\"async\" width=\"1920\" height=\"1080\" data-id=\"10001\" src=\"https:\/\/www.diocese-belfort-montbeliard.fr\/charmont-montbeliard\/wp-content\/uploads\/sites\/8\/2024\/06\/P1002489-1920x1080.jpg\" alt=\"\" class=\"wp-image-10001\" srcset=\"https:\/\/www.diocese-belfort-montbeliard.fr\/charmont-montbeliard\/wp-content\/uploads\/sites\/8\/2024\/06\/P1002489-1920x1080.jpg 1920w, https:\/\/www.diocese-belfort-montbeliard.fr\/charmont-montbeliard\/wp-content\/uploads\/sites\/8\/2024\/06\/P1002489-600x338.jpg 600w, https:\/\/www.diocese-belfort-montbeliard.fr\/charmont-montbeliard\/wp-content\/uploads\/sites\/8\/2024\/06\/P1002489-768x432.jpg 768w, https:\/\/www.diocese-belfort-montbeliard.fr\/charmont-montbeliard\/wp-content\/uploads\/sites\/8\/2024\/06\/P1002489-1536x865.jpg 1536w, https:\/\/www.diocese-belfort-montbeliard.fr\/charmont-montbeliard\/wp-content\/uploads\/sites\/8\/2024\/06\/P1002489-2048x1153.jpg 2048w\" sizes=\"auto, (max-width: 1920px) 100vw, 1920px\" \/><\/figure>\n\n\n\n<figure class=\"wp-block-image size-large\"><img loading=\"lazy\" decoding=\"async\" width=\"1920\" height=\"1080\" data-id=\"10024\" src=\"https:\/\/www.diocese-belfort-montbeliard.fr\/charmont-montbeliard\/wp-content\/uploads\/sites\/8\/2024\/06\/P1002490-1920x1080.jpg\" alt=\"\" class=\"wp-image-10024\" srcset=\"https:\/\/www.diocese-belfort-montbeliard.fr\/charmont-montbeliard\/wp-content\/uploads\/sites\/8\/2024\/06\/P1002490-1920x1080.jpg 1920w, https:\/\/www.diocese-belfort-montbeliard.fr\/charmont-montbeliard\/wp-content\/uploads\/sites\/8\/2024\/06\/P1002490-600x338.jpg 600w, https:\/\/www.diocese-belfort-montbeliard.fr\/charmont-montbeliard\/wp-content\/uploads\/sites\/8\/2024\/06\/P1002490-768x432.jpg 768w, https:\/\/www.diocese-belfort-montbeliard.fr\/charmont-montbeliard\/wp-content\/uploads\/sites\/8\/2024\/06\/P1002490-1536x865.jpg 1536w, https:\/\/www.diocese-belfort-montbeliard.fr\/charmont-montbeliard\/wp-content\/uploads\/sites\/8\/2024\/06\/P1002490-2048x1153.jpg 2048w\" sizes=\"auto, (max-width: 1920px) 100vw, 1920px\" \/><\/figure>\n\n\n\n<figure class=\"wp-block-image size-large\"><img loading=\"lazy\" decoding=\"async\" width=\"1920\" height=\"1080\" data-id=\"10019\" src=\"https:\/\/www.diocese-belfort-montbeliard.fr\/charmont-montbeliard\/wp-content\/uploads\/sites\/8\/2024\/06\/P1002491-1920x1080.jpg\" alt=\"\" class=\"wp-image-10019\" srcset=\"https:\/\/www.diocese-belfort-montbeliard.fr\/charmont-montbeliard\/wp-content\/uploads\/sites\/8\/2024\/06\/P1002491-1920x1080.jpg 1920w, https:\/\/www.diocese-belfort-montbeliard.fr\/charmont-montbeliard\/wp-content\/uploads\/sites\/8\/2024\/06\/P1002491-600x338.jpg 600w, https:\/\/www.diocese-belfort-montbeliard.fr\/charmont-montbeliard\/wp-content\/uploads\/sites\/8\/2024\/06\/P1002491-768x432.jpg 768w, https:\/\/www.diocese-belfort-montbeliard.fr\/charmont-montbeliard\/wp-content\/uploads\/sites\/8\/2024\/06\/P1002491-1536x865.jpg 1536w, https:\/\/www.diocese-belfort-montbeliard.fr\/charmont-montbeliard\/wp-content\/uploads\/sites\/8\/2024\/06\/P1002491-2048x1153.jpg 2048w\" sizes=\"auto, (max-width: 1920px) 100vw, 1920px\" \/><\/figure>\n\n\n\n<figure class=\"wp-block-image size-large\"><img loading=\"lazy\" decoding=\"async\" width=\"1920\" height=\"1080\" data-id=\"10023\" src=\"https:\/\/www.diocese-belfort-montbeliard.fr\/charmont-montbeliard\/wp-content\/uploads\/sites\/8\/2024\/06\/P1002492-1920x1080.jpg\" alt=\"\" class=\"wp-image-10023\" srcset=\"https:\/\/www.diocese-belfort-montbeliard.fr\/charmont-montbeliard\/wp-content\/uploads\/sites\/8\/2024\/06\/P1002492-1920x1080.jpg 1920w, https:\/\/www.diocese-belfort-montbeliard.fr\/charmont-montbeliard\/wp-content\/uploads\/sites\/8\/2024\/06\/P1002492-600x338.jpg 600w, https:\/\/www.diocese-belfort-montbeliard.fr\/charmont-montbeliard\/wp-content\/uploads\/sites\/8\/2024\/06\/P1002492-768x432.jpg 768w, https:\/\/www.diocese-belfort-montbeliard.fr\/charmont-montbeliard\/wp-content\/uploads\/sites\/8\/2024\/06\/P1002492-1536x865.jpg 1536w, https:\/\/www.diocese-belfort-montbeliard.fr\/charmont-montbeliard\/wp-content\/uploads\/sites\/8\/2024\/06\/P1002492-2048x1153.jpg 2048w\" sizes=\"auto, (max-width: 1920px) 100vw, 1920px\" \/><\/figure>\n\n\n\n<figure class=\"wp-block-image size-large\"><img loading=\"lazy\" decoding=\"async\" width=\"1920\" height=\"1080\" data-id=\"10010\" src=\"https:\/\/www.diocese-belfort-montbeliard.fr\/charmont-montbeliard\/wp-content\/uploads\/sites\/8\/2024\/06\/P1002493-1920x1080.jpg\" alt=\"\" class=\"wp-image-10010\" srcset=\"https:\/\/www.diocese-belfort-montbeliard.fr\/charmont-montbeliard\/wp-content\/uploads\/sites\/8\/2024\/06\/P1002493-1920x1080.jpg 1920w, https:\/\/www.diocese-belfort-montbeliard.fr\/charmont-montbeliard\/wp-content\/uploads\/sites\/8\/2024\/06\/P1002493-600x338.jpg 600w, https:\/\/www.diocese-belfort-montbeliard.fr\/charmont-montbeliard\/wp-content\/uploads\/sites\/8\/2024\/06\/P1002493-768x432.jpg 768w, https:\/\/www.diocese-belfort-montbeliard.fr\/charmont-montbeliard\/wp-content\/uploads\/sites\/8\/2024\/06\/P1002493-1536x865.jpg 1536w, https:\/\/www.diocese-belfort-montbeliard.fr\/charmont-montbeliard\/wp-content\/uploads\/sites\/8\/2024\/06\/P1002493-2048x1153.jpg 2048w\" sizes=\"auto, (max-width: 1920px) 100vw, 1920px\" \/><\/figure>\n\n\n\n<figure class=\"wp-block-image size-large\"><img loading=\"lazy\" decoding=\"async\" width=\"1920\" height=\"1080\" data-id=\"10014\" src=\"https:\/\/www.diocese-belfort-montbeliard.fr\/charmont-montbeliard\/wp-content\/uploads\/sites\/8\/2024\/06\/P1002494-1920x1080.jpg\" alt=\"\" class=\"wp-image-10014\" srcset=\"https:\/\/www.diocese-belfort-montbeliard.fr\/charmont-montbeliard\/wp-content\/uploads\/sites\/8\/2024\/06\/P1002494-1920x1080.jpg 1920w, https:\/\/www.diocese-belfort-montbeliard.fr\/charmont-montbeliard\/wp-content\/uploads\/sites\/8\/2024\/06\/P1002494-600x338.jpg 600w, https:\/\/www.diocese-belfort-montbeliard.fr\/charmont-montbeliard\/wp-content\/uploads\/sites\/8\/2024\/06\/P1002494-768x432.jpg 768w, https:\/\/www.diocese-belfort-montbeliard.fr\/charmont-montbeliard\/wp-content\/uploads\/sites\/8\/2024\/06\/P1002494-1536x865.jpg 1536w, https:\/\/www.diocese-belfort-montbeliard.fr\/charmont-montbeliard\/wp-content\/uploads\/sites\/8\/2024\/06\/P1002494-2048x1153.jpg 2048w\" sizes=\"auto, (max-width: 1920px) 100vw, 1920px\" \/><\/figure>\n\n\n\n<figure class=\"wp-block-image size-large\"><img loading=\"lazy\" decoding=\"async\" width=\"1920\" height=\"1080\" data-id=\"10041\" src=\"https:\/\/www.diocese-belfort-montbeliard.fr\/charmont-montbeliard\/wp-content\/uploads\/sites\/8\/2024\/06\/P1002495-1920x1080.jpg\" alt=\"\" class=\"wp-image-10041\" srcset=\"https:\/\/www.diocese-belfort-montbeliard.fr\/charmont-montbeliard\/wp-content\/uploads\/sites\/8\/2024\/06\/P1002495-1920x1080.jpg 1920w, https:\/\/www.diocese-belfort-montbeliard.fr\/charmont-montbeliard\/wp-content\/uploads\/sites\/8\/2024\/06\/P1002495-600x338.jpg 600w, https:\/\/www.diocese-belfort-montbeliard.fr\/charmont-montbeliard\/wp-content\/uploads\/sites\/8\/2024\/06\/P1002495-768x432.jpg 768w, https:\/\/www.diocese-belfort-montbeliard.fr\/charmont-montbeliard\/wp-content\/uploads\/sites\/8\/2024\/06\/P1002495-1536x865.jpg 1536w, https:\/\/www.diocese-belfort-montbeliard.fr\/charmont-montbeliard\/wp-content\/uploads\/sites\/8\/2024\/06\/P1002495-2048x1153.jpg 2048w\" sizes=\"auto, (max-width: 1920px) 100vw, 1920px\" \/><\/figure>\n\n\n\n<figure class=\"wp-block-image size-large\"><img loading=\"lazy\" decoding=\"async\" width=\"1920\" height=\"1080\" data-id=\"10032\" src=\"https:\/\/www.diocese-belfort-montbeliard.fr\/charmont-montbeliard\/wp-content\/uploads\/sites\/8\/2024\/06\/P1002496-1920x1080.jpg\" alt=\"\" class=\"wp-image-10032\" srcset=\"https:\/\/www.diocese-belfort-montbeliard.fr\/charmont-montbeliard\/wp-content\/uploads\/sites\/8\/2024\/06\/P1002496-1920x1080.jpg 1920w, https:\/\/www.diocese-belfort-montbeliard.fr\/charmont-montbeliard\/wp-content\/uploads\/sites\/8\/2024\/06\/P1002496-600x338.jpg 600w, https:\/\/www.diocese-belfort-montbeliard.fr\/charmont-montbeliard\/wp-content\/uploads\/sites\/8\/2024\/06\/P1002496-768x432.jpg 768w, https:\/\/www.diocese-belfort-montbeliard.fr\/charmont-montbeliard\/wp-content\/uploads\/sites\/8\/2024\/06\/P1002496-1536x865.jpg 1536w, https:\/\/www.diocese-belfort-montbeliard.fr\/charmont-montbeliard\/wp-content\/uploads\/sites\/8\/2024\/06\/P1002496-2048x1153.jpg 2048w\" sizes=\"auto, (max-width: 1920px) 100vw, 1920px\" \/><\/figure>\n\n\n\n<figure class=\"wp-block-image size-large\"><img loading=\"lazy\" decoding=\"async\" width=\"608\" height=\"1080\" data-id=\"10036\" src=\"https:\/\/www.diocese-belfort-montbeliard.fr\/charmont-montbeliard\/wp-content\/uploads\/sites\/8\/2024\/06\/P1002497-608x1080.jpg\" alt=\"\" class=\"wp-image-10036\" srcset=\"https:\/\/www.diocese-belfort-montbeliard.fr\/charmont-montbeliard\/wp-content\/uploads\/sites\/8\/2024\/06\/P1002497-608x1080.jpg 608w, https:\/\/www.diocese-belfort-montbeliard.fr\/charmont-montbeliard\/wp-content\/uploads\/sites\/8\/2024\/06\/P1002497-338x600.jpg 338w, https:\/\/www.diocese-belfort-montbeliard.fr\/charmont-montbeliard\/wp-content\/uploads\/sites\/8\/2024\/06\/P1002497-768x1364.jpg 768w, https:\/\/www.diocese-belfort-montbeliard.fr\/charmont-montbeliard\/wp-content\/uploads\/sites\/8\/2024\/06\/P1002497-865x1536.jpg 865w, https:\/\/www.diocese-belfort-montbeliard.fr\/charmont-montbeliard\/wp-content\/uploads\/sites\/8\/2024\/06\/P1002497-1153x2048.jpg 1153w, https:\/\/www.diocese-belfort-montbeliard.fr\/charmont-montbeliard\/wp-content\/uploads\/sites\/8\/2024\/06\/P1002497.jpg 1351w\" sizes=\"auto, (max-width: 608px) 100vw, 608px\" \/><\/figure>\n\n\n\n<figure class=\"wp-block-image size-large\"><img loading=\"lazy\" decoding=\"async\" width=\"1920\" height=\"1080\" data-id=\"10039\" src=\"https:\/\/www.diocese-belfort-montbeliard.fr\/charmont-montbeliard\/wp-content\/uploads\/sites\/8\/2024\/06\/P1002498-1920x1080.jpg\" alt=\"\" class=\"wp-image-10039\" srcset=\"https:\/\/www.diocese-belfort-montbeliard.fr\/charmont-montbeliard\/wp-content\/uploads\/sites\/8\/2024\/06\/P1002498-1920x1080.jpg 1920w, https:\/\/www.diocese-belfort-montbeliard.fr\/charmont-montbeliard\/wp-content\/uploads\/sites\/8\/2024\/06\/P1002498-600x338.jpg 600w, https:\/\/www.diocese-belfort-montbeliard.fr\/charmont-montbeliard\/wp-content\/uploads\/sites\/8\/2024\/06\/P1002498-768x432.jpg 768w, https:\/\/www.diocese-belfort-montbeliard.fr\/charmont-montbeliard\/wp-content\/uploads\/sites\/8\/2024\/06\/P1002498-1536x865.jpg 1536w, https:\/\/www.diocese-belfort-montbeliard.fr\/charmont-montbeliard\/wp-content\/uploads\/sites\/8\/2024\/06\/P1002498-2048x1153.jpg 2048w\" sizes=\"auto, (max-width: 1920px) 100vw, 1920px\" \/><\/figure>\n\n\n\n<figure class=\"wp-block-image size-large\"><img loading=\"lazy\" decoding=\"async\" width=\"1920\" height=\"1080\" data-id=\"9984\" src=\"https:\/\/www.diocese-belfort-montbeliard.fr\/charmont-montbeliard\/wp-content\/uploads\/sites\/8\/2024\/06\/P1002500-1920x1080.jpg\" alt=\"\" class=\"wp-image-9984\" srcset=\"https:\/\/www.diocese-belfort-montbeliard.fr\/charmont-montbeliard\/wp-content\/uploads\/sites\/8\/2024\/06\/P1002500-1920x1080.jpg 1920w, https:\/\/www.diocese-belfort-montbeliard.fr\/charmont-montbeliard\/wp-content\/uploads\/sites\/8\/2024\/06\/P1002500-600x338.jpg 600w, https:\/\/www.diocese-belfort-montbeliard.fr\/charmont-montbeliard\/wp-content\/uploads\/sites\/8\/2024\/06\/P1002500-768x432.jpg 768w, https:\/\/www.diocese-belfort-montbeliard.fr\/charmont-montbeliard\/wp-content\/uploads\/sites\/8\/2024\/06\/P1002500-1536x865.jpg 1536w, https:\/\/www.diocese-belfort-montbeliard.fr\/charmont-montbeliard\/wp-content\/uploads\/sites\/8\/2024\/06\/P1002500-2048x1153.jpg 2048w\" sizes=\"auto, (max-width: 1920px) 100vw, 1920px\" \/><\/figure>\n\n\n\n<figure class=\"wp-block-image size-large\"><img loading=\"lazy\" decoding=\"async\" width=\"608\" height=\"1080\" data-id=\"10028\" src=\"https:\/\/www.diocese-belfort-montbeliard.fr\/charmont-montbeliard\/wp-content\/uploads\/sites\/8\/2024\/06\/P1002501-608x1080.jpg\" alt=\"\" class=\"wp-image-10028\" srcset=\"https:\/\/www.diocese-belfort-montbeliard.fr\/charmont-montbeliard\/wp-content\/uploads\/sites\/8\/2024\/06\/P1002501-608x1080.jpg 608w, https:\/\/www.diocese-belfort-montbeliard.fr\/charmont-montbeliard\/wp-content\/uploads\/sites\/8\/2024\/06\/P1002501-338x600.jpg 338w, https:\/\/www.diocese-belfort-montbeliard.fr\/charmont-montbeliard\/wp-content\/uploads\/sites\/8\/2024\/06\/P1002501-768x1364.jpg 768w, https:\/\/www.diocese-belfort-montbeliard.fr\/charmont-montbeliard\/wp-content\/uploads\/sites\/8\/2024\/06\/P1002501-865x1536.jpg 865w, https:\/\/www.diocese-belfort-montbeliard.fr\/charmont-montbeliard\/wp-content\/uploads\/sites\/8\/2024\/06\/P1002501-1153x2048.jpg 1153w, https:\/\/www.diocese-belfort-montbeliard.fr\/charmont-montbeliard\/wp-content\/uploads\/sites\/8\/2024\/06\/P1002501.jpg 1351w\" sizes=\"auto, (max-width: 608px) 100vw, 608px\" \/><\/figure>\n\n\n\n<figure class=\"wp-block-image size-large\"><img loading=\"lazy\" decoding=\"async\" width=\"1920\" height=\"1080\" data-id=\"9947\" src=\"https:\/\/www.diocese-belfort-montbeliard.fr\/charmont-montbeliard\/wp-content\/uploads\/sites\/8\/2024\/06\/P1002502-1920x1080.jpg\" alt=\"\" class=\"wp-image-9947\" srcset=\"https:\/\/www.diocese-belfort-montbeliard.fr\/charmont-montbeliard\/wp-content\/uploads\/sites\/8\/2024\/06\/P1002502-1920x1080.jpg 1920w, https:\/\/www.diocese-belfort-montbeliard.fr\/charmont-montbeliard\/wp-content\/uploads\/sites\/8\/2024\/06\/P1002502-600x338.jpg 600w, https:\/\/www.diocese-belfort-montbeliard.fr\/charmont-montbeliard\/wp-content\/uploads\/sites\/8\/2024\/06\/P1002502-768x432.jpg 768w, https:\/\/www.diocese-belfort-montbeliard.fr\/charmont-montbeliard\/wp-content\/uploads\/sites\/8\/2024\/06\/P1002502-1536x865.jpg 1536w, https:\/\/www.diocese-belfort-montbeliard.fr\/charmont-montbeliard\/wp-content\/uploads\/sites\/8\/2024\/06\/P1002502-2048x1153.jpg 2048w\" sizes=\"auto, (max-width: 1920px) 100vw, 1920px\" \/><\/figure>\n\n\n\n<figure class=\"wp-block-image size-large\"><img loading=\"lazy\" decoding=\"async\" width=\"1920\" height=\"1080\" data-id=\"9952\" src=\"https:\/\/www.diocese-belfort-montbeliard.fr\/charmont-montbeliard\/wp-content\/uploads\/sites\/8\/2024\/06\/P1002503-1920x1080.jpg\" alt=\"\" class=\"wp-image-9952\" srcset=\"https:\/\/www.diocese-belfort-montbeliard.fr\/charmont-montbeliard\/wp-content\/uploads\/sites\/8\/2024\/06\/P1002503-1920x1080.jpg 1920w, https:\/\/www.diocese-belfort-montbeliard.fr\/charmont-montbeliard\/wp-content\/uploads\/sites\/8\/2024\/06\/P1002503-600x338.jpg 600w, https:\/\/www.diocese-belfort-montbeliard.fr\/charmont-montbeliard\/wp-content\/uploads\/sites\/8\/2024\/06\/P1002503-768x432.jpg 768w, https:\/\/www.diocese-belfort-montbeliard.fr\/charmont-montbeliard\/wp-content\/uploads\/sites\/8\/2024\/06\/P1002503-1536x865.jpg 1536w, https:\/\/www.diocese-belfort-montbeliard.fr\/charmont-montbeliard\/wp-content\/uploads\/sites\/8\/2024\/06\/P1002503-2048x1153.jpg 2048w\" sizes=\"auto, (max-width: 1920px) 100vw, 1920px\" \/><\/figure>\n\n\n\n<figure class=\"wp-block-image size-large\"><img loading=\"lazy\" decoding=\"async\" width=\"1920\" height=\"1080\" data-id=\"10020\" src=\"https:\/\/www.diocese-belfort-montbeliard.fr\/charmont-montbeliard\/wp-content\/uploads\/sites\/8\/2024\/06\/P1002504-1920x1080.jpg\" alt=\"\" class=\"wp-image-10020\" srcset=\"https:\/\/www.diocese-belfort-montbeliard.fr\/charmont-montbeliard\/wp-content\/uploads\/sites\/8\/2024\/06\/P1002504-1920x1080.jpg 1920w, https:\/\/www.diocese-belfort-montbeliard.fr\/charmont-montbeliard\/wp-content\/uploads\/sites\/8\/2024\/06\/P1002504-600x338.jpg 600w, https:\/\/www.diocese-belfort-montbeliard.fr\/charmont-montbeliard\/wp-content\/uploads\/sites\/8\/2024\/06\/P1002504-768x432.jpg 768w, https:\/\/www.diocese-belfort-montbeliard.fr\/charmont-montbeliard\/wp-content\/uploads\/sites\/8\/2024\/06\/P1002504-1536x865.jpg 1536w, https:\/\/www.diocese-belfort-montbeliard.fr\/charmont-montbeliard\/wp-content\/uploads\/sites\/8\/2024\/06\/P1002504-2048x1153.jpg 2048w\" sizes=\"auto, (max-width: 1920px) 100vw, 1920px\" \/><\/figure>\n\n\n\n<figure class=\"wp-block-image size-large\"><img loading=\"lazy\" decoding=\"async\" width=\"1920\" height=\"1080\" data-id=\"9965\" src=\"https:\/\/www.diocese-belfort-montbeliard.fr\/charmont-montbeliard\/wp-content\/uploads\/sites\/8\/2024\/06\/P1002505-1920x1080.jpg\" alt=\"\" class=\"wp-image-9965\" srcset=\"https:\/\/www.diocese-belfort-montbeliard.fr\/charmont-montbeliard\/wp-content\/uploads\/sites\/8\/2024\/06\/P1002505-1920x1080.jpg 1920w, https:\/\/www.diocese-belfort-montbeliard.fr\/charmont-montbeliard\/wp-content\/uploads\/sites\/8\/2024\/06\/P1002505-600x338.jpg 600w, https:\/\/www.diocese-belfort-montbeliard.fr\/charmont-montbeliard\/wp-content\/uploads\/sites\/8\/2024\/06\/P1002505-768x432.jpg 768w, https:\/\/www.diocese-belfort-montbeliard.fr\/charmont-montbeliard\/wp-content\/uploads\/sites\/8\/2024\/06\/P1002505-1536x865.jpg 1536w, https:\/\/www.diocese-belfort-montbeliard.fr\/charmont-montbeliard\/wp-content\/uploads\/sites\/8\/2024\/06\/P1002505-2048x1153.jpg 2048w\" sizes=\"auto, (max-width: 1920px) 100vw, 1920px\" \/><\/figure>\n\n\n\n<figure class=\"wp-block-image size-large\"><img loading=\"lazy\" decoding=\"async\" width=\"608\" height=\"1080\" data-id=\"9998\" src=\"https:\/\/www.diocese-belfort-montbeliard.fr\/charmont-montbeliard\/wp-content\/uploads\/sites\/8\/2024\/06\/P1002506-608x1080.jpg\" alt=\"\" class=\"wp-image-9998\" srcset=\"https:\/\/www.diocese-belfort-montbeliard.fr\/charmont-montbeliard\/wp-content\/uploads\/sites\/8\/2024\/06\/P1002506-608x1080.jpg 608w, https:\/\/www.diocese-belfort-montbeliard.fr\/charmont-montbeliard\/wp-content\/uploads\/sites\/8\/2024\/06\/P1002506-338x600.jpg 338w, https:\/\/www.diocese-belfort-montbeliard.fr\/charmont-montbeliard\/wp-content\/uploads\/sites\/8\/2024\/06\/P1002506-768x1364.jpg 768w, https:\/\/www.diocese-belfort-montbeliard.fr\/charmont-montbeliard\/wp-content\/uploads\/sites\/8\/2024\/06\/P1002506-865x1536.jpg 865w, https:\/\/www.diocese-belfort-montbeliard.fr\/charmont-montbeliard\/wp-content\/uploads\/sites\/8\/2024\/06\/P1002506-1153x2048.jpg 1153w, https:\/\/www.diocese-belfort-montbeliard.fr\/charmont-montbeliard\/wp-content\/uploads\/sites\/8\/2024\/06\/P1002506.jpg 1351w\" sizes=\"auto, (max-width: 608px) 100vw, 608px\" \/><\/figure>\n\n\n\n<figure class=\"wp-block-image size-large\"><img loading=\"lazy\" decoding=\"async\" width=\"1920\" height=\"1080\" data-id=\"9991\" src=\"https:\/\/www.diocese-belfort-montbeliard.fr\/charmont-montbeliard\/wp-content\/uploads\/sites\/8\/2024\/06\/P1002507-1920x1080.jpg\" alt=\"\" class=\"wp-image-9991\" srcset=\"https:\/\/www.diocese-belfort-montbeliard.fr\/charmont-montbeliard\/wp-content\/uploads\/sites\/8\/2024\/06\/P1002507-1920x1080.jpg 1920w, https:\/\/www.diocese-belfort-montbeliard.fr\/charmont-montbeliard\/wp-content\/uploads\/sites\/8\/2024\/06\/P1002507-600x338.jpg 600w, https:\/\/www.diocese-belfort-montbeliard.fr\/charmont-montbeliard\/wp-content\/uploads\/sites\/8\/2024\/06\/P1002507-768x432.jpg 768w, https:\/\/www.diocese-belfort-montbeliard.fr\/charmont-montbeliard\/wp-content\/uploads\/sites\/8\/2024\/06\/P1002507-1536x865.jpg 1536w, https:\/\/www.diocese-belfort-montbeliard.fr\/charmont-montbeliard\/wp-content\/uploads\/sites\/8\/2024\/06\/P1002507-2048x1153.jpg 2048w\" sizes=\"auto, (max-width: 1920px) 100vw, 1920px\" \/><\/figure>\n\n\n\n<figure class=\"wp-block-image size-large\"><img loading=\"lazy\" decoding=\"async\" width=\"1920\" height=\"1080\" data-id=\"9988\" src=\"https:\/\/www.diocese-belfort-montbeliard.fr\/charmont-montbeliard\/wp-content\/uploads\/sites\/8\/2024\/06\/P1002508-1920x1080.jpg\" alt=\"\" class=\"wp-image-9988\" srcset=\"https:\/\/www.diocese-belfort-montbeliard.fr\/charmont-montbeliard\/wp-content\/uploads\/sites\/8\/2024\/06\/P1002508-1920x1080.jpg 1920w, https:\/\/www.diocese-belfort-montbeliard.fr\/charmont-montbeliard\/wp-content\/uploads\/sites\/8\/2024\/06\/P1002508-600x338.jpg 600w, https:\/\/www.diocese-belfort-montbeliard.fr\/charmont-montbeliard\/wp-content\/uploads\/sites\/8\/2024\/06\/P1002508-768x432.jpg 768w, https:\/\/www.diocese-belfort-montbeliard.fr\/charmont-montbeliard\/wp-content\/uploads\/sites\/8\/2024\/06\/P1002508-1536x865.jpg 1536w, https:\/\/www.diocese-belfort-montbeliard.fr\/charmont-montbeliard\/wp-content\/uploads\/sites\/8\/2024\/06\/P1002508-2048x1153.jpg 2048w\" sizes=\"auto, (max-width: 1920px) 100vw, 1920px\" \/><\/figure>\n\n\n\n<figure class=\"wp-block-image size-large\"><img loading=\"lazy\" decoding=\"async\" width=\"1920\" height=\"1080\" data-id=\"10007\" src=\"https:\/\/www.diocese-belfort-montbeliard.fr\/charmont-montbeliard\/wp-content\/uploads\/sites\/8\/2024\/06\/P1002509-1920x1080.jpg\" alt=\"\" class=\"wp-image-10007\" srcset=\"https:\/\/www.diocese-belfort-montbeliard.fr\/charmont-montbeliard\/wp-content\/uploads\/sites\/8\/2024\/06\/P1002509-1920x1080.jpg 1920w, https:\/\/www.diocese-belfort-montbeliard.fr\/charmont-montbeliard\/wp-content\/uploads\/sites\/8\/2024\/06\/P1002509-600x338.jpg 600w, https:\/\/www.diocese-belfort-montbeliard.fr\/charmont-montbeliard\/wp-content\/uploads\/sites\/8\/2024\/06\/P1002509-768x432.jpg 768w, https:\/\/www.diocese-belfort-montbeliard.fr\/charmont-montbeliard\/wp-content\/uploads\/sites\/8\/2024\/06\/P1002509-1536x865.jpg 1536w, https:\/\/www.diocese-belfort-montbeliard.fr\/charmont-montbeliard\/wp-content\/uploads\/sites\/8\/2024\/06\/P1002509-2048x1153.jpg 2048w\" sizes=\"auto, (max-width: 1920px) 100vw, 1920px\" \/><\/figure>\n\n\n\n\n\n\n\n\n\n\n\n\n\n\n\n\n\n\n\n\n\n\n\n\n\n\n\n\n\n\n\n\n\n\n\n\n\n\n\n\n\n\n\n\n\n<figure class=\"wp-block-image size-large\"><img loading=\"lazy\" decoding=\"async\" width=\"1127\" height=\"844\" data-id=\"10051\" src=\"https:\/\/www.diocese-belfort-montbeliard.fr\/charmont-montbeliard\/wp-content\/uploads\/sites\/8\/2024\/06\/79d2d767-cf22-4771-826a-c5f29e0dd90e.jpeg\" alt=\"\" class=\"wp-image-10051\" srcset=\"https:\/\/www.diocese-belfort-montbeliard.fr\/charmont-montbeliard\/wp-content\/uploads\/sites\/8\/2024\/06\/79d2d767-cf22-4771-826a-c5f29e0dd90e.jpeg 1127w, https:\/\/www.diocese-belfort-montbeliard.fr\/charmont-montbeliard\/wp-content\/uploads\/sites\/8\/2024\/06\/79d2d767-cf22-4771-826a-c5f29e0dd90e-600x449.jpeg 600w, https:\/\/www.diocese-belfort-montbeliard.fr\/charmont-montbeliard\/wp-content\/uploads\/sites\/8\/2024\/06\/79d2d767-cf22-4771-826a-c5f29e0dd90e-768x575.jpeg 768w\" sizes=\"auto, (max-width: 1127px) 100vw, 1127px\" \/><\/figure>\n\n\n\n<figure class=\"wp-block-image size-large\"><img loading=\"lazy\" decoding=\"async\" width=\"1366\" height=\"844\" data-id=\"10058\" src=\"https:\/\/www.diocese-belfort-montbeliard.fr\/charmont-montbeliard\/wp-content\/uploads\/sites\/8\/2024\/06\/9fe925ed-425e-43d7-a545-6f3cc33b4d5d.jpeg\" alt=\"\" class=\"wp-image-10058\" srcset=\"https:\/\/www.diocese-belfort-montbeliard.fr\/charmont-montbeliard\/wp-content\/uploads\/sites\/8\/2024\/06\/9fe925ed-425e-43d7-a545-6f3cc33b4d5d.jpeg 1366w, https:\/\/www.diocese-belfort-montbeliard.fr\/charmont-montbeliard\/wp-content\/uploads\/sites\/8\/2024\/06\/9fe925ed-425e-43d7-a545-6f3cc33b4d5d-600x371.jpeg 600w, https:\/\/www.diocese-belfort-montbeliard.fr\/charmont-montbeliard\/wp-content\/uploads\/sites\/8\/2024\/06\/9fe925ed-425e-43d7-a545-6f3cc33b4d5d-768x475.jpeg 768w\" sizes=\"auto, (max-width: 1366px) 100vw, 1366px\" \/><\/figure>\n\n\n\n<figure class=\"wp-block-image size-large\"><img loading=\"lazy\" decoding=\"async\" width=\"1496\" height=\"844\" data-id=\"10047\" src=\"https:\/\/www.diocese-belfort-montbeliard.fr\/charmont-montbeliard\/wp-content\/uploads\/sites\/8\/2024\/06\/6c3549a7-fdf7-4df0-b700-5653906a019e.jpeg\" alt=\"\" class=\"wp-image-10047\" srcset=\"https:\/\/www.diocese-belfort-montbeliard.fr\/charmont-montbeliard\/wp-content\/uploads\/sites\/8\/2024\/06\/6c3549a7-fdf7-4df0-b700-5653906a019e.jpeg 1496w, https:\/\/www.diocese-belfort-montbeliard.fr\/charmont-montbeliard\/wp-content\/uploads\/sites\/8\/2024\/06\/6c3549a7-fdf7-4df0-b700-5653906a019e-600x339.jpeg 600w, https:\/\/www.diocese-belfort-montbeliard.fr\/charmont-montbeliard\/wp-content\/uploads\/sites\/8\/2024\/06\/6c3549a7-fdf7-4df0-b700-5653906a019e-768x433.jpeg 768w\" sizes=\"auto, (max-width: 1496px) 100vw, 1496px\" \/><\/figure>\n\n\n\n\n\n\n\n\n\n\n\n\n\n\n\n\n\n<figure class=\"wp-block-image size-large\"><img loading=\"lazy\" decoding=\"async\" width=\"1920\" height=\"1080\" data-id=\"10077\" src=\"https:\/\/www.diocese-belfort-montbeliard.fr\/charmont-montbeliard\/wp-content\/uploads\/sites\/8\/2024\/06\/IMG_0172-1920x1080.jpeg\" alt=\"\" class=\"wp-image-10077\" srcset=\"https:\/\/www.diocese-belfort-montbeliard.fr\/charmont-montbeliard\/wp-content\/uploads\/sites\/8\/2024\/06\/IMG_0172-1920x1080.jpeg 1920w, https:\/\/www.diocese-belfort-montbeliard.fr\/charmont-montbeliard\/wp-content\/uploads\/sites\/8\/2024\/06\/IMG_0172-600x338.jpeg 600w, https:\/\/www.diocese-belfort-montbeliard.fr\/charmont-montbeliard\/wp-content\/uploads\/sites\/8\/2024\/06\/IMG_0172-768x432.jpeg 768w, https:\/\/www.diocese-belfort-montbeliard.fr\/charmont-montbeliard\/wp-content\/uploads\/sites\/8\/2024\/06\/IMG_0172-1536x865.jpeg 1536w, https:\/\/www.diocese-belfort-montbeliard.fr\/charmont-montbeliard\/wp-content\/uploads\/sites\/8\/2024\/06\/IMG_0172-2048x1153.jpeg 2048w\" sizes=\"auto, (max-width: 1920px) 100vw, 1920px\" \/><\/figure>\n\n\n\n\n\n\n\n\n\n\n\n\n\n\n\n\n\n\n\n\n\n\n\n<figure class=\"wp-block-image size-large\"><img loading=\"lazy\" decoding=\"async\" width=\"480\" height=\"360\" data-id=\"10044\" src=\"https:\/\/www.diocese-belfort-montbeliard.fr\/charmont-montbeliard\/wp-content\/uploads\/sites\/8\/2024\/06\/IMG_1431.jpeg\" alt=\"\" class=\"wp-image-10044\"\/><\/figure>\n\n\n\n\n\n\n\n\n\n\n\n\n\n\n\n\n\n\n\n\n\n\n\n\n\n\n\n\n\n\n\n\n\n\n\n\n\n\n\n\n\n\n\n\n\n\n\n\n\n\n\n\n\n\n\n\n\n\n\n\n\n\n\n<figure class=\"wp-block-image size-large\"><img loading=\"lazy\" decoding=\"async\" width=\"608\" height=\"1080\" data-id=\"10082\" src=\"https:\/\/www.diocese-belfort-montbeliard.fr\/charmont-montbeliard\/wp-content\/uploads\/sites\/8\/2024\/06\/IMG_0145-608x1080.jpeg\" alt=\"\" class=\"wp-image-10082\" srcset=\"https:\/\/www.diocese-belfort-montbeliard.fr\/charmont-montbeliard\/wp-content\/uploads\/sites\/8\/2024\/06\/IMG_0145-608x1080.jpeg 608w, https:\/\/www.diocese-belfort-montbeliard.fr\/charmont-montbeliard\/wp-content\/uploads\/sites\/8\/2024\/06\/IMG_0145-338x600.jpeg 338w, https:\/\/www.diocese-belfort-montbeliard.fr\/charmont-montbeliard\/wp-content\/uploads\/sites\/8\/2024\/06\/IMG_0145-768x1364.jpeg 768w, https:\/\/www.diocese-belfort-montbeliard.fr\/charmont-montbeliard\/wp-content\/uploads\/sites\/8\/2024\/06\/IMG_0145-865x1536.jpeg 865w, https:\/\/www.diocese-belfort-montbeliard.fr\/charmont-montbeliard\/wp-content\/uploads\/sites\/8\/2024\/06\/IMG_0145-1153x2048.jpeg 1153w, https:\/\/www.diocese-belfort-montbeliard.fr\/charmont-montbeliard\/wp-content\/uploads\/sites\/8\/2024\/06\/IMG_0145.jpeg 1351w\" sizes=\"auto, (max-width: 608px) 100vw, 608px\" \/><\/figure>\n\n\n\n\n\n\n\n\n\n<figure class=\"wp-block-image size-large\"><img loading=\"lazy\" decoding=\"async\" width=\"608\" height=\"1080\" data-id=\"10079\" src=\"https:\/\/www.diocese-belfort-montbeliard.fr\/charmont-montbeliard\/wp-content\/uploads\/sites\/8\/2024\/06\/IMG_0141-608x1080.jpeg\" alt=\"\" class=\"wp-image-10079\" srcset=\"https:\/\/www.diocese-belfort-montbeliard.fr\/charmont-montbeliard\/wp-content\/uploads\/sites\/8\/2024\/06\/IMG_0141-608x1080.jpeg 608w, https:\/\/www.diocese-belfort-montbeliard.fr\/charmont-montbeliard\/wp-content\/uploads\/sites\/8\/2024\/06\/IMG_0141-338x600.jpeg 338w, https:\/\/www.diocese-belfort-montbeliard.fr\/charmont-montbeliard\/wp-content\/uploads\/sites\/8\/2024\/06\/IMG_0141-768x1364.jpeg 768w, https:\/\/www.diocese-belfort-montbeliard.fr\/charmont-montbeliard\/wp-content\/uploads\/sites\/8\/2024\/06\/IMG_0141-865x1536.jpeg 865w, https:\/\/www.diocese-belfort-montbeliard.fr\/charmont-montbeliard\/wp-content\/uploads\/sites\/8\/2024\/06\/IMG_0141-1153x2048.jpeg 1153w, https:\/\/www.diocese-belfort-montbeliard.fr\/charmont-montbeliard\/wp-content\/uploads\/sites\/8\/2024\/06\/IMG_0141.jpeg 1351w\" sizes=\"auto, (max-width: 608px) 100vw, 608px\" \/><\/figure>\n\n\n\n\n\n<figure class=\"wp-block-image size-large\"><img loading=\"lazy\" decoding=\"async\" width=\"608\" height=\"1080\" data-id=\"10078\" src=\"https:\/\/www.diocese-belfort-montbeliard.fr\/charmont-montbeliard\/wp-content\/uploads\/sites\/8\/2024\/06\/IMG_0139-608x1080.jpeg\" alt=\"\" class=\"wp-image-10078\" srcset=\"https:\/\/www.diocese-belfort-montbeliard.fr\/charmont-montbeliard\/wp-content\/uploads\/sites\/8\/2024\/06\/IMG_0139-608x1080.jpeg 608w, https:\/\/www.diocese-belfort-montbeliard.fr\/charmont-montbeliard\/wp-content\/uploads\/sites\/8\/2024\/06\/IMG_0139-338x600.jpeg 338w, https:\/\/www.diocese-belfort-montbeliard.fr\/charmont-montbeliard\/wp-content\/uploads\/sites\/8\/2024\/06\/IMG_0139-768x1364.jpeg 768w, https:\/\/www.diocese-belfort-montbeliard.fr\/charmont-montbeliard\/wp-content\/uploads\/sites\/8\/2024\/06\/IMG_0139-865x1536.jpeg 865w, https:\/\/www.diocese-belfort-montbeliard.fr\/charmont-montbeliard\/wp-content\/uploads\/sites\/8\/2024\/06\/IMG_0139-1153x2048.jpeg 1153w, https:\/\/www.diocese-belfort-montbeliard.fr\/charmont-montbeliard\/wp-content\/uploads\/sites\/8\/2024\/06\/IMG_0139.jpeg 1351w\" sizes=\"auto, (max-width: 608px) 100vw, 608px\" \/><\/figure>\n\n\n\n<figure class=\"wp-block-image size-large\"><img loading=\"lazy\" decoding=\"async\" width=\"608\" height=\"1080\" data-id=\"10080\" src=\"https:\/\/www.diocese-belfort-montbeliard.fr\/charmont-montbeliard\/wp-content\/uploads\/sites\/8\/2024\/06\/IMG_0137-608x1080.jpeg\" alt=\"\" class=\"wp-image-10080\" srcset=\"https:\/\/www.diocese-belfort-montbeliard.fr\/charmont-montbeliard\/wp-content\/uploads\/sites\/8\/2024\/06\/IMG_0137-608x1080.jpeg 608w, https:\/\/www.diocese-belfort-montbeliard.fr\/charmont-montbeliard\/wp-content\/uploads\/sites\/8\/2024\/06\/IMG_0137-338x600.jpeg 338w, https:\/\/www.diocese-belfort-montbeliard.fr\/charmont-montbeliard\/wp-content\/uploads\/sites\/8\/2024\/06\/IMG_0137-768x1364.jpeg 768w, https:\/\/www.diocese-belfort-montbeliard.fr\/charmont-montbeliard\/wp-content\/uploads\/sites\/8\/2024\/06\/IMG_0137-865x1536.jpeg 865w, https:\/\/www.diocese-belfort-montbeliard.fr\/charmont-montbeliard\/wp-content\/uploads\/sites\/8\/2024\/06\/IMG_0137-1153x2048.jpeg 1153w, https:\/\/www.diocese-belfort-montbeliard.fr\/charmont-montbeliard\/wp-content\/uploads\/sites\/8\/2024\/06\/IMG_0137.jpeg 1351w\" sizes=\"auto, (max-width: 608px) 100vw, 608px\" \/><\/figure>\n\n\n\n\n\n\n\n\n\n<figure class=\"wp-block-image size-large\"><img loading=\"lazy\" decoding=\"async\" width=\"525\" height=\"1080\" data-id=\"10059\" src=\"https:\/\/www.diocese-belfort-montbeliard.fr\/charmont-montbeliard\/wp-content\/uploads\/sites\/8\/2024\/06\/87bc2668-5be4-4987-92b3-9373e2831709-525x1080.jpeg\" alt=\"\" class=\"wp-image-10059\" srcset=\"https:\/\/www.diocese-belfort-montbeliard.fr\/charmont-montbeliard\/wp-content\/uploads\/sites\/8\/2024\/06\/87bc2668-5be4-4987-92b3-9373e2831709-525x1080.jpeg 525w, https:\/\/www.diocese-belfort-montbeliard.fr\/charmont-montbeliard\/wp-content\/uploads\/sites\/8\/2024\/06\/87bc2668-5be4-4987-92b3-9373e2831709-292x600.jpeg 292w, https:\/\/www.diocese-belfort-montbeliard.fr\/charmont-montbeliard\/wp-content\/uploads\/sites\/8\/2024\/06\/87bc2668-5be4-4987-92b3-9373e2831709-768x1581.jpeg 768w, https:\/\/www.diocese-belfort-montbeliard.fr\/charmont-montbeliard\/wp-content\/uploads\/sites\/8\/2024\/06\/87bc2668-5be4-4987-92b3-9373e2831709-746x1536.jpeg 746w, https:\/\/www.diocese-belfort-montbeliard.fr\/charmont-montbeliard\/wp-content\/uploads\/sites\/8\/2024\/06\/87bc2668-5be4-4987-92b3-9373e2831709.jpeg 995w\" sizes=\"auto, (max-width: 525px) 100vw, 525px\" \/><\/figure>\n\n\n\n<figure class=\"wp-block-image size-large\"><img loading=\"lazy\" decoding=\"async\" width=\"813\" height=\"1080\" data-id=\"10069\" src=\"https:\/\/www.diocese-belfort-montbeliard.fr\/charmont-montbeliard\/wp-content\/uploads\/sites\/8\/2024\/06\/IMG_0057-813x1080.jpeg\" alt=\"\" class=\"wp-image-10069\" srcset=\"https:\/\/www.diocese-belfort-montbeliard.fr\/charmont-montbeliard\/wp-content\/uploads\/sites\/8\/2024\/06\/IMG_0057-813x1080.jpeg 813w, https:\/\/www.diocese-belfort-montbeliard.fr\/charmont-montbeliard\/wp-content\/uploads\/sites\/8\/2024\/06\/IMG_0057-452x600.jpeg 452w, https:\/\/www.diocese-belfort-montbeliard.fr\/charmont-montbeliard\/wp-content\/uploads\/sites\/8\/2024\/06\/IMG_0057-768x1020.jpeg 768w, https:\/\/www.diocese-belfort-montbeliard.fr\/charmont-montbeliard\/wp-content\/uploads\/sites\/8\/2024\/06\/IMG_0057-1156x1536.jpeg 1156w, https:\/\/www.diocese-belfort-montbeliard.fr\/charmont-montbeliard\/wp-content\/uploads\/sites\/8\/2024\/06\/IMG_0057.jpeg 1355w\" sizes=\"auto, (max-width: 813px) 100vw, 813px\" \/><\/figure>\n\n\n\n<figure class=\"wp-block-image size-large\"><img loading=\"lazy\" decoding=\"async\" width=\"813\" height=\"1080\" data-id=\"10071\" src=\"https:\/\/www.diocese-belfort-montbeliard.fr\/charmont-montbeliard\/wp-content\/uploads\/sites\/8\/2024\/06\/IMG_0056-813x1080.jpeg\" alt=\"\" class=\"wp-image-10071\" srcset=\"https:\/\/www.diocese-belfort-montbeliard.fr\/charmont-montbeliard\/wp-content\/uploads\/sites\/8\/2024\/06\/IMG_0056-813x1080.jpeg 813w, https:\/\/www.diocese-belfort-montbeliard.fr\/charmont-montbeliard\/wp-content\/uploads\/sites\/8\/2024\/06\/IMG_0056-452x600.jpeg 452w, https:\/\/www.diocese-belfort-montbeliard.fr\/charmont-montbeliard\/wp-content\/uploads\/sites\/8\/2024\/06\/IMG_0056-768x1020.jpeg 768w, https:\/\/www.diocese-belfort-montbeliard.fr\/charmont-montbeliard\/wp-content\/uploads\/sites\/8\/2024\/06\/IMG_0056-1156x1536.jpeg 1156w, https:\/\/www.diocese-belfort-montbeliard.fr\/charmont-montbeliard\/wp-content\/uploads\/sites\/8\/2024\/06\/IMG_0056.jpeg 1355w\" sizes=\"auto, (max-width: 813px) 100vw, 813px\" \/><\/figure>\n\n\n\n<figure class=\"wp-block-image size-large\"><img loading=\"lazy\" decoding=\"async\" width=\"813\" height=\"1080\" data-id=\"10075\" src=\"https:\/\/www.diocese-belfort-montbeliard.fr\/charmont-montbeliard\/wp-content\/uploads\/sites\/8\/2024\/06\/IMG_0055-813x1080.jpeg\" alt=\"\" class=\"wp-image-10075\" srcset=\"https:\/\/www.diocese-belfort-montbeliard.fr\/charmont-montbeliard\/wp-content\/uploads\/sites\/8\/2024\/06\/IMG_0055-813x1080.jpeg 813w, https:\/\/www.diocese-belfort-montbeliard.fr\/charmont-montbeliard\/wp-content\/uploads\/sites\/8\/2024\/06\/IMG_0055-452x600.jpeg 452w, https:\/\/www.diocese-belfort-montbeliard.fr\/charmont-montbeliard\/wp-content\/uploads\/sites\/8\/2024\/06\/IMG_0055-768x1020.jpeg 768w, https:\/\/www.diocese-belfort-montbeliard.fr\/charmont-montbeliard\/wp-content\/uploads\/sites\/8\/2024\/06\/IMG_0055-1156x1536.jpeg 1156w, https:\/\/www.diocese-belfort-montbeliard.fr\/charmont-montbeliard\/wp-content\/uploads\/sites\/8\/2024\/06\/IMG_0055.jpeg 1355w\" sizes=\"auto, (max-width: 813px) 100vw, 813px\" \/><\/figure>\n\n\n\n<figure class=\"wp-block-image size-large\"><img loading=\"lazy\" decoding=\"async\" width=\"813\" height=\"1080\" data-id=\"10074\" src=\"https:\/\/www.diocese-belfort-montbeliard.fr\/charmont-montbeliard\/wp-content\/uploads\/sites\/8\/2024\/06\/IMG_0054-813x1080.jpeg\" alt=\"\" class=\"wp-image-10074\" srcset=\"https:\/\/www.diocese-belfort-montbeliard.fr\/charmont-montbeliard\/wp-content\/uploads\/sites\/8\/2024\/06\/IMG_0054-813x1080.jpeg 813w, https:\/\/www.diocese-belfort-montbeliard.fr\/charmont-montbeliard\/wp-content\/uploads\/sites\/8\/2024\/06\/IMG_0054-452x600.jpeg 452w, https:\/\/www.diocese-belfort-montbeliard.fr\/charmont-montbeliard\/wp-content\/uploads\/sites\/8\/2024\/06\/IMG_0054-768x1020.jpeg 768w, https:\/\/www.diocese-belfort-montbeliard.fr\/charmont-montbeliard\/wp-content\/uploads\/sites\/8\/2024\/06\/IMG_0054-1156x1536.jpeg 1156w, https:\/\/www.diocese-belfort-montbeliard.fr\/charmont-montbeliard\/wp-content\/uploads\/sites\/8\/2024\/06\/IMG_0054.jpeg 1355w\" sizes=\"auto, (max-width: 813px) 100vw, 813px\" \/><\/figure>\n\n\n\n<figure class=\"wp-block-image size-large\"><img loading=\"lazy\" decoding=\"async\" width=\"813\" height=\"1080\" data-id=\"10072\" src=\"https:\/\/www.diocese-belfort-montbeliard.fr\/charmont-montbeliard\/wp-content\/uploads\/sites\/8\/2024\/06\/IMG_0053-813x1080.jpeg\" alt=\"\" class=\"wp-image-10072\" srcset=\"https:\/\/www.diocese-belfort-montbeliard.fr\/charmont-montbeliard\/wp-content\/uploads\/sites\/8\/2024\/06\/IMG_0053-813x1080.jpeg 813w, https:\/\/www.diocese-belfort-montbeliard.fr\/charmont-montbeliard\/wp-content\/uploads\/sites\/8\/2024\/06\/IMG_0053-452x600.jpeg 452w, https:\/\/www.diocese-belfort-montbeliard.fr\/charmont-montbeliard\/wp-content\/uploads\/sites\/8\/2024\/06\/IMG_0053-768x1020.jpeg 768w, https:\/\/www.diocese-belfort-montbeliard.fr\/charmont-montbeliard\/wp-content\/uploads\/sites\/8\/2024\/06\/IMG_0053-1156x1536.jpeg 1156w, https:\/\/www.diocese-belfort-montbeliard.fr\/charmont-montbeliard\/wp-content\/uploads\/sites\/8\/2024\/06\/IMG_0053.jpeg 1355w\" sizes=\"auto, (max-width: 813px) 100vw, 813px\" \/><\/figure>\n\n\n\n<figure class=\"wp-block-image size-large\"><img loading=\"lazy\" decoding=\"async\" width=\"813\" height=\"1080\" data-id=\"10070\" src=\"https:\/\/www.diocese-belfort-montbeliard.fr\/charmont-montbeliard\/wp-content\/uploads\/sites\/8\/2024\/06\/IMG_0052-813x1080.jpeg\" alt=\"\" class=\"wp-image-10070\" srcset=\"https:\/\/www.diocese-belfort-montbeliard.fr\/charmont-montbeliard\/wp-content\/uploads\/sites\/8\/2024\/06\/IMG_0052-813x1080.jpeg 813w, https:\/\/www.diocese-belfort-montbeliard.fr\/charmont-montbeliard\/wp-content\/uploads\/sites\/8\/2024\/06\/IMG_0052-452x600.jpeg 452w, https:\/\/www.diocese-belfort-montbeliard.fr\/charmont-montbeliard\/wp-content\/uploads\/sites\/8\/2024\/06\/IMG_0052-768x1020.jpeg 768w, https:\/\/www.diocese-belfort-montbeliard.fr\/charmont-montbeliard\/wp-content\/uploads\/sites\/8\/2024\/06\/IMG_0052-1156x1536.jpeg 1156w, https:\/\/www.diocese-belfort-montbeliard.fr\/charmont-montbeliard\/wp-content\/uploads\/sites\/8\/2024\/06\/IMG_0052.jpeg 1355w\" sizes=\"auto, (max-width: 813px) 100vw, 813px\" \/><\/figure>\n\n\n\n<figure class=\"wp-block-image size-large\"><img loading=\"lazy\" decoding=\"async\" width=\"723\" height=\"960\" data-id=\"10052\" src=\"https:\/\/www.diocese-belfort-montbeliard.fr\/charmont-montbeliard\/wp-content\/uploads\/sites\/8\/2024\/06\/IMG_0051.jpeg\" alt=\"\" class=\"wp-image-10052\" srcset=\"https:\/\/www.diocese-belfort-montbeliard.fr\/charmont-montbeliard\/wp-content\/uploads\/sites\/8\/2024\/06\/IMG_0051.jpeg 723w, https:\/\/www.diocese-belfort-montbeliard.fr\/charmont-montbeliard\/wp-content\/uploads\/sites\/8\/2024\/06\/IMG_0051-452x600.jpeg 452w\" sizes=\"auto, (max-width: 723px) 100vw, 723px\" \/><\/figure>\n\n\n\n<figure class=\"wp-block-image size-large\"><img loading=\"lazy\" decoding=\"async\" width=\"813\" height=\"1080\" data-id=\"10076\" src=\"https:\/\/www.diocese-belfort-montbeliard.fr\/charmont-montbeliard\/wp-content\/uploads\/sites\/8\/2024\/06\/IMG_0050-813x1080.jpeg\" alt=\"\" class=\"wp-image-10076\" srcset=\"https:\/\/www.diocese-belfort-montbeliard.fr\/charmont-montbeliard\/wp-content\/uploads\/sites\/8\/2024\/06\/IMG_0050-813x1080.jpeg 813w, https:\/\/www.diocese-belfort-montbeliard.fr\/charmont-montbeliard\/wp-content\/uploads\/sites\/8\/2024\/06\/IMG_0050-452x600.jpeg 452w, https:\/\/www.diocese-belfort-montbeliard.fr\/charmont-montbeliard\/wp-content\/uploads\/sites\/8\/2024\/06\/IMG_0050-768x1020.jpeg 768w, https:\/\/www.diocese-belfort-montbeliard.fr\/charmont-montbeliard\/wp-content\/uploads\/sites\/8\/2024\/06\/IMG_0050-1157x1536.jpeg 1157w, https:\/\/www.diocese-belfort-montbeliard.fr\/charmont-montbeliard\/wp-content\/uploads\/sites\/8\/2024\/06\/IMG_0050.jpeg 1542w\" sizes=\"auto, (max-width: 813px) 100vw, 813px\" \/><\/figure>\n\n\n\n<figure class=\"wp-block-image size-large\"><img loading=\"lazy\" decoding=\"async\" width=\"813\" height=\"1080\" data-id=\"10073\" src=\"https:\/\/www.diocese-belfort-montbeliard.fr\/charmont-montbeliard\/wp-content\/uploads\/sites\/8\/2024\/06\/IMG_0049-813x1080.jpeg\" alt=\"\" class=\"wp-image-10073\" srcset=\"https:\/\/www.diocese-belfort-montbeliard.fr\/charmont-montbeliard\/wp-content\/uploads\/sites\/8\/2024\/06\/IMG_0049-813x1080.jpeg 813w, https:\/\/www.diocese-belfort-montbeliard.fr\/charmont-montbeliard\/wp-content\/uploads\/sites\/8\/2024\/06\/IMG_0049-452x600.jpeg 452w, https:\/\/www.diocese-belfort-montbeliard.fr\/charmont-montbeliard\/wp-content\/uploads\/sites\/8\/2024\/06\/IMG_0049-768x1020.jpeg 768w, https:\/\/www.diocese-belfort-montbeliard.fr\/charmont-montbeliard\/wp-content\/uploads\/sites\/8\/2024\/06\/IMG_0049-1156x1536.jpeg 1156w, https:\/\/www.diocese-belfort-montbeliard.fr\/charmont-montbeliard\/wp-content\/uploads\/sites\/8\/2024\/06\/IMG_0049.jpeg 1355w\" sizes=\"auto, (max-width: 813px) 100vw, 813px\" \/><\/figure>\n\n\n\n<figure class=\"wp-block-image size-large\"><img loading=\"lazy\" decoding=\"async\" width=\"609\" height=\"1080\" data-id=\"10068\" src=\"https:\/\/www.diocese-belfort-montbeliard.fr\/charmont-montbeliard\/wp-content\/uploads\/sites\/8\/2024\/06\/2e52c0cf-9fc5-4d77-aa76-5d79db21d2bc-609x1080.jpeg\" alt=\"\" class=\"wp-image-10068\" srcset=\"https:\/\/www.diocese-belfort-montbeliard.fr\/charmont-montbeliard\/wp-content\/uploads\/sites\/8\/2024\/06\/2e52c0cf-9fc5-4d77-aa76-5d79db21d2bc-609x1080.jpeg 609w, https:\/\/www.diocese-belfort-montbeliard.fr\/charmont-montbeliard\/wp-content\/uploads\/sites\/8\/2024\/06\/2e52c0cf-9fc5-4d77-aa76-5d79db21d2bc-338x600.jpeg 338w, https:\/\/www.diocese-belfort-montbeliard.fr\/charmont-montbeliard\/wp-content\/uploads\/sites\/8\/2024\/06\/2e52c0cf-9fc5-4d77-aa76-5d79db21d2bc-768x1362.jpeg 768w, https:\/\/www.diocese-belfort-montbeliard.fr\/charmont-montbeliard\/wp-content\/uploads\/sites\/8\/2024\/06\/2e52c0cf-9fc5-4d77-aa76-5d79db21d2bc-866x1536.jpeg 866w, https:\/\/www.diocese-belfort-montbeliard.fr\/charmont-montbeliard\/wp-content\/uploads\/sites\/8\/2024\/06\/2e52c0cf-9fc5-4d77-aa76-5d79db21d2bc.jpeg 1155w\" sizes=\"auto, (max-width: 609px) 100vw, 609px\" \/><\/figure>\n\n\n\n<figure class=\"wp-block-image size-large\"><img loading=\"lazy\" decoding=\"async\" width=\"1440\" height=\"1080\" data-id=\"10065\" src=\"https:\/\/www.diocese-belfort-montbeliard.fr\/charmont-montbeliard\/wp-content\/uploads\/sites\/8\/2024\/06\/b59c5964-eb9c-4a47-8e67-07b7e0d1c21f-1440x1080.jpeg\" alt=\"\" class=\"wp-image-10065\" srcset=\"https:\/\/www.diocese-belfort-montbeliard.fr\/charmont-montbeliard\/wp-content\/uploads\/sites\/8\/2024\/06\/b59c5964-eb9c-4a47-8e67-07b7e0d1c21f-1440x1080.jpeg 1440w, https:\/\/www.diocese-belfort-montbeliard.fr\/charmont-montbeliard\/wp-content\/uploads\/sites\/8\/2024\/06\/b59c5964-eb9c-4a47-8e67-07b7e0d1c21f-600x450.jpeg 600w, https:\/\/www.diocese-belfort-montbeliard.fr\/charmont-montbeliard\/wp-content\/uploads\/sites\/8\/2024\/06\/b59c5964-eb9c-4a47-8e67-07b7e0d1c21f-768x576.jpeg 768w, https:\/\/www.diocese-belfort-montbeliard.fr\/charmont-montbeliard\/wp-content\/uploads\/sites\/8\/2024\/06\/b59c5964-eb9c-4a47-8e67-07b7e0d1c21f-1536x1152.jpeg 1536w, https:\/\/www.diocese-belfort-montbeliard.fr\/charmont-montbeliard\/wp-content\/uploads\/sites\/8\/2024\/06\/b59c5964-eb9c-4a47-8e67-07b7e0d1c21f.jpeg 1600w\" sizes=\"auto, (max-width: 1440px) 100vw, 1440px\" \/><\/figure>\n\n\n\n<figure class=\"wp-block-image size-large\"><img loading=\"lazy\" decoding=\"async\" width=\"1440\" height=\"1080\" data-id=\"10066\" src=\"https:\/\/www.diocese-belfort-montbeliard.fr\/charmont-montbeliard\/wp-content\/uploads\/sites\/8\/2024\/06\/081f16d5-8227-4e4b-8f0b-d0d8df2976bc-1440x1080.jpeg\" alt=\"\" class=\"wp-image-10066\" srcset=\"https:\/\/www.diocese-belfort-montbeliard.fr\/charmont-montbeliard\/wp-content\/uploads\/sites\/8\/2024\/06\/081f16d5-8227-4e4b-8f0b-d0d8df2976bc-1440x1080.jpeg 1440w, https:\/\/www.diocese-belfort-montbeliard.fr\/charmont-montbeliard\/wp-content\/uploads\/sites\/8\/2024\/06\/081f16d5-8227-4e4b-8f0b-d0d8df2976bc-600x450.jpeg 600w, https:\/\/www.diocese-belfort-montbeliard.fr\/charmont-montbeliard\/wp-content\/uploads\/sites\/8\/2024\/06\/081f16d5-8227-4e4b-8f0b-d0d8df2976bc-768x576.jpeg 768w, https:\/\/www.diocese-belfort-montbeliard.fr\/charmont-montbeliard\/wp-content\/uploads\/sites\/8\/2024\/06\/081f16d5-8227-4e4b-8f0b-d0d8df2976bc-1536x1152.jpeg 1536w, https:\/\/www.diocese-belfort-montbeliard.fr\/charmont-montbeliard\/wp-content\/uploads\/sites\/8\/2024\/06\/081f16d5-8227-4e4b-8f0b-d0d8df2976bc.jpeg 1600w\" sizes=\"auto, (max-width: 1440px) 100vw, 1440px\" \/><\/figure>\n\n\n\n<figure class=\"wp-block-image size-large\"><img loading=\"lazy\" decoding=\"async\" width=\"810\" height=\"1080\" data-id=\"10055\" src=\"https:\/\/www.diocese-belfort-montbeliard.fr\/charmont-montbeliard\/wp-content\/uploads\/sites\/8\/2024\/06\/6f061040-e641-49cf-8a56-1720d52bce22-810x1080.jpeg\" alt=\"\" class=\"wp-image-10055\" srcset=\"https:\/\/www.diocese-belfort-montbeliard.fr\/charmont-montbeliard\/wp-content\/uploads\/sites\/8\/2024\/06\/6f061040-e641-49cf-8a56-1720d52bce22-810x1080.jpeg 810w, https:\/\/www.diocese-belfort-montbeliard.fr\/charmont-montbeliard\/wp-content\/uploads\/sites\/8\/2024\/06\/6f061040-e641-49cf-8a56-1720d52bce22-450x600.jpeg 450w, https:\/\/www.diocese-belfort-montbeliard.fr\/charmont-montbeliard\/wp-content\/uploads\/sites\/8\/2024\/06\/6f061040-e641-49cf-8a56-1720d52bce22-768x1024.jpeg 768w, https:\/\/www.diocese-belfort-montbeliard.fr\/charmont-montbeliard\/wp-content\/uploads\/sites\/8\/2024\/06\/6f061040-e641-49cf-8a56-1720d52bce22-1152x1536.jpeg 1152w, https:\/\/www.diocese-belfort-montbeliard.fr\/charmont-montbeliard\/wp-content\/uploads\/sites\/8\/2024\/06\/6f061040-e641-49cf-8a56-1720d52bce22.jpeg 1200w\" sizes=\"auto, (max-width: 810px) 100vw, 810px\" \/><\/figure>\n\n\n\n<figure class=\"wp-block-image size-large\"><img loading=\"lazy\" decoding=\"async\" width=\"1440\" height=\"1080\" data-id=\"10053\" src=\"https:\/\/www.diocese-belfort-montbeliard.fr\/charmont-montbeliard\/wp-content\/uploads\/sites\/8\/2024\/06\/56567a24-5ddb-4fff-bd16-6c857cecab5b-1440x1080.jpeg\" alt=\"\" class=\"wp-image-10053\" srcset=\"https:\/\/www.diocese-belfort-montbeliard.fr\/charmont-montbeliard\/wp-content\/uploads\/sites\/8\/2024\/06\/56567a24-5ddb-4fff-bd16-6c857cecab5b-1440x1080.jpeg 1440w, https:\/\/www.diocese-belfort-montbeliard.fr\/charmont-montbeliard\/wp-content\/uploads\/sites\/8\/2024\/06\/56567a24-5ddb-4fff-bd16-6c857cecab5b-600x450.jpeg 600w, https:\/\/www.diocese-belfort-montbeliard.fr\/charmont-montbeliard\/wp-content\/uploads\/sites\/8\/2024\/06\/56567a24-5ddb-4fff-bd16-6c857cecab5b-768x576.jpeg 768w, https:\/\/www.diocese-belfort-montbeliard.fr\/charmont-montbeliard\/wp-content\/uploads\/sites\/8\/2024\/06\/56567a24-5ddb-4fff-bd16-6c857cecab5b-1536x1152.jpeg 1536w, https:\/\/www.diocese-belfort-montbeliard.fr\/charmont-montbeliard\/wp-content\/uploads\/sites\/8\/2024\/06\/56567a24-5ddb-4fff-bd16-6c857cecab5b.jpeg 1600w\" sizes=\"auto, (max-width: 1440px) 100vw, 1440px\" \/><\/figure>\n\n\n\n<figure class=\"wp-block-image size-large\"><img loading=\"lazy\" decoding=\"async\" width=\"1440\" height=\"1080\" data-id=\"10045\" src=\"https:\/\/www.diocese-belfort-montbeliard.fr\/charmont-montbeliard\/wp-content\/uploads\/sites\/8\/2024\/06\/ccb6bf63-bbd0-48d8-a3b3-e347f89af122-1440x1080.jpeg\" alt=\"\" class=\"wp-image-10045\" srcset=\"https:\/\/www.diocese-belfort-montbeliard.fr\/charmont-montbeliard\/wp-content\/uploads\/sites\/8\/2024\/06\/ccb6bf63-bbd0-48d8-a3b3-e347f89af122-1440x1080.jpeg 1440w, https:\/\/www.diocese-belfort-montbeliard.fr\/charmont-montbeliard\/wp-content\/uploads\/sites\/8\/2024\/06\/ccb6bf63-bbd0-48d8-a3b3-e347f89af122-600x450.jpeg 600w, https:\/\/www.diocese-belfort-montbeliard.fr\/charmont-montbeliard\/wp-content\/uploads\/sites\/8\/2024\/06\/ccb6bf63-bbd0-48d8-a3b3-e347f89af122-768x576.jpeg 768w, https:\/\/www.diocese-belfort-montbeliard.fr\/charmont-montbeliard\/wp-content\/uploads\/sites\/8\/2024\/06\/ccb6bf63-bbd0-48d8-a3b3-e347f89af122-1536x1152.jpeg 1536w, https:\/\/www.diocese-belfort-montbeliard.fr\/charmont-montbeliard\/wp-content\/uploads\/sites\/8\/2024\/06\/ccb6bf63-bbd0-48d8-a3b3-e347f89af122.jpeg 1600w\" sizes=\"auto, (max-width: 1440px) 100vw, 1440px\" \/><\/figure>\n\n\n\n<figure class=\"wp-block-image size-large\"><img loading=\"lazy\" decoding=\"async\" width=\"1440\" height=\"1080\" data-id=\"10054\" src=\"https:\/\/www.diocese-belfort-montbeliard.fr\/charmont-montbeliard\/wp-content\/uploads\/sites\/8\/2024\/06\/c44ee40d-6c95-41e2-b83b-66b949d69c14-1440x1080.jpeg\" alt=\"\" class=\"wp-image-10054\" srcset=\"https:\/\/www.diocese-belfort-montbeliard.fr\/charmont-montbeliard\/wp-content\/uploads\/sites\/8\/2024\/06\/c44ee40d-6c95-41e2-b83b-66b949d69c14-1440x1080.jpeg 1440w, https:\/\/www.diocese-belfort-montbeliard.fr\/charmont-montbeliard\/wp-content\/uploads\/sites\/8\/2024\/06\/c44ee40d-6c95-41e2-b83b-66b949d69c14-600x450.jpeg 600w, https:\/\/www.diocese-belfort-montbeliard.fr\/charmont-montbeliard\/wp-content\/uploads\/sites\/8\/2024\/06\/c44ee40d-6c95-41e2-b83b-66b949d69c14-768x576.jpeg 768w, https:\/\/www.diocese-belfort-montbeliard.fr\/charmont-montbeliard\/wp-content\/uploads\/sites\/8\/2024\/06\/c44ee40d-6c95-41e2-b83b-66b949d69c14-1536x1152.jpeg 1536w, https:\/\/www.diocese-belfort-montbeliard.fr\/charmont-montbeliard\/wp-content\/uploads\/sites\/8\/2024\/06\/c44ee40d-6c95-41e2-b83b-66b949d69c14.jpeg 1600w\" sizes=\"auto, (max-width: 1440px) 100vw, 1440px\" \/><\/figure>\n\n\n\n<figure class=\"wp-block-image size-large\"><img loading=\"lazy\" decoding=\"async\" width=\"1435\" height=\"1080\" data-id=\"10050\" src=\"https:\/\/www.diocese-belfort-montbeliard.fr\/charmont-montbeliard\/wp-content\/uploads\/sites\/8\/2024\/06\/9c569ef9-b6b0-4b1f-be2e-824a36d0526e-1435x1080.jpeg\" alt=\"\" class=\"wp-image-10050\" srcset=\"https:\/\/www.diocese-belfort-montbeliard.fr\/charmont-montbeliard\/wp-content\/uploads\/sites\/8\/2024\/06\/9c569ef9-b6b0-4b1f-be2e-824a36d0526e-1435x1080.jpeg 1435w, https:\/\/www.diocese-belfort-montbeliard.fr\/charmont-montbeliard\/wp-content\/uploads\/sites\/8\/2024\/06\/9c569ef9-b6b0-4b1f-be2e-824a36d0526e-600x452.jpeg 600w, https:\/\/www.diocese-belfort-montbeliard.fr\/charmont-montbeliard\/wp-content\/uploads\/sites\/8\/2024\/06\/9c569ef9-b6b0-4b1f-be2e-824a36d0526e-768x578.jpeg 768w, https:\/\/www.diocese-belfort-montbeliard.fr\/charmont-montbeliard\/wp-content\/uploads\/sites\/8\/2024\/06\/9c569ef9-b6b0-4b1f-be2e-824a36d0526e-1536x1156.jpeg 1536w, https:\/\/www.diocese-belfort-montbeliard.fr\/charmont-montbeliard\/wp-content\/uploads\/sites\/8\/2024\/06\/9c569ef9-b6b0-4b1f-be2e-824a36d0526e.jpeg 1600w\" sizes=\"auto, (max-width: 1435px) 100vw, 1435px\" \/><\/figure>\n\n\n\n<figure class=\"wp-block-image size-large\"><img loading=\"lazy\" decoding=\"async\" width=\"813\" height=\"1080\" data-id=\"10049\" src=\"https:\/\/www.diocese-belfort-montbeliard.fr\/charmont-montbeliard\/wp-content\/uploads\/sites\/8\/2024\/06\/1a2d0042-9f23-46cd-83dd-e5afb9dd2268-813x1080.jpeg\" alt=\"\" class=\"wp-image-10049\" srcset=\"https:\/\/www.diocese-belfort-montbeliard.fr\/charmont-montbeliard\/wp-content\/uploads\/sites\/8\/2024\/06\/1a2d0042-9f23-46cd-83dd-e5afb9dd2268-813x1080.jpeg 813w, https:\/\/www.diocese-belfort-montbeliard.fr\/charmont-montbeliard\/wp-content\/uploads\/sites\/8\/2024\/06\/1a2d0042-9f23-46cd-83dd-e5afb9dd2268-452x600.jpeg 452w, https:\/\/www.diocese-belfort-montbeliard.fr\/charmont-montbeliard\/wp-content\/uploads\/sites\/8\/2024\/06\/1a2d0042-9f23-46cd-83dd-e5afb9dd2268-768x1021.jpeg 768w, https:\/\/www.diocese-belfort-montbeliard.fr\/charmont-montbeliard\/wp-content\/uploads\/sites\/8\/2024\/06\/1a2d0042-9f23-46cd-83dd-e5afb9dd2268-1156x1536.jpeg 1156w, https:\/\/www.diocese-belfort-montbeliard.fr\/charmont-montbeliard\/wp-content\/uploads\/sites\/8\/2024\/06\/1a2d0042-9f23-46cd-83dd-e5afb9dd2268.jpeg 1204w\" sizes=\"auto, (max-width: 813px) 100vw, 813px\" \/><\/figure>\n\n\n\n<figure class=\"wp-block-image size-large\"><img loading=\"lazy\" decoding=\"async\" width=\"813\" height=\"1080\" data-id=\"10046\" src=\"https:\/\/www.diocese-belfort-montbeliard.fr\/charmont-montbeliard\/wp-content\/uploads\/sites\/8\/2024\/06\/bf959451-74af-4390-84ed-5a994c80df7a-813x1080.jpeg\" alt=\"\" class=\"wp-image-10046\" srcset=\"https:\/\/www.diocese-belfort-montbeliard.fr\/charmont-montbeliard\/wp-content\/uploads\/sites\/8\/2024\/06\/bf959451-74af-4390-84ed-5a994c80df7a-813x1080.jpeg 813w, https:\/\/www.diocese-belfort-montbeliard.fr\/charmont-montbeliard\/wp-content\/uploads\/sites\/8\/2024\/06\/bf959451-74af-4390-84ed-5a994c80df7a-452x600.jpeg 452w, https:\/\/www.diocese-belfort-montbeliard.fr\/charmont-montbeliard\/wp-content\/uploads\/sites\/8\/2024\/06\/bf959451-74af-4390-84ed-5a994c80df7a-768x1021.jpeg 768w, https:\/\/www.diocese-belfort-montbeliard.fr\/charmont-montbeliard\/wp-content\/uploads\/sites\/8\/2024\/06\/bf959451-74af-4390-84ed-5a994c80df7a-1156x1536.jpeg 1156w, https:\/\/www.diocese-belfort-montbeliard.fr\/charmont-montbeliard\/wp-content\/uploads\/sites\/8\/2024\/06\/bf959451-74af-4390-84ed-5a994c80df7a.jpeg 1204w\" sizes=\"auto, (max-width: 813px) 100vw, 813px\" \/><\/figure>\n\n\n\n<figure class=\"wp-block-image size-large\"><img loading=\"lazy\" decoding=\"async\" width=\"813\" height=\"1080\" data-id=\"10062\" src=\"https:\/\/www.diocese-belfort-montbeliard.fr\/charmont-montbeliard\/wp-content\/uploads\/sites\/8\/2024\/06\/6f868bbb-476f-4f96-ad09-ceda1167885c-813x1080.jpeg\" alt=\"\" class=\"wp-image-10062\" srcset=\"https:\/\/www.diocese-belfort-montbeliard.fr\/charmont-montbeliard\/wp-content\/uploads\/sites\/8\/2024\/06\/6f868bbb-476f-4f96-ad09-ceda1167885c-813x1080.jpeg 813w, https:\/\/www.diocese-belfort-montbeliard.fr\/charmont-montbeliard\/wp-content\/uploads\/sites\/8\/2024\/06\/6f868bbb-476f-4f96-ad09-ceda1167885c-452x600.jpeg 452w, https:\/\/www.diocese-belfort-montbeliard.fr\/charmont-montbeliard\/wp-content\/uploads\/sites\/8\/2024\/06\/6f868bbb-476f-4f96-ad09-ceda1167885c-768x1021.jpeg 768w, https:\/\/www.diocese-belfort-montbeliard.fr\/charmont-montbeliard\/wp-content\/uploads\/sites\/8\/2024\/06\/6f868bbb-476f-4f96-ad09-ceda1167885c-1156x1536.jpeg 1156w, https:\/\/www.diocese-belfort-montbeliard.fr\/charmont-montbeliard\/wp-content\/uploads\/sites\/8\/2024\/06\/6f868bbb-476f-4f96-ad09-ceda1167885c.jpeg 1204w\" sizes=\"auto, (max-width: 813px) 100vw, 813px\" \/><\/figure>\n\n\n\n<figure class=\"wp-block-image size-large\"><img loading=\"lazy\" decoding=\"async\" width=\"813\" height=\"1080\" data-id=\"10060\" src=\"https:\/\/www.diocese-belfort-montbeliard.fr\/charmont-montbeliard\/wp-content\/uploads\/sites\/8\/2024\/06\/93e5fb03-2f12-45f2-afd4-37ea63e2b430-813x1080.jpeg\" alt=\"\" class=\"wp-image-10060\" srcset=\"https:\/\/www.diocese-belfort-montbeliard.fr\/charmont-montbeliard\/wp-content\/uploads\/sites\/8\/2024\/06\/93e5fb03-2f12-45f2-afd4-37ea63e2b430-813x1080.jpeg 813w, https:\/\/www.diocese-belfort-montbeliard.fr\/charmont-montbeliard\/wp-content\/uploads\/sites\/8\/2024\/06\/93e5fb03-2f12-45f2-afd4-37ea63e2b430-452x600.jpeg 452w, https:\/\/www.diocese-belfort-montbeliard.fr\/charmont-montbeliard\/wp-content\/uploads\/sites\/8\/2024\/06\/93e5fb03-2f12-45f2-afd4-37ea63e2b430-768x1021.jpeg 768w, https:\/\/www.diocese-belfort-montbeliard.fr\/charmont-montbeliard\/wp-content\/uploads\/sites\/8\/2024\/06\/93e5fb03-2f12-45f2-afd4-37ea63e2b430-1156x1536.jpeg 1156w, https:\/\/www.diocese-belfort-montbeliard.fr\/charmont-montbeliard\/wp-content\/uploads\/sites\/8\/2024\/06\/93e5fb03-2f12-45f2-afd4-37ea63e2b430.jpeg 1204w\" sizes=\"auto, (max-width: 813px) 100vw, 813px\" \/><\/figure>\n\n\n\n<figure class=\"wp-block-image size-large\"><img loading=\"lazy\" decoding=\"async\" width=\"813\" height=\"1080\" data-id=\"10067\" src=\"https:\/\/www.diocese-belfort-montbeliard.fr\/charmont-montbeliard\/wp-content\/uploads\/sites\/8\/2024\/06\/21dcc218-d6ca-478d-835a-c2f5f27f91f5-813x1080.jpeg\" alt=\"\" class=\"wp-image-10067\" srcset=\"https:\/\/www.diocese-belfort-montbeliard.fr\/charmont-montbeliard\/wp-content\/uploads\/sites\/8\/2024\/06\/21dcc218-d6ca-478d-835a-c2f5f27f91f5-813x1080.jpeg 813w, https:\/\/www.diocese-belfort-montbeliard.fr\/charmont-montbeliard\/wp-content\/uploads\/sites\/8\/2024\/06\/21dcc218-d6ca-478d-835a-c2f5f27f91f5-452x600.jpeg 452w, https:\/\/www.diocese-belfort-montbeliard.fr\/charmont-montbeliard\/wp-content\/uploads\/sites\/8\/2024\/06\/21dcc218-d6ca-478d-835a-c2f5f27f91f5-768x1021.jpeg 768w, https:\/\/www.diocese-belfort-montbeliard.fr\/charmont-montbeliard\/wp-content\/uploads\/sites\/8\/2024\/06\/21dcc218-d6ca-478d-835a-c2f5f27f91f5-1156x1536.jpeg 1156w, https:\/\/www.diocese-belfort-montbeliard.fr\/charmont-montbeliard\/wp-content\/uploads\/sites\/8\/2024\/06\/21dcc218-d6ca-478d-835a-c2f5f27f91f5.jpeg 1204w\" sizes=\"auto, (max-width: 813px) 100vw, 813px\" \/><\/figure>\n\n\n\n<figure class=\"wp-block-image size-large\"><img loading=\"lazy\" decoding=\"async\" width=\"813\" height=\"1080\" data-id=\"10048\" src=\"https:\/\/www.diocese-belfort-montbeliard.fr\/charmont-montbeliard\/wp-content\/uploads\/sites\/8\/2024\/06\/861ae717-539d-43ef-b324-1e004de43365-813x1080.jpeg\" alt=\"\" class=\"wp-image-10048\" srcset=\"https:\/\/www.diocese-belfort-montbeliard.fr\/charmont-montbeliard\/wp-content\/uploads\/sites\/8\/2024\/06\/861ae717-539d-43ef-b324-1e004de43365-813x1080.jpeg 813w, https:\/\/www.diocese-belfort-montbeliard.fr\/charmont-montbeliard\/wp-content\/uploads\/sites\/8\/2024\/06\/861ae717-539d-43ef-b324-1e004de43365-452x600.jpeg 452w, https:\/\/www.diocese-belfort-montbeliard.fr\/charmont-montbeliard\/wp-content\/uploads\/sites\/8\/2024\/06\/861ae717-539d-43ef-b324-1e004de43365-768x1021.jpeg 768w, https:\/\/www.diocese-belfort-montbeliard.fr\/charmont-montbeliard\/wp-content\/uploads\/sites\/8\/2024\/06\/861ae717-539d-43ef-b324-1e004de43365-1156x1536.jpeg 1156w, https:\/\/www.diocese-belfort-montbeliard.fr\/charmont-montbeliard\/wp-content\/uploads\/sites\/8\/2024\/06\/861ae717-539d-43ef-b324-1e004de43365.jpeg 1204w\" sizes=\"auto, (max-width: 813px) 100vw, 813px\" \/><\/figure>\n\n\n\n<figure class=\"wp-block-image size-large\"><img loading=\"lazy\" decoding=\"async\" width=\"1435\" height=\"1080\" data-id=\"10064\" src=\"https:\/\/www.diocese-belfort-montbeliard.fr\/charmont-montbeliard\/wp-content\/uploads\/sites\/8\/2024\/06\/82fb1ab5-eb5b-4f78-ba9c-d3eb9c661216-1435x1080.jpeg\" alt=\"\" class=\"wp-image-10064\" srcset=\"https:\/\/www.diocese-belfort-montbeliard.fr\/charmont-montbeliard\/wp-content\/uploads\/sites\/8\/2024\/06\/82fb1ab5-eb5b-4f78-ba9c-d3eb9c661216-1435x1080.jpeg 1435w, https:\/\/www.diocese-belfort-montbeliard.fr\/charmont-montbeliard\/wp-content\/uploads\/sites\/8\/2024\/06\/82fb1ab5-eb5b-4f78-ba9c-d3eb9c661216-600x452.jpeg 600w, https:\/\/www.diocese-belfort-montbeliard.fr\/charmont-montbeliard\/wp-content\/uploads\/sites\/8\/2024\/06\/82fb1ab5-eb5b-4f78-ba9c-d3eb9c661216-768x578.jpeg 768w, https:\/\/www.diocese-belfort-montbeliard.fr\/charmont-montbeliard\/wp-content\/uploads\/sites\/8\/2024\/06\/82fb1ab5-eb5b-4f78-ba9c-d3eb9c661216-1536x1156.jpeg 1536w, https:\/\/www.diocese-belfort-montbeliard.fr\/charmont-montbeliard\/wp-content\/uploads\/sites\/8\/2024\/06\/82fb1ab5-eb5b-4f78-ba9c-d3eb9c661216.jpeg 1600w\" sizes=\"auto, (max-width: 1435px) 100vw, 1435px\" \/><\/figure>\n\n\n\n<figure class=\"wp-block-image size-large\"><img loading=\"lazy\" decoding=\"async\" width=\"1435\" height=\"1080\" data-id=\"10057\" src=\"https:\/\/www.diocese-belfort-montbeliard.fr\/charmont-montbeliard\/wp-content\/uploads\/sites\/8\/2024\/06\/4b7bbeb0-2e6d-4cf1-8eb8-6b8eaa6d93e0-1435x1080.jpeg\" alt=\"\" class=\"wp-image-10057\" srcset=\"https:\/\/www.diocese-belfort-montbeliard.fr\/charmont-montbeliard\/wp-content\/uploads\/sites\/8\/2024\/06\/4b7bbeb0-2e6d-4cf1-8eb8-6b8eaa6d93e0-1435x1080.jpeg 1435w, https:\/\/www.diocese-belfort-montbeliard.fr\/charmont-montbeliard\/wp-content\/uploads\/sites\/8\/2024\/06\/4b7bbeb0-2e6d-4cf1-8eb8-6b8eaa6d93e0-600x452.jpeg 600w, https:\/\/www.diocese-belfort-montbeliard.fr\/charmont-montbeliard\/wp-content\/uploads\/sites\/8\/2024\/06\/4b7bbeb0-2e6d-4cf1-8eb8-6b8eaa6d93e0-768x578.jpeg 768w, https:\/\/www.diocese-belfort-montbeliard.fr\/charmont-montbeliard\/wp-content\/uploads\/sites\/8\/2024\/06\/4b7bbeb0-2e6d-4cf1-8eb8-6b8eaa6d93e0-1536x1156.jpeg 1536w, https:\/\/www.diocese-belfort-montbeliard.fr\/charmont-montbeliard\/wp-content\/uploads\/sites\/8\/2024\/06\/4b7bbeb0-2e6d-4cf1-8eb8-6b8eaa6d93e0.jpeg 1600w\" sizes=\"auto, (max-width: 1435px) 100vw, 1435px\" \/><\/figure>\n\n\n\n<figure class=\"wp-block-image size-large\"><img loading=\"lazy\" decoding=\"async\" width=\"1307\" height=\"844\" data-id=\"10063\" src=\"https:\/\/www.diocese-belfort-montbeliard.fr\/charmont-montbeliard\/wp-content\/uploads\/sites\/8\/2024\/06\/21123b1d-a6a3-4668-9c67-a05357f6b640.jpeg\" alt=\"\" class=\"wp-image-10063\" srcset=\"https:\/\/www.diocese-belfort-montbeliard.fr\/charmont-montbeliard\/wp-content\/uploads\/sites\/8\/2024\/06\/21123b1d-a6a3-4668-9c67-a05357f6b640.jpeg 1307w, https:\/\/www.diocese-belfort-montbeliard.fr\/charmont-montbeliard\/wp-content\/uploads\/sites\/8\/2024\/06\/21123b1d-a6a3-4668-9c67-a05357f6b640-600x387.jpeg 600w, https:\/\/www.diocese-belfort-montbeliard.fr\/charmont-montbeliard\/wp-content\/uploads\/sites\/8\/2024\/06\/21123b1d-a6a3-4668-9c67-a05357f6b640-768x496.jpeg 768w\" sizes=\"auto, (max-width: 1307px) 100vw, 1307px\" \/><\/figure>\n\n\n\n<figure class=\"wp-block-image size-large\"><img loading=\"lazy\" decoding=\"async\" width=\"1207\" height=\"844\" data-id=\"10056\" src=\"https:\/\/www.diocese-belfort-montbeliard.fr\/charmont-montbeliard\/wp-content\/uploads\/sites\/8\/2024\/06\/cedf1cb5-ff01-478d-8904-8fcef4d9217e.jpeg\" alt=\"\" class=\"wp-image-10056\" srcset=\"https:\/\/www.diocese-belfort-montbeliard.fr\/charmont-montbeliard\/wp-content\/uploads\/sites\/8\/2024\/06\/cedf1cb5-ff01-478d-8904-8fcef4d9217e.jpeg 1207w, https:\/\/www.diocese-belfort-montbeliard.fr\/charmont-montbeliard\/wp-content\/uploads\/sites\/8\/2024\/06\/cedf1cb5-ff01-478d-8904-8fcef4d9217e-600x420.jpeg 600w, https:\/\/www.diocese-belfort-montbeliard.fr\/charmont-montbeliard\/wp-content\/uploads\/sites\/8\/2024\/06\/cedf1cb5-ff01-478d-8904-8fcef4d9217e-768x537.jpeg 768w\" sizes=\"auto, (max-width: 1207px) 100vw, 1207px\" \/><\/figure>\n\n\n\n<figure class=\"wp-block-image size-large\"><img loading=\"lazy\" decoding=\"async\" width=\"1224\" height=\"839\" data-id=\"10061\" src=\"https:\/\/www.diocese-belfort-montbeliard.fr\/charmont-montbeliard\/wp-content\/uploads\/sites\/8\/2024\/06\/23397d17-3cde-4fe2-9f5b-1118f133f5f7.jpeg\" alt=\"\" class=\"wp-image-10061\" srcset=\"https:\/\/www.diocese-belfort-montbeliard.fr\/charmont-montbeliard\/wp-content\/uploads\/sites\/8\/2024\/06\/23397d17-3cde-4fe2-9f5b-1118f133f5f7.jpeg 1224w, https:\/\/www.diocese-belfort-montbeliard.fr\/charmont-montbeliard\/wp-content\/uploads\/sites\/8\/2024\/06\/23397d17-3cde-4fe2-9f5b-1118f133f5f7-600x411.jpeg 600w, https:\/\/www.diocese-belfort-montbeliard.fr\/charmont-montbeliard\/wp-content\/uploads\/sites\/8\/2024\/06\/23397d17-3cde-4fe2-9f5b-1118f133f5f7-768x526.jpeg 768w\" sizes=\"auto, (max-width: 1224px) 100vw, 1224px\" \/><\/figure>\n<\/figure>\n\n\n\n<p><\/p>\n","protected":false},"excerpt":{"rendered":"<p>22 Juin 2025 : sortie \u00e0 Notre-Dame-de-Thierenbach 23 Juin 2024 : sortie \u00e0 Consolation<\/p>\n","protected":false},"author":34,"featured_media":735,"comment_status":"open","ping_status":"open","sticky":false,"template":"","format":"standard","meta":{"_acf_changed":false,"footnotes":""},"categories":[1,4],"tags":[],"class_list":["post-437","post","type-post","status-publish","format-standard","has-post-thumbnail","hentry","category-charmont-montbeliard","category-saint-michel"],"acf":[],"yoast_head":"<!-- This site is optimized with the Yoast SEO plugin v27.4 - https:\/\/yoast.com\/product\/yoast-seo-wordpress\/ -->\n<title>Evadez-vous galerie photo - Doyenn\u00e9 de Charmont-Montb\u00e9liard<\/title>\n<meta name=\"robots\" content=\"index, follow, max-snippet:-1, max-image-preview:large, max-video-preview:-1\" \/>\n<link rel=\"canonical\" href=\"https:\/\/www.diocese-belfort-montbeliard.fr\/charmont-montbeliard\/actualites\/actualite\/\" \/>\n<meta property=\"og:locale\" content=\"fr_FR\" \/>\n<meta property=\"og:type\" content=\"article\" \/>\n<meta property=\"og:title\" content=\"Evadez-vous galerie photo - Doyenn\u00e9 de Charmont-Montb\u00e9liard\" \/>\n<meta property=\"og:description\" content=\"22 Juin 2025 : sortie \u00e0 Notre-Dame-de-Thierenbach 23 Juin 2024 : sortie \u00e0 Consolation\" \/>\n<meta property=\"og:url\" content=\"https:\/\/www.diocese-belfort-montbeliard.fr\/charmont-montbeliard\/actualites\/actualite\/\" \/>\n<meta property=\"og:site_name\" content=\"Doyenn\u00e9 de Charmont-Montb\u00e9liard\" \/>\n<meta property=\"article:published_time\" content=\"0202-06-30T10:04:18+00:00\" \/>\n<meta property=\"article:modified_time\" content=\"2025-06-25T04:49:56+00:00\" \/>\n<meta property=\"og:image\" content=\"https:\/\/www.diocese-belfort-montbeliard.fr\/charmont-montbeliard\/wp-content\/uploads\/sites\/8\/2021\/01\/affiche.png\" \/>\n\t<meta property=\"og:image:width\" content=\"594\" \/>\n\t<meta property=\"og:image:height\" content=\"640\" \/>\n\t<meta property=\"og:image:type\" content=\"image\/png\" \/>\n<meta name=\"author\" content=\"paroissesaintmichelmarc\" \/>\n<meta name=\"twitter:card\" content=\"summary_large_image\" \/>\n<meta name=\"twitter:label1\" content=\"\u00c9crit par\" \/>\n\t<meta name=\"twitter:data1\" content=\"paroissesaintmichelmarc\" \/>\n\t<meta name=\"twitter:label2\" content=\"Dur\u00e9e de lecture estim\u00e9e\" \/>\n\t<meta name=\"twitter:data2\" content=\"48 minutes\" \/>\n<script type=\"application\/ld+json\" class=\"yoast-schema-graph\">{\"@context\":\"https:\\\/\\\/schema.org\",\"@graph\":[{\"@type\":\"Article\",\"@id\":\"https:\\\/\\\/www.diocese-belfort-montbeliard.fr\\\/charmont-montbeliard\\\/actualites\\\/actualite\\\/#article\",\"isPartOf\":{\"@id\":\"https:\\\/\\\/www.diocese-belfort-montbeliard.fr\\\/charmont-montbeliard\\\/actualites\\\/actualite\\\/\"},\"author\":{\"name\":\"paroissesaintmichelmarc\",\"@id\":\"https:\\\/\\\/www.diocese-belfort-montbeliard.fr\\\/charmont-montbeliard\\\/#\\\/schema\\\/person\\\/137c2dc31cbe5a86526a4d9ee8bfac23\"},\"headline\":\"Evadez-vous galerie photo\",\"datePublished\":\"0202-06-30T10:04:18+00:00\",\"dateModified\":\"2025-06-25T04:49:56+00:00\",\"mainEntityOfPage\":{\"@id\":\"https:\\\/\\\/www.diocese-belfort-montbeliard.fr\\\/charmont-montbeliard\\\/actualites\\\/actualite\\\/\"},\"wordCount\":9,\"commentCount\":0,\"image\":{\"@id\":\"https:\\\/\\\/www.diocese-belfort-montbeliard.fr\\\/charmont-montbeliard\\\/actualites\\\/actualite\\\/#primaryimage\"},\"thumbnailUrl\":\"https:\\\/\\\/www.diocese-belfort-montbeliard.fr\\\/charmont-montbeliard\\\/wp-content\\\/uploads\\\/sites\\\/8\\\/2021\\\/01\\\/affiche.png\",\"articleSection\":[\"Charmont - Montb\u00e9liard\",\"Saint Michel\"],\"inLanguage\":\"fr-FR\",\"potentialAction\":[{\"@type\":\"CommentAction\",\"name\":\"Comment\",\"target\":[\"https:\\\/\\\/www.diocese-belfort-montbeliard.fr\\\/charmont-montbeliard\\\/actualites\\\/actualite\\\/#respond\"]}]},{\"@type\":\"WebPage\",\"@id\":\"https:\\\/\\\/www.diocese-belfort-montbeliard.fr\\\/charmont-montbeliard\\\/actualites\\\/actualite\\\/\",\"url\":\"https:\\\/\\\/www.diocese-belfort-montbeliard.fr\\\/charmont-montbeliard\\\/actualites\\\/actualite\\\/\",\"name\":\"Evadez-vous galerie photo - Doyenn\u00e9 de Charmont-Montb\u00e9liard\",\"isPartOf\":{\"@id\":\"https:\\\/\\\/www.diocese-belfort-montbeliard.fr\\\/charmont-montbeliard\\\/#website\"},\"primaryImageOfPage\":{\"@id\":\"https:\\\/\\\/www.diocese-belfort-montbeliard.fr\\\/charmont-montbeliard\\\/actualites\\\/actualite\\\/#primaryimage\"},\"image\":{\"@id\":\"https:\\\/\\\/www.diocese-belfort-montbeliard.fr\\\/charmont-montbeliard\\\/actualites\\\/actualite\\\/#primaryimage\"},\"thumbnailUrl\":\"https:\\\/\\\/www.diocese-belfort-montbeliard.fr\\\/charmont-montbeliard\\\/wp-content\\\/uploads\\\/sites\\\/8\\\/2021\\\/01\\\/affiche.png\",\"datePublished\":\"0202-06-30T10:04:18+00:00\",\"dateModified\":\"2025-06-25T04:49:56+00:00\",\"author\":{\"@id\":\"https:\\\/\\\/www.diocese-belfort-montbeliard.fr\\\/charmont-montbeliard\\\/#\\\/schema\\\/person\\\/137c2dc31cbe5a86526a4d9ee8bfac23\"},\"breadcrumb\":{\"@id\":\"https:\\\/\\\/www.diocese-belfort-montbeliard.fr\\\/charmont-montbeliard\\\/actualites\\\/actualite\\\/#breadcrumb\"},\"inLanguage\":\"fr-FR\",\"potentialAction\":[{\"@type\":\"ReadAction\",\"target\":[\"https:\\\/\\\/www.diocese-belfort-montbeliard.fr\\\/charmont-montbeliard\\\/actualites\\\/actualite\\\/\"]}]},{\"@type\":\"ImageObject\",\"inLanguage\":\"fr-FR\",\"@id\":\"https:\\\/\\\/www.diocese-belfort-montbeliard.fr\\\/charmont-montbeliard\\\/actualites\\\/actualite\\\/#primaryimage\",\"url\":\"https:\\\/\\\/www.diocese-belfort-montbeliard.fr\\\/charmont-montbeliard\\\/wp-content\\\/uploads\\\/sites\\\/8\\\/2021\\\/01\\\/affiche.png\",\"contentUrl\":\"https:\\\/\\\/www.diocese-belfort-montbeliard.fr\\\/charmont-montbeliard\\\/wp-content\\\/uploads\\\/sites\\\/8\\\/2021\\\/01\\\/affiche.png\",\"width\":594,\"height\":640},{\"@type\":\"BreadcrumbList\",\"@id\":\"https:\\\/\\\/www.diocese-belfort-montbeliard.fr\\\/charmont-montbeliard\\\/actualites\\\/actualite\\\/#breadcrumb\",\"itemListElement\":[{\"@type\":\"ListItem\",\"position\":1,\"name\":\"Accueil\",\"item\":\"https:\\\/\\\/www.diocese-belfort-montbeliard.fr\\\/charmont-montbeliard\\\/\"},{\"@type\":\"ListItem\",\"position\":2,\"name\":\"Evadez-vous galerie photo\"}]},{\"@type\":\"WebSite\",\"@id\":\"https:\\\/\\\/www.diocese-belfort-montbeliard.fr\\\/charmont-montbeliard\\\/#website\",\"url\":\"https:\\\/\\\/www.diocese-belfort-montbeliard.fr\\\/charmont-montbeliard\\\/\",\"name\":\"Doyenn\u00e9 de Charmont-Montb\u00e9liard\",\"description\":\"Dioc\u00e8se de Belfort-Montb\u00e9liard\",\"potentialAction\":[{\"@type\":\"SearchAction\",\"target\":{\"@type\":\"EntryPoint\",\"urlTemplate\":\"https:\\\/\\\/www.diocese-belfort-montbeliard.fr\\\/charmont-montbeliard\\\/?s={search_term_string}\"},\"query-input\":{\"@type\":\"PropertyValueSpecification\",\"valueRequired\":true,\"valueName\":\"search_term_string\"}}],\"inLanguage\":\"fr-FR\"},{\"@type\":\"Person\",\"@id\":\"https:\\\/\\\/www.diocese-belfort-montbeliard.fr\\\/charmont-montbeliard\\\/#\\\/schema\\\/person\\\/137c2dc31cbe5a86526a4d9ee8bfac23\",\"name\":\"paroissesaintmichelmarc\",\"sameAs\":[\"https:\\\/\\\/paroisse-stmichel-voujeaucourt.jimdofree.com\\\/\",\"http:\\\/\\\/www.youtube.com\\\/channel\\\/UCsrU0-HSamthbLtPkrlK6mQ\\\/\"],\"url\":\"https:\\\/\\\/www.diocese-belfort-montbeliard.fr\\\/charmont-montbeliard\\\/author\\\/paroissesaintmichelmarc\\\/\"}]}<\/script>\n<!-- \/ Yoast SEO plugin. -->","yoast_head_json":{"title":"Evadez-vous galerie photo - Doyenn\u00e9 de Charmont-Montb\u00e9liard","robots":{"index":"index","follow":"follow","max-snippet":"max-snippet:-1","max-image-preview":"max-image-preview:large","max-video-preview":"max-video-preview:-1"},"canonical":"https:\/\/www.diocese-belfort-montbeliard.fr\/charmont-montbeliard\/actualites\/actualite\/","og_locale":"fr_FR","og_type":"article","og_title":"Evadez-vous galerie photo - Doyenn\u00e9 de Charmont-Montb\u00e9liard","og_description":"22 Juin 2025 : sortie \u00e0 Notre-Dame-de-Thierenbach 23 Juin 2024 : sortie \u00e0 Consolation","og_url":"https:\/\/www.diocese-belfort-montbeliard.fr\/charmont-montbeliard\/actualites\/actualite\/","og_site_name":"Doyenn\u00e9 de Charmont-Montb\u00e9liard","article_published_time":"0202-06-30T10:04:18+00:00","article_modified_time":"2025-06-25T04:49:56+00:00","og_image":[{"width":594,"height":640,"url":"https:\/\/www.diocese-belfort-montbeliard.fr\/charmont-montbeliard\/wp-content\/uploads\/sites\/8\/2021\/01\/affiche.png","type":"image\/png"}],"author":"paroissesaintmichelmarc","twitter_card":"summary_large_image","twitter_misc":{"\u00c9crit par":"paroissesaintmichelmarc","Dur\u00e9e de lecture estim\u00e9e":"48 minutes"},"schema":{"@context":"https:\/\/schema.org","@graph":[{"@type":"Article","@id":"https:\/\/www.diocese-belfort-montbeliard.fr\/charmont-montbeliard\/actualites\/actualite\/#article","isPartOf":{"@id":"https:\/\/www.diocese-belfort-montbeliard.fr\/charmont-montbeliard\/actualites\/actualite\/"},"author":{"name":"paroissesaintmichelmarc","@id":"https:\/\/www.diocese-belfort-montbeliard.fr\/charmont-montbeliard\/#\/schema\/person\/137c2dc31cbe5a86526a4d9ee8bfac23"},"headline":"Evadez-vous galerie photo","datePublished":"0202-06-30T10:04:18+00:00","dateModified":"2025-06-25T04:49:56+00:00","mainEntityOfPage":{"@id":"https:\/\/www.diocese-belfort-montbeliard.fr\/charmont-montbeliard\/actualites\/actualite\/"},"wordCount":9,"commentCount":0,"image":{"@id":"https:\/\/www.diocese-belfort-montbeliard.fr\/charmont-montbeliard\/actualites\/actualite\/#primaryimage"},"thumbnailUrl":"https:\/\/www.diocese-belfort-montbeliard.fr\/charmont-montbeliard\/wp-content\/uploads\/sites\/8\/2021\/01\/affiche.png","articleSection":["Charmont - Montb\u00e9liard","Saint Michel"],"inLanguage":"fr-FR","potentialAction":[{"@type":"CommentAction","name":"Comment","target":["https:\/\/www.diocese-belfort-montbeliard.fr\/charmont-montbeliard\/actualites\/actualite\/#respond"]}]},{"@type":"WebPage","@id":"https:\/\/www.diocese-belfort-montbeliard.fr\/charmont-montbeliard\/actualites\/actualite\/","url":"https:\/\/www.diocese-belfort-montbeliard.fr\/charmont-montbeliard\/actualites\/actualite\/","name":"Evadez-vous galerie photo - Doyenn\u00e9 de Charmont-Montb\u00e9liard","isPartOf":{"@id":"https:\/\/www.diocese-belfort-montbeliard.fr\/charmont-montbeliard\/#website"},"primaryImageOfPage":{"@id":"https:\/\/www.diocese-belfort-montbeliard.fr\/charmont-montbeliard\/actualites\/actualite\/#primaryimage"},"image":{"@id":"https:\/\/www.diocese-belfort-montbeliard.fr\/charmont-montbeliard\/actualites\/actualite\/#primaryimage"},"thumbnailUrl":"https:\/\/www.diocese-belfort-montbeliard.fr\/charmont-montbeliard\/wp-content\/uploads\/sites\/8\/2021\/01\/affiche.png","datePublished":"0202-06-30T10:04:18+00:00","dateModified":"2025-06-25T04:49:56+00:00","author":{"@id":"https:\/\/www.diocese-belfort-montbeliard.fr\/charmont-montbeliard\/#\/schema\/person\/137c2dc31cbe5a86526a4d9ee8bfac23"},"breadcrumb":{"@id":"https:\/\/www.diocese-belfort-montbeliard.fr\/charmont-montbeliard\/actualites\/actualite\/#breadcrumb"},"inLanguage":"fr-FR","potentialAction":[{"@type":"ReadAction","target":["https:\/\/www.diocese-belfort-montbeliard.fr\/charmont-montbeliard\/actualites\/actualite\/"]}]},{"@type":"ImageObject","inLanguage":"fr-FR","@id":"https:\/\/www.diocese-belfort-montbeliard.fr\/charmont-montbeliard\/actualites\/actualite\/#primaryimage","url":"https:\/\/www.diocese-belfort-montbeliard.fr\/charmont-montbeliard\/wp-content\/uploads\/sites\/8\/2021\/01\/affiche.png","contentUrl":"https:\/\/www.diocese-belfort-montbeliard.fr\/charmont-montbeliard\/wp-content\/uploads\/sites\/8\/2021\/01\/affiche.png","width":594,"height":640},{"@type":"BreadcrumbList","@id":"https:\/\/www.diocese-belfort-montbeliard.fr\/charmont-montbeliard\/actualites\/actualite\/#breadcrumb","itemListElement":[{"@type":"ListItem","position":1,"name":"Accueil","item":"https:\/\/www.diocese-belfort-montbeliard.fr\/charmont-montbeliard\/"},{"@type":"ListItem","position":2,"name":"Evadez-vous galerie photo"}]},{"@type":"WebSite","@id":"https:\/\/www.diocese-belfort-montbeliard.fr\/charmont-montbeliard\/#website","url":"https:\/\/www.diocese-belfort-montbeliard.fr\/charmont-montbeliard\/","name":"Doyenn\u00e9 de Charmont-Montb\u00e9liard","description":"Dioc\u00e8se de Belfort-Montb\u00e9liard","potentialAction":[{"@type":"SearchAction","target":{"@type":"EntryPoint","urlTemplate":"https:\/\/www.diocese-belfort-montbeliard.fr\/charmont-montbeliard\/?s={search_term_string}"},"query-input":{"@type":"PropertyValueSpecification","valueRequired":true,"valueName":"search_term_string"}}],"inLanguage":"fr-FR"},{"@type":"Person","@id":"https:\/\/www.diocese-belfort-montbeliard.fr\/charmont-montbeliard\/#\/schema\/person\/137c2dc31cbe5a86526a4d9ee8bfac23","name":"paroissesaintmichelmarc","sameAs":["https:\/\/paroisse-stmichel-voujeaucourt.jimdofree.com\/","http:\/\/www.youtube.com\/channel\/UCsrU0-HSamthbLtPkrlK6mQ\/"],"url":"https:\/\/www.diocese-belfort-montbeliard.fr\/charmont-montbeliard\/author\/paroissesaintmichelmarc\/"}]}},"_links":{"self":[{"href":"https:\/\/www.diocese-belfort-montbeliard.fr\/charmont-montbeliard\/wp-json\/wp\/v2\/posts\/437","targetHints":{"allow":["GET"]}}],"collection":[{"href":"https:\/\/www.diocese-belfort-montbeliard.fr\/charmont-montbeliard\/wp-json\/wp\/v2\/posts"}],"about":[{"href":"https:\/\/www.diocese-belfort-montbeliard.fr\/charmont-montbeliard\/wp-json\/wp\/v2\/types\/post"}],"author":[{"embeddable":true,"href":"https:\/\/www.diocese-belfort-montbeliard.fr\/charmont-montbeliard\/wp-json\/wp\/v2\/users\/34"}],"replies":[{"embeddable":true,"href":"https:\/\/www.diocese-belfort-montbeliard.fr\/charmont-montbeliard\/wp-json\/wp\/v2\/comments?post=437"}],"version-history":[{"count":9,"href":"https:\/\/www.diocese-belfort-montbeliard.fr\/charmont-montbeliard\/wp-json\/wp\/v2\/posts\/437\/revisions"}],"predecessor-version":[{"id":12105,"href":"https:\/\/www.diocese-belfort-montbeliard.fr\/charmont-montbeliard\/wp-json\/wp\/v2\/posts\/437\/revisions\/12105"}],"wp:featuredmedia":[{"embeddable":true,"href":"https:\/\/www.diocese-belfort-montbeliard.fr\/charmont-montbeliard\/wp-json\/wp\/v2\/media\/735"}],"wp:attachment":[{"href":"https:\/\/www.diocese-belfort-montbeliard.fr\/charmont-montbeliard\/wp-json\/wp\/v2\/media?parent=437"}],"wp:term":[{"taxonomy":"category","embeddable":true,"href":"https:\/\/www.diocese-belfort-montbeliard.fr\/charmont-montbeliard\/wp-json\/wp\/v2\/categories?post=437"},{"taxonomy":"post_tag","embeddable":true,"href":"https:\/\/www.diocese-belfort-montbeliard.fr\/charmont-montbeliard\/wp-json\/wp\/v2\/tags?post=437"}],"curies":[{"name":"wp","href":"https:\/\/api.w.org\/{rel}","templated":true}]}}