{"id":590,"date":"2021-02-05T09:36:03","date_gmt":"2021-02-05T08:36:03","guid":{"rendered":"https:\/\/www.diocese-belfort-montbeliard.fr\/charmont-montbeliard\/?p=590"},"modified":"2026-04-22T14:21:11","modified_gmt":"2026-04-22T12:21:11","slug":"echo-saint-michel","status":"publish","type":"post","link":"https:\/\/www.diocese-belfort-montbeliard.fr\/charmont-montbeliard\/actualites\/echo-saint-michel\/","title":{"rendered":"Petites feuilles ECOlogiques"},"content":{"rendered":"\n<p>&nbsp;<strong>&nbsp;L\u2019ECO devient \u00ab&nbsp;la petite feuille ECOlogique Saint-Michel&nbsp;\u00bb<\/strong><\/p>\n\n\n\n<figure class=\"wp-block-image size-full\"><img loading=\"lazy\" decoding=\"async\" width=\"354\" height=\"266\" src=\"https:\/\/www.diocese-belfort-montbeliard.fr\/charmont-montbeliard\/wp-content\/uploads\/sites\/8\/2022\/12\/image001.jpg\" alt=\"\" class=\"wp-image-5791\"\/><\/figure>\n\n\n\n<p>Bonne lecture et n\u2019h\u00e9sitez pas \u00e0 prendre part \u00e0 cette dynamique de conversion \u00e9cologique&nbsp;! N\u2019oubliez pas de nous communiquer votre adresse e-mail pour le recevoir.<\/p>\n\n\n\n<p>L&rsquo;\u00e9co Saint Michel change de nom, afin de parler au plus grand nombre  <\/p>\n\n\n\n<p>La \u00ab\u00a0petite feuille\u00a0\u00bb, n\u00e9e \u00e0 la suite de l&rsquo;encyclique \u00ab\u00a0Laudato si\u00a0\u00bb, parait chaque semaine. Ses objectifs : s&rsquo;informer, agir, communiquer de fa\u00e7on interactive en toute \u00ab\u00a0Fraternit\u00e9 verte\u00a0\u00bb, toutes g\u00e9n\u00e9rations confondues !  <\/p>\n\n\n\n<div data-wp-interactive=\"core\/file\" class=\"wp-block-file\"><object data-wp-bind--hidden=\"!state.hasPdfPreview\" hidden class=\"wp-block-file__embed\" data=\"https:\/\/www.diocese-belfort-montbeliard.fr\/charmont-montbeliard\/wp-content\/uploads\/sites\/8\/2021\/02\/248-Lherbe-\ufffd-lail.pdf\" type=\"application\/pdf\" style=\"width:100%;height:600px\" aria-label=\"Contenu embarqu\u00e9 248 L&apos;herbe \ufffd l&apos;ail.\"><\/object><a id=\"wp-block-file--media-ae9627c9-b3ef-46ee-9aeb-7cd14576ba7d\" href=\"https:\/\/www.diocese-belfort-montbeliard.fr\/charmont-montbeliard\/wp-content\/uploads\/sites\/8\/2021\/02\/248-Lherbe-\ufffd-lail.pdf\">248 L&rsquo;herbe \ufffd l&rsquo;ail<\/a><a href=\"https:\/\/www.diocese-belfort-montbeliard.fr\/charmont-montbeliard\/wp-content\/uploads\/sites\/8\/2021\/02\/248-Lherbe-\ufffd-lail.pdf\" class=\"wp-block-file__button wp-element-button\" download aria-describedby=\"wp-block-file--media-ae9627c9-b3ef-46ee-9aeb-7cd14576ba7d\">T\u00e9l\u00e9charger<\/a><\/div>\n\n\n\n<div data-wp-interactive=\"core\/file\" class=\"wp-block-file\"><object data-wp-bind--hidden=\"!state.hasPdfPreview\" hidden class=\"wp-block-file__embed\" data=\"https:\/\/www.diocese-belfort-montbeliard.fr\/charmont-montbeliard\/wp-content\/uploads\/sites\/8\/2021\/02\/247-cesium-.pdf\" type=\"application\/pdf\" style=\"width:100%;height:600px\" aria-label=\"Contenu embarqu\u00e9 247 cesium.\"><\/object><a id=\"wp-block-file--media-8fb4d9cf-f64c-4639-a188-62b858b6cb16\" href=\"https:\/\/www.diocese-belfort-montbeliard.fr\/charmont-montbeliard\/wp-content\/uploads\/sites\/8\/2021\/02\/247-cesium-.pdf\">247 cesium<\/a><a href=\"https:\/\/www.diocese-belfort-montbeliard.fr\/charmont-montbeliard\/wp-content\/uploads\/sites\/8\/2021\/02\/247-cesium-.pdf\" class=\"wp-block-file__button wp-element-button\" download aria-describedby=\"wp-block-file--media-8fb4d9cf-f64c-4639-a188-62b858b6cb16\">T\u00e9l\u00e9charger<\/a><\/div>\n\n\n\n<div data-wp-interactive=\"core\/file\" class=\"wp-block-file\"><object data-wp-bind--hidden=\"!state.hasPdfPreview\" hidden class=\"wp-block-file__embed\" data=\"https:\/\/www.diocese-belfort-montbeliard.fr\/charmont-montbeliard\/wp-content\/uploads\/sites\/8\/2021\/02\/246-printemps-.pdf\" type=\"application\/pdf\" style=\"width:100%;height:600px\" aria-label=\"Contenu embarqu\u00e9 246 printemps -.\"><\/object><a id=\"wp-block-file--media-a9db1b1b-83e2-4cfb-a626-cb151d8702d7\" href=\"https:\/\/www.diocese-belfort-montbeliard.fr\/charmont-montbeliard\/wp-content\/uploads\/sites\/8\/2021\/02\/246-printemps-.pdf\">246 printemps &#8211;<\/a><a href=\"https:\/\/www.diocese-belfort-montbeliard.fr\/charmont-montbeliard\/wp-content\/uploads\/sites\/8\/2021\/02\/246-printemps-.pdf\" class=\"wp-block-file__button wp-element-button\" download aria-describedby=\"wp-block-file--media-a9db1b1b-83e2-4cfb-a626-cb151d8702d7\">T\u00e9l\u00e9charger<\/a><\/div>\n\n\n\n<div data-wp-interactive=\"core\/file\" class=\"wp-block-file\"><object data-wp-bind--hidden=\"!state.hasPdfPreview\" hidden class=\"wp-block-file__embed\" data=\"https:\/\/www.diocese-belfort-montbeliard.fr\/charmont-montbeliard\/wp-content\/uploads\/sites\/8\/2021\/02\/245-Lombre-une-sentinelle.pdf\" type=\"application\/pdf\" style=\"width:100%;height:600px\" aria-label=\"Contenu embarqu\u00e9 245 L&apos;ombre, une sentinelle.\"><\/object><a id=\"wp-block-file--media-e9111d39-90f7-406a-a15b-413571d49002\" href=\"https:\/\/www.diocese-belfort-montbeliard.fr\/charmont-montbeliard\/wp-content\/uploads\/sites\/8\/2021\/02\/245-Lombre-une-sentinelle.pdf\">245 L&rsquo;ombre, une sentinelle<\/a><a href=\"https:\/\/www.diocese-belfort-montbeliard.fr\/charmont-montbeliard\/wp-content\/uploads\/sites\/8\/2021\/02\/245-Lombre-une-sentinelle.pdf\" class=\"wp-block-file__button wp-element-button\" download aria-describedby=\"wp-block-file--media-e9111d39-90f7-406a-a15b-413571d49002\">T\u00e9l\u00e9charger<\/a><\/div>\n\n\n\n<div data-wp-interactive=\"core\/file\" class=\"wp-block-file\"><object data-wp-bind--hidden=\"!state.hasPdfPreview\" hidden class=\"wp-block-file__embed\" data=\"https:\/\/www.diocese-belfort-montbeliard.fr\/charmont-montbeliard\/wp-content\/uploads\/sites\/8\/2021\/02\/244-La-ferme-huilerie-de-Germigney.pdf\" type=\"application\/pdf\" style=\"width:100%;height:600px\" aria-label=\"Contenu embarqu\u00e9 244 La ferme huilerie de Germigney.\"><\/object><a id=\"wp-block-file--media-6f0bf540-5c71-444b-8256-b833941c8e44\" href=\"https:\/\/www.diocese-belfort-montbeliard.fr\/charmont-montbeliard\/wp-content\/uploads\/sites\/8\/2021\/02\/244-La-ferme-huilerie-de-Germigney.pdf\">244 La ferme huilerie de Germigney<\/a><a href=\"https:\/\/www.diocese-belfort-montbeliard.fr\/charmont-montbeliard\/wp-content\/uploads\/sites\/8\/2021\/02\/244-La-ferme-huilerie-de-Germigney.pdf\" class=\"wp-block-file__button wp-element-button\" download aria-describedby=\"wp-block-file--media-6f0bf540-5c71-444b-8256-b833941c8e44\">T\u00e9l\u00e9charger<\/a><\/div>\n\n\n\n<div data-wp-interactive=\"core\/file\" class=\"wp-block-file\"><object data-wp-bind--hidden=\"!state.hasPdfPreview\" hidden class=\"wp-block-file__embed\" data=\"https:\/\/www.diocese-belfort-montbeliard.fr\/charmont-montbeliard\/wp-content\/uploads\/sites\/8\/2021\/02\/243-conter-fleurette.pdf\" type=\"application\/pdf\" style=\"width:100%;height:600px\" aria-label=\"Contenu embarqu\u00e9 243 conter fleurette.\"><\/object><a id=\"wp-block-file--media-3c7ec4de-1fc8-420c-a827-932c808e76c3\" href=\"https:\/\/www.diocese-belfort-montbeliard.fr\/charmont-montbeliard\/wp-content\/uploads\/sites\/8\/2021\/02\/243-conter-fleurette.pdf\">243 conter fleurette<\/a><a href=\"https:\/\/www.diocese-belfort-montbeliard.fr\/charmont-montbeliard\/wp-content\/uploads\/sites\/8\/2021\/02\/243-conter-fleurette.pdf\" class=\"wp-block-file__button wp-element-button\" download aria-describedby=\"wp-block-file--media-3c7ec4de-1fc8-420c-a827-932c808e76c3\">T\u00e9l\u00e9charger<\/a><\/div>\n\n\n\n<div data-wp-interactive=\"core\/file\" class=\"wp-block-file\"><object data-wp-bind--hidden=\"!state.hasPdfPreview\" hidden class=\"wp-block-file__embed\" data=\"https:\/\/www.diocese-belfort-montbeliard.fr\/charmont-montbeliard\/wp-content\/uploads\/sites\/8\/2021\/02\/242-histoire-de-bisons.pdf\" type=\"application\/pdf\" style=\"width:100%;height:600px\" aria-label=\"Contenu embarqu\u00e9 242 histoire de bisons.\"><\/object><a id=\"wp-block-file--media-3f3e6f72-83ae-4a4c-b629-0bb8bfcba646\" href=\"https:\/\/www.diocese-belfort-montbeliard.fr\/charmont-montbeliard\/wp-content\/uploads\/sites\/8\/2021\/02\/242-histoire-de-bisons.pdf\">242 histoire de bisons<\/a><a href=\"https:\/\/www.diocese-belfort-montbeliard.fr\/charmont-montbeliard\/wp-content\/uploads\/sites\/8\/2021\/02\/242-histoire-de-bisons.pdf\" class=\"wp-block-file__button wp-element-button\" download aria-describedby=\"wp-block-file--media-3f3e6f72-83ae-4a4c-b629-0bb8bfcba646\">T\u00e9l\u00e9charger<\/a><\/div>\n\n\n\n<div data-wp-interactive=\"core\/file\" class=\"wp-block-file\"><object data-wp-bind--hidden=\"!state.hasPdfPreview\" hidden class=\"wp-block-file__embed\" data=\"https:\/\/www.diocese-belfort-montbeliard.fr\/charmont-montbeliard\/wp-content\/uploads\/sites\/8\/2021\/02\/241-Pinna.pdf\" type=\"application\/pdf\" style=\"width:100%;height:600px\" aria-label=\"Contenu embarqu\u00e9 241 Pinna.\"><\/object><a id=\"wp-block-file--media-16289291-e534-4751-9f2c-cf215d6a8a19\" href=\"https:\/\/www.diocese-belfort-montbeliard.fr\/charmont-montbeliard\/wp-content\/uploads\/sites\/8\/2021\/02\/241-Pinna.pdf\">241 Pinna<\/a><a href=\"https:\/\/www.diocese-belfort-montbeliard.fr\/charmont-montbeliard\/wp-content\/uploads\/sites\/8\/2021\/02\/241-Pinna.pdf\" class=\"wp-block-file__button wp-element-button\" download aria-describedby=\"wp-block-file--media-16289291-e534-4751-9f2c-cf215d6a8a19\">T\u00e9l\u00e9charger<\/a><\/div>\n\n\n\n<div data-wp-interactive=\"core\/file\" class=\"wp-block-file\"><object data-wp-bind--hidden=\"!state.hasPdfPreview\" hidden class=\"wp-block-file__embed\" data=\"https:\/\/www.diocese-belfort-montbeliard.fr\/charmont-montbeliard\/wp-content\/uploads\/sites\/8\/2021\/02\/240-le-triangle-parfait.pdf\" type=\"application\/pdf\" style=\"width:100%;height:600px\" aria-label=\"Contenu embarqu\u00e9 240 le triangle parfait.\"><\/object><a id=\"wp-block-file--media-80baa785-444a-4af3-a5be-1b7990b90547\" href=\"https:\/\/www.diocese-belfort-montbeliard.fr\/charmont-montbeliard\/wp-content\/uploads\/sites\/8\/2021\/02\/240-le-triangle-parfait.pdf\">240 le triangle parfait<\/a><a href=\"https:\/\/www.diocese-belfort-montbeliard.fr\/charmont-montbeliard\/wp-content\/uploads\/sites\/8\/2021\/02\/240-le-triangle-parfait.pdf\" class=\"wp-block-file__button wp-element-button\" download aria-describedby=\"wp-block-file--media-80baa785-444a-4af3-a5be-1b7990b90547\">T\u00e9l\u00e9charger<\/a><\/div>\n\n\n\n<div data-wp-interactive=\"core\/file\" class=\"wp-block-file\"><object data-wp-bind--hidden=\"!state.hasPdfPreview\" hidden class=\"wp-block-file__embed\" data=\"https:\/\/www.diocese-belfort-montbeliard.fr\/charmont-montbeliard\/wp-content\/uploads\/sites\/8\/2021\/02\/239-animal-de-Descartes-\ufffd-Sueur.pdf\" type=\"application\/pdf\" style=\"width:100%;height:600px\" aria-label=\"Contenu embarqu\u00e9 239 animal de Descartes \ufffd Sueur.\"><\/object><a id=\"wp-block-file--media-269f5294-c66e-4eb8-96e8-43cda5e67d01\" href=\"https:\/\/www.diocese-belfort-montbeliard.fr\/charmont-montbeliard\/wp-content\/uploads\/sites\/8\/2021\/02\/239-animal-de-Descartes-\ufffd-Sueur.pdf\">239 animal de Descartes \ufffd Sueur<\/a><a href=\"https:\/\/www.diocese-belfort-montbeliard.fr\/charmont-montbeliard\/wp-content\/uploads\/sites\/8\/2021\/02\/239-animal-de-Descartes-\ufffd-Sueur.pdf\" class=\"wp-block-file__button wp-element-button\" download aria-describedby=\"wp-block-file--media-269f5294-c66e-4eb8-96e8-43cda5e67d01\">T\u00e9l\u00e9charger<\/a><\/div>\n\n\n\n<div data-wp-interactive=\"core\/file\" class=\"wp-block-file\"><object data-wp-bind--hidden=\"!state.hasPdfPreview\" hidden class=\"wp-block-file__embed\" data=\"https:\/\/www.diocese-belfort-montbeliard.fr\/charmont-montbeliard\/wp-content\/uploads\/sites\/8\/2021\/02\/238-cortisol.pdf\" type=\"application\/pdf\" style=\"width:100%;height:600px\" aria-label=\"Contenu embarqu\u00e9 238 cortisol.\"><\/object><a id=\"wp-block-file--media-7f792908-5b29-49c5-be22-3fd4f7680943\" href=\"https:\/\/www.diocese-belfort-montbeliard.fr\/charmont-montbeliard\/wp-content\/uploads\/sites\/8\/2021\/02\/238-cortisol.pdf\">238 cortisol<\/a><a href=\"https:\/\/www.diocese-belfort-montbeliard.fr\/charmont-montbeliard\/wp-content\/uploads\/sites\/8\/2021\/02\/238-cortisol.pdf\" class=\"wp-block-file__button wp-element-button\" download aria-describedby=\"wp-block-file--media-7f792908-5b29-49c5-be22-3fd4f7680943\">T\u00e9l\u00e9charger<\/a><\/div>\n\n\n\n<div data-wp-interactive=\"core\/file\" class=\"wp-block-file\"><object data-wp-bind--hidden=\"!state.hasPdfPreview\" hidden class=\"wp-block-file__embed\" data=\"https:\/\/www.diocese-belfort-montbeliard.fr\/charmont-montbeliard\/wp-content\/uploads\/sites\/8\/2021\/02\/237-Perce-neige-1.pdf\" type=\"application\/pdf\" style=\"width:100%;height:600px\" aria-label=\"Contenu embarqu\u00e9 237 Perce-neige.\"><\/object><a id=\"wp-block-file--media-b3499306-3a65-40aa-aafb-a3c57f9b74bf\" href=\"https:\/\/www.diocese-belfort-montbeliard.fr\/charmont-montbeliard\/wp-content\/uploads\/sites\/8\/2021\/02\/237-Perce-neige-1.pdf\">237 Perce-neige<\/a><a href=\"https:\/\/www.diocese-belfort-montbeliard.fr\/charmont-montbeliard\/wp-content\/uploads\/sites\/8\/2021\/02\/237-Perce-neige-1.pdf\" class=\"wp-block-file__button wp-element-button\" download aria-describedby=\"wp-block-file--media-b3499306-3a65-40aa-aafb-a3c57f9b74bf\">T\u00e9l\u00e9charger<\/a><\/div>\n\n\n\n<div data-wp-interactive=\"core\/file\" class=\"wp-block-file\"><object data-wp-bind--hidden=\"!state.hasPdfPreview\" hidden class=\"wp-block-file__embed\" data=\"https:\/\/www.diocese-belfort-montbeliard.fr\/charmont-montbeliard\/wp-content\/uploads\/sites\/8\/2021\/02\/236-Peter-Rabbit.pdf\" type=\"application\/pdf\" style=\"width:100%;height:600px\" aria-label=\"Contenu embarqu\u00e9 236 Peter Rabbit.\"><\/object><a id=\"wp-block-file--media-9c06a25c-7dee-4162-ba7a-87322874ab73\" href=\"https:\/\/www.diocese-belfort-montbeliard.fr\/charmont-montbeliard\/wp-content\/uploads\/sites\/8\/2021\/02\/236-Peter-Rabbit.pdf\">236 Peter Rabbit<\/a><a href=\"https:\/\/www.diocese-belfort-montbeliard.fr\/charmont-montbeliard\/wp-content\/uploads\/sites\/8\/2021\/02\/236-Peter-Rabbit.pdf\" class=\"wp-block-file__button wp-element-button\" download aria-describedby=\"wp-block-file--media-9c06a25c-7dee-4162-ba7a-87322874ab73\">T\u00e9l\u00e9charger<\/a><\/div>\n\n\n\n<div data-wp-interactive=\"core\/file\" class=\"wp-block-file\"><object data-wp-bind--hidden=\"!state.hasPdfPreview\" hidden class=\"wp-block-file__embed\" data=\"https:\/\/www.diocese-belfort-montbeliard.fr\/charmont-montbeliard\/wp-content\/uploads\/sites\/8\/2021\/02\/235-desinformation-climatique.pdf\" type=\"application\/pdf\" style=\"width:100%;height:600px\" aria-label=\"Contenu embarqu\u00e9 235 de\u0301sinformation climatique.\"><\/object><a id=\"wp-block-file--media-36626775-8326-4487-b32f-5afde17538ae\" href=\"https:\/\/www.diocese-belfort-montbeliard.fr\/charmont-montbeliard\/wp-content\/uploads\/sites\/8\/2021\/02\/235-desinformation-climatique.pdf\">235 de\u0301sinformation climatique<\/a><a href=\"https:\/\/www.diocese-belfort-montbeliard.fr\/charmont-montbeliard\/wp-content\/uploads\/sites\/8\/2021\/02\/235-desinformation-climatique.pdf\" class=\"wp-block-file__button wp-element-button\" download aria-describedby=\"wp-block-file--media-36626775-8326-4487-b32f-5afde17538ae\">T\u00e9l\u00e9charger<\/a><\/div>\n\n\n\n<div data-wp-interactive=\"core\/file\" class=\"wp-block-file\"><object data-wp-bind--hidden=\"!state.hasPdfPreview\" hidden class=\"wp-block-file__embed\" data=\"https:\/\/www.diocese-belfort-montbeliard.fr\/charmont-montbeliard\/wp-content\/uploads\/sites\/8\/2021\/02\/234-proces-gagne.pdf\" type=\"application\/pdf\" style=\"width:100%;height:600px\" aria-label=\"Contenu embarqu\u00e9 234 proc\u00e8s gagn\u00e9.\"><\/object><a id=\"wp-block-file--media-12477aea-4380-4f2c-83e7-f59fe5d1196a\" href=\"https:\/\/www.diocese-belfort-montbeliard.fr\/charmont-montbeliard\/wp-content\/uploads\/sites\/8\/2021\/02\/234-proces-gagne.pdf\">234 proc\u00e8s gagn\u00e9<\/a><a href=\"https:\/\/www.diocese-belfort-montbeliard.fr\/charmont-montbeliard\/wp-content\/uploads\/sites\/8\/2021\/02\/234-proces-gagne.pdf\" class=\"wp-block-file__button wp-element-button\" download aria-describedby=\"wp-block-file--media-12477aea-4380-4f2c-83e7-f59fe5d1196a\">T\u00e9l\u00e9charger<\/a><\/div>\n\n\n\n<div data-wp-interactive=\"core\/file\" class=\"wp-block-file\"><object data-wp-bind--hidden=\"!state.hasPdfPreview\" hidden class=\"wp-block-file__embed\" data=\"https:\/\/www.diocese-belfort-montbeliard.fr\/charmont-montbeliard\/wp-content\/uploads\/sites\/8\/2021\/02\/233-la-peau-aux-ecolos.pdf\" type=\"application\/pdf\" style=\"width:100%;height:600px\" aria-label=\"Contenu embarqu\u00e9 233 la peau aux \u00e9colos.\"><\/object><a id=\"wp-block-file--media-cb76098c-01e5-4227-be1f-4117cd200391\" href=\"https:\/\/www.diocese-belfort-montbeliard.fr\/charmont-montbeliard\/wp-content\/uploads\/sites\/8\/2021\/02\/233-la-peau-aux-ecolos.pdf\">233 la peau aux \u00e9colos<\/a><a href=\"https:\/\/www.diocese-belfort-montbeliard.fr\/charmont-montbeliard\/wp-content\/uploads\/sites\/8\/2021\/02\/233-la-peau-aux-ecolos.pdf\" class=\"wp-block-file__button wp-element-button\" download aria-describedby=\"wp-block-file--media-cb76098c-01e5-4227-be1f-4117cd200391\">T\u00e9l\u00e9charger<\/a><\/div>\n\n\n\n<div data-wp-interactive=\"core\/file\" class=\"wp-block-file\"><object data-wp-bind--hidden=\"!state.hasPdfPreview\" hidden class=\"wp-block-file__embed\" data=\"https:\/\/www.diocese-belfort-montbeliard.fr\/charmont-montbeliard\/wp-content\/uploads\/sites\/8\/2021\/02\/232-Amoroni-Onilahy.pdf\" type=\"application\/pdf\" style=\"width:100%;height:600px\" aria-label=\"Contenu embarqu\u00e9 232 Amoron&apos;i Onilahy.\"><\/object><a id=\"wp-block-file--media-dc0f40be-89a0-490d-9fcc-595e4b47830b\" href=\"https:\/\/www.diocese-belfort-montbeliard.fr\/charmont-montbeliard\/wp-content\/uploads\/sites\/8\/2021\/02\/232-Amoroni-Onilahy.pdf\">232 Amoron&rsquo;i Onilahy<\/a><a href=\"https:\/\/www.diocese-belfort-montbeliard.fr\/charmont-montbeliard\/wp-content\/uploads\/sites\/8\/2021\/02\/232-Amoroni-Onilahy.pdf\" class=\"wp-block-file__button wp-element-button\" download aria-describedby=\"wp-block-file--media-dc0f40be-89a0-490d-9fcc-595e4b47830b\">T\u00e9l\u00e9charger<\/a><\/div>\n\n\n\n<div data-wp-interactive=\"core\/file\" class=\"wp-block-file\"><object data-wp-bind--hidden=\"!state.hasPdfPreview\" hidden class=\"wp-block-file__embed\" data=\"https:\/\/www.diocese-belfort-montbeliard.fr\/charmont-montbeliard\/wp-content\/uploads\/sites\/8\/2021\/02\/231-Souhaits-1.pdf\" type=\"application\/pdf\" style=\"width:100%;height:600px\" aria-label=\"Contenu embarqu\u00e9 231 Souhaits.\"><\/object><a id=\"wp-block-file--media-49274ad1-8b32-41e7-9017-91556c934a3c\" href=\"https:\/\/www.diocese-belfort-montbeliard.fr\/charmont-montbeliard\/wp-content\/uploads\/sites\/8\/2021\/02\/231-Souhaits-1.pdf\">231 Souhaits<\/a><a href=\"https:\/\/www.diocese-belfort-montbeliard.fr\/charmont-montbeliard\/wp-content\/uploads\/sites\/8\/2021\/02\/231-Souhaits-1.pdf\" class=\"wp-block-file__button wp-element-button\" download aria-describedby=\"wp-block-file--media-49274ad1-8b32-41e7-9017-91556c934a3c\">T\u00e9l\u00e9charger<\/a><\/div>\n\n\n\n<div data-wp-interactive=\"core\/file\" class=\"wp-block-file\"><object data-wp-bind--hidden=\"!state.hasPdfPreview\" hidden class=\"wp-block-file__embed\" data=\"https:\/\/www.diocese-belfort-montbeliard.fr\/charmont-montbeliard\/wp-content\/uploads\/sites\/8\/2021\/02\/230-Alors-la-paix-fleurira.pdf\" type=\"application\/pdf\" style=\"width:100%;height:600px\" aria-label=\"Contenu embarqu\u00e9 230 Alors la paix fleurira.\"><\/object><a id=\"wp-block-file--media-545875e9-a685-48eb-ba50-878c68276f80\" href=\"https:\/\/www.diocese-belfort-montbeliard.fr\/charmont-montbeliard\/wp-content\/uploads\/sites\/8\/2021\/02\/230-Alors-la-paix-fleurira.pdf\">230 Alors la paix fleurira<\/a><a href=\"https:\/\/www.diocese-belfort-montbeliard.fr\/charmont-montbeliard\/wp-content\/uploads\/sites\/8\/2021\/02\/230-Alors-la-paix-fleurira.pdf\" class=\"wp-block-file__button wp-element-button\" download aria-describedby=\"wp-block-file--media-545875e9-a685-48eb-ba50-878c68276f80\">T\u00e9l\u00e9charger<\/a><\/div>\n\n\n\n<div data-wp-interactive=\"core\/file\" class=\"wp-block-file\"><object data-wp-bind--hidden=\"!state.hasPdfPreview\" hidden class=\"wp-block-file__embed\" data=\"https:\/\/www.diocese-belfort-montbeliard.fr\/charmont-montbeliard\/wp-content\/uploads\/sites\/8\/2021\/02\/229-quelle-joie-.pdf\" type=\"application\/pdf\" style=\"width:100%;height:600px\" aria-label=\"Contenu embarqu\u00e9 229 quelle joie !.\"><\/object><a id=\"wp-block-file--media-45151425-8aef-4886-b0dc-099848d63592\" href=\"https:\/\/www.diocese-belfort-montbeliard.fr\/charmont-montbeliard\/wp-content\/uploads\/sites\/8\/2021\/02\/229-quelle-joie-.pdf\">229 quelle joie !<\/a><a href=\"https:\/\/www.diocese-belfort-montbeliard.fr\/charmont-montbeliard\/wp-content\/uploads\/sites\/8\/2021\/02\/229-quelle-joie-.pdf\" class=\"wp-block-file__button wp-element-button\" download aria-describedby=\"wp-block-file--media-45151425-8aef-4886-b0dc-099848d63592\">T\u00e9l\u00e9charger<\/a><\/div>\n\n\n\n<div data-wp-interactive=\"core\/file\" class=\"wp-block-file\"><object data-wp-bind--hidden=\"!state.hasPdfPreview\" hidden class=\"wp-block-file__embed\" data=\"https:\/\/www.diocese-belfort-montbeliard.fr\/charmont-montbeliard\/wp-content\/uploads\/sites\/8\/2021\/02\/228-Ma-foi.pdf\" type=\"application\/pdf\" style=\"width:100%;height:600px\" aria-label=\"Contenu embarqu\u00e9 228 Ma foi.\"><\/object><a id=\"wp-block-file--media-2830a045-176d-4ef9-9633-a951b898997e\" href=\"https:\/\/www.diocese-belfort-montbeliard.fr\/charmont-montbeliard\/wp-content\/uploads\/sites\/8\/2021\/02\/228-Ma-foi.pdf\">228 Ma foi<\/a><a href=\"https:\/\/www.diocese-belfort-montbeliard.fr\/charmont-montbeliard\/wp-content\/uploads\/sites\/8\/2021\/02\/228-Ma-foi.pdf\" class=\"wp-block-file__button wp-element-button\" download aria-describedby=\"wp-block-file--media-2830a045-176d-4ef9-9633-a951b898997e\">T\u00e9l\u00e9charger<\/a><\/div>\n\n\n\n<div data-wp-interactive=\"core\/file\" class=\"wp-block-file\"><object data-wp-bind--hidden=\"!state.hasPdfPreview\" hidden class=\"wp-block-file__embed\" data=\"https:\/\/www.diocese-belfort-montbeliard.fr\/charmont-montbeliard\/wp-content\/uploads\/sites\/8\/2021\/02\/227-Et-tic-et-toc-.pdf\" type=\"application\/pdf\" style=\"width:100%;height:600px\" aria-label=\"Contenu embarqu\u00e9 227 Et tic et toc.\"><\/object><a id=\"wp-block-file--media-836e402c-14ce-474f-9e95-9ba7471131ec\" href=\"https:\/\/www.diocese-belfort-montbeliard.fr\/charmont-montbeliard\/wp-content\/uploads\/sites\/8\/2021\/02\/227-Et-tic-et-toc-.pdf\">227 Et tic et toc<\/a><a href=\"https:\/\/www.diocese-belfort-montbeliard.fr\/charmont-montbeliard\/wp-content\/uploads\/sites\/8\/2021\/02\/227-Et-tic-et-toc-.pdf\" class=\"wp-block-file__button wp-element-button\" download aria-describedby=\"wp-block-file--media-836e402c-14ce-474f-9e95-9ba7471131ec\">T\u00e9l\u00e9charger<\/a><\/div>\n\n\n\n<div data-wp-interactive=\"core\/file\" class=\"wp-block-file\"><object data-wp-bind--hidden=\"!state.hasPdfPreview\" hidden class=\"wp-block-file__embed\" data=\"https:\/\/www.diocese-belfort-montbeliard.fr\/charmont-montbeliard\/wp-content\/uploads\/sites\/8\/2021\/02\/226-Avent.pdf\" type=\"application\/pdf\" style=\"width:100%;height:600px\" aria-label=\"Contenu embarqu\u00e9 226 Avent.\"><\/object><a id=\"wp-block-file--media-984d550f-f57b-4785-a7f0-bb1d31dd0f17\" href=\"https:\/\/www.diocese-belfort-montbeliard.fr\/charmont-montbeliard\/wp-content\/uploads\/sites\/8\/2021\/02\/226-Avent.pdf\">226 Avent<\/a><a href=\"https:\/\/www.diocese-belfort-montbeliard.fr\/charmont-montbeliard\/wp-content\/uploads\/sites\/8\/2021\/02\/226-Avent.pdf\" class=\"wp-block-file__button wp-element-button\" download aria-describedby=\"wp-block-file--media-984d550f-f57b-4785-a7f0-bb1d31dd0f17\">T\u00e9l\u00e9charger<\/a><\/div>\n\n\n\n<div data-wp-interactive=\"core\/file\" class=\"wp-block-file\"><object data-wp-bind--hidden=\"!state.hasPdfPreview\" hidden class=\"wp-block-file__embed\" data=\"https:\/\/www.diocese-belfort-montbeliard.fr\/charmont-montbeliard\/wp-content\/uploads\/sites\/8\/2021\/02\/225-H5N1-.pdf\" type=\"application\/pdf\" style=\"width:100%;height:600px\" aria-label=\"Contenu embarqu\u00e9 225 H5N1.\"><\/object><a id=\"wp-block-file--media-bd4c62d2-85a8-4c35-bfb9-2ba5922b9b6b\" href=\"https:\/\/www.diocese-belfort-montbeliard.fr\/charmont-montbeliard\/wp-content\/uploads\/sites\/8\/2021\/02\/225-H5N1-.pdf\">225 H5N1<\/a><a href=\"https:\/\/www.diocese-belfort-montbeliard.fr\/charmont-montbeliard\/wp-content\/uploads\/sites\/8\/2021\/02\/225-H5N1-.pdf\" class=\"wp-block-file__button wp-element-button\" download aria-describedby=\"wp-block-file--media-bd4c62d2-85a8-4c35-bfb9-2ba5922b9b6b\">T\u00e9l\u00e9charger<\/a><\/div>\n\n\n\n<div data-wp-interactive=\"core\/file\" class=\"wp-block-file\"><object data-wp-bind--hidden=\"!state.hasPdfPreview\" hidden class=\"wp-block-file__embed\" data=\"https:\/\/www.diocese-belfort-montbeliard.fr\/charmont-montbeliard\/wp-content\/uploads\/sites\/8\/2021\/02\/224-perruches-\ufffd-Paris-27-10-25.pdf\" type=\"application\/pdf\" style=\"width:100%;height:600px\" aria-label=\"Contenu embarqu\u00e9 224 perruches \ufffd Paris 27 10 25.\"><\/object><a id=\"wp-block-file--media-0d8456ac-954e-40b3-8d52-a9186f4aaa94\" href=\"https:\/\/www.diocese-belfort-montbeliard.fr\/charmont-montbeliard\/wp-content\/uploads\/sites\/8\/2021\/02\/224-perruches-\ufffd-Paris-27-10-25.pdf\">224 perruches \ufffd Paris 27 10 25<\/a><a href=\"https:\/\/www.diocese-belfort-montbeliard.fr\/charmont-montbeliard\/wp-content\/uploads\/sites\/8\/2021\/02\/224-perruches-\ufffd-Paris-27-10-25.pdf\" class=\"wp-block-file__button wp-element-button\" download aria-describedby=\"wp-block-file--media-0d8456ac-954e-40b3-8d52-a9186f4aaa94\">T\u00e9l\u00e9charger<\/a><\/div>\n\n\n\n\n\n\n\n<div data-wp-interactive=\"core\/file\" class=\"wp-block-file\"><object data-wp-bind--hidden=\"!state.hasPdfPreview\" hidden class=\"wp-block-file__embed\" data=\"https:\/\/www.diocese-belfort-montbeliard.fr\/charmont-montbeliard\/wp-content\/uploads\/sites\/8\/2021\/02\/223-cheptel.pdf\" type=\"application\/pdf\" style=\"width:100%;height:600px\" aria-label=\"Contenu embarqu\u00e9 223 cheptel.\"><\/object><a id=\"wp-block-file--media-759ed811-d3a5-4390-8a45-c009b2f3dadc\" href=\"https:\/\/www.diocese-belfort-montbeliard.fr\/charmont-montbeliard\/wp-content\/uploads\/sites\/8\/2021\/02\/223-cheptel.pdf\">223 cheptel<\/a><a href=\"https:\/\/www.diocese-belfort-montbeliard.fr\/charmont-montbeliard\/wp-content\/uploads\/sites\/8\/2021\/02\/223-cheptel.pdf\" class=\"wp-block-file__button wp-element-button\" download aria-describedby=\"wp-block-file--media-759ed811-d3a5-4390-8a45-c009b2f3dadc\">T\u00e9l\u00e9charger<\/a><\/div>\n\n\n\n<div data-wp-interactive=\"core\/file\" class=\"wp-block-file\"><object data-wp-bind--hidden=\"!state.hasPdfPreview\" hidden class=\"wp-block-file__embed\" data=\"https:\/\/www.diocese-belfort-montbeliard.fr\/charmont-montbeliard\/wp-content\/uploads\/sites\/8\/2021\/02\/222Des-cris-dans-la-nuit-1.pdf\" type=\"application\/pdf\" style=\"width:100%;height:600px\" aria-label=\"Contenu embarqu\u00e9 222Des cris dans la nuit.\"><\/object><a id=\"wp-block-file--media-9f98c175-df41-481d-896f-e9b6f672bcc4\" href=\"https:\/\/www.diocese-belfort-montbeliard.fr\/charmont-montbeliard\/wp-content\/uploads\/sites\/8\/2021\/02\/222Des-cris-dans-la-nuit-1.pdf\">222Des cris dans la nuit<\/a><a href=\"https:\/\/www.diocese-belfort-montbeliard.fr\/charmont-montbeliard\/wp-content\/uploads\/sites\/8\/2021\/02\/222Des-cris-dans-la-nuit-1.pdf\" class=\"wp-block-file__button wp-element-button\" download aria-describedby=\"wp-block-file--media-9f98c175-df41-481d-896f-e9b6f672bcc4\">T\u00e9l\u00e9charger<\/a><\/div>\n\n\n\n<div data-wp-interactive=\"core\/file\" class=\"wp-block-file\"><object data-wp-bind--hidden=\"!state.hasPdfPreview\" hidden class=\"wp-block-file__embed\" data=\"https:\/\/www.diocese-belfort-montbeliard.fr\/charmont-montbeliard\/wp-content\/uploads\/sites\/8\/2021\/02\/221Christina-Zenato.pdf\" type=\"application\/pdf\" style=\"width:100%;height:600px\" aria-label=\"Contenu embarqu\u00e9 221Christina Zenato.\"><\/object><a id=\"wp-block-file--media-da2e6695-ec04-448d-b536-284c3d1b1ad0\" href=\"https:\/\/www.diocese-belfort-montbeliard.fr\/charmont-montbeliard\/wp-content\/uploads\/sites\/8\/2021\/02\/221Christina-Zenato.pdf\">221Christina Zenato<\/a><a href=\"https:\/\/www.diocese-belfort-montbeliard.fr\/charmont-montbeliard\/wp-content\/uploads\/sites\/8\/2021\/02\/221Christina-Zenato.pdf\" class=\"wp-block-file__button wp-element-button\" download aria-describedby=\"wp-block-file--media-da2e6695-ec04-448d-b536-284c3d1b1ad0\">T\u00e9l\u00e9charger<\/a><\/div>\n\n\n\n<div data-wp-interactive=\"core\/file\" class=\"wp-block-file\"><object data-wp-bind--hidden=\"!state.hasPdfPreview\" hidden class=\"wp-block-file__embed\" data=\"https:\/\/www.diocese-belfort-montbeliard.fr\/charmont-montbeliard\/wp-content\/uploads\/sites\/8\/2021\/02\/220-Jane-G.pdf\" type=\"application\/pdf\" style=\"width:100%;height:600px\" aria-label=\"Contenu embarqu\u00e9 220 Jane G.\"><\/object><a id=\"wp-block-file--media-ee0fa612-f59f-4f40-be55-d9f6e74c1320\" href=\"https:\/\/www.diocese-belfort-montbeliard.fr\/charmont-montbeliard\/wp-content\/uploads\/sites\/8\/2021\/02\/220-Jane-G.pdf\">220 Jane G<\/a><a href=\"https:\/\/www.diocese-belfort-montbeliard.fr\/charmont-montbeliard\/wp-content\/uploads\/sites\/8\/2021\/02\/220-Jane-G.pdf\" class=\"wp-block-file__button wp-element-button\" download aria-describedby=\"wp-block-file--media-ee0fa612-f59f-4f40-be55-d9f6e74c1320\">T\u00e9l\u00e9charger<\/a><\/div>\n\n\n\n<div data-wp-interactive=\"core\/file\" class=\"wp-block-file\"><object data-wp-bind--hidden=\"!state.hasPdfPreview\" hidden class=\"wp-block-file__embed\" data=\"https:\/\/www.diocese-belfort-montbeliard.fr\/charmont-montbeliard\/wp-content\/uploads\/sites\/8\/2021\/02\/219-Repeter-.pdf\" type=\"application\/pdf\" style=\"width:100%;height:600px\" aria-label=\"Contenu embarqu\u00e9 219 Re\u0301pe\u0301ter.\"><\/object><a id=\"wp-block-file--media-19d7ad2f-3d9e-4819-a804-6cc39bbd5789\" href=\"https:\/\/www.diocese-belfort-montbeliard.fr\/charmont-montbeliard\/wp-content\/uploads\/sites\/8\/2021\/02\/219-Repeter-.pdf\">219 Re\u0301pe\u0301ter<\/a><a href=\"https:\/\/www.diocese-belfort-montbeliard.fr\/charmont-montbeliard\/wp-content\/uploads\/sites\/8\/2021\/02\/219-Repeter-.pdf\" class=\"wp-block-file__button wp-element-button\" download aria-describedby=\"wp-block-file--media-19d7ad2f-3d9e-4819-a804-6cc39bbd5789\">T\u00e9l\u00e9charger<\/a><\/div>\n\n\n\n<div data-wp-interactive=\"core\/file\" class=\"wp-block-file\"><object data-wp-bind--hidden=\"!state.hasPdfPreview\" hidden class=\"wp-block-file__embed\" data=\"https:\/\/www.diocese-belfort-montbeliard.fr\/charmont-montbeliard\/wp-content\/uploads\/sites\/8\/2021\/02\/218-quand-on-veut.pdf\" type=\"application\/pdf\" style=\"width:100%;height:600px\" aria-label=\"Contenu embarqu\u00e9 218 quand on veut.\"><\/object><a id=\"wp-block-file--media-45eeffca-5cbd-4718-9405-78a3634df3ea\" href=\"https:\/\/www.diocese-belfort-montbeliard.fr\/charmont-montbeliard\/wp-content\/uploads\/sites\/8\/2021\/02\/218-quand-on-veut.pdf\">218 quand on veut<\/a><a href=\"https:\/\/www.diocese-belfort-montbeliard.fr\/charmont-montbeliard\/wp-content\/uploads\/sites\/8\/2021\/02\/218-quand-on-veut.pdf\" class=\"wp-block-file__button wp-element-button\" download aria-describedby=\"wp-block-file--media-45eeffca-5cbd-4718-9405-78a3634df3ea\">T\u00e9l\u00e9charger<\/a><\/div>\n\n\n\n<div data-wp-interactive=\"core\/file\" class=\"wp-block-file\"><object data-wp-bind--hidden=\"!state.hasPdfPreview\" hidden class=\"wp-block-file__embed\" data=\"https:\/\/www.diocese-belfort-montbeliard.fr\/charmont-montbeliard\/wp-content\/uploads\/sites\/8\/2021\/02\/217-2-milliards.pdf\" type=\"application\/pdf\" style=\"width:100%;height:600px\" aria-label=\"Contenu embarqu\u00e9 217 2 milliards.\"><\/object><a id=\"wp-block-file--media-e3ec7694-87bf-4a0e-a576-8b741e09c510\" href=\"https:\/\/www.diocese-belfort-montbeliard.fr\/charmont-montbeliard\/wp-content\/uploads\/sites\/8\/2021\/02\/217-2-milliards.pdf\">217 2 milliards<\/a><a href=\"https:\/\/www.diocese-belfort-montbeliard.fr\/charmont-montbeliard\/wp-content\/uploads\/sites\/8\/2021\/02\/217-2-milliards.pdf\" class=\"wp-block-file__button wp-element-button\" download aria-describedby=\"wp-block-file--media-e3ec7694-87bf-4a0e-a576-8b741e09c510\">T\u00e9l\u00e9charger<\/a><\/div>\n\n\n\n<div data-wp-interactive=\"core\/file\" class=\"wp-block-file\"><object data-wp-bind--hidden=\"!state.hasPdfPreview\" hidden class=\"wp-block-file__embed\" data=\"https:\/\/www.diocese-belfort-montbeliard.fr\/charmont-montbeliard\/wp-content\/uploads\/sites\/8\/2021\/02\/216-envol.pdf\" type=\"application\/pdf\" style=\"width:100%;height:600px\" aria-label=\"Contenu embarqu\u00e9 216 envol.\"><\/object><a id=\"wp-block-file--media-174cdeea-fa79-401d-831f-e735dbdf01c9\" href=\"https:\/\/www.diocese-belfort-montbeliard.fr\/charmont-montbeliard\/wp-content\/uploads\/sites\/8\/2021\/02\/216-envol.pdf\">216 envol<\/a><a href=\"https:\/\/www.diocese-belfort-montbeliard.fr\/charmont-montbeliard\/wp-content\/uploads\/sites\/8\/2021\/02\/216-envol.pdf\" class=\"wp-block-file__button wp-element-button\" download aria-describedby=\"wp-block-file--media-174cdeea-fa79-401d-831f-e735dbdf01c9\">T\u00e9l\u00e9charger<\/a><\/div>\n\n\n\n<div data-wp-interactive=\"core\/file\" class=\"wp-block-file\"><object data-wp-bind--hidden=\"!state.hasPdfPreview\" hidden class=\"wp-block-file__embed\" data=\"https:\/\/www.diocese-belfort-montbeliard.fr\/charmont-montbeliard\/wp-content\/uploads\/sites\/8\/2021\/02\/215-sur-la-fenetre.pdf\" type=\"application\/pdf\" style=\"width:100%;height:600px\" aria-label=\"Contenu embarqu\u00e9 215 sur la fen\u00eatre.\"><\/object><a id=\"wp-block-file--media-84c115f2-4355-491f-9ad4-2bd6db510baf\" href=\"https:\/\/www.diocese-belfort-montbeliard.fr\/charmont-montbeliard\/wp-content\/uploads\/sites\/8\/2021\/02\/215-sur-la-fenetre.pdf\">215 sur la fen\u00eatre<\/a><a href=\"https:\/\/www.diocese-belfort-montbeliard.fr\/charmont-montbeliard\/wp-content\/uploads\/sites\/8\/2021\/02\/215-sur-la-fenetre.pdf\" class=\"wp-block-file__button wp-element-button\" download aria-describedby=\"wp-block-file--media-84c115f2-4355-491f-9ad4-2bd6db510baf\">T\u00e9l\u00e9charger<\/a><\/div>\n\n\n\n<div data-wp-interactive=\"core\/file\" class=\"wp-block-file\"><object data-wp-bind--hidden=\"!state.hasPdfPreview\" hidden class=\"wp-block-file__embed\" data=\"https:\/\/www.diocese-belfort-montbeliard.fr\/charmont-montbeliard\/wp-content\/uploads\/sites\/8\/2021\/02\/214-artefact.pdf\" type=\"application\/pdf\" style=\"width:100%;height:600px\" aria-label=\"Contenu embarqu\u00e9 214 artefact.\"><\/object><a id=\"wp-block-file--media-b7183d37-b820-45be-a56b-31021d514e62\" href=\"https:\/\/www.diocese-belfort-montbeliard.fr\/charmont-montbeliard\/wp-content\/uploads\/sites\/8\/2021\/02\/214-artefact.pdf\">214 artefact<\/a><a href=\"https:\/\/www.diocese-belfort-montbeliard.fr\/charmont-montbeliard\/wp-content\/uploads\/sites\/8\/2021\/02\/214-artefact.pdf\" class=\"wp-block-file__button wp-element-button\" download aria-describedby=\"wp-block-file--media-b7183d37-b820-45be-a56b-31021d514e62\">T\u00e9l\u00e9charger<\/a><\/div>\n\n\n\n<div data-wp-interactive=\"core\/file\" class=\"wp-block-file\"><object data-wp-bind--hidden=\"!state.hasPdfPreview\" hidden class=\"wp-block-file__embed\" data=\"https:\/\/www.diocese-belfort-montbeliard.fr\/charmont-montbeliard\/wp-content\/uploads\/sites\/8\/2021\/02\/213-Cest-la-galere.portugaise-.pdf\" type=\"application\/pdf\" style=\"width:100%;height:600px\" aria-label=\"Contenu embarqu\u00e9 213 C&apos;est la gal\u00e8re...portugaise.\"><\/object><a id=\"wp-block-file--media-4a3a951d-fdf4-481a-bce4-8cc2de6916c2\" href=\"https:\/\/www.diocese-belfort-montbeliard.fr\/charmont-montbeliard\/wp-content\/uploads\/sites\/8\/2021\/02\/213-Cest-la-galere.portugaise-.pdf\">213 C&rsquo;est la gal\u00e8re&#8230;portugaise<\/a><a href=\"https:\/\/www.diocese-belfort-montbeliard.fr\/charmont-montbeliard\/wp-content\/uploads\/sites\/8\/2021\/02\/213-Cest-la-galere.portugaise-.pdf\" class=\"wp-block-file__button wp-element-button\" download aria-describedby=\"wp-block-file--media-4a3a951d-fdf4-481a-bce4-8cc2de6916c2\">T\u00e9l\u00e9charger<\/a><\/div>\n\n\n\n<div data-wp-interactive=\"core\/file\" class=\"wp-block-file\"><object data-wp-bind--hidden=\"!state.hasPdfPreview\" hidden class=\"wp-block-file__embed\" data=\"https:\/\/www.diocese-belfort-montbeliard.fr\/charmont-montbeliard\/wp-content\/uploads\/sites\/8\/2021\/02\/212-chemin.pdf\" type=\"application\/pdf\" style=\"width:100%;height:600px\" aria-label=\"Contenu embarqu\u00e9 212 -chemin.\"><\/object><a id=\"wp-block-file--media-5fe3f1ba-c4dd-47ff-b9c7-6fe2fd950319\" href=\"https:\/\/www.diocese-belfort-montbeliard.fr\/charmont-montbeliard\/wp-content\/uploads\/sites\/8\/2021\/02\/212-chemin.pdf\">212 -chemin<\/a><a href=\"https:\/\/www.diocese-belfort-montbeliard.fr\/charmont-montbeliard\/wp-content\/uploads\/sites\/8\/2021\/02\/212-chemin.pdf\" class=\"wp-block-file__button wp-element-button\" download aria-describedby=\"wp-block-file--media-5fe3f1ba-c4dd-47ff-b9c7-6fe2fd950319\">T\u00e9l\u00e9charger<\/a><\/div>\n\n\n\n<div data-wp-interactive=\"core\/file\" class=\"wp-block-file\"><object data-wp-bind--hidden=\"!state.hasPdfPreview\" hidden class=\"wp-block-file__embed\" data=\"https:\/\/www.diocese-belfort-montbeliard.fr\/charmont-montbeliard\/wp-content\/uploads\/sites\/8\/2021\/02\/211-neonicotinoide.pdf\" type=\"application\/pdf\" style=\"width:100%;height:600px\" aria-label=\"Contenu embarqu\u00e9 211  -n\u00e9onicotino\u00eede.\"><\/object><a id=\"wp-block-file--media-68465664-c4cd-4bf9-9147-228056993150\" href=\"https:\/\/www.diocese-belfort-montbeliard.fr\/charmont-montbeliard\/wp-content\/uploads\/sites\/8\/2021\/02\/211-neonicotinoide.pdf\">211  -n\u00e9onicotino\u00eede<\/a><a href=\"https:\/\/www.diocese-belfort-montbeliard.fr\/charmont-montbeliard\/wp-content\/uploads\/sites\/8\/2021\/02\/211-neonicotinoide.pdf\" class=\"wp-block-file__button wp-element-button\" download aria-describedby=\"wp-block-file--media-68465664-c4cd-4bf9-9147-228056993150\">T\u00e9l\u00e9charger<\/a><\/div>\n\n\n\n<div data-wp-interactive=\"core\/file\" class=\"wp-block-file\"><object data-wp-bind--hidden=\"!state.hasPdfPreview\" hidden class=\"wp-block-file__embed\" data=\"https:\/\/www.diocese-belfort-montbeliard.fr\/charmont-montbeliard\/wp-content\/uploads\/sites\/8\/2021\/02\/210-24-juillet-2025.pdf\" type=\"application\/pdf\" style=\"width:100%;height:600px\" aria-label=\"Contenu embarqu\u00e9 210 24 juillet 2025.\"><\/object><a id=\"wp-block-file--media-a3764f58-d818-441f-a3f8-e885f6e7e619\" href=\"https:\/\/www.diocese-belfort-montbeliard.fr\/charmont-montbeliard\/wp-content\/uploads\/sites\/8\/2021\/02\/210-24-juillet-2025.pdf\">210 24 juillet 2025<\/a><a href=\"https:\/\/www.diocese-belfort-montbeliard.fr\/charmont-montbeliard\/wp-content\/uploads\/sites\/8\/2021\/02\/210-24-juillet-2025.pdf\" class=\"wp-block-file__button wp-element-button\" download aria-describedby=\"wp-block-file--media-a3764f58-d818-441f-a3f8-e885f6e7e619\">T\u00e9l\u00e9charger<\/a><\/div>\n\n\n\n<div data-wp-interactive=\"core\/file\" class=\"wp-block-file\"><object data-wp-bind--hidden=\"!state.hasPdfPreview\" hidden class=\"wp-block-file__embed\" data=\"https:\/\/www.diocese-belfort-montbeliard.fr\/charmont-montbeliard\/wp-content\/uploads\/sites\/8\/2021\/02\/209-Marche-avec-les-papillons.pdf\" type=\"application\/pdf\" style=\"width:100%;height:600px\" aria-label=\"Contenu embarqu\u00e9 209 Marche avec les papillons.\"><\/object><a id=\"wp-block-file--media-5a444b46-4299-41e1-8e98-4e468464dbaa\" href=\"https:\/\/www.diocese-belfort-montbeliard.fr\/charmont-montbeliard\/wp-content\/uploads\/sites\/8\/2021\/02\/209-Marche-avec-les-papillons.pdf\">209 Marche avec les papillons<\/a><a href=\"https:\/\/www.diocese-belfort-montbeliard.fr\/charmont-montbeliard\/wp-content\/uploads\/sites\/8\/2021\/02\/209-Marche-avec-les-papillons.pdf\" class=\"wp-block-file__button wp-element-button\" download aria-describedby=\"wp-block-file--media-5a444b46-4299-41e1-8e98-4e468464dbaa\">T\u00e9l\u00e9charger<\/a><\/div>\n\n\n\n<div data-wp-interactive=\"core\/file\" class=\"wp-block-file\"><object data-wp-bind--hidden=\"!state.hasPdfPreview\" hidden class=\"wp-block-file__embed\" data=\"https:\/\/www.diocese-belfort-montbeliard.fr\/charmont-montbeliard\/wp-content\/uploads\/sites\/8\/2021\/02\/208-coup-de-dague-dans-la-prairie.pdf\" type=\"application\/pdf\" style=\"width:100%;height:600px\" aria-label=\"Contenu embarqu\u00e9 208 coup de dague dans la prairie.\"><\/object><a id=\"wp-block-file--media-23c614a7-e5b0-43ff-8cad-0e21ba4d2b51\" href=\"https:\/\/www.diocese-belfort-montbeliard.fr\/charmont-montbeliard\/wp-content\/uploads\/sites\/8\/2021\/02\/208-coup-de-dague-dans-la-prairie.pdf\">208 coup de dague dans la prairie<\/a><a href=\"https:\/\/www.diocese-belfort-montbeliard.fr\/charmont-montbeliard\/wp-content\/uploads\/sites\/8\/2021\/02\/208-coup-de-dague-dans-la-prairie.pdf\" class=\"wp-block-file__button wp-element-button\" download aria-describedby=\"wp-block-file--media-23c614a7-e5b0-43ff-8cad-0e21ba4d2b51\">T\u00e9l\u00e9charger<\/a><\/div>\n\n\n\n<div data-wp-interactive=\"core\/file\" class=\"wp-block-file\"><object data-wp-bind--hidden=\"!state.hasPdfPreview\" hidden class=\"wp-block-file__embed\" data=\"https:\/\/www.diocese-belfort-montbeliard.fr\/charmont-montbeliard\/wp-content\/uploads\/sites\/8\/2021\/02\/207-oh-soleil-soleil.pdf\" type=\"application\/pdf\" style=\"width:100%;height:600px\" aria-label=\"Contenu embarqu\u00e9 207 oh soleil, soleil.\"><\/object><a id=\"wp-block-file--media-fcdf302a-3b08-46c3-a578-4153df56c360\" href=\"https:\/\/www.diocese-belfort-montbeliard.fr\/charmont-montbeliard\/wp-content\/uploads\/sites\/8\/2021\/02\/207-oh-soleil-soleil.pdf\">207 oh soleil, soleil<\/a><a href=\"https:\/\/www.diocese-belfort-montbeliard.fr\/charmont-montbeliard\/wp-content\/uploads\/sites\/8\/2021\/02\/207-oh-soleil-soleil.pdf\" class=\"wp-block-file__button wp-element-button\" download aria-describedby=\"wp-block-file--media-fcdf302a-3b08-46c3-a578-4153df56c360\">T\u00e9l\u00e9charger<\/a><\/div>\n\n\n\n<div data-wp-interactive=\"core\/file\" class=\"wp-block-file\"><object data-wp-bind--hidden=\"!state.hasPdfPreview\" hidden class=\"wp-block-file__embed\" data=\"https:\/\/www.diocese-belfort-montbeliard.fr\/charmont-montbeliard\/wp-content\/uploads\/sites\/8\/2021\/02\/206-canicule.pdf\" type=\"application\/pdf\" style=\"width:100%;height:600px\" aria-label=\"Contenu embarqu\u00e9 206 canicule.\"><\/object><a id=\"wp-block-file--media-0c3e8719-cd7c-4ada-9bc8-79d912bda47c\" href=\"https:\/\/www.diocese-belfort-montbeliard.fr\/charmont-montbeliard\/wp-content\/uploads\/sites\/8\/2021\/02\/206-canicule.pdf\">206 canicule<\/a><a href=\"https:\/\/www.diocese-belfort-montbeliard.fr\/charmont-montbeliard\/wp-content\/uploads\/sites\/8\/2021\/02\/206-canicule.pdf\" class=\"wp-block-file__button wp-element-button\" download aria-describedby=\"wp-block-file--media-0c3e8719-cd7c-4ada-9bc8-79d912bda47c\">T\u00e9l\u00e9charger<\/a><\/div>\n\n\n\n<div data-wp-interactive=\"core\/file\" class=\"wp-block-file\"><object data-wp-bind--hidden=\"!state.hasPdfPreview\" hidden class=\"wp-block-file__embed\" data=\"https:\/\/www.diocese-belfort-montbeliard.fr\/charmont-montbeliard\/wp-content\/uploads\/sites\/8\/2021\/02\/205-Posidonie.pdf\" type=\"application\/pdf\" style=\"width:100%;height:600px\" aria-label=\"Contenu embarqu\u00e9 205 Posidonie.\"><\/object><a id=\"wp-block-file--media-f65540d7-c47b-4209-bb16-6141396d6821\" href=\"https:\/\/www.diocese-belfort-montbeliard.fr\/charmont-montbeliard\/wp-content\/uploads\/sites\/8\/2021\/02\/205-Posidonie.pdf\">205 Posidonie<\/a><a href=\"https:\/\/www.diocese-belfort-montbeliard.fr\/charmont-montbeliard\/wp-content\/uploads\/sites\/8\/2021\/02\/205-Posidonie.pdf\" class=\"wp-block-file__button wp-element-button\" download aria-describedby=\"wp-block-file--media-f65540d7-c47b-4209-bb16-6141396d6821\">T\u00e9l\u00e9charger<\/a><\/div>\n\n\n\n<div data-wp-interactive=\"core\/file\" class=\"wp-block-file\"><object data-wp-bind--hidden=\"!state.hasPdfPreview\" hidden class=\"wp-block-file__embed\" data=\"https:\/\/www.diocese-belfort-montbeliard.fr\/charmont-montbeliard\/wp-content\/uploads\/sites\/8\/2021\/02\/204-Faire-et-defaire.pdf\" type=\"application\/pdf\" style=\"width:100%;height:600px\" aria-label=\"Contenu embarqu\u00e9 204 Faire et de\u0301faire.\"><\/object><a id=\"wp-block-file--media-a81ffc43-d307-4852-86d1-ae0f49be3dfb\" href=\"https:\/\/www.diocese-belfort-montbeliard.fr\/charmont-montbeliard\/wp-content\/uploads\/sites\/8\/2021\/02\/204-Faire-et-defaire.pdf\">204 Faire et de\u0301faire<\/a><a href=\"https:\/\/www.diocese-belfort-montbeliard.fr\/charmont-montbeliard\/wp-content\/uploads\/sites\/8\/2021\/02\/204-Faire-et-defaire.pdf\" class=\"wp-block-file__button wp-element-button\" download aria-describedby=\"wp-block-file--media-a81ffc43-d307-4852-86d1-ae0f49be3dfb\">T\u00e9l\u00e9charger<\/a><\/div>\n\n\n\n<div data-wp-interactive=\"core\/file\" class=\"wp-block-file\"><object data-wp-bind--hidden=\"!state.hasPdfPreview\" hidden class=\"wp-block-file__embed\" data=\"https:\/\/www.diocese-belfort-montbeliard.fr\/charmont-montbeliard\/wp-content\/uploads\/sites\/8\/2021\/02\/203-Extractivisme.pdf\" type=\"application\/pdf\" style=\"width:100%;height:600px\" aria-label=\"Contenu embarqu\u00e9 203 Extractivisme.\"><\/object><a id=\"wp-block-file--media-b8de7f1c-0f46-42cb-9783-da2606a44eb1\" href=\"https:\/\/www.diocese-belfort-montbeliard.fr\/charmont-montbeliard\/wp-content\/uploads\/sites\/8\/2021\/02\/203-Extractivisme.pdf\">203 Extractivisme<\/a><a href=\"https:\/\/www.diocese-belfort-montbeliard.fr\/charmont-montbeliard\/wp-content\/uploads\/sites\/8\/2021\/02\/203-Extractivisme.pdf\" class=\"wp-block-file__button wp-element-button\" download aria-describedby=\"wp-block-file--media-b8de7f1c-0f46-42cb-9783-da2606a44eb1\">T\u00e9l\u00e9charger<\/a><\/div>\n\n\n\n<div data-wp-interactive=\"core\/file\" class=\"wp-block-file\"><object data-wp-bind--hidden=\"!state.hasPdfPreview\" hidden class=\"wp-block-file__embed\" data=\"https:\/\/www.diocese-belfort-montbeliard.fr\/charmont-montbeliard\/wp-content\/uploads\/sites\/8\/2021\/02\/202-gazon-artificiel.pdf\" type=\"application\/pdf\" style=\"width:100%;height:600px\" aria-label=\"Contenu embarqu\u00e9 202 gazon artificiel.\"><\/object><a id=\"wp-block-file--media-0ce0cc3d-2a92-4e31-b38c-ed6c52533eac\" href=\"https:\/\/www.diocese-belfort-montbeliard.fr\/charmont-montbeliard\/wp-content\/uploads\/sites\/8\/2021\/02\/202-gazon-artificiel.pdf\">202 gazon artificiel<\/a><a href=\"https:\/\/www.diocese-belfort-montbeliard.fr\/charmont-montbeliard\/wp-content\/uploads\/sites\/8\/2021\/02\/202-gazon-artificiel.pdf\" class=\"wp-block-file__button wp-element-button\" download aria-describedby=\"wp-block-file--media-0ce0cc3d-2a92-4e31-b38c-ed6c52533eac\">T\u00e9l\u00e9charger<\/a><\/div>\n\n\n\n<div data-wp-interactive=\"core\/file\" class=\"wp-block-file\"><object data-wp-bind--hidden=\"!state.hasPdfPreview\" hidden class=\"wp-block-file__embed\" data=\"https:\/\/www.diocese-belfort-montbeliard.fr\/charmont-montbeliard\/wp-content\/uploads\/sites\/8\/2021\/02\/201-nidification.pdf\" type=\"application\/pdf\" style=\"width:100%;height:600px\" aria-label=\"Contenu embarqu\u00e9 201 nidification.\"><\/object><a id=\"wp-block-file--media-5859e034-18e9-4b30-899e-f7f155ede742\" href=\"https:\/\/www.diocese-belfort-montbeliard.fr\/charmont-montbeliard\/wp-content\/uploads\/sites\/8\/2021\/02\/201-nidification.pdf\">201 nidification<\/a><a href=\"https:\/\/www.diocese-belfort-montbeliard.fr\/charmont-montbeliard\/wp-content\/uploads\/sites\/8\/2021\/02\/201-nidification.pdf\" class=\"wp-block-file__button wp-element-button\" download aria-describedby=\"wp-block-file--media-5859e034-18e9-4b30-899e-f7f155ede742\">T\u00e9l\u00e9charger<\/a><\/div>\n\n\n\n<div data-wp-interactive=\"core\/file\" class=\"wp-block-file\"><object data-wp-bind--hidden=\"!state.hasPdfPreview\" hidden class=\"wp-block-file__embed\" data=\"https:\/\/www.diocese-belfort-montbeliard.fr\/charmont-montbeliard\/wp-content\/uploads\/sites\/8\/2021\/02\/200-fete-de-la-nature.pdf\" type=\"application\/pdf\" style=\"width:100%;height:600px\" aria-label=\"Contenu embarqu\u00e9 200 fe\u0302te de la nature.\"><\/object><a id=\"wp-block-file--media-ed0c5d74-3f32-4656-967e-9e4f4a610cd1\" href=\"https:\/\/www.diocese-belfort-montbeliard.fr\/charmont-montbeliard\/wp-content\/uploads\/sites\/8\/2021\/02\/200-fete-de-la-nature.pdf\">200 fe\u0302te de la nature<\/a><a href=\"https:\/\/www.diocese-belfort-montbeliard.fr\/charmont-montbeliard\/wp-content\/uploads\/sites\/8\/2021\/02\/200-fete-de-la-nature.pdf\" class=\"wp-block-file__button wp-element-button\" download aria-describedby=\"wp-block-file--media-ed0c5d74-3f32-4656-967e-9e4f4a610cd1\">T\u00e9l\u00e9charger<\/a><\/div>\n\n\n\n<div data-wp-interactive=\"core\/file\" class=\"wp-block-file\"><object data-wp-bind--hidden=\"!state.hasPdfPreview\" hidden class=\"wp-block-file__embed\" data=\"https:\/\/www.diocese-belfort-montbeliard.fr\/charmont-montbeliard\/wp-content\/uploads\/sites\/8\/2021\/02\/199-manipulation.pdf\" type=\"application\/pdf\" style=\"width:100%;height:600px\" aria-label=\"Contenu embarqu\u00e9 199 manipulation.\"><\/object><a id=\"wp-block-file--media-573bf8a6-222c-48a9-bef5-115713b36a81\" href=\"https:\/\/www.diocese-belfort-montbeliard.fr\/charmont-montbeliard\/wp-content\/uploads\/sites\/8\/2021\/02\/199-manipulation.pdf\">199 manipulation<\/a><a href=\"https:\/\/www.diocese-belfort-montbeliard.fr\/charmont-montbeliard\/wp-content\/uploads\/sites\/8\/2021\/02\/199-manipulation.pdf\" class=\"wp-block-file__button wp-element-button\" download aria-describedby=\"wp-block-file--media-573bf8a6-222c-48a9-bef5-115713b36a81\">T\u00e9l\u00e9charger<\/a><\/div>\n\n\n\n<div data-wp-interactive=\"core\/file\" class=\"wp-block-file\"><object data-wp-bind--hidden=\"!state.hasPdfPreview\" hidden class=\"wp-block-file__embed\" data=\"https:\/\/www.diocese-belfort-montbeliard.fr\/charmont-montbeliard\/wp-content\/uploads\/sites\/8\/2021\/02\/198-Daucus-carotta.pdf\" type=\"application\/pdf\" style=\"width:100%;height:600px\" aria-label=\"Contenu embarqu\u00e9 198 Daucus carotta.\"><\/object><a id=\"wp-block-file--media-84dd0cca-ff71-4c69-b64b-593df49b617d\" href=\"https:\/\/www.diocese-belfort-montbeliard.fr\/charmont-montbeliard\/wp-content\/uploads\/sites\/8\/2021\/02\/198-Daucus-carotta.pdf\">198 Daucus carotta<\/a><a href=\"https:\/\/www.diocese-belfort-montbeliard.fr\/charmont-montbeliard\/wp-content\/uploads\/sites\/8\/2021\/02\/198-Daucus-carotta.pdf\" class=\"wp-block-file__button wp-element-button\" download aria-describedby=\"wp-block-file--media-84dd0cca-ff71-4c69-b64b-593df49b617d\">T\u00e9l\u00e9charger<\/a><\/div>\n\n\n\n<div data-wp-interactive=\"core\/file\" class=\"wp-block-file\"><object data-wp-bind--hidden=\"!state.hasPdfPreview\" hidden class=\"wp-block-file__embed\" data=\"https:\/\/www.diocese-belfort-montbeliard.fr\/charmont-montbeliard\/wp-content\/uploads\/sites\/8\/2021\/02\/197-Au-printemps-vive-le-vent.pdf\" type=\"application\/pdf\" style=\"width:100%;height:600px\" aria-label=\"Contenu embarqu\u00e9 197 Au printemps, vive le vent.\"><\/object><a id=\"wp-block-file--media-83ca834f-b497-4a54-a83e-894d97ef5e7d\" href=\"https:\/\/www.diocese-belfort-montbeliard.fr\/charmont-montbeliard\/wp-content\/uploads\/sites\/8\/2021\/02\/197-Au-printemps-vive-le-vent.pdf\">197 Au printemps, vive le vent<\/a><a href=\"https:\/\/www.diocese-belfort-montbeliard.fr\/charmont-montbeliard\/wp-content\/uploads\/sites\/8\/2021\/02\/197-Au-printemps-vive-le-vent.pdf\" class=\"wp-block-file__button wp-element-button\" download aria-describedby=\"wp-block-file--media-83ca834f-b497-4a54-a83e-894d97ef5e7d\">T\u00e9l\u00e9charger<\/a><\/div>\n\n\n\n<div data-wp-interactive=\"core\/file\" class=\"wp-block-file\"><object data-wp-bind--hidden=\"!state.hasPdfPreview\" hidden class=\"wp-block-file__embed\" data=\"https:\/\/www.diocese-belfort-montbeliard.fr\/charmont-montbeliard\/wp-content\/uploads\/sites\/8\/2021\/02\/196-Francois-un-pape-nous-quitte-docx.pdf\" type=\"application\/pdf\" style=\"width:100%;height:600px\" aria-label=\"Contenu embarqu\u00e9 196 Fran\u00e7ois, un pape nous quitte -docx.\"><\/object><a id=\"wp-block-file--media-ac270029-c111-402a-b5de-c3fa68115a57\" href=\"https:\/\/www.diocese-belfort-montbeliard.fr\/charmont-montbeliard\/wp-content\/uploads\/sites\/8\/2021\/02\/196-Francois-un-pape-nous-quitte-docx.pdf\">196 Fran\u00e7ois, un pape nous quitte -docx<\/a><a href=\"https:\/\/www.diocese-belfort-montbeliard.fr\/charmont-montbeliard\/wp-content\/uploads\/sites\/8\/2021\/02\/196-Francois-un-pape-nous-quitte-docx.pdf\" class=\"wp-block-file__button wp-element-button\" download aria-describedby=\"wp-block-file--media-ac270029-c111-402a-b5de-c3fa68115a57\">T\u00e9l\u00e9charger<\/a><\/div>\n\n\n\n<div data-wp-interactive=\"core\/file\" class=\"wp-block-file\"><object data-wp-bind--hidden=\"!state.hasPdfPreview\" hidden class=\"wp-block-file__embed\" data=\"https:\/\/www.diocese-belfort-montbeliard.fr\/charmont-montbeliard\/wp-content\/uploads\/sites\/8\/2021\/02\/195-croire-en-la-vie-docx.pdf\" type=\"application\/pdf\" style=\"width:100%;height:600px\" aria-label=\"Contenu embarqu\u00e9 195 croire en la vie docx.\"><\/object><a id=\"wp-block-file--media-fa9e11ce-de8a-4ae6-9adb-03ec0da50adf\" href=\"https:\/\/www.diocese-belfort-montbeliard.fr\/charmont-montbeliard\/wp-content\/uploads\/sites\/8\/2021\/02\/195-croire-en-la-vie-docx.pdf\">195 croire en la vie docx<\/a><a href=\"https:\/\/www.diocese-belfort-montbeliard.fr\/charmont-montbeliard\/wp-content\/uploads\/sites\/8\/2021\/02\/195-croire-en-la-vie-docx.pdf\" class=\"wp-block-file__button wp-element-button\" download aria-describedby=\"wp-block-file--media-fa9e11ce-de8a-4ae6-9adb-03ec0da50adf\">T\u00e9l\u00e9charger<\/a><\/div>\n\n\n\n<div data-wp-interactive=\"core\/file\" class=\"wp-block-file\"><object data-wp-bind--hidden=\"!state.hasPdfPreview\" hidden class=\"wp-block-file__embed\" data=\"https:\/\/www.diocese-belfort-montbeliard.fr\/charmont-montbeliard\/wp-content\/uploads\/sites\/8\/2021\/02\/194-De-retour.pdf\" type=\"application\/pdf\" style=\"width:100%;height:600px\" aria-label=\"Contenu embarqu\u00e9 194 De retour.\"><\/object><a id=\"wp-block-file--media-1ac122a3-f64f-4e6b-a859-d34a985d497f\" href=\"https:\/\/www.diocese-belfort-montbeliard.fr\/charmont-montbeliard\/wp-content\/uploads\/sites\/8\/2021\/02\/194-De-retour.pdf\">194 De retour<\/a><a href=\"https:\/\/www.diocese-belfort-montbeliard.fr\/charmont-montbeliard\/wp-content\/uploads\/sites\/8\/2021\/02\/194-De-retour.pdf\" class=\"wp-block-file__button wp-element-button\" download aria-describedby=\"wp-block-file--media-1ac122a3-f64f-4e6b-a859-d34a985d497f\">T\u00e9l\u00e9charger<\/a><\/div>\n\n\n\n<div data-wp-interactive=\"core\/file\" class=\"wp-block-file\"><object data-wp-bind--hidden=\"!state.hasPdfPreview\" hidden class=\"wp-block-file__embed\" data=\"https:\/\/www.diocese-belfort-montbeliard.fr\/charmont-montbeliard\/wp-content\/uploads\/sites\/8\/2021\/02\/193-Le-gout-amer-de.pdf\" type=\"application\/pdf\" style=\"width:100%;height:600px\" aria-label=\"Contenu embarqu\u00e9 193 Le gout amer de.\"><\/object><a id=\"wp-block-file--media-ad78f252-f96d-4c6a-a247-b44eca1bbc86\" href=\"https:\/\/www.diocese-belfort-montbeliard.fr\/charmont-montbeliard\/wp-content\/uploads\/sites\/8\/2021\/02\/193-Le-gout-amer-de.pdf\">193 Le gout amer de<\/a><a href=\"https:\/\/www.diocese-belfort-montbeliard.fr\/charmont-montbeliard\/wp-content\/uploads\/sites\/8\/2021\/02\/193-Le-gout-amer-de.pdf\" class=\"wp-block-file__button wp-element-button\" download aria-describedby=\"wp-block-file--media-ad78f252-f96d-4c6a-a247-b44eca1bbc86\">T\u00e9l\u00e9charger<\/a><\/div>\n\n\n\n<div data-wp-interactive=\"core\/file\" class=\"wp-block-file\"><object data-wp-bind--hidden=\"!state.hasPdfPreview\" hidden class=\"wp-block-file__embed\" data=\"https:\/\/www.diocese-belfort-montbeliard.fr\/charmont-montbeliard\/wp-content\/uploads\/sites\/8\/2021\/02\/192-Pop-corn.pdf\" type=\"application\/pdf\" style=\"width:100%;height:600px\" aria-label=\"Contenu embarqu\u00e9 192 Pop corn.\"><\/object><a id=\"wp-block-file--media-adc7fef2-2991-45d6-9c35-8b953851ccb6\" href=\"https:\/\/www.diocese-belfort-montbeliard.fr\/charmont-montbeliard\/wp-content\/uploads\/sites\/8\/2021\/02\/192-Pop-corn.pdf\">192 Pop corn<\/a><a href=\"https:\/\/www.diocese-belfort-montbeliard.fr\/charmont-montbeliard\/wp-content\/uploads\/sites\/8\/2021\/02\/192-Pop-corn.pdf\" class=\"wp-block-file__button wp-element-button\" download aria-describedby=\"wp-block-file--media-adc7fef2-2991-45d6-9c35-8b953851ccb6\">T\u00e9l\u00e9charger<\/a><\/div>\n\n\n\n<div data-wp-interactive=\"core\/file\" class=\"wp-block-file\"><object data-wp-bind--hidden=\"!state.hasPdfPreview\" hidden class=\"wp-block-file__embed\" data=\"https:\/\/www.diocese-belfort-montbeliard.fr\/charmont-montbeliard\/wp-content\/uploads\/sites\/8\/2021\/02\/191-Cygne.pdf\" type=\"application\/pdf\" style=\"width:100%;height:600px\" aria-label=\"Contenu embarqu\u00e9 191 Cygne.\"><\/object><a id=\"wp-block-file--media-e6c7bd33-b081-4290-9749-c8c22ec9e4a2\" href=\"https:\/\/www.diocese-belfort-montbeliard.fr\/charmont-montbeliard\/wp-content\/uploads\/sites\/8\/2021\/02\/191-Cygne.pdf\">191 Cygne<\/a><a href=\"https:\/\/www.diocese-belfort-montbeliard.fr\/charmont-montbeliard\/wp-content\/uploads\/sites\/8\/2021\/02\/191-Cygne.pdf\" class=\"wp-block-file__button wp-element-button\" download aria-describedby=\"wp-block-file--media-e6c7bd33-b081-4290-9749-c8c22ec9e4a2\">T\u00e9l\u00e9charger<\/a><\/div>\n\n\n\n<div data-wp-interactive=\"core\/file\" class=\"wp-block-file\"><object data-wp-bind--hidden=\"!state.hasPdfPreview\" hidden class=\"wp-block-file__embed\" data=\"https:\/\/www.diocese-belfort-montbeliard.fr\/charmont-montbeliard\/wp-content\/uploads\/sites\/8\/2021\/02\/190-Epece-parapluie-.pdf\" type=\"application\/pdf\" style=\"width:100%;height:600px\" aria-label=\"Contenu embarqu\u00e9 190 Ep\u00e8ce parapluie.\"><\/object><a id=\"wp-block-file--media-feec0e9a-e6cd-4234-9cb3-5d16bdb06b12\" href=\"https:\/\/www.diocese-belfort-montbeliard.fr\/charmont-montbeliard\/wp-content\/uploads\/sites\/8\/2021\/02\/190-Epece-parapluie-.pdf\">190 Ep\u00e8ce parapluie<\/a><a href=\"https:\/\/www.diocese-belfort-montbeliard.fr\/charmont-montbeliard\/wp-content\/uploads\/sites\/8\/2021\/02\/190-Epece-parapluie-.pdf\" class=\"wp-block-file__button wp-element-button\" download aria-describedby=\"wp-block-file--media-feec0e9a-e6cd-4234-9cb3-5d16bdb06b12\">T\u00e9l\u00e9charger<\/a><\/div>\n\n\n\n<div data-wp-interactive=\"core\/file\" class=\"wp-block-file\"><object data-wp-bind--hidden=\"!state.hasPdfPreview\" hidden class=\"wp-block-file__embed\" data=\"https:\/\/www.diocese-belfort-montbeliard.fr\/charmont-montbeliard\/wp-content\/uploads\/sites\/8\/2021\/02\/189-Ecologie-punitive.pdf\" type=\"application\/pdf\" style=\"width:100%;height:600px\" aria-label=\"Contenu embarqu\u00e9 189 Ecologie punitive.\"><\/object><a id=\"wp-block-file--media-aacea84d-3244-4ee4-ac26-d8bc28739b25\" href=\"https:\/\/www.diocese-belfort-montbeliard.fr\/charmont-montbeliard\/wp-content\/uploads\/sites\/8\/2021\/02\/189-Ecologie-punitive.pdf\">189 Ecologie punitive<\/a><a href=\"https:\/\/www.diocese-belfort-montbeliard.fr\/charmont-montbeliard\/wp-content\/uploads\/sites\/8\/2021\/02\/189-Ecologie-punitive.pdf\" class=\"wp-block-file__button wp-element-button\" download aria-describedby=\"wp-block-file--media-aacea84d-3244-4ee4-ac26-d8bc28739b25\">T\u00e9l\u00e9charger<\/a><\/div>\n\n\n\n<div data-wp-interactive=\"core\/file\" class=\"wp-block-file\"><object data-wp-bind--hidden=\"!state.hasPdfPreview\" hidden class=\"wp-block-file__embed\" data=\"https:\/\/www.diocese-belfort-montbeliard.fr\/charmont-montbeliard\/wp-content\/uploads\/sites\/8\/2021\/02\/188-Gros-bec.pdf\" type=\"application\/pdf\" style=\"width:100%;height:600px\" aria-label=\"Contenu embarqu\u00e9 188 Gros-bec.\"><\/object><a id=\"wp-block-file--media-052bccd1-e439-4155-9456-9282c9e2c5a2\" href=\"https:\/\/www.diocese-belfort-montbeliard.fr\/charmont-montbeliard\/wp-content\/uploads\/sites\/8\/2021\/02\/188-Gros-bec.pdf\">188 Gros-bec<\/a><a href=\"https:\/\/www.diocese-belfort-montbeliard.fr\/charmont-montbeliard\/wp-content\/uploads\/sites\/8\/2021\/02\/188-Gros-bec.pdf\" class=\"wp-block-file__button wp-element-button\" download aria-describedby=\"wp-block-file--media-052bccd1-e439-4155-9456-9282c9e2c5a2\">T\u00e9l\u00e9charger<\/a><\/div>\n\n\n\n<div data-wp-interactive=\"core\/file\" class=\"wp-block-file\"><object data-wp-bind--hidden=\"!state.hasPdfPreview\" hidden class=\"wp-block-file__embed\" data=\"https:\/\/www.diocese-belfort-montbeliard.fr\/charmont-montbeliard\/wp-content\/uploads\/sites\/8\/2021\/02\/185-Delire-ou.-.pdf\" type=\"application\/pdf\" style=\"width:100%;height:600px\" aria-label=\"Contenu embarqu\u00e9 185 D\u00e9lire ou....\"><\/object><a id=\"wp-block-file--media-5e2fc203-3ef2-419f-b16d-017269f9fdcf\" href=\"https:\/\/www.diocese-belfort-montbeliard.fr\/charmont-montbeliard\/wp-content\/uploads\/sites\/8\/2021\/02\/185-Delire-ou.-.pdf\">185 D\u00e9lire ou&#8230;<\/a><a href=\"https:\/\/www.diocese-belfort-montbeliard.fr\/charmont-montbeliard\/wp-content\/uploads\/sites\/8\/2021\/02\/185-Delire-ou.-.pdf\" class=\"wp-block-file__button wp-element-button\" download aria-describedby=\"wp-block-file--media-5e2fc203-3ef2-419f-b16d-017269f9fdcf\">T\u00e9l\u00e9charger<\/a><\/div>\n\n\n\n<div data-wp-interactive=\"core\/file\" class=\"wp-block-file\"><object data-wp-bind--hidden=\"!state.hasPdfPreview\" hidden class=\"wp-block-file__embed\" data=\"https:\/\/www.diocese-belfort-montbeliard.fr\/charmont-montbeliard\/wp-content\/uploads\/sites\/8\/2021\/02\/186-Batir-comme-un-escargot.pdf\" type=\"application\/pdf\" style=\"width:100%;height:600px\" aria-label=\"Contenu embarqu\u00e9 186 B\u00e2tir comme un escargot.\"><\/object><a id=\"wp-block-file--media-fb856650-8882-47b3-ae69-829c96c00f54\" href=\"https:\/\/www.diocese-belfort-montbeliard.fr\/charmont-montbeliard\/wp-content\/uploads\/sites\/8\/2021\/02\/186-Batir-comme-un-escargot.pdf\">186 B\u00e2tir comme un escargot<\/a><a href=\"https:\/\/www.diocese-belfort-montbeliard.fr\/charmont-montbeliard\/wp-content\/uploads\/sites\/8\/2021\/02\/186-Batir-comme-un-escargot.pdf\" class=\"wp-block-file__button wp-element-button\" download aria-describedby=\"wp-block-file--media-fb856650-8882-47b3-ae69-829c96c00f54\">T\u00e9l\u00e9charger<\/a><\/div>\n\n\n\n<div data-wp-interactive=\"core\/file\" class=\"wp-block-file\"><object data-wp-bind--hidden=\"!state.hasPdfPreview\" hidden class=\"wp-block-file__embed\" data=\"https:\/\/www.diocese-belfort-montbeliard.fr\/charmont-montbeliard\/wp-content\/uploads\/sites\/8\/2021\/02\/187quand-les-cellules-ont-la-chair-de-poulel.pdf\" type=\"application\/pdf\" style=\"width:100%;height:600px\" aria-label=\"Contenu embarqu\u00e9 187quand les cellules ont la chair de poulel.\"><\/object><a id=\"wp-block-file--media-48e5a83f-9a1c-4a97-8af5-8b3036b7aad7\" href=\"https:\/\/www.diocese-belfort-montbeliard.fr\/charmont-montbeliard\/wp-content\/uploads\/sites\/8\/2021\/02\/187quand-les-cellules-ont-la-chair-de-poulel.pdf\">187quand les cellules ont la chair de poulel<\/a><a href=\"https:\/\/www.diocese-belfort-montbeliard.fr\/charmont-montbeliard\/wp-content\/uploads\/sites\/8\/2021\/02\/187quand-les-cellules-ont-la-chair-de-poulel.pdf\" class=\"wp-block-file__button wp-element-button\" download aria-describedby=\"wp-block-file--media-48e5a83f-9a1c-4a97-8af5-8b3036b7aad7\">T\u00e9l\u00e9charger<\/a><\/div>\n\n\n\n<div data-wp-interactive=\"core\/file\" class=\"wp-block-file\"><object data-wp-bind--hidden=\"!state.hasPdfPreview\" hidden class=\"wp-block-file__embed\" data=\"https:\/\/www.diocese-belfort-montbeliard.fr\/charmont-montbeliard\/wp-content\/uploads\/sites\/8\/2021\/02\/184-Viscose.pdf\" type=\"application\/pdf\" style=\"width:100%;height:600px\" aria-label=\"Contenu embarqu\u00e9 184 Viscose.\"><\/object><a id=\"wp-block-file--media-7f45e74f-b633-447f-8780-4ec06fadb325\" href=\"https:\/\/www.diocese-belfort-montbeliard.fr\/charmont-montbeliard\/wp-content\/uploads\/sites\/8\/2021\/02\/184-Viscose.pdf\">184 Viscose<\/a><a href=\"https:\/\/www.diocese-belfort-montbeliard.fr\/charmont-montbeliard\/wp-content\/uploads\/sites\/8\/2021\/02\/184-Viscose.pdf\" class=\"wp-block-file__button wp-element-button\" download aria-describedby=\"wp-block-file--media-7f45e74f-b633-447f-8780-4ec06fadb325\">T\u00e9l\u00e9charger<\/a><\/div>\n\n\n\n<div data-wp-interactive=\"core\/file\" class=\"wp-block-file\"><object data-wp-bind--hidden=\"!state.hasPdfPreview\" hidden class=\"wp-block-file__embed\" data=\"https:\/\/www.diocese-belfort-montbeliard.fr\/charmont-montbeliard\/wp-content\/uploads\/sites\/8\/2021\/02\/183-Fast-fashion.pdf\" type=\"application\/pdf\" style=\"width:100%;height:600px\" aria-label=\"Contenu embarqu\u00e9 183 Fast-fashion.\"><\/object><a id=\"wp-block-file--media-aeab0d3f-8518-4d29-af8a-4e614fbbc60c\" href=\"https:\/\/www.diocese-belfort-montbeliard.fr\/charmont-montbeliard\/wp-content\/uploads\/sites\/8\/2021\/02\/183-Fast-fashion.pdf\">183 Fast-fashion<\/a><a href=\"https:\/\/www.diocese-belfort-montbeliard.fr\/charmont-montbeliard\/wp-content\/uploads\/sites\/8\/2021\/02\/183-Fast-fashion.pdf\" class=\"wp-block-file__button wp-element-button\" download aria-describedby=\"wp-block-file--media-aeab0d3f-8518-4d29-af8a-4e614fbbc60c\">T\u00e9l\u00e9charger<\/a><\/div>\n\n\n\n<div data-wp-interactive=\"core\/file\" class=\"wp-block-file\"><object data-wp-bind--hidden=\"!state.hasPdfPreview\" hidden class=\"wp-block-file__embed\" data=\"https:\/\/www.diocese-belfort-montbeliard.fr\/charmont-montbeliard\/wp-content\/uploads\/sites\/8\/2021\/02\/182-Laine.pdf\" type=\"application\/pdf\" style=\"width:100%;height:600px\" aria-label=\"Contenu embarqu\u00e9 182 Laine.\"><\/object><a id=\"wp-block-file--media-fc4019d9-7d64-4233-95a5-1ca432e31e27\" href=\"https:\/\/www.diocese-belfort-montbeliard.fr\/charmont-montbeliard\/wp-content\/uploads\/sites\/8\/2021\/02\/182-Laine.pdf\">182 Laine<\/a><a href=\"https:\/\/www.diocese-belfort-montbeliard.fr\/charmont-montbeliard\/wp-content\/uploads\/sites\/8\/2021\/02\/182-Laine.pdf\" class=\"wp-block-file__button wp-element-button\" download aria-describedby=\"wp-block-file--media-fc4019d9-7d64-4233-95a5-1ca432e31e27\">T\u00e9l\u00e9charger<\/a><\/div>\n\n\n\n<div data-wp-interactive=\"core\/file\" class=\"wp-block-file\"><object data-wp-bind--hidden=\"!state.hasPdfPreview\" hidden class=\"wp-block-file__embed\" data=\"https:\/\/www.diocese-belfort-montbeliard.fr\/charmont-montbeliard\/wp-content\/uploads\/sites\/8\/2021\/02\/181-Dinde-.pdf\" type=\"application\/pdf\" style=\"width:100%;height:600px\" aria-label=\"Contenu embarqu\u00e9 181 Dinde.\"><\/object><a id=\"wp-block-file--media-d67a7fd4-65f3-4388-937b-3e877bfe8441\" href=\"https:\/\/www.diocese-belfort-montbeliard.fr\/charmont-montbeliard\/wp-content\/uploads\/sites\/8\/2021\/02\/181-Dinde-.pdf\">181 Dinde<\/a><a href=\"https:\/\/www.diocese-belfort-montbeliard.fr\/charmont-montbeliard\/wp-content\/uploads\/sites\/8\/2021\/02\/181-Dinde-.pdf\" class=\"wp-block-file__button wp-element-button\" download aria-describedby=\"wp-block-file--media-d67a7fd4-65f3-4388-937b-3e877bfe8441\">T\u00e9l\u00e9charger<\/a><\/div>\n\n\n\n<div data-wp-interactive=\"core\/file\" class=\"wp-block-file\"><object data-wp-bind--hidden=\"!state.hasPdfPreview\" hidden class=\"wp-block-file__embed\" data=\"https:\/\/www.diocese-belfort-montbeliard.fr\/charmont-montbeliard\/wp-content\/uploads\/sites\/8\/2021\/02\/180-epiphanie.pdf\" type=\"application\/pdf\" style=\"width:100%;height:600px\" aria-label=\"Contenu embarqu\u00e9 180 e\u0301piphanie.\"><\/object><a id=\"wp-block-file--media-155b8fd4-0ff4-49cf-b037-0613966b4483\" href=\"https:\/\/www.diocese-belfort-montbeliard.fr\/charmont-montbeliard\/wp-content\/uploads\/sites\/8\/2021\/02\/180-epiphanie.pdf\">180 e\u0301piphanie<\/a><a href=\"https:\/\/www.diocese-belfort-montbeliard.fr\/charmont-montbeliard\/wp-content\/uploads\/sites\/8\/2021\/02\/180-epiphanie.pdf\" class=\"wp-block-file__button wp-element-button\" download aria-describedby=\"wp-block-file--media-155b8fd4-0ff4-49cf-b037-0613966b4483\">T\u00e9l\u00e9charger<\/a><\/div>\n\n\n\n<div data-wp-interactive=\"core\/file\" class=\"wp-block-file\"><object data-wp-bind--hidden=\"!state.hasPdfPreview\" hidden class=\"wp-block-file__embed\" data=\"https:\/\/www.diocese-belfort-montbeliard.fr\/charmont-montbeliard\/wp-content\/uploads\/sites\/8\/2021\/02\/179-2025.pdf\" type=\"application\/pdf\" style=\"width:100%;height:600px\" aria-label=\"Contenu embarqu\u00e9 179 2025.\"><\/object><a id=\"wp-block-file--media-56d189a6-5d69-4368-a434-f5dbb5d448e7\" href=\"https:\/\/www.diocese-belfort-montbeliard.fr\/charmont-montbeliard\/wp-content\/uploads\/sites\/8\/2021\/02\/179-2025.pdf\">179 2025<\/a><a href=\"https:\/\/www.diocese-belfort-montbeliard.fr\/charmont-montbeliard\/wp-content\/uploads\/sites\/8\/2021\/02\/179-2025.pdf\" class=\"wp-block-file__button wp-element-button\" download aria-describedby=\"wp-block-file--media-56d189a6-5d69-4368-a434-f5dbb5d448e7\">T\u00e9l\u00e9charger<\/a><\/div>\n\n\n\n<div data-wp-interactive=\"core\/file\" class=\"wp-block-file\"><object data-wp-bind--hidden=\"!state.hasPdfPreview\" hidden class=\"wp-block-file__embed\" data=\"https:\/\/www.diocese-belfort-montbeliard.fr\/charmont-montbeliard\/wp-content\/uploads\/sites\/8\/2021\/02\/178-couronne-de-Noel-.pdf\" type=\"application\/pdf\" style=\"width:100%;height:600px\" aria-label=\"Contenu embarqu\u00e9 178 couronne de No\u00ebl.\"><\/object><a id=\"wp-block-file--media-bebdab09-506e-4bb8-8ae2-3b7fb9b7d83b\" href=\"https:\/\/www.diocese-belfort-montbeliard.fr\/charmont-montbeliard\/wp-content\/uploads\/sites\/8\/2021\/02\/178-couronne-de-Noel-.pdf\">178 couronne de No\u00ebl<\/a><a href=\"https:\/\/www.diocese-belfort-montbeliard.fr\/charmont-montbeliard\/wp-content\/uploads\/sites\/8\/2021\/02\/178-couronne-de-Noel-.pdf\" class=\"wp-block-file__button wp-element-button\" download aria-describedby=\"wp-block-file--media-bebdab09-506e-4bb8-8ae2-3b7fb9b7d83b\">T\u00e9l\u00e9charger<\/a><\/div>\n\n\n\n<div data-wp-interactive=\"core\/file\" class=\"wp-block-file\"><object data-wp-bind--hidden=\"!state.hasPdfPreview\" hidden class=\"wp-block-file__embed\" data=\"https:\/\/www.diocese-belfort-montbeliard.fr\/charmont-montbeliard\/wp-content\/uploads\/sites\/8\/2021\/02\/177-Mesange-huppee-.pdf\" type=\"application\/pdf\" style=\"width:100%;height:600px\" aria-label=\"Contenu embarqu\u00e9 177 M\u00e9sange hupp\u00e9e.\"><\/object><a id=\"wp-block-file--media-3fccf315-ef96-4443-92df-62b64f12d907\" href=\"https:\/\/www.diocese-belfort-montbeliard.fr\/charmont-montbeliard\/wp-content\/uploads\/sites\/8\/2021\/02\/177-Mesange-huppee-.pdf\">177 M\u00e9sange hupp\u00e9e<\/a><a href=\"https:\/\/www.diocese-belfort-montbeliard.fr\/charmont-montbeliard\/wp-content\/uploads\/sites\/8\/2021\/02\/177-Mesange-huppee-.pdf\" class=\"wp-block-file__button wp-element-button\" download aria-describedby=\"wp-block-file--media-3fccf315-ef96-4443-92df-62b64f12d907\">T\u00e9l\u00e9charger<\/a><\/div>\n\n\n\n<div data-wp-interactive=\"core\/file\" class=\"wp-block-file\"><object data-wp-bind--hidden=\"!state.hasPdfPreview\" hidden class=\"wp-block-file__embed\" data=\"https:\/\/www.diocese-belfort-montbeliard.fr\/charmont-montbeliard\/wp-content\/uploads\/sites\/8\/2021\/02\/176-Cadeaux-.pdf\" type=\"application\/pdf\" style=\"width:100%;height:600px\" aria-label=\"Contenu embarqu\u00e9 176 Cadeaux.\"><\/object><a id=\"wp-block-file--media-f794d98e-60b4-4a2e-bd56-0b5133d843d3\" href=\"https:\/\/www.diocese-belfort-montbeliard.fr\/charmont-montbeliard\/wp-content\/uploads\/sites\/8\/2021\/02\/176-Cadeaux-.pdf\">176 Cadeaux<\/a><a href=\"https:\/\/www.diocese-belfort-montbeliard.fr\/charmont-montbeliard\/wp-content\/uploads\/sites\/8\/2021\/02\/176-Cadeaux-.pdf\" class=\"wp-block-file__button wp-element-button\" download aria-describedby=\"wp-block-file--media-f794d98e-60b4-4a2e-bd56-0b5133d843d3\">T\u00e9l\u00e9charger<\/a><\/div>\n\n\n\n<div data-wp-interactive=\"core\/file\" class=\"wp-block-file\"><object data-wp-bind--hidden=\"!state.hasPdfPreview\" hidden class=\"wp-block-file__embed\" data=\"https:\/\/www.diocese-belfort-montbeliard.fr\/charmont-montbeliard\/wp-content\/uploads\/sites\/8\/2021\/02\/175-Proie.pdf\" type=\"application\/pdf\" style=\"width:100%;height:600px\" aria-label=\"Contenu embarqu\u00e9 175 Proie.\"><\/object><a id=\"wp-block-file--media-24f140fa-2633-48b6-a967-11dcc511e53c\" href=\"https:\/\/www.diocese-belfort-montbeliard.fr\/charmont-montbeliard\/wp-content\/uploads\/sites\/8\/2021\/02\/175-Proie.pdf\">175 Proie<\/a><a href=\"https:\/\/www.diocese-belfort-montbeliard.fr\/charmont-montbeliard\/wp-content\/uploads\/sites\/8\/2021\/02\/175-Proie.pdf\" class=\"wp-block-file__button wp-element-button\" download aria-describedby=\"wp-block-file--media-24f140fa-2633-48b6-a967-11dcc511e53c\">T\u00e9l\u00e9charger<\/a><\/div>\n\n\n\n<div data-wp-interactive=\"core\/file\" class=\"wp-block-file\"><object data-wp-bind--hidden=\"!state.hasPdfPreview\" hidden class=\"wp-block-file__embed\" data=\"https:\/\/www.diocese-belfort-montbeliard.fr\/charmont-montbeliard\/wp-content\/uploads\/sites\/8\/2021\/02\/174-des-loups-et-des-accidents.pdf\" type=\"application\/pdf\" style=\"width:100%;height:600px\" aria-label=\"Contenu embarqu\u00e9 174 des loups et des accidents.\"><\/object><a id=\"wp-block-file--media-57f228dd-073a-4ae2-be21-03f1c733f47c\" href=\"https:\/\/www.diocese-belfort-montbeliard.fr\/charmont-montbeliard\/wp-content\/uploads\/sites\/8\/2021\/02\/174-des-loups-et-des-accidents.pdf\">174 des loups et des accidents<\/a><a href=\"https:\/\/www.diocese-belfort-montbeliard.fr\/charmont-montbeliard\/wp-content\/uploads\/sites\/8\/2021\/02\/174-des-loups-et-des-accidents.pdf\" class=\"wp-block-file__button wp-element-button\" download aria-describedby=\"wp-block-file--media-57f228dd-073a-4ae2-be21-03f1c733f47c\">T\u00e9l\u00e9charger<\/a><\/div>\n\n\n\n<div data-wp-interactive=\"core\/file\" class=\"wp-block-file\"><object data-wp-bind--hidden=\"!state.hasPdfPreview\" hidden class=\"wp-block-file__embed\" data=\"https:\/\/www.diocese-belfort-montbeliard.fr\/charmont-montbeliard\/wp-content\/uploads\/sites\/8\/2021\/02\/173-touche-pas-ma-chaine-alimentaire-3-.pdf\" type=\"application\/pdf\" style=\"width:100%;height:600px\" aria-label=\"Contenu embarqu\u00e9 173 touche pas ma cha\u00eene alimentaire 3.\"><\/object><a id=\"wp-block-file--media-05778271-563c-410c-8c36-7a7113b3d8fe\" href=\"https:\/\/www.diocese-belfort-montbeliard.fr\/charmont-montbeliard\/wp-content\/uploads\/sites\/8\/2021\/02\/173-touche-pas-ma-chaine-alimentaire-3-.pdf\">173 touche pas ma cha\u00eene alimentaire 3<\/a><a href=\"https:\/\/www.diocese-belfort-montbeliard.fr\/charmont-montbeliard\/wp-content\/uploads\/sites\/8\/2021\/02\/173-touche-pas-ma-chaine-alimentaire-3-.pdf\" class=\"wp-block-file__button wp-element-button\" download aria-describedby=\"wp-block-file--media-05778271-563c-410c-8c36-7a7113b3d8fe\">T\u00e9l\u00e9charger<\/a><\/div>\n\n\n\n<div data-wp-interactive=\"core\/file\" class=\"wp-block-file\"><object data-wp-bind--hidden=\"!state.hasPdfPreview\" hidden class=\"wp-block-file__embed\" data=\"https:\/\/www.diocese-belfort-montbeliard.fr\/charmont-montbeliard\/wp-content\/uploads\/sites\/8\/2021\/02\/172-touche-pas-ma-chaine-alimentaire-2.pdf\" type=\"application\/pdf\" style=\"width:100%;height:600px\" aria-label=\"Contenu embarqu\u00e9 172 touche pas ma chai\u0302ne alimentaire 2.\"><\/object><a id=\"wp-block-file--media-80173ebb-f4c3-4eb5-819a-164ad025bad3\" href=\"https:\/\/www.diocese-belfort-montbeliard.fr\/charmont-montbeliard\/wp-content\/uploads\/sites\/8\/2021\/02\/172-touche-pas-ma-chaine-alimentaire-2.pdf\">172 touche pas ma chai\u0302ne alimentaire 2<\/a><a href=\"https:\/\/www.diocese-belfort-montbeliard.fr\/charmont-montbeliard\/wp-content\/uploads\/sites\/8\/2021\/02\/172-touche-pas-ma-chaine-alimentaire-2.pdf\" class=\"wp-block-file__button wp-element-button\" download aria-describedby=\"wp-block-file--media-80173ebb-f4c3-4eb5-819a-164ad025bad3\">T\u00e9l\u00e9charger<\/a><\/div>\n\n\n\n<div data-wp-interactive=\"core\/file\" class=\"wp-block-file\"><object data-wp-bind--hidden=\"!state.hasPdfPreview\" hidden class=\"wp-block-file__embed\" data=\"https:\/\/www.diocese-belfort-montbeliard.fr\/charmont-montbeliard\/wp-content\/uploads\/sites\/8\/2021\/02\/171-touche-pas-ma-chaine-alimentaire-1-.pdf\" type=\"application\/pdf\" style=\"width:100%;height:600px\" aria-label=\"Contenu embarqu\u00e9 171 touche pas ma chaine alimentaire 1.\"><\/object><a id=\"wp-block-file--media-e0829257-c146-4b79-aa94-d7dadbeca599\" href=\"https:\/\/www.diocese-belfort-montbeliard.fr\/charmont-montbeliard\/wp-content\/uploads\/sites\/8\/2021\/02\/171-touche-pas-ma-chaine-alimentaire-1-.pdf\">171 touche pas ma chaine alimentaire 1<\/a><a href=\"https:\/\/www.diocese-belfort-montbeliard.fr\/charmont-montbeliard\/wp-content\/uploads\/sites\/8\/2021\/02\/171-touche-pas-ma-chaine-alimentaire-1-.pdf\" class=\"wp-block-file__button wp-element-button\" download aria-describedby=\"wp-block-file--media-e0829257-c146-4b79-aa94-d7dadbeca599\">T\u00e9l\u00e9charger<\/a><\/div>\n\n\n\n<div data-wp-interactive=\"core\/file\" class=\"wp-block-file\"><object data-wp-bind--hidden=\"!state.hasPdfPreview\" hidden class=\"wp-block-file__embed\" data=\"https:\/\/www.diocese-belfort-montbeliard.fr\/charmont-montbeliard\/wp-content\/uploads\/sites\/8\/2021\/02\/170-grues-.pdf\" type=\"application\/pdf\" style=\"width:100%;height:600px\" aria-label=\"Contenu embarqu\u00e9 170 grues -.\"><\/object><a id=\"wp-block-file--media-87fedc8c-8904-4a4b-8353-d076e926f780\" href=\"https:\/\/www.diocese-belfort-montbeliard.fr\/charmont-montbeliard\/wp-content\/uploads\/sites\/8\/2021\/02\/170-grues-.pdf\">170 grues &#8211;<\/a><a href=\"https:\/\/www.diocese-belfort-montbeliard.fr\/charmont-montbeliard\/wp-content\/uploads\/sites\/8\/2021\/02\/170-grues-.pdf\" class=\"wp-block-file__button wp-element-button\" download aria-describedby=\"wp-block-file--media-87fedc8c-8904-4a4b-8353-d076e926f780\">T\u00e9l\u00e9charger<\/a><\/div>\n\n\n\n<div data-wp-interactive=\"core\/file\" class=\"wp-block-file\"><object data-wp-bind--hidden=\"!state.hasPdfPreview\" hidden class=\"wp-block-file__embed\" data=\"https:\/\/www.diocese-belfort-montbeliard.fr\/charmont-montbeliard\/wp-content\/uploads\/sites\/8\/2021\/02\/169-lave-torrentielle.pdf\" type=\"application\/pdf\" style=\"width:100%;height:600px\" aria-label=\"Contenu embarqu\u00e9 169 lave torrentielle.\"><\/object><a id=\"wp-block-file--media-28b8e142-6d67-4b6e-a8b0-06e9e3832d32\" href=\"https:\/\/www.diocese-belfort-montbeliard.fr\/charmont-montbeliard\/wp-content\/uploads\/sites\/8\/2021\/02\/169-lave-torrentielle.pdf\">169 lave torrentielle<\/a><a href=\"https:\/\/www.diocese-belfort-montbeliard.fr\/charmont-montbeliard\/wp-content\/uploads\/sites\/8\/2021\/02\/169-lave-torrentielle.pdf\" class=\"wp-block-file__button wp-element-button\" download aria-describedby=\"wp-block-file--media-28b8e142-6d67-4b6e-a8b0-06e9e3832d32\">T\u00e9l\u00e9charger<\/a><\/div>\n\n\n\n<div data-wp-interactive=\"core\/file\" class=\"wp-block-file\"><object data-wp-bind--hidden=\"!state.hasPdfPreview\" hidden class=\"wp-block-file__embed\" data=\"https:\/\/www.diocese-belfort-montbeliard.fr\/charmont-montbeliard\/wp-content\/uploads\/sites\/8\/2021\/02\/168-photo-souvenir.pdf\" type=\"application\/pdf\" style=\"width:100%;height:600px\" aria-label=\"Contenu embarqu\u00e9 168 photo-souvenir.\"><\/object><a id=\"wp-block-file--media-a63b467a-9421-4320-826f-dc2166f78839\" href=\"https:\/\/www.diocese-belfort-montbeliard.fr\/charmont-montbeliard\/wp-content\/uploads\/sites\/8\/2021\/02\/168-photo-souvenir.pdf\">168 photo-souvenir<\/a><a href=\"https:\/\/www.diocese-belfort-montbeliard.fr\/charmont-montbeliard\/wp-content\/uploads\/sites\/8\/2021\/02\/168-photo-souvenir.pdf\" class=\"wp-block-file__button wp-element-button\" download aria-describedby=\"wp-block-file--media-a63b467a-9421-4320-826f-dc2166f78839\">T\u00e9l\u00e9charger<\/a><\/div>\n\n\n\n<div data-wp-interactive=\"core\/file\" class=\"wp-block-file\"><object data-wp-bind--hidden=\"!state.hasPdfPreview\" hidden class=\"wp-block-file__embed\" data=\"https:\/\/www.diocese-belfort-montbeliard.fr\/charmont-montbeliard\/wp-content\/uploads\/sites\/8\/2021\/02\/167-floraison-du-cerisier.pdf\" type=\"application\/pdf\" style=\"width:100%;height:600px\" aria-label=\"Contenu embarqu\u00e9 167 floraison du cerisier.\"><\/object><a id=\"wp-block-file--media-5ef7654a-7494-4d57-ad1b-1fb60031e701\" href=\"https:\/\/www.diocese-belfort-montbeliard.fr\/charmont-montbeliard\/wp-content\/uploads\/sites\/8\/2021\/02\/167-floraison-du-cerisier.pdf\">167 floraison du cerisier<\/a><a href=\"https:\/\/www.diocese-belfort-montbeliard.fr\/charmont-montbeliard\/wp-content\/uploads\/sites\/8\/2021\/02\/167-floraison-du-cerisier.pdf\" class=\"wp-block-file__button wp-element-button\" download aria-describedby=\"wp-block-file--media-5ef7654a-7494-4d57-ad1b-1fb60031e701\">T\u00e9l\u00e9charger<\/a><\/div>\n\n\n\n<div data-wp-interactive=\"core\/file\" class=\"wp-block-file\"><object data-wp-bind--hidden=\"!state.hasPdfPreview\" hidden class=\"wp-block-file__embed\" data=\"https:\/\/www.diocese-belfort-montbeliard.fr\/charmont-montbeliard\/wp-content\/uploads\/sites\/8\/2021\/02\/166-Melia-et-le-projet-immobilier.pdf\" type=\"application\/pdf\" style=\"width:100%;height:600px\" aria-label=\"Contenu embarqu\u00e9 166 M\u00e9lia et le projet immobilier.\"><\/object><a id=\"wp-block-file--media-a9a6443f-240d-4241-9fba-40fdf393b9b5\" href=\"https:\/\/www.diocese-belfort-montbeliard.fr\/charmont-montbeliard\/wp-content\/uploads\/sites\/8\/2021\/02\/166-Melia-et-le-projet-immobilier.pdf\">166 M\u00e9lia et le projet immobilier<\/a><a href=\"https:\/\/www.diocese-belfort-montbeliard.fr\/charmont-montbeliard\/wp-content\/uploads\/sites\/8\/2021\/02\/166-Melia-et-le-projet-immobilier.pdf\" class=\"wp-block-file__button wp-element-button\" download aria-describedby=\"wp-block-file--media-a9a6443f-240d-4241-9fba-40fdf393b9b5\">T\u00e9l\u00e9charger<\/a><\/div>\n\n\n\n<div data-wp-interactive=\"core\/file\" class=\"wp-block-file\"><object data-wp-bind--hidden=\"!state.hasPdfPreview\" hidden class=\"wp-block-file__embed\" data=\"https:\/\/www.diocese-belfort-montbeliard.fr\/charmont-montbeliard\/wp-content\/uploads\/sites\/8\/2021\/02\/165-mante-religieuse.pdf\" type=\"application\/pdf\" style=\"width:100%;height:600px\" aria-label=\"Contenu embarqu\u00e9 165 mante religieuse.\"><\/object><a id=\"wp-block-file--media-8f3eb3b9-210e-45a6-876c-0b37f2fc1768\" href=\"https:\/\/www.diocese-belfort-montbeliard.fr\/charmont-montbeliard\/wp-content\/uploads\/sites\/8\/2021\/02\/165-mante-religieuse.pdf\">165 mante religieuse<\/a><a href=\"https:\/\/www.diocese-belfort-montbeliard.fr\/charmont-montbeliard\/wp-content\/uploads\/sites\/8\/2021\/02\/165-mante-religieuse.pdf\" class=\"wp-block-file__button wp-element-button\" download aria-describedby=\"wp-block-file--media-8f3eb3b9-210e-45a6-876c-0b37f2fc1768\">T\u00e9l\u00e9charger<\/a><\/div>\n\n\n\n<div data-wp-interactive=\"core\/file\" class=\"wp-block-file\"><object data-wp-bind--hidden=\"!state.hasPdfPreview\" hidden class=\"wp-block-file__embed\" data=\"https:\/\/www.diocese-belfort-montbeliard.fr\/charmont-montbeliard\/wp-content\/uploads\/sites\/8\/2024\/09\/164-Cantique-de-fre\u0300re-soleil.pdf\" type=\"application\/pdf\" style=\"width:100%;height:600px\" aria-label=\"Contenu embarqu\u00e9 164-Cantique-de-fre\u0300re-soleil.\"><\/object><a id=\"wp-block-file--media-d1fd2452-d29b-48a4-8610-e823a40dd96e\" href=\"https:\/\/www.diocese-belfort-montbeliard.fr\/charmont-montbeliard\/wp-content\/uploads\/sites\/8\/2024\/09\/164-Cantique-de-fre\u0300re-soleil.pdf\">164-Cantique-de-fre\u0300re-soleil<\/a><a href=\"https:\/\/www.diocese-belfort-montbeliard.fr\/charmont-montbeliard\/wp-content\/uploads\/sites\/8\/2024\/09\/164-Cantique-de-fre\u0300re-soleil.pdf\" class=\"wp-block-file__button wp-element-button\" download aria-describedby=\"wp-block-file--media-d1fd2452-d29b-48a4-8610-e823a40dd96e\">T\u00e9l\u00e9charger<\/a><\/div>\n\n\n\n<div data-wp-interactive=\"core\/file\" class=\"wp-block-file\"><object data-wp-bind--hidden=\"!state.hasPdfPreview\" hidden class=\"wp-block-file__embed\" data=\"https:\/\/www.diocese-belfort-montbeliard.fr\/charmont-montbeliard\/wp-content\/uploads\/sites\/8\/2024\/09\/163-Desimpermeabilisation-a-lecole.pdf\" type=\"application\/pdf\" style=\"width:100%;height:600px\" aria-label=\"Contenu embarqu\u00e9 163-Desimpermeabilisation-a-lecole.\"><\/object><a id=\"wp-block-file--media-8608f695-6a00-4a95-ba87-403f20d701ed\" href=\"https:\/\/www.diocese-belfort-montbeliard.fr\/charmont-montbeliard\/wp-content\/uploads\/sites\/8\/2024\/09\/163-Desimpermeabilisation-a-lecole.pdf\">163-Desimpermeabilisation-a-lecole<\/a><a href=\"https:\/\/www.diocese-belfort-montbeliard.fr\/charmont-montbeliard\/wp-content\/uploads\/sites\/8\/2024\/09\/163-Desimpermeabilisation-a-lecole.pdf\" class=\"wp-block-file__button wp-element-button\" download aria-describedby=\"wp-block-file--media-8608f695-6a00-4a95-ba87-403f20d701ed\">T\u00e9l\u00e9charger<\/a><\/div>\n\n\n\n<div data-wp-interactive=\"core\/file\" class=\"wp-block-file\"><object data-wp-bind--hidden=\"!state.hasPdfPreview\" hidden class=\"wp-block-file__embed\" data=\"https:\/\/www.diocese-belfort-montbeliard.fr\/charmont-montbeliard\/wp-content\/uploads\/sites\/8\/2024\/08\/162-Vergerette-du-Canada.pdf\" type=\"application\/pdf\" style=\"width:100%;height:600px\" aria-label=\"Contenu embarqu\u00e9 162-Vergerette-du-Canada.\"><\/object><a id=\"wp-block-file--media-5fbea55b-bfa8-4c94-abe6-e4de4835581f\" href=\"https:\/\/www.diocese-belfort-montbeliard.fr\/charmont-montbeliard\/wp-content\/uploads\/sites\/8\/2024\/08\/162-Vergerette-du-Canada.pdf\">162-Vergerette-du-Canada<\/a><a href=\"https:\/\/www.diocese-belfort-montbeliard.fr\/charmont-montbeliard\/wp-content\/uploads\/sites\/8\/2024\/08\/162-Vergerette-du-Canada.pdf\" class=\"wp-block-file__button wp-element-button\" download aria-describedby=\"wp-block-file--media-5fbea55b-bfa8-4c94-abe6-e4de4835581f\">T\u00e9l\u00e9charger<\/a><\/div>\n\n\n\n<div data-wp-interactive=\"core\/file\" class=\"wp-block-file\"><object data-wp-bind--hidden=\"!state.hasPdfPreview\" hidden class=\"wp-block-file__embed\" data=\"https:\/\/www.diocese-belfort-montbeliard.fr\/charmont-montbeliard\/wp-content\/uploads\/sites\/8\/2024\/08\/161-Jouer.pdf\" type=\"application\/pdf\" style=\"width:100%;height:600px\" aria-label=\"Contenu embarqu\u00e9 161-Jouer.\"><\/object><a id=\"wp-block-file--media-85c00d0d-a9c9-40a3-b5e5-a3e240558320\" href=\"https:\/\/www.diocese-belfort-montbeliard.fr\/charmont-montbeliard\/wp-content\/uploads\/sites\/8\/2024\/08\/161-Jouer.pdf\">161-Jouer<\/a><a href=\"https:\/\/www.diocese-belfort-montbeliard.fr\/charmont-montbeliard\/wp-content\/uploads\/sites\/8\/2024\/08\/161-Jouer.pdf\" class=\"wp-block-file__button wp-element-button\" download aria-describedby=\"wp-block-file--media-85c00d0d-a9c9-40a3-b5e5-a3e240558320\">T\u00e9l\u00e9charger<\/a><\/div>\n\n\n\n<div data-wp-interactive=\"core\/file\" class=\"wp-block-file\"><object data-wp-bind--hidden=\"!state.hasPdfPreview\" hidden class=\"wp-block-file__embed\" data=\"https:\/\/www.diocese-belfort-montbeliard.fr\/charmont-montbeliard\/wp-content\/uploads\/sites\/8\/2024\/08\/NOMBRIL-DE-VENUS.pdf\" type=\"application\/pdf\" style=\"width:100%;height:600px\" aria-label=\"Contenu embarqu\u00e9 NOMBRIL-DE-VENUS.\"><\/object><a id=\"wp-block-file--media-699c2697-ae91-4714-b159-0f121e3e8266\" href=\"https:\/\/www.diocese-belfort-montbeliard.fr\/charmont-montbeliard\/wp-content\/uploads\/sites\/8\/2024\/08\/NOMBRIL-DE-VENUS.pdf\">NOMBRIL-DE-VENUS<\/a><a href=\"https:\/\/www.diocese-belfort-montbeliard.fr\/charmont-montbeliard\/wp-content\/uploads\/sites\/8\/2024\/08\/NOMBRIL-DE-VENUS.pdf\" class=\"wp-block-file__button wp-element-button\" download aria-describedby=\"wp-block-file--media-699c2697-ae91-4714-b159-0f121e3e8266\">T\u00e9l\u00e9charger<\/a><\/div>\n\n\n\n<div data-wp-interactive=\"core\/file\" class=\"wp-block-file\"><object data-wp-bind--hidden=\"!state.hasPdfPreview\" hidden class=\"wp-block-file__embed\" data=\"https:\/\/www.diocese-belfort-montbeliard.fr\/charmont-montbeliard\/wp-content\/uploads\/sites\/8\/2024\/06\/159-Minus-escargot.pdf\" type=\"application\/pdf\" style=\"width:100%;height:600px\" aria-label=\"Contenu embarqu\u00e9 159-Minus-escargot.\"><\/object><a id=\"wp-block-file--media-f7c8144b-b909-406b-8f60-a23891891d8c\" href=\"https:\/\/www.diocese-belfort-montbeliard.fr\/charmont-montbeliard\/wp-content\/uploads\/sites\/8\/2024\/06\/159-Minus-escargot.pdf\">159-Minus-escargot<\/a><a href=\"https:\/\/www.diocese-belfort-montbeliard.fr\/charmont-montbeliard\/wp-content\/uploads\/sites\/8\/2024\/06\/159-Minus-escargot.pdf\" class=\"wp-block-file__button wp-element-button\" download aria-describedby=\"wp-block-file--media-f7c8144b-b909-406b-8f60-a23891891d8c\">T\u00e9l\u00e9charger<\/a><\/div>\n\n\n\n<div data-wp-interactive=\"core\/file\" class=\"wp-block-file\"><object data-wp-bind--hidden=\"!state.hasPdfPreview\" hidden class=\"wp-block-file__embed\" data=\"https:\/\/www.diocese-belfort-montbeliard.fr\/charmont-montbeliard\/wp-content\/uploads\/sites\/8\/2024\/05\/157-Renaturation-.pdf\" type=\"application\/pdf\" style=\"width:100%;height:600px\" aria-label=\"Contenu embarqu\u00e9 157-Renaturation-.\"><\/object><a id=\"wp-block-file--media-cbdb6807-4ced-4fea-88d5-8c2fa1d0fc52\" href=\"https:\/\/www.diocese-belfort-montbeliard.fr\/charmont-montbeliard\/wp-content\/uploads\/sites\/8\/2024\/05\/157-Renaturation-.pdf\">157-Renaturation-<\/a><a href=\"https:\/\/www.diocese-belfort-montbeliard.fr\/charmont-montbeliard\/wp-content\/uploads\/sites\/8\/2024\/05\/157-Renaturation-.pdf\" class=\"wp-block-file__button wp-element-button\" download aria-describedby=\"wp-block-file--media-cbdb6807-4ced-4fea-88d5-8c2fa1d0fc52\">T\u00e9l\u00e9charger<\/a><\/div>\n\n\n\n<div data-wp-interactive=\"core\/file\" class=\"wp-block-file\"><object data-wp-bind--hidden=\"!state.hasPdfPreview\" hidden class=\"wp-block-file__embed\" data=\"https:\/\/www.diocese-belfort-montbeliard.fr\/charmont-montbeliard\/wp-content\/uploads\/sites\/8\/2024\/06\/158-Meteo-ou-climat.pdf\" type=\"application\/pdf\" style=\"width:100%;height:600px\" aria-label=\"Contenu embarqu\u00e9 158-Meteo-ou-climat.\"><\/object><a id=\"wp-block-file--media-22de0e08-0fae-451e-9555-542c0fc6c60d\" href=\"https:\/\/www.diocese-belfort-montbeliard.fr\/charmont-montbeliard\/wp-content\/uploads\/sites\/8\/2024\/06\/158-Meteo-ou-climat.pdf\">158-Meteo-ou-climat<\/a><a href=\"https:\/\/www.diocese-belfort-montbeliard.fr\/charmont-montbeliard\/wp-content\/uploads\/sites\/8\/2024\/06\/158-Meteo-ou-climat.pdf\" class=\"wp-block-file__button wp-element-button\" download aria-describedby=\"wp-block-file--media-22de0e08-0fae-451e-9555-542c0fc6c60d\">T\u00e9l\u00e9charger<\/a><\/div>\n\n\n\n<div data-wp-interactive=\"core\/file\" class=\"wp-block-file\"><object data-wp-bind--hidden=\"!state.hasPdfPreview\" hidden class=\"wp-block-file__embed\" data=\"https:\/\/www.diocese-belfort-montbeliard.fr\/charmont-montbeliard\/wp-content\/uploads\/sites\/8\/2024\/05\/156ca-se-passe-chez-les-voisins-.pdf\" type=\"application\/pdf\" style=\"width:100%;height:600px\" aria-label=\"Contenu embarqu\u00e9 156ca-se-passe-chez-les-voisins-.\"><\/object><a id=\"wp-block-file--media-9103951f-b33f-4b7d-841e-f56ce4bc88d2\" href=\"https:\/\/www.diocese-belfort-montbeliard.fr\/charmont-montbeliard\/wp-content\/uploads\/sites\/8\/2024\/05\/156ca-se-passe-chez-les-voisins-.pdf\">156ca-se-passe-chez-les-voisins-<\/a><a href=\"https:\/\/www.diocese-belfort-montbeliard.fr\/charmont-montbeliard\/wp-content\/uploads\/sites\/8\/2024\/05\/156ca-se-passe-chez-les-voisins-.pdf\" class=\"wp-block-file__button wp-element-button\" download aria-describedby=\"wp-block-file--media-9103951f-b33f-4b7d-841e-f56ce4bc88d2\">T\u00e9l\u00e9charger<\/a><\/div>\n\n\n\n<div data-wp-interactive=\"core\/file\" class=\"wp-block-file\"><object data-wp-bind--hidden=\"!state.hasPdfPreview\" hidden class=\"wp-block-file__embed\" data=\"https:\/\/www.diocese-belfort-montbeliard.fr\/charmont-montbeliard\/wp-content\/uploads\/sites\/8\/2024\/05\/155-Re-coucou.pdf\" type=\"application\/pdf\" style=\"width:100%;height:600px\" aria-label=\"Contenu embarqu\u00e9 155-Re-coucou.\"><\/object><a id=\"wp-block-file--media-9a058931-4279-4c64-949e-28e7cdf774b9\" href=\"https:\/\/www.diocese-belfort-montbeliard.fr\/charmont-montbeliard\/wp-content\/uploads\/sites\/8\/2024\/05\/155-Re-coucou.pdf\">155-Re-coucou<\/a><a href=\"https:\/\/www.diocese-belfort-montbeliard.fr\/charmont-montbeliard\/wp-content\/uploads\/sites\/8\/2024\/05\/155-Re-coucou.pdf\" class=\"wp-block-file__button wp-element-button\" download aria-describedby=\"wp-block-file--media-9a058931-4279-4c64-949e-28e7cdf774b9\">T\u00e9l\u00e9charger<\/a><\/div>\n\n\n\n<div data-wp-interactive=\"core\/file\" class=\"wp-block-file\"><object data-wp-bind--hidden=\"!state.hasPdfPreview\" hidden class=\"wp-block-file__embed\" data=\"https:\/\/www.diocese-belfort-montbeliard.fr\/charmont-montbeliard\/wp-content\/uploads\/sites\/8\/2024\/05\/154-methane-oh-la-vache.pdf\" type=\"application\/pdf\" style=\"width:100%;height:600px\" aria-label=\"Contenu embarqu\u00e9 154-methane-oh-la-vache.\"><\/object><a id=\"wp-block-file--media-4f0d3922-cddb-4b35-b378-c88d6b7e5acc\" href=\"https:\/\/www.diocese-belfort-montbeliard.fr\/charmont-montbeliard\/wp-content\/uploads\/sites\/8\/2024\/05\/154-methane-oh-la-vache.pdf\">154-methane-oh-la-vache<\/a><a href=\"https:\/\/www.diocese-belfort-montbeliard.fr\/charmont-montbeliard\/wp-content\/uploads\/sites\/8\/2024\/05\/154-methane-oh-la-vache.pdf\" class=\"wp-block-file__button wp-element-button\" download aria-describedby=\"wp-block-file--media-4f0d3922-cddb-4b35-b378-c88d6b7e5acc\">T\u00e9l\u00e9charger<\/a><\/div>\n\n\n\n<div data-wp-interactive=\"core\/file\" class=\"wp-block-file\"><object data-wp-bind--hidden=\"!state.hasPdfPreview\" hidden class=\"wp-block-file__embed\" data=\"https:\/\/www.diocese-belfort-montbeliard.fr\/charmont-montbeliard\/wp-content\/uploads\/sites\/8\/2024\/04\/153-Foret-et-changement-climatique.pdf\" type=\"application\/pdf\" style=\"width:100%;height:600px\" aria-label=\"Contenu embarqu\u00e9 153-Foret-et-changement-climatique.\"><\/object><a id=\"wp-block-file--media-9a126b44-4e2c-4386-9207-c18e16fd6121\" href=\"https:\/\/www.diocese-belfort-montbeliard.fr\/charmont-montbeliard\/wp-content\/uploads\/sites\/8\/2024\/04\/153-Foret-et-changement-climatique.pdf\">153-Foret-et-changement-climatique<\/a><a href=\"https:\/\/www.diocese-belfort-montbeliard.fr\/charmont-montbeliard\/wp-content\/uploads\/sites\/8\/2024\/04\/153-Foret-et-changement-climatique.pdf\" class=\"wp-block-file__button wp-element-button\" download aria-describedby=\"wp-block-file--media-9a126b44-4e2c-4386-9207-c18e16fd6121\">T\u00e9l\u00e9charger<\/a><\/div>\n\n\n\n<div data-wp-interactive=\"core\/file\" class=\"wp-block-file\"><object data-wp-bind--hidden=\"!state.hasPdfPreview\" hidden class=\"wp-block-file__embed\" data=\"https:\/\/www.diocese-belfort-montbeliard.fr\/charmont-montbeliard\/wp-content\/uploads\/sites\/8\/2024\/04\/152-Gri-gri-le-cloporte.pdf\" type=\"application\/pdf\" style=\"width:100%;height:600px\" aria-label=\"Contenu embarqu\u00e9 152-Gri-gri-le-cloporte.\"><\/object><a id=\"wp-block-file--media-b45a354d-9258-49de-8bd1-2ad8bcf7d998\" href=\"https:\/\/www.diocese-belfort-montbeliard.fr\/charmont-montbeliard\/wp-content\/uploads\/sites\/8\/2024\/04\/152-Gri-gri-le-cloporte.pdf\">152-Gri-gri-le-cloporte<\/a><a href=\"https:\/\/www.diocese-belfort-montbeliard.fr\/charmont-montbeliard\/wp-content\/uploads\/sites\/8\/2024\/04\/152-Gri-gri-le-cloporte.pdf\" class=\"wp-block-file__button wp-element-button\" download aria-describedby=\"wp-block-file--media-b45a354d-9258-49de-8bd1-2ad8bcf7d998\">T\u00e9l\u00e9charger<\/a><\/div>\n\n\n\n<div data-wp-interactive=\"core\/file\" class=\"wp-block-file\"><object data-wp-bind--hidden=\"!state.hasPdfPreview\" hidden class=\"wp-block-file__embed\" data=\"https:\/\/www.diocese-belfort-montbeliard.fr\/charmont-montbeliard\/wp-content\/uploads\/sites\/8\/2024\/04\/151-Coucou-le-coucou.pdf\" type=\"application\/pdf\" style=\"width:100%;height:600px\" aria-label=\"Contenu embarqu\u00e9 151-Coucou-le-coucou.\"><\/object><a id=\"wp-block-file--media-16309f36-7516-45f9-b7a2-d9e6765cca3e\" href=\"https:\/\/www.diocese-belfort-montbeliard.fr\/charmont-montbeliard\/wp-content\/uploads\/sites\/8\/2024\/04\/151-Coucou-le-coucou.pdf\">151-Coucou-le-coucou<\/a><a href=\"https:\/\/www.diocese-belfort-montbeliard.fr\/charmont-montbeliard\/wp-content\/uploads\/sites\/8\/2024\/04\/151-Coucou-le-coucou.pdf\" class=\"wp-block-file__button wp-element-button\" download aria-describedby=\"wp-block-file--media-16309f36-7516-45f9-b7a2-d9e6765cca3e\">T\u00e9l\u00e9charger<\/a><\/div>\n\n\n\n<div data-wp-interactive=\"core\/file\" class=\"wp-block-file\"><object data-wp-bind--hidden=\"!state.hasPdfPreview\" hidden class=\"wp-block-file__embed\" data=\"https:\/\/www.diocese-belfort-montbeliard.fr\/charmont-montbeliard\/wp-content\/uploads\/sites\/8\/2024\/04\/150-Fast-fashion.pdf\" type=\"application\/pdf\" style=\"width:100%;height:600px\" aria-label=\"Contenu embarqu\u00e9 150-Fast-fashion.\"><\/object><a id=\"wp-block-file--media-5179c1ac-f7c6-4b62-b90f-da0b831a6469\" href=\"https:\/\/www.diocese-belfort-montbeliard.fr\/charmont-montbeliard\/wp-content\/uploads\/sites\/8\/2024\/04\/150-Fast-fashion.pdf\">150-Fast-fashion<\/a><a href=\"https:\/\/www.diocese-belfort-montbeliard.fr\/charmont-montbeliard\/wp-content\/uploads\/sites\/8\/2024\/04\/150-Fast-fashion.pdf\" class=\"wp-block-file__button wp-element-button\" download aria-describedby=\"wp-block-file--media-5179c1ac-f7c6-4b62-b90f-da0b831a6469\">T\u00e9l\u00e9charger<\/a><\/div>\n\n\n\n<div data-wp-interactive=\"core\/file\" class=\"wp-block-file\"><object data-wp-bind--hidden=\"!state.hasPdfPreview\" hidden class=\"wp-block-file__embed\" data=\"https:\/\/www.diocese-belfort-montbeliard.fr\/charmont-montbeliard\/wp-content\/uploads\/sites\/8\/2024\/03\/149-Pa\u0302querette-en-jupettte.pdf\" type=\"application\/pdf\" style=\"width:100%;height:600px\" aria-label=\"Contenu embarqu\u00e9 149-Pa\u0302querette-en-jupettte.\"><\/object><a id=\"wp-block-file--media-12dad19a-f419-4c95-b01c-aea958cc55bf\" href=\"https:\/\/www.diocese-belfort-montbeliard.fr\/charmont-montbeliard\/wp-content\/uploads\/sites\/8\/2024\/03\/149-Pa\u0302querette-en-jupettte.pdf\">149-Pa\u0302querette-en-jupettte<\/a><a href=\"https:\/\/www.diocese-belfort-montbeliard.fr\/charmont-montbeliard\/wp-content\/uploads\/sites\/8\/2024\/03\/149-Pa\u0302querette-en-jupettte.pdf\" class=\"wp-block-file__button wp-element-button\" download aria-describedby=\"wp-block-file--media-12dad19a-f419-4c95-b01c-aea958cc55bf\">T\u00e9l\u00e9charger<\/a><\/div>\n\n\n\n<div data-wp-interactive=\"core\/file\" class=\"wp-block-file\"><object data-wp-bind--hidden=\"!state.hasPdfPreview\" hidden class=\"wp-block-file__embed\" data=\"https:\/\/www.diocese-belfort-montbeliard.fr\/charmont-montbeliard\/wp-content\/uploads\/sites\/8\/2024\/03\/148-les-ptits-cocos.pdf\" type=\"application\/pdf\" style=\"width:100%;height:600px\" aria-label=\"Contenu embarqu\u00e9 148-les-ptits-cocos.\"><\/object><a id=\"wp-block-file--media-cb6e240f-eb95-4e4a-b1a8-a5bb032f3497\" href=\"https:\/\/www.diocese-belfort-montbeliard.fr\/charmont-montbeliard\/wp-content\/uploads\/sites\/8\/2024\/03\/148-les-ptits-cocos.pdf\">148-les-ptits-cocos<\/a><a href=\"https:\/\/www.diocese-belfort-montbeliard.fr\/charmont-montbeliard\/wp-content\/uploads\/sites\/8\/2024\/03\/148-les-ptits-cocos.pdf\" class=\"wp-block-file__button wp-element-button\" download aria-describedby=\"wp-block-file--media-cb6e240f-eb95-4e4a-b1a8-a5bb032f3497\">T\u00e9l\u00e9charger<\/a><\/div>\n\n\n\n<div data-wp-interactive=\"core\/file\" class=\"wp-block-file\"><object data-wp-bind--hidden=\"!state.hasPdfPreview\" hidden class=\"wp-block-file__embed\" data=\"https:\/\/www.diocese-belfort-montbeliard.fr\/charmont-montbeliard\/wp-content\/uploads\/sites\/8\/2024\/03\/147-rires-et-tambourins.pdf\" type=\"application\/pdf\" style=\"width:100%;height:600px\" aria-label=\"Contenu embarqu\u00e9 147-rires-et-tambourins.\"><\/object><a id=\"wp-block-file--media-3a847bf0-e45d-4cb7-b874-4891a37ce142\" href=\"https:\/\/www.diocese-belfort-montbeliard.fr\/charmont-montbeliard\/wp-content\/uploads\/sites\/8\/2024\/03\/147-rires-et-tambourins.pdf\">147-rires-et-tambourins<\/a><a href=\"https:\/\/www.diocese-belfort-montbeliard.fr\/charmont-montbeliard\/wp-content\/uploads\/sites\/8\/2024\/03\/147-rires-et-tambourins.pdf\" class=\"wp-block-file__button wp-element-button\" download aria-describedby=\"wp-block-file--media-3a847bf0-e45d-4cb7-b874-4891a37ce142\">T\u00e9l\u00e9charger<\/a><\/div>\n\n\n\n<div data-wp-interactive=\"core\/file\" class=\"wp-block-file\"><object data-wp-bind--hidden=\"!state.hasPdfPreview\" hidden class=\"wp-block-file__embed\" data=\"https:\/\/www.diocese-belfort-montbeliard.fr\/charmont-montbeliard\/wp-content\/uploads\/sites\/8\/2024\/03\/146-citron-presse.pdf\" type=\"application\/pdf\" style=\"width:100%;height:600px\" aria-label=\"Contenu embarqu\u00e9 146-citron-presse.\"><\/object><a id=\"wp-block-file--media-e088ef81-c020-4a5a-b520-5dca569e0b91\" href=\"https:\/\/www.diocese-belfort-montbeliard.fr\/charmont-montbeliard\/wp-content\/uploads\/sites\/8\/2024\/03\/146-citron-presse.pdf\">146-citron-presse<\/a><a href=\"https:\/\/www.diocese-belfort-montbeliard.fr\/charmont-montbeliard\/wp-content\/uploads\/sites\/8\/2024\/03\/146-citron-presse.pdf\" class=\"wp-block-file__button wp-element-button\" download aria-describedby=\"wp-block-file--media-e088ef81-c020-4a5a-b520-5dca569e0b91\">T\u00e9l\u00e9charger<\/a><\/div>\n\n\n\n<div data-wp-interactive=\"core\/file\" class=\"wp-block-file\"><object data-wp-bind--hidden=\"!state.hasPdfPreview\" hidden class=\"wp-block-file__embed\" data=\"https:\/\/www.diocese-belfort-montbeliard.fr\/charmont-montbeliard\/wp-content\/uploads\/sites\/8\/2024\/03\/145-pesticide-eternel.pdf\" type=\"application\/pdf\" style=\"width:100%;height:600px\" aria-label=\"Contenu embarqu\u00e9 145-pesticide-eternel.\"><\/object><a id=\"wp-block-file--media-d37ff935-54fc-4a9f-a181-d6b1518fdc88\" href=\"https:\/\/www.diocese-belfort-montbeliard.fr\/charmont-montbeliard\/wp-content\/uploads\/sites\/8\/2024\/03\/145-pesticide-eternel.pdf\">145-pesticide-eternel<\/a><a href=\"https:\/\/www.diocese-belfort-montbeliard.fr\/charmont-montbeliard\/wp-content\/uploads\/sites\/8\/2024\/03\/145-pesticide-eternel.pdf\" class=\"wp-block-file__button wp-element-button\" download aria-describedby=\"wp-block-file--media-d37ff935-54fc-4a9f-a181-d6b1518fdc88\">T\u00e9l\u00e9charger<\/a><\/div>\n\n\n\n<div data-wp-interactive=\"core\/file\" class=\"wp-block-file\"><object data-wp-bind--hidden=\"!state.hasPdfPreview\" hidden class=\"wp-block-file__embed\" data=\"https:\/\/www.diocese-belfort-montbeliard.fr\/charmont-montbeliard\/wp-content\/uploads\/sites\/8\/2024\/02\/144-bobo-les-spermatos.pdf\" type=\"application\/pdf\" style=\"width:100%;height:600px\" aria-label=\"Contenu embarqu\u00e9 144-bobo-les-spermatos.\"><\/object><a id=\"wp-block-file--media-ed460d6d-9cef-45ef-887c-69fe5cd1836b\" href=\"https:\/\/www.diocese-belfort-montbeliard.fr\/charmont-montbeliard\/wp-content\/uploads\/sites\/8\/2024\/02\/144-bobo-les-spermatos.pdf\">144-bobo-les-spermatos<\/a><a href=\"https:\/\/www.diocese-belfort-montbeliard.fr\/charmont-montbeliard\/wp-content\/uploads\/sites\/8\/2024\/02\/144-bobo-les-spermatos.pdf\" class=\"wp-block-file__button wp-element-button\" download aria-describedby=\"wp-block-file--media-ed460d6d-9cef-45ef-887c-69fe5cd1836b\">T\u00e9l\u00e9charger<\/a><\/div>\n\n\n\n<div data-wp-interactive=\"core\/file\" class=\"wp-block-file\"><object data-wp-bind--hidden=\"!state.hasPdfPreview\" hidden class=\"wp-block-file__embed\" data=\"https:\/\/www.diocese-belfort-montbeliard.fr\/charmont-montbeliard\/wp-content\/uploads\/sites\/8\/2024\/02\/143-sports-dhiver.pdf\" type=\"application\/pdf\" style=\"width:100%;height:600px\" aria-label=\"Contenu embarqu\u00e9 143-sports-dhiver.\"><\/object><a id=\"wp-block-file--media-8b340139-6275-4c9e-a902-03916f369396\" href=\"https:\/\/www.diocese-belfort-montbeliard.fr\/charmont-montbeliard\/wp-content\/uploads\/sites\/8\/2024\/02\/143-sports-dhiver.pdf\">143-sports-dhiver<\/a><a href=\"https:\/\/www.diocese-belfort-montbeliard.fr\/charmont-montbeliard\/wp-content\/uploads\/sites\/8\/2024\/02\/143-sports-dhiver.pdf\" class=\"wp-block-file__button wp-element-button\" download aria-describedby=\"wp-block-file--media-8b340139-6275-4c9e-a902-03916f369396\">T\u00e9l\u00e9charger<\/a><\/div>\n\n\n\n<div data-wp-interactive=\"core\/file\" class=\"wp-block-file\"><object data-wp-bind--hidden=\"!state.hasPdfPreview\" hidden class=\"wp-block-file__embed\" data=\"https:\/\/www.diocese-belfort-montbeliard.fr\/charmont-montbeliard\/wp-content\/uploads\/sites\/8\/2024\/02\/142-cest-qui-le-patron.pdf\" type=\"application\/pdf\" style=\"width:100%;height:600px\" aria-label=\"Contenu embarqu\u00e9 142-cest-qui-le-patron.\"><\/object><a id=\"wp-block-file--media-87acc8d9-67c3-401e-91c8-cd1e88d03435\" href=\"https:\/\/www.diocese-belfort-montbeliard.fr\/charmont-montbeliard\/wp-content\/uploads\/sites\/8\/2024\/02\/142-cest-qui-le-patron.pdf\">142-cest-qui-le-patron<\/a><a href=\"https:\/\/www.diocese-belfort-montbeliard.fr\/charmont-montbeliard\/wp-content\/uploads\/sites\/8\/2024\/02\/142-cest-qui-le-patron.pdf\" class=\"wp-block-file__button wp-element-button\" download aria-describedby=\"wp-block-file--media-87acc8d9-67c3-401e-91c8-cd1e88d03435\">T\u00e9l\u00e9charger<\/a><\/div>\n\n\n\n<div data-wp-interactive=\"core\/file\" class=\"wp-block-file\"><object data-wp-bind--hidden=\"!state.hasPdfPreview\" hidden class=\"wp-block-file__embed\" data=\"https:\/\/www.diocese-belfort-montbeliard.fr\/charmont-montbeliard\/wp-content\/uploads\/sites\/8\/2024\/02\/141-monde-dapres.pdf\" type=\"application\/pdf\" style=\"width:100%;height:600px\" aria-label=\"Contenu embarqu\u00e9 141-monde-dapres.\"><\/object><a id=\"wp-block-file--media-9f52a684-f6c0-487b-a538-5200f5bd6210\" href=\"https:\/\/www.diocese-belfort-montbeliard.fr\/charmont-montbeliard\/wp-content\/uploads\/sites\/8\/2024\/02\/141-monde-dapres.pdf\">141-monde-dapres<\/a><a href=\"https:\/\/www.diocese-belfort-montbeliard.fr\/charmont-montbeliard\/wp-content\/uploads\/sites\/8\/2024\/02\/141-monde-dapres.pdf\" class=\"wp-block-file__button wp-element-button\" download aria-describedby=\"wp-block-file--media-9f52a684-f6c0-487b-a538-5200f5bd6210\">T\u00e9l\u00e9charger<\/a><\/div>\n\n\n\n<div data-wp-interactive=\"core\/file\" class=\"wp-block-file\"><object data-wp-bind--hidden=\"!state.hasPdfPreview\" hidden class=\"wp-block-file__embed\" data=\"https:\/\/www.diocese-belfort-montbeliard.fr\/charmont-montbeliard\/wp-content\/uploads\/sites\/8\/2024\/01\/140-niksen.pdf\" type=\"application\/pdf\" style=\"width:100%;height:600px\" aria-label=\"Contenu embarqu\u00e9 140-niksen.\"><\/object><a id=\"wp-block-file--media-a423ba3c-fa63-4918-8c65-8de9346900ba\" href=\"https:\/\/www.diocese-belfort-montbeliard.fr\/charmont-montbeliard\/wp-content\/uploads\/sites\/8\/2024\/01\/140-niksen.pdf\">140-niksen<\/a><a href=\"https:\/\/www.diocese-belfort-montbeliard.fr\/charmont-montbeliard\/wp-content\/uploads\/sites\/8\/2024\/01\/140-niksen.pdf\" class=\"wp-block-file__button wp-element-button\" download aria-describedby=\"wp-block-file--media-a423ba3c-fa63-4918-8c65-8de9346900ba\">T\u00e9l\u00e9charger<\/a><\/div>\n\n\n\n<div data-wp-interactive=\"core\/file\" class=\"wp-block-file\"><object data-wp-bind--hidden=\"!state.hasPdfPreview\" hidden class=\"wp-block-file__embed\" data=\"https:\/\/www.diocese-belfort-montbeliard.fr\/charmont-montbeliard\/wp-content\/uploads\/sites\/8\/2023\/12\/139-Noel-2023.pdf\" type=\"application\/pdf\" style=\"width:100%;height:600px\" aria-label=\"Contenu embarqu\u00e9 139-Noel-2023.\"><\/object><a id=\"wp-block-file--media-19c62c1b-0c0d-43b4-b68f-a083b62bd27d\" href=\"https:\/\/www.diocese-belfort-montbeliard.fr\/charmont-montbeliard\/wp-content\/uploads\/sites\/8\/2023\/12\/139-Noel-2023.pdf\">139-Noel-2023<\/a><a href=\"https:\/\/www.diocese-belfort-montbeliard.fr\/charmont-montbeliard\/wp-content\/uploads\/sites\/8\/2023\/12\/139-Noel-2023.pdf\" class=\"wp-block-file__button wp-element-button\" download aria-describedby=\"wp-block-file--media-19c62c1b-0c0d-43b4-b68f-a083b62bd27d\">T\u00e9l\u00e9charger<\/a><\/div>\n\n\n\n<p class=\"has-vert-color has-text-color has-medium-font-size\">Chaque sujet comporte deux pages. &nbsp;Faire d\u00e9filer avec la souris, ou en dessous de la page vous pouvez t\u00e9l\u00e9charger le fichier sur votre ordinateur avec le bouton \u00ab\u00a0T\u00e9l\u00e9charger\u00a0\u00bb<\/p>\n\n\n\n<div data-wp-interactive=\"core\/file\" class=\"wp-block-file\"><object data-wp-bind--hidden=\"!state.hasPdfPreview\" hidden class=\"wp-block-file__embed\" data=\"https:\/\/www.diocese-belfort-montbeliard.fr\/charmont-montbeliard\/wp-content\/uploads\/sites\/8\/2023\/12\/138-Benki-Piyako.pdf\" type=\"application\/pdf\" style=\"width:100%;height:600px\" aria-label=\"Contenu embarqu\u00e9 138-Benki-Piyako.\"><\/object><a id=\"wp-block-file--media-701421b3-1d74-4f65-a6f5-0653b24eedec\" href=\"https:\/\/www.diocese-belfort-montbeliard.fr\/charmont-montbeliard\/wp-content\/uploads\/sites\/8\/2023\/12\/138-Benki-Piyako.pdf\">138-Benki-Piyako<\/a><a href=\"https:\/\/www.diocese-belfort-montbeliard.fr\/charmont-montbeliard\/wp-content\/uploads\/sites\/8\/2023\/12\/138-Benki-Piyako.pdf\" class=\"wp-block-file__button wp-element-button\" download aria-describedby=\"wp-block-file--media-701421b3-1d74-4f65-a6f5-0653b24eedec\">T\u00e9l\u00e9charger<\/a><\/div>\n\n\n\n<div data-wp-interactive=\"core\/file\" class=\"wp-block-file\"><object data-wp-bind--hidden=\"!state.hasPdfPreview\" hidden class=\"wp-block-file__embed\" data=\"https:\/\/www.diocese-belfort-montbeliard.fr\/charmont-montbeliard\/wp-content\/uploads\/sites\/8\/2023\/12\/137-Tarin-des-aulnes.pdf\" type=\"application\/pdf\" style=\"width:100%;height:600px\" aria-label=\"Contenu embarqu\u00e9 137-Tarin-des-aulnes.\"><\/object><a id=\"wp-block-file--media-d41e8891-e0e9-45b5-829a-855a41d7c100\" href=\"https:\/\/www.diocese-belfort-montbeliard.fr\/charmont-montbeliard\/wp-content\/uploads\/sites\/8\/2023\/12\/137-Tarin-des-aulnes.pdf\">137-Tarin-des-aulnes<\/a><a href=\"https:\/\/www.diocese-belfort-montbeliard.fr\/charmont-montbeliard\/wp-content\/uploads\/sites\/8\/2023\/12\/137-Tarin-des-aulnes.pdf\" class=\"wp-block-file__button wp-element-button\" download aria-describedby=\"wp-block-file--media-d41e8891-e0e9-45b5-829a-855a41d7c100\">T\u00e9l\u00e9charger<\/a><\/div>\n\n\n\n<div data-wp-interactive=\"core\/file\" class=\"wp-block-file\"><object data-wp-bind--hidden=\"!state.hasPdfPreview\" hidden class=\"wp-block-file__embed\" data=\"https:\/\/www.diocese-belfort-montbeliard.fr\/charmont-montbeliard\/wp-content\/uploads\/sites\/8\/2023\/12\/136-biais-cognitif.pdf\" type=\"application\/pdf\" style=\"width:100%;height:600px\" aria-label=\"Contenu embarqu\u00e9 136-biais-cognitif.\"><\/object><a id=\"wp-block-file--media-ecfd4b1d-5f88-49c4-b120-12264b37cde2\" href=\"https:\/\/www.diocese-belfort-montbeliard.fr\/charmont-montbeliard\/wp-content\/uploads\/sites\/8\/2023\/12\/136-biais-cognitif.pdf\">136-biais-cognitif<\/a><a href=\"https:\/\/www.diocese-belfort-montbeliard.fr\/charmont-montbeliard\/wp-content\/uploads\/sites\/8\/2023\/12\/136-biais-cognitif.pdf\" class=\"wp-block-file__button wp-element-button\" download aria-describedby=\"wp-block-file--media-ecfd4b1d-5f88-49c4-b120-12264b37cde2\">T\u00e9l\u00e9charger<\/a><\/div>\n\n\n\n<div data-wp-interactive=\"core\/file\" class=\"wp-block-file\"><object data-wp-bind--hidden=\"!state.hasPdfPreview\" hidden class=\"wp-block-file__embed\" data=\"https:\/\/www.diocese-belfort-montbeliard.fr\/charmont-montbeliard\/wp-content\/uploads\/sites\/8\/2023\/11\/135-bulle-cognitive.pdf\" type=\"application\/pdf\" style=\"width:100%;height:600px\" aria-label=\"Contenu embarqu\u00e9 135-bulle-cognitive.\"><\/object><a id=\"wp-block-file--media-d37b9f98-5ffe-45cd-b9a5-12c2c339e0af\" href=\"https:\/\/www.diocese-belfort-montbeliard.fr\/charmont-montbeliard\/wp-content\/uploads\/sites\/8\/2023\/11\/135-bulle-cognitive.pdf\">135-bulle-cognitive<\/a><a href=\"https:\/\/www.diocese-belfort-montbeliard.fr\/charmont-montbeliard\/wp-content\/uploads\/sites\/8\/2023\/11\/135-bulle-cognitive.pdf\" class=\"wp-block-file__button wp-element-button\" download aria-describedby=\"wp-block-file--media-d37b9f98-5ffe-45cd-b9a5-12c2c339e0af\">T\u00e9l\u00e9charger<\/a><\/div>\n\n\n\n<div data-wp-interactive=\"core\/file\" class=\"wp-block-file\"><object data-wp-bind--hidden=\"!state.hasPdfPreview\" hidden class=\"wp-block-file__embed\" data=\"https:\/\/www.diocese-belfort-montbeliard.fr\/charmont-montbeliard\/wp-content\/uploads\/sites\/8\/2023\/11\/133-yop-la-boum-les-paillettes.pdf\" type=\"application\/pdf\" style=\"width:100%;height:600px\" aria-label=\"Contenu embarqu\u00e9 133-yop-la-boum-les-paillettes.\"><\/object><a id=\"wp-block-file--media-212efdb9-ac78-4f84-843c-207c3404fb0e\" href=\"https:\/\/www.diocese-belfort-montbeliard.fr\/charmont-montbeliard\/wp-content\/uploads\/sites\/8\/2023\/11\/133-yop-la-boum-les-paillettes.pdf\">133-yop-la-boum-les-paillettes<\/a><a href=\"https:\/\/www.diocese-belfort-montbeliard.fr\/charmont-montbeliard\/wp-content\/uploads\/sites\/8\/2023\/11\/133-yop-la-boum-les-paillettes.pdf\" class=\"wp-block-file__button wp-element-button\" download aria-describedby=\"wp-block-file--media-212efdb9-ac78-4f84-843c-207c3404fb0e\">T\u00e9l\u00e9charger<\/a><\/div>\n\n\n\n<div data-wp-interactive=\"core\/file\" class=\"wp-block-file\"><object data-wp-bind--hidden=\"!state.hasPdfPreview\" hidden class=\"wp-block-file__embed\" data=\"https:\/\/www.diocese-belfort-montbeliard.fr\/charmont-montbeliard\/wp-content\/uploads\/sites\/8\/2023\/11\/132-le-cri-du-mais.pdf\" type=\"application\/pdf\" style=\"width:100%;height:600px\" aria-label=\"Contenu embarqu\u00e9 132-le-cri-du-mais.\"><\/object><a id=\"wp-block-file--media-4838419f-366d-4261-9189-66bdea9c9efc\" href=\"https:\/\/www.diocese-belfort-montbeliard.fr\/charmont-montbeliard\/wp-content\/uploads\/sites\/8\/2023\/11\/132-le-cri-du-mais.pdf\">132-le-cri-du-mais<\/a><a href=\"https:\/\/www.diocese-belfort-montbeliard.fr\/charmont-montbeliard\/wp-content\/uploads\/sites\/8\/2023\/11\/132-le-cri-du-mais.pdf\" class=\"wp-block-file__button wp-element-button\" download aria-describedby=\"wp-block-file--media-4838419f-366d-4261-9189-66bdea9c9efc\">T\u00e9l\u00e9charger<\/a><\/div>\n\n\n\n<div data-wp-interactive=\"core\/file\" class=\"wp-block-file\"><object data-wp-bind--hidden=\"!state.hasPdfPreview\" hidden class=\"wp-block-file__embed\" data=\"https:\/\/www.diocese-belfort-montbeliard.fr\/charmont-montbeliard\/wp-content\/uploads\/sites\/8\/2023\/10\/131-du-pipi-dans-le-pain-.pdf\" type=\"application\/pdf\" style=\"width:100%;height:600px\" aria-label=\"Contenu embarqu\u00e9 131-du-pipi-dans-le-pain-.\"><\/object><a id=\"wp-block-file--media-707a692e-455d-4aeb-ad43-a02de107f969\" href=\"https:\/\/www.diocese-belfort-montbeliard.fr\/charmont-montbeliard\/wp-content\/uploads\/sites\/8\/2023\/10\/131-du-pipi-dans-le-pain-.pdf\">131-du-pipi-dans-le-pain-<\/a><a href=\"https:\/\/www.diocese-belfort-montbeliard.fr\/charmont-montbeliard\/wp-content\/uploads\/sites\/8\/2023\/10\/131-du-pipi-dans-le-pain-.pdf\" class=\"wp-block-file__button wp-element-button\" download aria-describedby=\"wp-block-file--media-707a692e-455d-4aeb-ad43-a02de107f969\">T\u00e9l\u00e9charger<\/a><\/div>\n\n\n\n<div data-wp-interactive=\"core\/file\" class=\"wp-block-file\"><object data-wp-bind--hidden=\"!state.hasPdfPreview\" hidden class=\"wp-block-file__embed\" data=\"https:\/\/www.diocese-belfort-montbeliard.fr\/charmont-montbeliard\/wp-content\/uploads\/sites\/8\/2023\/10\/130-Bonnes-nouvelles.pdf\" type=\"application\/pdf\" style=\"width:100%;height:600px\" aria-label=\"Contenu embarqu\u00e9 130-Bonnes-nouvelles.\"><\/object><a id=\"wp-block-file--media-c001b200-c0ea-4dca-b906-a6ccdcf20e75\" href=\"https:\/\/www.diocese-belfort-montbeliard.fr\/charmont-montbeliard\/wp-content\/uploads\/sites\/8\/2023\/10\/130-Bonnes-nouvelles.pdf\">130-Bonnes-nouvelles<\/a><a href=\"https:\/\/www.diocese-belfort-montbeliard.fr\/charmont-montbeliard\/wp-content\/uploads\/sites\/8\/2023\/10\/130-Bonnes-nouvelles.pdf\" class=\"wp-block-file__button wp-element-button\" download aria-describedby=\"wp-block-file--media-c001b200-c0ea-4dca-b906-a6ccdcf20e75\">T\u00e9l\u00e9charger<\/a><\/div>\n\n\n\n<div data-wp-interactive=\"core\/file\" class=\"wp-block-file\"><object data-wp-bind--hidden=\"!state.hasPdfPreview\" hidden class=\"wp-block-file__embed\" data=\"https:\/\/www.diocese-belfort-montbeliard.fr\/charmont-montbeliard\/wp-content\/uploads\/sites\/8\/2023\/10\/129-nounours.pdf\" type=\"application\/pdf\" style=\"width:100%;height:600px\" aria-label=\"Contenu embarqu\u00e9 129-nounours.\"><\/object><a id=\"wp-block-file--media-4106cce4-a43d-4d34-87c9-dd3ec24fa7ed\" href=\"https:\/\/www.diocese-belfort-montbeliard.fr\/charmont-montbeliard\/wp-content\/uploads\/sites\/8\/2023\/10\/129-nounours.pdf\">129-nounours<\/a><a href=\"https:\/\/www.diocese-belfort-montbeliard.fr\/charmont-montbeliard\/wp-content\/uploads\/sites\/8\/2023\/10\/129-nounours.pdf\" class=\"wp-block-file__button wp-element-button\" download aria-describedby=\"wp-block-file--media-4106cce4-a43d-4d34-87c9-dd3ec24fa7ed\">T\u00e9l\u00e9charger<\/a><\/div>\n\n\n\n<div data-wp-interactive=\"core\/file\" class=\"wp-block-file\"><object data-wp-bind--hidden=\"!state.hasPdfPreview\" hidden class=\"wp-block-file__embed\" data=\"https:\/\/www.diocese-belfort-montbeliard.fr\/charmont-montbeliard\/wp-content\/uploads\/sites\/8\/2023\/09\/128-paille-.pdf\" type=\"application\/pdf\" style=\"width:100%;height:600px\" aria-label=\"Contenu embarqu\u00e9 128-paille-.\"><\/object><a id=\"wp-block-file--media-c5320613-671a-4393-a25e-dee2f2d1a660\" href=\"https:\/\/www.diocese-belfort-montbeliard.fr\/charmont-montbeliard\/wp-content\/uploads\/sites\/8\/2023\/09\/128-paille-.pdf\">128-paille-<\/a><a href=\"https:\/\/www.diocese-belfort-montbeliard.fr\/charmont-montbeliard\/wp-content\/uploads\/sites\/8\/2023\/09\/128-paille-.pdf\" class=\"wp-block-file__button wp-element-button\" download aria-describedby=\"wp-block-file--media-c5320613-671a-4393-a25e-dee2f2d1a660\">T\u00e9l\u00e9charger<\/a><\/div>\n\n\n\n<div data-wp-interactive=\"core\/file\" class=\"wp-block-file\"><object data-wp-bind--hidden=\"!state.hasPdfPreview\" hidden class=\"wp-block-file__embed\" data=\"https:\/\/www.diocese-belfort-montbeliard.fr\/charmont-montbeliard\/wp-content\/uploads\/sites\/8\/2023\/09\/127-Epeire-fasciee.pdf\" type=\"application\/pdf\" style=\"width:100%;height:600px\" aria-label=\"Contenu embarqu\u00e9 127-Epeire-fasciee.\"><\/object><a id=\"wp-block-file--media-d0070e4b-7e21-49ba-bf9b-0eefd4502993\" href=\"https:\/\/www.diocese-belfort-montbeliard.fr\/charmont-montbeliard\/wp-content\/uploads\/sites\/8\/2023\/09\/127-Epeire-fasciee.pdf\">127-Epeire-fasciee<\/a><a href=\"https:\/\/www.diocese-belfort-montbeliard.fr\/charmont-montbeliard\/wp-content\/uploads\/sites\/8\/2023\/09\/127-Epeire-fasciee.pdf\" class=\"wp-block-file__button wp-element-button\" download aria-describedby=\"wp-block-file--media-d0070e4b-7e21-49ba-bf9b-0eefd4502993\">T\u00e9l\u00e9charger<\/a><\/div>\n\n\n\n<div data-wp-interactive=\"core\/file\" class=\"wp-block-file\"><object data-wp-bind--hidden=\"!state.hasPdfPreview\" hidden class=\"wp-block-file__embed\" data=\"https:\/\/www.diocese-belfort-montbeliard.fr\/charmont-montbeliard\/wp-content\/uploads\/sites\/8\/2023\/08\/126-Wouah-une-scutigere.pdf\" type=\"application\/pdf\" style=\"width:100%;height:600px\" aria-label=\"Contenu embarqu\u00e9 126-Wouah-une-scutigere.\"><\/object><a id=\"wp-block-file--media-158fcbbf-5099-4b37-b772-ef10f6e5dccb\" href=\"https:\/\/www.diocese-belfort-montbeliard.fr\/charmont-montbeliard\/wp-content\/uploads\/sites\/8\/2023\/08\/126-Wouah-une-scutigere.pdf\">126-Wouah-une-scutigere<\/a><a href=\"https:\/\/www.diocese-belfort-montbeliard.fr\/charmont-montbeliard\/wp-content\/uploads\/sites\/8\/2023\/08\/126-Wouah-une-scutigere.pdf\" class=\"wp-block-file__button wp-element-button\" download aria-describedby=\"wp-block-file--media-158fcbbf-5099-4b37-b772-ef10f6e5dccb\">T\u00e9l\u00e9charger<\/a><\/div>\n\n\n\n<div data-wp-interactive=\"core\/file\" class=\"wp-block-file\"><object data-wp-bind--hidden=\"!state.hasPdfPreview\" hidden class=\"wp-block-file__embed\" data=\"https:\/\/www.diocese-belfort-montbeliard.fr\/charmont-montbeliard\/wp-content\/uploads\/sites\/8\/2023\/06\/124-tu-me-fais-marcher.pdf\" type=\"application\/pdf\" style=\"width:100%;height:600px\" aria-label=\"Contenu embarqu\u00e9 124-tu-me-fais-marcher.\"><\/object><a id=\"wp-block-file--media-010a3733-6b79-42b6-b585-cc49906112c8\" href=\"https:\/\/www.diocese-belfort-montbeliard.fr\/charmont-montbeliard\/wp-content\/uploads\/sites\/8\/2023\/06\/124-tu-me-fais-marcher.pdf\">124-tu-me-fais-marcher<\/a><a href=\"https:\/\/www.diocese-belfort-montbeliard.fr\/charmont-montbeliard\/wp-content\/uploads\/sites\/8\/2023\/06\/124-tu-me-fais-marcher.pdf\" class=\"wp-block-file__button wp-element-button\" download aria-describedby=\"wp-block-file--media-010a3733-6b79-42b6-b585-cc49906112c8\">T\u00e9l\u00e9charger<\/a><\/div>\n\n\n\n<div data-wp-interactive=\"core\/file\" class=\"wp-block-file\"><object data-wp-bind--hidden=\"!state.hasPdfPreview\" hidden class=\"wp-block-file__embed\" data=\"https:\/\/www.diocese-belfort-montbeliard.fr\/charmont-montbeliard\/wp-content\/uploads\/sites\/8\/2023\/05\/123-Pollen-et-produit-dhygiene.pdf\" type=\"application\/pdf\" style=\"width:100%;height:600px\" aria-label=\"Contenu embarqu\u00e9 123-Pollen-et-produit-dhygiene.\"><\/object><a id=\"wp-block-file--media-3089921a-6a3f-4aa7-8f72-7080425ea6b4\" href=\"https:\/\/www.diocese-belfort-montbeliard.fr\/charmont-montbeliard\/wp-content\/uploads\/sites\/8\/2023\/05\/123-Pollen-et-produit-dhygiene.pdf\">123-Pollen-et-produit-dhygiene<\/a><a href=\"https:\/\/www.diocese-belfort-montbeliard.fr\/charmont-montbeliard\/wp-content\/uploads\/sites\/8\/2023\/05\/123-Pollen-et-produit-dhygiene.pdf\" class=\"wp-block-file__button wp-element-button\" download aria-describedby=\"wp-block-file--media-3089921a-6a3f-4aa7-8f72-7080425ea6b4\">T\u00e9l\u00e9charger<\/a><\/div>\n\n\n\n<div data-wp-interactive=\"core\/file\" class=\"wp-block-file\"><object data-wp-bind--hidden=\"!state.hasPdfPreview\" hidden class=\"wp-block-file__embed\" data=\"https:\/\/www.diocese-belfort-montbeliard.fr\/charmont-montbeliard\/wp-content\/uploads\/sites\/8\/2023\/05\/122-Grillon.pdf\" type=\"application\/pdf\" style=\"width:100%;height:600px\" aria-label=\"Contenu embarqu\u00e9 122-Grillon.\"><\/object><a id=\"wp-block-file--media-f97d24f3-759e-4264-a86d-1f6ac30b6fe9\" href=\"https:\/\/www.diocese-belfort-montbeliard.fr\/charmont-montbeliard\/wp-content\/uploads\/sites\/8\/2023\/05\/122-Grillon.pdf\">122-Grillon<\/a><a href=\"https:\/\/www.diocese-belfort-montbeliard.fr\/charmont-montbeliard\/wp-content\/uploads\/sites\/8\/2023\/05\/122-Grillon.pdf\" class=\"wp-block-file__button wp-element-button\" download aria-describedby=\"wp-block-file--media-f97d24f3-759e-4264-a86d-1f6ac30b6fe9\">T\u00e9l\u00e9charger<\/a><\/div>\n\n\n\n<div data-wp-interactive=\"core\/file\" class=\"wp-block-file\"><object data-wp-bind--hidden=\"!state.hasPdfPreview\" hidden class=\"wp-block-file__embed\" data=\"https:\/\/www.diocese-belfort-montbeliard.fr\/charmont-montbeliard\/wp-content\/uploads\/sites\/8\/2023\/05\/121-Supers-voisins.pdf\" type=\"application\/pdf\" style=\"width:100%;height:600px\" aria-label=\"Contenu embarqu\u00e9 121-Supers-voisins.\"><\/object><a id=\"wp-block-file--media-0c200199-20fa-464c-af32-1fd999346d20\" href=\"https:\/\/www.diocese-belfort-montbeliard.fr\/charmont-montbeliard\/wp-content\/uploads\/sites\/8\/2023\/05\/121-Supers-voisins.pdf\">121-Supers-voisins<\/a><a href=\"https:\/\/www.diocese-belfort-montbeliard.fr\/charmont-montbeliard\/wp-content\/uploads\/sites\/8\/2023\/05\/121-Supers-voisins.pdf\" class=\"wp-block-file__button wp-element-button\" download aria-describedby=\"wp-block-file--media-0c200199-20fa-464c-af32-1fd999346d20\">T\u00e9l\u00e9charger<\/a><\/div>\n\n\n\n<div data-wp-interactive=\"core\/file\" class=\"wp-block-file\"><object data-wp-bind--hidden=\"!state.hasPdfPreview\" hidden class=\"wp-block-file__embed\" data=\"https:\/\/www.diocese-belfort-montbeliard.fr\/charmont-montbeliard\/wp-content\/uploads\/sites\/8\/2023\/04\/120-bec-de-grue.pdf\" type=\"application\/pdf\" style=\"width:100%;height:600px\" aria-label=\"Contenu embarqu\u00e9 120-bec-de-grue.\"><\/object><a id=\"wp-block-file--media-d538681d-ac95-4ec7-b021-193a3b5ac98a\" href=\"https:\/\/www.diocese-belfort-montbeliard.fr\/charmont-montbeliard\/wp-content\/uploads\/sites\/8\/2023\/04\/120-bec-de-grue.pdf\">120-bec-de-grue<\/a><a href=\"https:\/\/www.diocese-belfort-montbeliard.fr\/charmont-montbeliard\/wp-content\/uploads\/sites\/8\/2023\/04\/120-bec-de-grue.pdf\" class=\"wp-block-file__button wp-element-button\" download aria-describedby=\"wp-block-file--media-d538681d-ac95-4ec7-b021-193a3b5ac98a\">T\u00e9l\u00e9charger<\/a><\/div>\n\n\n\n<div data-wp-interactive=\"core\/file\" class=\"wp-block-file\"><object data-wp-bind--hidden=\"!state.hasPdfPreview\" hidden class=\"wp-block-file__embed\" data=\"https:\/\/www.diocese-belfort-montbeliard.fr\/charmont-montbeliard\/wp-content\/uploads\/sites\/8\/2023\/04\/119-libellule.pdf\" type=\"application\/pdf\" style=\"width:100%;height:600px\" aria-label=\"Contenu embarqu\u00e9 119-libellule.\"><\/object><a id=\"wp-block-file--media-ceaeb370-6147-406e-8d1b-368bed036a69\" href=\"https:\/\/www.diocese-belfort-montbeliard.fr\/charmont-montbeliard\/wp-content\/uploads\/sites\/8\/2023\/04\/119-libellule.pdf\">119-libellule<\/a><a href=\"https:\/\/www.diocese-belfort-montbeliard.fr\/charmont-montbeliard\/wp-content\/uploads\/sites\/8\/2023\/04\/119-libellule.pdf\" class=\"wp-block-file__button wp-element-button\" download aria-describedby=\"wp-block-file--media-ceaeb370-6147-406e-8d1b-368bed036a69\">T\u00e9l\u00e9charger<\/a><\/div>\n\n\n\n<div data-wp-interactive=\"core\/file\" class=\"wp-block-file\"><object data-wp-bind--hidden=\"!state.hasPdfPreview\" hidden class=\"wp-block-file__embed\" data=\"https:\/\/www.diocese-belfort-montbeliard.fr\/charmont-montbeliard\/wp-content\/uploads\/sites\/8\/2023\/04\/118-petite-bestiole-grands-effets-.pdf\" type=\"application\/pdf\" style=\"width:100%;height:600px\" aria-label=\"Contenu embarqu\u00e9 118-petite-bestiole-grands-effets-.\"><\/object><a id=\"wp-block-file--media-49a4c108-581f-445a-935a-f4d4b9f90698\" href=\"https:\/\/www.diocese-belfort-montbeliard.fr\/charmont-montbeliard\/wp-content\/uploads\/sites\/8\/2023\/04\/118-petite-bestiole-grands-effets-.pdf\">118-petite-bestiole-grands-effets-<\/a><a href=\"https:\/\/www.diocese-belfort-montbeliard.fr\/charmont-montbeliard\/wp-content\/uploads\/sites\/8\/2023\/04\/118-petite-bestiole-grands-effets-.pdf\" class=\"wp-block-file__button wp-element-button\" download aria-describedby=\"wp-block-file--media-49a4c108-581f-445a-935a-f4d4b9f90698\">T\u00e9l\u00e9charger<\/a><\/div>\n\n\n\n<div data-wp-interactive=\"core\/file\" class=\"wp-block-file\"><object data-wp-bind--hidden=\"!state.hasPdfPreview\" hidden class=\"wp-block-file__embed\" data=\"https:\/\/www.diocese-belfort-montbeliard.fr\/charmont-montbeliard\/wp-content\/uploads\/sites\/8\/2023\/04\/117-BUIS.pdf\" type=\"application\/pdf\" style=\"width:100%;height:600px\" aria-label=\"Contenu embarqu\u00e9 117-BUIS.\"><\/object><a id=\"wp-block-file--media-e11431ab-3a42-4a7b-b656-59ede75a3d14\" href=\"https:\/\/www.diocese-belfort-montbeliard.fr\/charmont-montbeliard\/wp-content\/uploads\/sites\/8\/2023\/04\/117-BUIS.pdf\">117-BUIS<\/a><a href=\"https:\/\/www.diocese-belfort-montbeliard.fr\/charmont-montbeliard\/wp-content\/uploads\/sites\/8\/2023\/04\/117-BUIS.pdf\" class=\"wp-block-file__button wp-element-button\" download aria-describedby=\"wp-block-file--media-e11431ab-3a42-4a7b-b656-59ede75a3d14\">T\u00e9l\u00e9charger<\/a><\/div>\n\n\n\n<div data-wp-interactive=\"core\/file\" class=\"wp-block-file\"><object data-wp-bind--hidden=\"!state.hasPdfPreview\" hidden class=\"wp-block-file__embed\" data=\"https:\/\/www.diocese-belfort-montbeliard.fr\/charmont-montbeliard\/wp-content\/uploads\/sites\/8\/2023\/03\/116-vegan.pdf\" type=\"application\/pdf\" style=\"width:100%;height:600px\" aria-label=\"Contenu embarqu\u00e9 116-vegan.\"><\/object><a id=\"wp-block-file--media-01296bb7-320d-4caa-8a6a-d0c768560300\" href=\"https:\/\/www.diocese-belfort-montbeliard.fr\/charmont-montbeliard\/wp-content\/uploads\/sites\/8\/2023\/03\/116-vegan.pdf\">116-vegan<\/a><a href=\"https:\/\/www.diocese-belfort-montbeliard.fr\/charmont-montbeliard\/wp-content\/uploads\/sites\/8\/2023\/03\/116-vegan.pdf\" class=\"wp-block-file__button wp-element-button\" download aria-describedby=\"wp-block-file--media-01296bb7-320d-4caa-8a6a-d0c768560300\">T\u00e9l\u00e9charger<\/a><\/div>\n\n\n\n<div data-wp-interactive=\"core\/file\" class=\"wp-block-file\"><object data-wp-bind--hidden=\"!state.hasPdfPreview\" hidden class=\"wp-block-file__embed\" data=\"https:\/\/www.diocese-belfort-montbeliard.fr\/charmont-montbeliard\/wp-content\/uploads\/sites\/8\/2023\/03\/115-on-shabille-comment.pdf\" type=\"application\/pdf\" style=\"width:100%;height:600px\" aria-label=\"Contenu embarqu\u00e9 115-on-shabille-comment.\"><\/object><a id=\"wp-block-file--media-83eaac87-49c7-4f64-851a-9e396ae76460\" href=\"https:\/\/www.diocese-belfort-montbeliard.fr\/charmont-montbeliard\/wp-content\/uploads\/sites\/8\/2023\/03\/115-on-shabille-comment.pdf\">115-on-shabille-comment<\/a><a href=\"https:\/\/www.diocese-belfort-montbeliard.fr\/charmont-montbeliard\/wp-content\/uploads\/sites\/8\/2023\/03\/115-on-shabille-comment.pdf\" class=\"wp-block-file__button wp-element-button\" download aria-describedby=\"wp-block-file--media-83eaac87-49c7-4f64-851a-9e396ae76460\">T\u00e9l\u00e9charger<\/a><\/div>\n\n\n\n<div data-wp-interactive=\"core\/file\" class=\"wp-block-file\"><object data-wp-bind--hidden=\"!state.hasPdfPreview\" hidden class=\"wp-block-file__embed\" data=\"https:\/\/www.diocese-belfort-montbeliard.fr\/charmont-montbeliard\/wp-content\/uploads\/sites\/8\/2023\/02\/114-Puits-de-carbone.pdf\" type=\"application\/pdf\" style=\"width:100%;height:600px\" aria-label=\"Contenu embarqu\u00e9 114-Puits-de-carbone.\"><\/object><a id=\"wp-block-file--media-fff992f7-970f-4172-84f2-3642bb1b3851\" href=\"https:\/\/www.diocese-belfort-montbeliard.fr\/charmont-montbeliard\/wp-content\/uploads\/sites\/8\/2023\/02\/114-Puits-de-carbone.pdf\">114-Puits-de-carbone<\/a><a href=\"https:\/\/www.diocese-belfort-montbeliard.fr\/charmont-montbeliard\/wp-content\/uploads\/sites\/8\/2023\/02\/114-Puits-de-carbone.pdf\" class=\"wp-block-file__button wp-element-button\" download aria-describedby=\"wp-block-file--media-fff992f7-970f-4172-84f2-3642bb1b3851\">T\u00e9l\u00e9charger<\/a><\/div>\n\n\n\n<div data-wp-interactive=\"core\/file\" class=\"wp-block-file\"><object data-wp-bind--hidden=\"!state.hasPdfPreview\" hidden class=\"wp-block-file__embed\" data=\"https:\/\/www.diocese-belfort-montbeliard.fr\/charmont-montbeliard\/wp-content\/uploads\/sites\/8\/2023\/02\/113-Dur-lhiver-a-la-montagne.pdf\" type=\"application\/pdf\" style=\"width:100%;height:600px\" aria-label=\"Contenu embarqu\u00e9 113-Dur-lhiver-a-la-montagne.\"><\/object><a id=\"wp-block-file--media-1d3f1f79-2c9c-452b-ae39-42bd0ad6f3f8\" href=\"https:\/\/www.diocese-belfort-montbeliard.fr\/charmont-montbeliard\/wp-content\/uploads\/sites\/8\/2023\/02\/113-Dur-lhiver-a-la-montagne.pdf\">113-Dur-lhiver-a-la-montagne<\/a><a href=\"https:\/\/www.diocese-belfort-montbeliard.fr\/charmont-montbeliard\/wp-content\/uploads\/sites\/8\/2023\/02\/113-Dur-lhiver-a-la-montagne.pdf\" class=\"wp-block-file__button wp-element-button\" download aria-describedby=\"wp-block-file--media-1d3f1f79-2c9c-452b-ae39-42bd0ad6f3f8\">T\u00e9l\u00e9charger<\/a><\/div>\n\n\n\n<div data-wp-interactive=\"core\/file\" class=\"wp-block-file\"><object data-wp-bind--hidden=\"!state.hasPdfPreview\" hidden class=\"wp-block-file__embed\" data=\"https:\/\/www.diocese-belfort-montbeliard.fr\/charmont-montbeliard\/wp-content\/uploads\/sites\/8\/2023\/02\/112-Nappe-phreatique.pdf\" type=\"application\/pdf\" style=\"width:100%;height:600px\" aria-label=\"Contenu embarqu\u00e9 112-Nappe-phreatique.\"><\/object><a id=\"wp-block-file--media-9b33e9da-2400-46cf-9403-df0361e92059\" href=\"https:\/\/www.diocese-belfort-montbeliard.fr\/charmont-montbeliard\/wp-content\/uploads\/sites\/8\/2023\/02\/112-Nappe-phreatique.pdf\">112-Nappe-phreatique<\/a><a href=\"https:\/\/www.diocese-belfort-montbeliard.fr\/charmont-montbeliard\/wp-content\/uploads\/sites\/8\/2023\/02\/112-Nappe-phreatique.pdf\" class=\"wp-block-file__button wp-element-button\" download aria-describedby=\"wp-block-file--media-9b33e9da-2400-46cf-9403-df0361e92059\">T\u00e9l\u00e9charger<\/a><\/div>\n\n\n\n<div data-wp-interactive=\"core\/file\" class=\"wp-block-file\"><object data-wp-bind--hidden=\"!state.hasPdfPreview\" hidden class=\"wp-block-file__embed\" data=\"https:\/\/www.diocese-belfort-montbeliard.fr\/charmont-montbeliard\/wp-content\/uploads\/sites\/8\/2023\/01\/111-GIEC.pdf\" type=\"application\/pdf\" style=\"width:100%;height:600px\" aria-label=\"Contenu embarqu\u00e9 111-GIEC.\"><\/object><a id=\"wp-block-file--media-a4cf5457-bb09-4820-9c84-92543c61843b\" href=\"https:\/\/www.diocese-belfort-montbeliard.fr\/charmont-montbeliard\/wp-content\/uploads\/sites\/8\/2023\/01\/111-GIEC.pdf\">111-GIEC<\/a><a href=\"https:\/\/www.diocese-belfort-montbeliard.fr\/charmont-montbeliard\/wp-content\/uploads\/sites\/8\/2023\/01\/111-GIEC.pdf\" class=\"wp-block-file__button wp-element-button\" download aria-describedby=\"wp-block-file--media-a4cf5457-bb09-4820-9c84-92543c61843b\">T\u00e9l\u00e9charger<\/a><\/div>\n\n\n\n<div data-wp-interactive=\"core\/file\" class=\"wp-block-file\"><object data-wp-bind--hidden=\"!state.hasPdfPreview\" hidden class=\"wp-block-file__embed\" data=\"https:\/\/www.diocese-belfort-montbeliard.fr\/charmont-montbeliard\/wp-content\/uploads\/sites\/8\/2023\/01\/110-TaCa-rouler-moins-vite.pdf\" type=\"application\/pdf\" style=\"width:100%;height:600px\" aria-label=\"Contenu embarqu\u00e9 110-TaCa-rouler-moins-vite.\"><\/object><a id=\"wp-block-file--media-104601ad-2395-49c8-94c5-dda6f1b0c5ac\" href=\"https:\/\/www.diocese-belfort-montbeliard.fr\/charmont-montbeliard\/wp-content\/uploads\/sites\/8\/2023\/01\/110-TaCa-rouler-moins-vite.pdf\">110-TaCa-rouler-moins-vite<\/a><a href=\"https:\/\/www.diocese-belfort-montbeliard.fr\/charmont-montbeliard\/wp-content\/uploads\/sites\/8\/2023\/01\/110-TaCa-rouler-moins-vite.pdf\" class=\"wp-block-file__button wp-element-button\" download aria-describedby=\"wp-block-file--media-104601ad-2395-49c8-94c5-dda6f1b0c5ac\">T\u00e9l\u00e9charger<\/a><\/div>\n\n\n\n<div data-wp-interactive=\"core\/file\" class=\"wp-block-file\"><object data-wp-bind--hidden=\"!state.hasPdfPreview\" hidden class=\"wp-block-file__embed\" data=\"https:\/\/www.diocese-belfort-montbeliard.fr\/charmont-montbeliard\/wp-content\/uploads\/sites\/8\/2023\/01\/109-nos-cheres-photos.pdf\" type=\"application\/pdf\" style=\"width:100%;height:600px\" aria-label=\"Contenu embarqu\u00e9 109-nos-cheres-photos.\"><\/object><a id=\"wp-block-file--media-30561c0c-0f2b-4bc6-9735-48cc154b2035\" href=\"https:\/\/www.diocese-belfort-montbeliard.fr\/charmont-montbeliard\/wp-content\/uploads\/sites\/8\/2023\/01\/109-nos-cheres-photos.pdf\">109-nos-cheres-photos<\/a><a href=\"https:\/\/www.diocese-belfort-montbeliard.fr\/charmont-montbeliard\/wp-content\/uploads\/sites\/8\/2023\/01\/109-nos-cheres-photos.pdf\" class=\"wp-block-file__button wp-element-button\" download aria-describedby=\"wp-block-file--media-30561c0c-0f2b-4bc6-9735-48cc154b2035\">T\u00e9l\u00e9charger<\/a><\/div>\n\n\n\n<div data-wp-interactive=\"core\/file\" class=\"wp-block-file\"><object data-wp-bind--hidden=\"!state.hasPdfPreview\" hidden class=\"wp-block-file__embed\" data=\"https:\/\/www.diocese-belfort-montbeliard.fr\/charmont-montbeliard\/wp-content\/uploads\/sites\/8\/2023\/01\/108-ecologie-punitive.pdf\" type=\"application\/pdf\" style=\"width:100%;height:600px\" aria-label=\"Contenu embarqu\u00e9 108-ecologie-punitive.\"><\/object><a id=\"wp-block-file--media-4eceb221-6ac6-45ed-b4ef-c062efbdc147\" href=\"https:\/\/www.diocese-belfort-montbeliard.fr\/charmont-montbeliard\/wp-content\/uploads\/sites\/8\/2023\/01\/108-ecologie-punitive.pdf\">108-ecologie-punitive<\/a><a href=\"https:\/\/www.diocese-belfort-montbeliard.fr\/charmont-montbeliard\/wp-content\/uploads\/sites\/8\/2023\/01\/108-ecologie-punitive.pdf\" class=\"wp-block-file__button wp-element-button\" download aria-describedby=\"wp-block-file--media-4eceb221-6ac6-45ed-b4ef-c062efbdc147\">T\u00e9l\u00e9charger<\/a><\/div>\n\n\n\n<div data-wp-interactive=\"core\/file\" class=\"wp-block-file\"><object data-wp-bind--hidden=\"!state.hasPdfPreview\" hidden class=\"wp-block-file__embed\" data=\"https:\/\/www.diocese-belfort-montbeliard.fr\/charmont-montbeliard\/wp-content\/uploads\/sites\/8\/2022\/12\/107-froid.pdf\" type=\"application\/pdf\" style=\"width:100%;height:600px\" aria-label=\"Contenu embarqu\u00e9 107-froid.\"><\/object><a id=\"wp-block-file--media-7858692f-65b8-4015-b81d-ca9598ff69b5\" href=\"https:\/\/www.diocese-belfort-montbeliard.fr\/charmont-montbeliard\/wp-content\/uploads\/sites\/8\/2022\/12\/107-froid.pdf\">107-froid<\/a><a href=\"https:\/\/www.diocese-belfort-montbeliard.fr\/charmont-montbeliard\/wp-content\/uploads\/sites\/8\/2022\/12\/107-froid.pdf\" class=\"wp-block-file__button wp-element-button\" download aria-describedby=\"wp-block-file--media-7858692f-65b8-4015-b81d-ca9598ff69b5\">T\u00e9l\u00e9charger<\/a><\/div>\n\n\n\n<div data-wp-interactive=\"core\/file\" class=\"wp-block-file\"><object data-wp-bind--hidden=\"!state.hasPdfPreview\" hidden class=\"wp-block-file__embed\" data=\"https:\/\/www.diocese-belfort-montbeliard.fr\/charmont-montbeliard\/wp-content\/uploads\/sites\/8\/2022\/12\/106-un-oeil-une-plume-Maurice-Genevoix.pdf\" type=\"application\/pdf\" style=\"width:100%;height:600px\" aria-label=\"Contenu embarqu\u00e9 106-un-oeil-une-plume-Maurice-Genevoix.\"><\/object><a id=\"wp-block-file--media-37b7b534-03b4-443a-a957-e3995fda49e4\" href=\"https:\/\/www.diocese-belfort-montbeliard.fr\/charmont-montbeliard\/wp-content\/uploads\/sites\/8\/2022\/12\/106-un-oeil-une-plume-Maurice-Genevoix.pdf\">106-un-oeil-une-plume-Maurice-Genevoix<\/a><a href=\"https:\/\/www.diocese-belfort-montbeliard.fr\/charmont-montbeliard\/wp-content\/uploads\/sites\/8\/2022\/12\/106-un-oeil-une-plume-Maurice-Genevoix.pdf\" class=\"wp-block-file__button wp-element-button\" download aria-describedby=\"wp-block-file--media-37b7b534-03b4-443a-a957-e3995fda49e4\">T\u00e9l\u00e9charger<\/a><\/div>\n\n\n\n<div data-wp-interactive=\"core\/file\" class=\"wp-block-file\"><object data-wp-bind--hidden=\"!state.hasPdfPreview\" hidden class=\"wp-block-file__embed\" data=\"https:\/\/www.diocese-belfort-montbeliard.fr\/charmont-montbeliard\/wp-content\/uploads\/sites\/8\/2022\/12\/105-ya-pu-beaucoup-d-lumiere.pdf\" type=\"application\/pdf\" style=\"width:100%;height:600px\" aria-label=\"Contenu embarqu\u00e9 105-ya-pu-beaucoup-d-lumiere.\"><\/object><a id=\"wp-block-file--media-78d05a50-a8ec-4042-bbaf-4443d34675fa\" href=\"https:\/\/www.diocese-belfort-montbeliard.fr\/charmont-montbeliard\/wp-content\/uploads\/sites\/8\/2022\/12\/105-ya-pu-beaucoup-d-lumiere.pdf\">105-ya-pu-beaucoup-d-lumiere<\/a><a href=\"https:\/\/www.diocese-belfort-montbeliard.fr\/charmont-montbeliard\/wp-content\/uploads\/sites\/8\/2022\/12\/105-ya-pu-beaucoup-d-lumiere.pdf\" class=\"wp-block-file__button wp-element-button\" download aria-describedby=\"wp-block-file--media-78d05a50-a8ec-4042-bbaf-4443d34675fa\">T\u00e9l\u00e9charger<\/a><\/div>\n\n\n\n<div data-wp-interactive=\"core\/file\" class=\"wp-block-file\"><object data-wp-bind--hidden=\"!state.hasPdfPreview\" hidden class=\"wp-block-file__embed\" data=\"https:\/\/www.diocese-belfort-montbeliard.fr\/charmont-montbeliard\/wp-content\/uploads\/sites\/8\/2022\/11\/104-Ecologie-et-spiritualite.pdf\" type=\"application\/pdf\" style=\"width:100%;height:600px\" aria-label=\"Contenu embarqu\u00e9 104-Ecologie-et-spiritualite.\"><\/object><a id=\"wp-block-file--media-50008c90-7d9a-4fc0-94e0-a7219bb701ff\" href=\"https:\/\/www.diocese-belfort-montbeliard.fr\/charmont-montbeliard\/wp-content\/uploads\/sites\/8\/2022\/11\/104-Ecologie-et-spiritualite.pdf\">104-Ecologie-et-spiritualite<\/a><a href=\"https:\/\/www.diocese-belfort-montbeliard.fr\/charmont-montbeliard\/wp-content\/uploads\/sites\/8\/2022\/11\/104-Ecologie-et-spiritualite.pdf\" class=\"wp-block-file__button wp-element-button\" download aria-describedby=\"wp-block-file--media-50008c90-7d9a-4fc0-94e0-a7219bb701ff\">T\u00e9l\u00e9charger<\/a><\/div>\n\n\n\n<div data-wp-interactive=\"core\/file\" class=\"wp-block-file\"><object data-wp-bind--hidden=\"!state.hasPdfPreview\" hidden class=\"wp-block-file__embed\" data=\"https:\/\/www.diocese-belfort-montbeliard.fr\/charmont-montbeliard\/wp-content\/uploads\/sites\/8\/2022\/11\/103-8-milliards.pdf\" type=\"application\/pdf\" style=\"width:100%;height:600px\" aria-label=\"Contenu embarqu\u00e9 103-8-milliards.\"><\/object><a id=\"wp-block-file--media-19404f20-8c14-4770-8104-25c5e922b66c\" href=\"https:\/\/www.diocese-belfort-montbeliard.fr\/charmont-montbeliard\/wp-content\/uploads\/sites\/8\/2022\/11\/103-8-milliards.pdf\">103-8-milliards<\/a><a href=\"https:\/\/www.diocese-belfort-montbeliard.fr\/charmont-montbeliard\/wp-content\/uploads\/sites\/8\/2022\/11\/103-8-milliards.pdf\" class=\"wp-block-file__button wp-element-button\" download aria-describedby=\"wp-block-file--media-19404f20-8c14-4770-8104-25c5e922b66c\">T\u00e9l\u00e9charger<\/a><\/div>\n\n\n\n<div data-wp-interactive=\"core\/file\" class=\"wp-block-file\"><object data-wp-bind--hidden=\"!state.hasPdfPreview\" hidden class=\"wp-block-file__embed\" data=\"https:\/\/www.diocese-belfort-montbeliard.fr\/charmont-montbeliard\/wp-content\/uploads\/sites\/8\/2022\/11\/102-crachat-de-lune.pdf\" type=\"application\/pdf\" style=\"width:100%;height:600px\" aria-label=\"Contenu embarqu\u00e9 102-crachat-de-lune.\"><\/object><a id=\"wp-block-file--media-d86b60b6-81e9-453b-b8b0-8ab4a2031b28\" href=\"https:\/\/www.diocese-belfort-montbeliard.fr\/charmont-montbeliard\/wp-content\/uploads\/sites\/8\/2022\/11\/102-crachat-de-lune.pdf\">102-crachat-de-lune<\/a><a href=\"https:\/\/www.diocese-belfort-montbeliard.fr\/charmont-montbeliard\/wp-content\/uploads\/sites\/8\/2022\/11\/102-crachat-de-lune.pdf\" class=\"wp-block-file__button wp-element-button\" download aria-describedby=\"wp-block-file--media-d86b60b6-81e9-453b-b8b0-8ab4a2031b28\">T\u00e9l\u00e9charger<\/a><\/div>\n\n\n\n<div data-wp-interactive=\"core\/file\" class=\"wp-block-file\"><object data-wp-bind--hidden=\"!state.hasPdfPreview\" hidden class=\"wp-block-file__embed\" data=\"https:\/\/www.diocese-belfort-montbeliard.fr\/charmont-montbeliard\/wp-content\/uploads\/sites\/8\/2022\/11\/101-Noir.pdf\" type=\"application\/pdf\" style=\"width:100%;height:600px\" aria-label=\"Contenu embarqu\u00e9 101-Noir.\"><\/object><a id=\"wp-block-file--media-7d2d2951-7e27-4901-be86-25f50c502dbf\" href=\"https:\/\/www.diocese-belfort-montbeliard.fr\/charmont-montbeliard\/wp-content\/uploads\/sites\/8\/2022\/11\/101-Noir.pdf\">101-Noir<\/a><a href=\"https:\/\/www.diocese-belfort-montbeliard.fr\/charmont-montbeliard\/wp-content\/uploads\/sites\/8\/2022\/11\/101-Noir.pdf\" class=\"wp-block-file__button wp-element-button\" download aria-describedby=\"wp-block-file--media-7d2d2951-7e27-4901-be86-25f50c502dbf\">T\u00e9l\u00e9charger<\/a><\/div>\n\n\n\n<div data-wp-interactive=\"core\/file\" class=\"wp-block-file\"><object data-wp-bind--hidden=\"!state.hasPdfPreview\" hidden class=\"wp-block-file__embed\" data=\"https:\/\/www.diocese-belfort-montbeliard.fr\/charmont-montbeliard\/wp-content\/uploads\/sites\/8\/2022\/10\/100-Un-certain-Francois.pdf\" type=\"application\/pdf\" style=\"width:100%;height:600px\" aria-label=\"Contenu embarqu\u00e9 100-Un-certain-Francois.\"><\/object><a id=\"wp-block-file--media-bcda1487-145d-44aa-86c8-20ad2ab608f3\" href=\"https:\/\/www.diocese-belfort-montbeliard.fr\/charmont-montbeliard\/wp-content\/uploads\/sites\/8\/2022\/10\/100-Un-certain-Francois.pdf\">100-Un-certain-Francois<\/a><a href=\"https:\/\/www.diocese-belfort-montbeliard.fr\/charmont-montbeliard\/wp-content\/uploads\/sites\/8\/2022\/10\/100-Un-certain-Francois.pdf\" class=\"wp-block-file__button wp-element-button\" download aria-describedby=\"wp-block-file--media-bcda1487-145d-44aa-86c8-20ad2ab608f3\">T\u00e9l\u00e9charger<\/a><\/div>\n\n\n\n<div data-wp-interactive=\"core\/file\" class=\"wp-block-file\"><object data-wp-bind--hidden=\"!state.hasPdfPreview\" hidden class=\"wp-block-file__embed\" data=\"https:\/\/www.diocese-belfort-montbeliard.fr\/charmont-montbeliard\/wp-content\/uploads\/sites\/8\/2022\/10\/99-foule-sentimentale.pdf\" type=\"application\/pdf\" style=\"width:100%;height:600px\" aria-label=\"Contenu embarqu\u00e9 99-foule-sentimentale.\"><\/object><a id=\"wp-block-file--media-cfa8f629-0f5c-438f-9181-9e972230cc42\" href=\"https:\/\/www.diocese-belfort-montbeliard.fr\/charmont-montbeliard\/wp-content\/uploads\/sites\/8\/2022\/10\/99-foule-sentimentale.pdf\">99-foule-sentimentale<\/a><a href=\"https:\/\/www.diocese-belfort-montbeliard.fr\/charmont-montbeliard\/wp-content\/uploads\/sites\/8\/2022\/10\/99-foule-sentimentale.pdf\" class=\"wp-block-file__button wp-element-button\" download aria-describedby=\"wp-block-file--media-cfa8f629-0f5c-438f-9181-9e972230cc42\">T\u00e9l\u00e9charger<\/a><\/div>\n\n\n\n<div data-wp-interactive=\"core\/file\" class=\"wp-block-file\"><object data-wp-bind--hidden=\"!state.hasPdfPreview\" hidden class=\"wp-block-file__embed\" data=\"https:\/\/www.diocese-belfort-montbeliard.fr\/charmont-montbeliard\/wp-content\/uploads\/sites\/8\/2022\/10\/98-dechet-ultime.pdf\" type=\"application\/pdf\" style=\"width:100%;height:600px\" aria-label=\"Contenu embarqu\u00e9 98-dechet-ultime.\"><\/object><a id=\"wp-block-file--media-ae673500-c64a-4f7c-bf95-11a6620dbbcf\" href=\"https:\/\/www.diocese-belfort-montbeliard.fr\/charmont-montbeliard\/wp-content\/uploads\/sites\/8\/2022\/10\/98-dechet-ultime.pdf\">98-dechet-ultime<\/a><a href=\"https:\/\/www.diocese-belfort-montbeliard.fr\/charmont-montbeliard\/wp-content\/uploads\/sites\/8\/2022\/10\/98-dechet-ultime.pdf\" class=\"wp-block-file__button wp-element-button\" download aria-describedby=\"wp-block-file--media-ae673500-c64a-4f7c-bf95-11a6620dbbcf\">T\u00e9l\u00e9charger<\/a><\/div>\n\n\n\n<div data-wp-interactive=\"core\/file\" class=\"wp-block-file\"><object data-wp-bind--hidden=\"!state.hasPdfPreview\" hidden class=\"wp-block-file__embed\" data=\"https:\/\/www.diocese-belfort-montbeliard.fr\/charmont-montbeliard\/wp-content\/uploads\/sites\/8\/2022\/10\/97-lingette-.pdf\" type=\"application\/pdf\" style=\"width:100%;height:600px\" aria-label=\"Contenu embarqu\u00e9 97-lingette-.\"><\/object><a id=\"wp-block-file--media-dc178502-d678-4cb7-ba68-0675aff6c460\" href=\"https:\/\/www.diocese-belfort-montbeliard.fr\/charmont-montbeliard\/wp-content\/uploads\/sites\/8\/2022\/10\/97-lingette-.pdf\">97-lingette-<\/a><a href=\"https:\/\/www.diocese-belfort-montbeliard.fr\/charmont-montbeliard\/wp-content\/uploads\/sites\/8\/2022\/10\/97-lingette-.pdf\" class=\"wp-block-file__button wp-element-button\" download aria-describedby=\"wp-block-file--media-dc178502-d678-4cb7-ba68-0675aff6c460\">T\u00e9l\u00e9charger<\/a><\/div>\n\n\n\n<div data-wp-interactive=\"core\/file\" class=\"wp-block-file\"><object data-wp-bind--hidden=\"!state.hasPdfPreview\" hidden class=\"wp-block-file__embed\" data=\"https:\/\/www.diocese-belfort-montbeliard.fr\/charmont-montbeliard\/wp-content\/uploads\/sites\/8\/2022\/09\/96-ceci-nest-pas-une-souris-cest-une-m....pdf\" type=\"application\/pdf\" style=\"width:100%;height:600px\" aria-label=\"Contenu embarqu\u00e9 96-ceci-nest-pas-une-souris-cest-une-m....\"><\/object><a id=\"wp-block-file--media-9d9aa2fd-a8b0-420c-8d89-a0e768e61db8\" href=\"https:\/\/www.diocese-belfort-montbeliard.fr\/charmont-montbeliard\/wp-content\/uploads\/sites\/8\/2022\/09\/96-ceci-nest-pas-une-souris-cest-une-m....pdf\">96-ceci-nest-pas-une-souris-cest-une-m&#8230;<\/a><a href=\"https:\/\/www.diocese-belfort-montbeliard.fr\/charmont-montbeliard\/wp-content\/uploads\/sites\/8\/2022\/09\/96-ceci-nest-pas-une-souris-cest-une-m....pdf\" class=\"wp-block-file__button wp-element-button\" download aria-describedby=\"wp-block-file--media-9d9aa2fd-a8b0-420c-8d89-a0e768e61db8\">T\u00e9l\u00e9charger<\/a><\/div>\n\n\n\n<div data-wp-interactive=\"core\/file\" class=\"wp-block-file\"><object data-wp-bind--hidden=\"!state.hasPdfPreview\" hidden class=\"wp-block-file__embed\" data=\"https:\/\/www.diocese-belfort-montbeliard.fr\/charmont-montbeliard\/wp-content\/uploads\/sites\/8\/2022\/09\/95-Sauvage.pdf\" type=\"application\/pdf\" style=\"width:100%;height:600px\" aria-label=\"Contenu embarqu\u00e9 95-Sauvage.\"><\/object><a id=\"wp-block-file--media-871bf675-ecd6-4c3a-8e3a-919eeb9b8ae7\" href=\"https:\/\/www.diocese-belfort-montbeliard.fr\/charmont-montbeliard\/wp-content\/uploads\/sites\/8\/2022\/09\/95-Sauvage.pdf\">95-Sauvage<\/a><a href=\"https:\/\/www.diocese-belfort-montbeliard.fr\/charmont-montbeliard\/wp-content\/uploads\/sites\/8\/2022\/09\/95-Sauvage.pdf\" class=\"wp-block-file__button wp-element-button\" download aria-describedby=\"wp-block-file--media-871bf675-ecd6-4c3a-8e3a-919eeb9b8ae7\">T\u00e9l\u00e9charger<\/a><\/div>\n\n\n\n<div data-wp-interactive=\"core\/file\" class=\"wp-block-file\"><object data-wp-bind--hidden=\"!state.hasPdfPreview\" hidden class=\"wp-block-file__embed\" data=\"https:\/\/www.diocese-belfort-montbeliard.fr\/charmont-montbeliard\/wp-content\/uploads\/sites\/8\/2022\/09\/94-pompile-lanesthesiste.pdf\" type=\"application\/pdf\" style=\"width:100%;height:600px\" aria-label=\"Contenu embarqu\u00e9 94-pompile-lanesthesiste.\"><\/object><a id=\"wp-block-file--media-483c7a10-501c-4c66-8335-36428effc0c7\" href=\"https:\/\/www.diocese-belfort-montbeliard.fr\/charmont-montbeliard\/wp-content\/uploads\/sites\/8\/2022\/09\/94-pompile-lanesthesiste.pdf\">94-pompile-lanesthesiste<\/a><a href=\"https:\/\/www.diocese-belfort-montbeliard.fr\/charmont-montbeliard\/wp-content\/uploads\/sites\/8\/2022\/09\/94-pompile-lanesthesiste.pdf\" class=\"wp-block-file__button wp-element-button\" download aria-describedby=\"wp-block-file--media-483c7a10-501c-4c66-8335-36428effc0c7\">T\u00e9l\u00e9charger<\/a><\/div>\n\n\n\n<div data-wp-interactive=\"core\/file\" class=\"wp-block-file\"><object data-wp-bind--hidden=\"!state.hasPdfPreview\" hidden class=\"wp-block-file__embed\" data=\"https:\/\/www.diocese-belfort-montbeliard.fr\/charmont-montbeliard\/wp-content\/uploads\/sites\/8\/2022\/08\/93-doubs-apron-canicule.pdf\" type=\"application\/pdf\" style=\"width:100%;height:600px\" aria-label=\"Contenu embarqu\u00e9 93-doubs-apron-canicule.\"><\/object><a id=\"wp-block-file--media-67f9eaa4-cdd2-409e-9f1f-95c35c106715\" href=\"https:\/\/www.diocese-belfort-montbeliard.fr\/charmont-montbeliard\/wp-content\/uploads\/sites\/8\/2022\/08\/93-doubs-apron-canicule.pdf\">93-doubs-apron-canicule<\/a><a href=\"https:\/\/www.diocese-belfort-montbeliard.fr\/charmont-montbeliard\/wp-content\/uploads\/sites\/8\/2022\/08\/93-doubs-apron-canicule.pdf\" class=\"wp-block-file__button wp-element-button\" download aria-describedby=\"wp-block-file--media-67f9eaa4-cdd2-409e-9f1f-95c35c106715\">T\u00e9l\u00e9charger<\/a><\/div>\n\n\n\n<div data-wp-interactive=\"core\/file\" class=\"wp-block-file\"><object data-wp-bind--hidden=\"!state.hasPdfPreview\" hidden class=\"wp-block-file__embed\" data=\"https:\/\/www.diocese-belfort-montbeliard.fr\/charmont-montbeliard\/wp-content\/uploads\/sites\/8\/2022\/08\/92-asticot.pdf\" type=\"application\/pdf\" style=\"width:100%;height:600px\" aria-label=\"Contenu embarqu\u00e9 92-asticot.\"><\/object><a id=\"wp-block-file--media-e349e233-bac6-4113-85b9-9a556ed1dcf5\" href=\"https:\/\/www.diocese-belfort-montbeliard.fr\/charmont-montbeliard\/wp-content\/uploads\/sites\/8\/2022\/08\/92-asticot.pdf\">92-asticot<\/a><a href=\"https:\/\/www.diocese-belfort-montbeliard.fr\/charmont-montbeliard\/wp-content\/uploads\/sites\/8\/2022\/08\/92-asticot.pdf\" class=\"wp-block-file__button wp-element-button\" download aria-describedby=\"wp-block-file--media-e349e233-bac6-4113-85b9-9a556ed1dcf5\">T\u00e9l\u00e9charger<\/a><\/div>\n\n\n\n<div data-wp-interactive=\"core\/file\" class=\"wp-block-file\"><object data-wp-bind--hidden=\"!state.hasPdfPreview\" hidden class=\"wp-block-file__embed\" data=\"https:\/\/www.diocese-belfort-montbeliard.fr\/charmont-montbeliard\/wp-content\/uploads\/sites\/8\/2022\/08\/91-huitre.pdf\" type=\"application\/pdf\" style=\"width:100%;height:600px\" aria-label=\"Contenu embarqu\u00e9 91-huitre.\"><\/object><a id=\"wp-block-file--media-00dc8350-f26b-4e11-bb71-b276071ae796\" href=\"https:\/\/www.diocese-belfort-montbeliard.fr\/charmont-montbeliard\/wp-content\/uploads\/sites\/8\/2022\/08\/91-huitre.pdf\">91-huitre<\/a><a href=\"https:\/\/www.diocese-belfort-montbeliard.fr\/charmont-montbeliard\/wp-content\/uploads\/sites\/8\/2022\/08\/91-huitre.pdf\" class=\"wp-block-file__button wp-element-button\" download aria-describedby=\"wp-block-file--media-00dc8350-f26b-4e11-bb71-b276071ae796\">T\u00e9l\u00e9charger<\/a><\/div>\n\n\n\n<div data-wp-interactive=\"core\/file\" class=\"wp-block-file\"><object data-wp-bind--hidden=\"!state.hasPdfPreview\" hidden class=\"wp-block-file__embed\" data=\"https:\/\/www.diocese-belfort-montbeliard.fr\/charmont-montbeliard\/wp-content\/uploads\/sites\/8\/2022\/08\/90-courageuse-herbe-de-saint-Jacques.pdf\" type=\"application\/pdf\" style=\"width:100%;height:600px\" aria-label=\"Contenu embarqu\u00e9 90-courageuse-herbe-de-saint-Jacques.\"><\/object><a id=\"wp-block-file--media-33210712-0761-4ddd-be0d-922f1812226c\" href=\"https:\/\/www.diocese-belfort-montbeliard.fr\/charmont-montbeliard\/wp-content\/uploads\/sites\/8\/2022\/08\/90-courageuse-herbe-de-saint-Jacques.pdf\">90-courageuse-herbe-de-saint-Jacques<\/a><a href=\"https:\/\/www.diocese-belfort-montbeliard.fr\/charmont-montbeliard\/wp-content\/uploads\/sites\/8\/2022\/08\/90-courageuse-herbe-de-saint-Jacques.pdf\" class=\"wp-block-file__button wp-element-button\" download aria-describedby=\"wp-block-file--media-33210712-0761-4ddd-be0d-922f1812226c\">T\u00e9l\u00e9charger<\/a><\/div>\n\n\n\n<div data-wp-interactive=\"core\/file\" class=\"wp-block-file\"><object data-wp-bind--hidden=\"!state.hasPdfPreview\" hidden class=\"wp-block-file__embed\" data=\"https:\/\/www.diocese-belfort-montbeliard.fr\/charmont-montbeliard\/wp-content\/uploads\/sites\/8\/2022\/08\/89-sous-le-plastique-la-plage-1.pdf\" type=\"application\/pdf\" style=\"width:100%;height:600px\" aria-label=\"Contenu embarqu\u00e9 89-sous-le-plastique-la-plage-1.\"><\/object><a id=\"wp-block-file--media-808b9384-45c4-4150-b31f-7f0cd52aca52\" href=\"https:\/\/www.diocese-belfort-montbeliard.fr\/charmont-montbeliard\/wp-content\/uploads\/sites\/8\/2022\/08\/89-sous-le-plastique-la-plage-1.pdf\">89-sous-le-plastique-la-plage-1<\/a><a href=\"https:\/\/www.diocese-belfort-montbeliard.fr\/charmont-montbeliard\/wp-content\/uploads\/sites\/8\/2022\/08\/89-sous-le-plastique-la-plage-1.pdf\" class=\"wp-block-file__button wp-element-button\" download aria-describedby=\"wp-block-file--media-808b9384-45c4-4150-b31f-7f0cd52aca52\">T\u00e9l\u00e9charger<\/a><\/div>\n\n\n\n<div data-wp-interactive=\"core\/file\" class=\"wp-block-file\"><object data-wp-bind--hidden=\"!state.hasPdfPreview\" hidden class=\"wp-block-file__embed\" data=\"https:\/\/www.diocese-belfort-montbeliard.fr\/charmont-montbeliard\/wp-content\/uploads\/sites\/8\/2022\/07\/88-sobriete.pdf\" type=\"application\/pdf\" style=\"width:100%;height:600px\" aria-label=\"Contenu embarqu\u00e9 88-sobriete.\"><\/object><a id=\"wp-block-file--media-5e6d6852-44ac-4392-884f-9f2ac539c88a\" href=\"https:\/\/www.diocese-belfort-montbeliard.fr\/charmont-montbeliard\/wp-content\/uploads\/sites\/8\/2022\/07\/88-sobriete.pdf\">88-sobriete<\/a><a href=\"https:\/\/www.diocese-belfort-montbeliard.fr\/charmont-montbeliard\/wp-content\/uploads\/sites\/8\/2022\/07\/88-sobriete.pdf\" class=\"wp-block-file__button wp-element-button\" download aria-describedby=\"wp-block-file--media-5e6d6852-44ac-4392-884f-9f2ac539c88a\">T\u00e9l\u00e9charger<\/a><\/div>\n\n\n\n<div data-wp-interactive=\"core\/file\" class=\"wp-block-file\"><object data-wp-bind--hidden=\"!state.hasPdfPreview\" hidden class=\"wp-block-file__embed\" data=\"https:\/\/www.diocese-belfort-montbeliard.fr\/charmont-montbeliard\/wp-content\/uploads\/sites\/8\/2022\/07\/87-Pipistrelles-.pdf\" type=\"application\/pdf\" style=\"width:100%;height:600px\" aria-label=\"Contenu embarqu\u00e9 87-Pipistrelles-.\"><\/object><a id=\"wp-block-file--media-57eeedd6-5f1e-4ba2-8707-14fe98457971\" href=\"https:\/\/www.diocese-belfort-montbeliard.fr\/charmont-montbeliard\/wp-content\/uploads\/sites\/8\/2022\/07\/87-Pipistrelles-.pdf\">87-Pipistrelles-<\/a><a href=\"https:\/\/www.diocese-belfort-montbeliard.fr\/charmont-montbeliard\/wp-content\/uploads\/sites\/8\/2022\/07\/87-Pipistrelles-.pdf\" class=\"wp-block-file__button wp-element-button\" download aria-describedby=\"wp-block-file--media-57eeedd6-5f1e-4ba2-8707-14fe98457971\">T\u00e9l\u00e9charger<\/a><\/div>\n\n\n\n<div data-wp-interactive=\"core\/file\" class=\"wp-block-file\"><object data-wp-bind--hidden=\"!state.hasPdfPreview\" hidden class=\"wp-block-file__embed\" data=\"https:\/\/www.diocese-belfort-montbeliard.fr\/charmont-montbeliard\/wp-content\/uploads\/sites\/8\/2022\/07\/86-le-cercle-des-poisons.pdf\" type=\"application\/pdf\" style=\"width:100%;height:600px\" aria-label=\"Contenu embarqu\u00e9 86-le-cercle-des-poisons.\"><\/object><a id=\"wp-block-file--media-a5514776-c06e-490c-9bd4-c5d1c7f11a21\" href=\"https:\/\/www.diocese-belfort-montbeliard.fr\/charmont-montbeliard\/wp-content\/uploads\/sites\/8\/2022\/07\/86-le-cercle-des-poisons.pdf\">86-le-cercle-des-poisons<\/a><a href=\"https:\/\/www.diocese-belfort-montbeliard.fr\/charmont-montbeliard\/wp-content\/uploads\/sites\/8\/2022\/07\/86-le-cercle-des-poisons.pdf\" class=\"wp-block-file__button wp-element-button\" download aria-describedby=\"wp-block-file--media-a5514776-c06e-490c-9bd4-c5d1c7f11a21\">T\u00e9l\u00e9charger<\/a><\/div>\n\n\n\n<div data-wp-interactive=\"core\/file\" class=\"wp-block-file\"><object data-wp-bind--hidden=\"!state.hasPdfPreview\" hidden class=\"wp-block-file__embed\" data=\"https:\/\/www.diocese-belfort-montbeliard.fr\/charmont-montbeliard\/wp-content\/uploads\/sites\/8\/2022\/07\/85-monoculture.pdf\" type=\"application\/pdf\" style=\"width:100%;height:600px\" aria-label=\"Contenu embarqu\u00e9 85-monoculture.\"><\/object><a id=\"wp-block-file--media-9ff20831-7cbd-4cb4-9bb0-08f6882b883a\" href=\"https:\/\/www.diocese-belfort-montbeliard.fr\/charmont-montbeliard\/wp-content\/uploads\/sites\/8\/2022\/07\/85-monoculture.pdf\">85-monoculture<\/a><a href=\"https:\/\/www.diocese-belfort-montbeliard.fr\/charmont-montbeliard\/wp-content\/uploads\/sites\/8\/2022\/07\/85-monoculture.pdf\" class=\"wp-block-file__button wp-element-button\" download aria-describedby=\"wp-block-file--media-9ff20831-7cbd-4cb4-9bb0-08f6882b883a\">T\u00e9l\u00e9charger<\/a><\/div>\n\n\n\n<div data-wp-interactive=\"core\/file\" class=\"wp-block-file\"><object data-wp-bind--hidden=\"!state.hasPdfPreview\" hidden class=\"wp-block-file__embed\" data=\"https:\/\/www.diocese-belfort-montbeliard.fr\/charmont-montbeliard\/wp-content\/uploads\/sites\/8\/2022\/06\/84-la-vache-et-la-canette.pdf\" type=\"application\/pdf\" style=\"width:100%;height:600px\" aria-label=\"Contenu embarqu\u00e9 84-la-vache-et-la-canette.\"><\/object><a id=\"wp-block-file--media-5d7340cd-9921-47ce-ab1a-baf34480437f\" href=\"https:\/\/www.diocese-belfort-montbeliard.fr\/charmont-montbeliard\/wp-content\/uploads\/sites\/8\/2022\/06\/84-la-vache-et-la-canette.pdf\">84-la-vache-et-la-canette<\/a><a href=\"https:\/\/www.diocese-belfort-montbeliard.fr\/charmont-montbeliard\/wp-content\/uploads\/sites\/8\/2022\/06\/84-la-vache-et-la-canette.pdf\" class=\"wp-block-file__button wp-element-button\" download aria-describedby=\"wp-block-file--media-5d7340cd-9921-47ce-ab1a-baf34480437f\">T\u00e9l\u00e9charger<\/a><\/div>\n\n\n\n<div data-wp-interactive=\"core\/file\" class=\"wp-block-file\"><object data-wp-bind--hidden=\"!state.hasPdfPreview\" hidden class=\"wp-block-file__embed\" data=\"https:\/\/www.diocese-belfort-montbeliard.fr\/charmont-montbeliard\/wp-content\/uploads\/sites\/8\/2022\/06\/83-gazon-potin.pdf\" type=\"application\/pdf\" style=\"width:100%;height:600px\" aria-label=\"Contenu embarqu\u00e9 83-gazon-potin.\"><\/object><a id=\"wp-block-file--media-b8a14647-982a-428c-a9d4-941414b5e91c\" href=\"https:\/\/www.diocese-belfort-montbeliard.fr\/charmont-montbeliard\/wp-content\/uploads\/sites\/8\/2022\/06\/83-gazon-potin.pdf\">83-gazon-potin<\/a><a href=\"https:\/\/www.diocese-belfort-montbeliard.fr\/charmont-montbeliard\/wp-content\/uploads\/sites\/8\/2022\/06\/83-gazon-potin.pdf\" class=\"wp-block-file__button wp-element-button\" download aria-describedby=\"wp-block-file--media-b8a14647-982a-428c-a9d4-941414b5e91c\">T\u00e9l\u00e9charger<\/a><\/div>\n\n\n\n<div data-wp-interactive=\"core\/file\" class=\"wp-block-file\"><object data-wp-bind--hidden=\"!state.hasPdfPreview\" hidden class=\"wp-block-file__embed\" data=\"https:\/\/www.diocese-belfort-montbeliard.fr\/charmont-montbeliard\/wp-content\/uploads\/sites\/8\/2022\/06\/82-Fraise-menthe-.pdf\" type=\"application\/pdf\" style=\"width:100%;height:600px\" aria-label=\"Contenu embarqu\u00e9 82-Fraise-menthe-.\"><\/object><a id=\"wp-block-file--media-37ea8f3e-43f4-40b0-a552-5a2242514191\" href=\"https:\/\/www.diocese-belfort-montbeliard.fr\/charmont-montbeliard\/wp-content\/uploads\/sites\/8\/2022\/06\/82-Fraise-menthe-.pdf\">82-Fraise-menthe-<\/a><a href=\"https:\/\/www.diocese-belfort-montbeliard.fr\/charmont-montbeliard\/wp-content\/uploads\/sites\/8\/2022\/06\/82-Fraise-menthe-.pdf\" class=\"wp-block-file__button wp-element-button\" download aria-describedby=\"wp-block-file--media-37ea8f3e-43f4-40b0-a552-5a2242514191\">T\u00e9l\u00e9charger<\/a><\/div>\n\n\n\n<div data-wp-interactive=\"core\/file\" class=\"wp-block-file\"><object data-wp-bind--hidden=\"!state.hasPdfPreview\" hidden class=\"wp-block-file__embed\" data=\"https:\/\/www.diocese-belfort-montbeliard.fr\/charmont-montbeliard\/wp-content\/uploads\/sites\/8\/2022\/06\/81-absence.pdf\" type=\"application\/pdf\" style=\"width:100%;height:600px\" aria-label=\"Contenu embarqu\u00e9 81-absence.\"><\/object><a id=\"wp-block-file--media-f5e21449-af0d-42e9-821d-422bc25c4f65\" href=\"https:\/\/www.diocese-belfort-montbeliard.fr\/charmont-montbeliard\/wp-content\/uploads\/sites\/8\/2022\/06\/81-absence.pdf\">81-absence<\/a><a href=\"https:\/\/www.diocese-belfort-montbeliard.fr\/charmont-montbeliard\/wp-content\/uploads\/sites\/8\/2022\/06\/81-absence.pdf\" class=\"wp-block-file__button wp-element-button\" download aria-describedby=\"wp-block-file--media-f5e21449-af0d-42e9-821d-422bc25c4f65\">T\u00e9l\u00e9charger<\/a><\/div>\n\n\n\n<div data-wp-interactive=\"core\/file\" class=\"wp-block-file\"><object data-wp-bind--hidden=\"!state.hasPdfPreview\" hidden class=\"wp-block-file__embed\" data=\"https:\/\/www.diocese-belfort-montbeliard.fr\/charmont-montbeliard\/wp-content\/uploads\/sites\/8\/2022\/05\/80-mon-bel-arbre-roi-des-clim.pdf\" type=\"application\/pdf\" style=\"width:100%;height:600px\" aria-label=\"Contenu embarqu\u00e9 80-mon-bel-arbre-roi-des-clim.\"><\/object><a id=\"wp-block-file--media-fd6f02b8-7071-457d-b387-b863b2c149f0\" href=\"https:\/\/www.diocese-belfort-montbeliard.fr\/charmont-montbeliard\/wp-content\/uploads\/sites\/8\/2022\/05\/80-mon-bel-arbre-roi-des-clim.pdf\">80-mon-bel-arbre-roi-des-clim<\/a><a href=\"https:\/\/www.diocese-belfort-montbeliard.fr\/charmont-montbeliard\/wp-content\/uploads\/sites\/8\/2022\/05\/80-mon-bel-arbre-roi-des-clim.pdf\" class=\"wp-block-file__button wp-element-button\" download aria-describedby=\"wp-block-file--media-fd6f02b8-7071-457d-b387-b863b2c149f0\">T\u00e9l\u00e9charger<\/a><\/div>\n\n\n\n<div data-wp-interactive=\"core\/file\" class=\"wp-block-file\"><object data-wp-bind--hidden=\"!state.hasPdfPreview\" hidden class=\"wp-block-file__embed\" data=\"https:\/\/www.diocese-belfort-montbeliard.fr\/charmont-montbeliard\/wp-content\/uploads\/sites\/8\/2022\/05\/79-ca-chauffe.pdf\" type=\"application\/pdf\" style=\"width:100%;height:600px\" aria-label=\"Contenu embarqu\u00e9 79-ca-chauffe.\"><\/object><a id=\"wp-block-file--media-61d276be-c9ca-44c7-9909-0994178126ce\" href=\"https:\/\/www.diocese-belfort-montbeliard.fr\/charmont-montbeliard\/wp-content\/uploads\/sites\/8\/2022\/05\/79-ca-chauffe.pdf\">79-ca-chauffe<\/a><a href=\"https:\/\/www.diocese-belfort-montbeliard.fr\/charmont-montbeliard\/wp-content\/uploads\/sites\/8\/2022\/05\/79-ca-chauffe.pdf\" class=\"wp-block-file__button wp-element-button\" download aria-describedby=\"wp-block-file--media-61d276be-c9ca-44c7-9909-0994178126ce\">T\u00e9l\u00e9charger<\/a><\/div>\n\n\n\n<div data-wp-interactive=\"core\/file\" class=\"wp-block-file\"><object data-wp-bind--hidden=\"!state.hasPdfPreview\" hidden class=\"wp-block-file__embed\" data=\"https:\/\/www.diocese-belfort-montbeliard.fr\/charmont-montbeliard\/wp-content\/uploads\/sites\/8\/2022\/05\/78-renard.pdf\" type=\"application\/pdf\" style=\"width:100%;height:600px\" aria-label=\"Contenu embarqu\u00e9 78-renard.\"><\/object><a id=\"wp-block-file--media-8b098cf3-c424-4a82-9c93-0770458a798f\" href=\"https:\/\/www.diocese-belfort-montbeliard.fr\/charmont-montbeliard\/wp-content\/uploads\/sites\/8\/2022\/05\/78-renard.pdf\">78-renard<\/a><a href=\"https:\/\/www.diocese-belfort-montbeliard.fr\/charmont-montbeliard\/wp-content\/uploads\/sites\/8\/2022\/05\/78-renard.pdf\" class=\"wp-block-file__button wp-element-button\" download aria-describedby=\"wp-block-file--media-8b098cf3-c424-4a82-9c93-0770458a798f\">T\u00e9l\u00e9charger<\/a><\/div>\n\n\n\n<div data-wp-interactive=\"core\/file\" class=\"wp-block-file\"><object data-wp-bind--hidden=\"!state.hasPdfPreview\" hidden class=\"wp-block-file__embed\" data=\"https:\/\/www.diocese-belfort-montbeliard.fr\/charmont-montbeliard\/wp-content\/uploads\/sites\/8\/2021\/02\/77-leau-de-nos-rivieres.pdf\" type=\"application\/pdf\" style=\"width:100%;height:600px\" aria-label=\"Contenu embarqu\u00e9 77 l&apos;eau de nos rivi\u00e8res.\"><\/object><a id=\"wp-block-file--media-c4932bfa-98dc-446a-83f8-954d16ff508e\" href=\"https:\/\/www.diocese-belfort-montbeliard.fr\/charmont-montbeliard\/wp-content\/uploads\/sites\/8\/2021\/02\/77-leau-de-nos-rivieres.pdf\">77 l&rsquo;eau de nos rivi\u00e8res<\/a><a href=\"https:\/\/www.diocese-belfort-montbeliard.fr\/charmont-montbeliard\/wp-content\/uploads\/sites\/8\/2021\/02\/77-leau-de-nos-rivieres.pdf\" class=\"wp-block-file__button wp-element-button\" download aria-describedby=\"wp-block-file--media-c4932bfa-98dc-446a-83f8-954d16ff508e\">T\u00e9l\u00e9charger<\/a><\/div>\n\n\n\n<h3 class=\"wp-block-heading\">Chaque sujet comporte deux pages. &nbsp;Pour acc\u00e9der \u00e0 la partie AGIR de chaque sujet, cliquer sur la fl\u00e8che qui apparait en bas \u00e0 gauche de la partie S\u2019INFORMER<\/h3>\n\n\n<a href=\"https:\/\/www.diocese-belfort-montbeliard.fr\/charmont-montbeliard\/wp-content\/uploads\/sites\/8\/2021\/02\/77-leau-de-nos-rivieres.pdf\" class=\"pdfemb-viewer\" style=\"\" data-width=\"max\" data-height=\"max\" data-toolbar=\"bottom\" data-toolbar-fixed=\"off\">77-leau-de-nos-rivieres<\/a>\n<p class=\"wp-block-pdfemb-pdf-embedder-viewer\"><\/p>\n\n\n<a href=\"https:\/\/www.diocese-belfort-montbeliard.fr\/charmont-montbeliard\/wp-content\/uploads\/sites\/8\/2021\/02\/76-lamie-chelidoine-.pdf\" class=\"pdfemb-viewer\" style=\"\" data-width=\"max\" data-height=\"max\" data-toolbar=\"bottom\" data-toolbar-fixed=\"off\">76-lamie-chelidoine-<\/a>\n<p class=\"wp-block-pdfemb-pdf-embedder-viewer\"><\/p>\n\n\n<a href=\"https:\/\/www.diocese-belfort-montbeliard.fr\/charmont-montbeliard\/wp-content\/uploads\/sites\/8\/2021\/02\/75-et-toi-tu-upcycles-.pdf\" class=\"pdfemb-viewer\" style=\"\" data-width=\"max\" data-height=\"max\" data-toolbar=\"bottom\" data-toolbar-fixed=\"off\">75-et-toi-tu-upcycles-<\/a>\n<p class=\"wp-block-pdfemb-pdf-embedder-viewer\"><\/p>\n\n\n<a href=\"https:\/\/www.diocese-belfort-montbeliard.fr\/charmont-montbeliard\/wp-content\/uploads\/sites\/8\/2021\/02\/74-oeuf-de-paques-en-chocolat.pdf\" class=\"pdfemb-viewer\" style=\"\" data-width=\"max\" data-height=\"max\" data-toolbar=\"bottom\" data-toolbar-fixed=\"off\">74-oeuf-de-paques-en-chocolat<\/a>\n<p class=\"wp-block-pdfemb-pdf-embedder-viewer\"><\/p>\n\n\n<a href=\"https:\/\/www.diocese-belfort-montbeliard.fr\/charmont-montbeliard\/wp-content\/uploads\/sites\/8\/2021\/02\/73-0-pesticide-1.pdf\" class=\"pdfemb-viewer\" style=\"\" data-width=\"max\" data-height=\"max\" data-toolbar=\"bottom\" data-toolbar-fixed=\"off\">73-0-pesticide-1<\/a>\n<p class=\"wp-block-pdfemb-pdf-embedder-viewer\"><\/p>\n\n\n<a href=\"https:\/\/www.diocese-belfort-montbeliard.fr\/charmont-montbeliard\/wp-content\/uploads\/sites\/8\/2021\/02\/72-ecopont.pdf\" class=\"pdfemb-viewer\" style=\"\" data-width=\"max\" data-height=\"max\" data-toolbar=\"bottom\" data-toolbar-fixed=\"off\">72-ecopont<\/a>\n<p class=\"wp-block-pdfemb-pdf-embedder-viewer\"><\/p>\n\n\n<a href=\"https:\/\/www.diocese-belfort-montbeliard.fr\/charmont-montbeliard\/wp-content\/uploads\/sites\/8\/2021\/02\/70-explosion.pdf\" class=\"pdfemb-viewer\" style=\"\" data-width=\"max\" data-height=\"max\" data-toolbar=\"bottom\" data-toolbar-fixed=\"off\">70-explosion<\/a>\n<p class=\"wp-block-pdfemb-pdf-embedder-viewer\"><\/p>\n\n\n<a href=\"https:\/\/www.diocese-belfort-montbeliard.fr\/charmont-montbeliard\/wp-content\/uploads\/sites\/8\/2021\/02\/69-pierre-rabbi.pdf\" class=\"pdfemb-viewer\" style=\"\" data-width=\"max\" data-height=\"max\" data-toolbar=\"bottom\" data-toolbar-fixed=\"off\">69-pierre-rabbi<\/a>\n<p class=\"wp-block-pdfemb-pdf-embedder-viewer\"><\/p>\n\n\n<a href=\"https:\/\/www.diocese-belfort-montbeliard.fr\/charmont-montbeliard\/wp-content\/uploads\/sites\/8\/2021\/02\/68-bulbe.pdf\" class=\"pdfemb-viewer\" style=\"\" data-width=\"max\" data-height=\"max\" data-toolbar=\"bottom\" data-toolbar-fixed=\"off\">68-bulbe<\/a>\n<p class=\"wp-block-pdfemb-pdf-embedder-viewer\"><\/p>\n\n\n<a href=\"https:\/\/www.diocese-belfort-montbeliard.fr\/charmont-montbeliard\/wp-content\/uploads\/sites\/8\/2021\/02\/67-sanglier.pdf\" class=\"pdfemb-viewer\" style=\"\" data-width=\"max\" data-height=\"max\" data-toolbar=\"bottom\" data-toolbar-fixed=\"off\">67-sanglier<\/a>\n<p class=\"wp-block-pdfemb-pdf-embedder-viewer\"><\/p>\n\n\n<a href=\"https:\/\/www.diocese-belfort-montbeliard.fr\/charmont-montbeliard\/wp-content\/uploads\/sites\/8\/2021\/02\/66-neige.pdf\" class=\"pdfemb-viewer\" style=\"\" data-width=\"max\" data-height=\"max\" data-toolbar=\"bottom\" data-toolbar-fixed=\"off\">66-neige<\/a>\n<p class=\"wp-block-pdfemb-pdf-embedder-viewer\"><\/p>\n\n\n<a href=\"https:\/\/www.diocese-belfort-montbeliard.fr\/charmont-montbeliard\/wp-content\/uploads\/sites\/8\/2021\/02\/65premiers-chants-.pdf\" class=\"pdfemb-viewer\" style=\"\" data-width=\"max\" data-height=\"max\" data-toolbar=\"bottom\" data-toolbar-fixed=\"off\">65premiers-chants-<\/a>\n<p class=\"wp-block-pdfemb-pdf-embedder-viewer\"><\/p>\n\n\n<a href=\"https:\/\/www.diocese-belfort-montbeliard.fr\/charmont-montbeliard\/wp-content\/uploads\/sites\/8\/2021\/02\/64-des-chardonnerets-sur-les-carderes-.pdf\" class=\"pdfemb-viewer\" style=\"\" data-width=\"max\" data-height=\"max\" data-toolbar=\"bottom\" data-toolbar-fixed=\"off\">64-des-chardonnerets-sur-les-carderes-<\/a>\n<p class=\"wp-block-pdfemb-pdf-embedder-viewer\"><\/p>\n\n\n<a href=\"https:\/\/www.diocese-belfort-montbeliard.fr\/charmont-montbeliard\/wp-content\/uploads\/sites\/8\/2021\/02\/63-jai-du-bon-tabac-.pdf\" class=\"pdfemb-viewer\" style=\"\" data-width=\"max\" data-height=\"max\" data-toolbar=\"bottom\" data-toolbar-fixed=\"off\">63-jai-du-bon-tabac-<\/a>\n<p class=\"wp-block-pdfemb-pdf-embedder-viewer\"><\/p>\n\n\n<a href=\"https:\/\/www.diocese-belfort-montbeliard.fr\/charmont-montbeliard\/wp-content\/uploads\/sites\/8\/2021\/02\/62-bonne-resolution.pdf\" class=\"pdfemb-viewer\" style=\"\" data-width=\"max\" data-height=\"max\" data-toolbar=\"bottom\" data-toolbar-fixed=\"off\">62-bonne-resolution<\/a>\n<p class=\"wp-block-pdfemb-pdf-embedder-viewer\"><\/p>\n\n\n<a href=\"https:\/\/www.diocese-belfort-montbeliard.fr\/charmont-montbeliard\/wp-content\/uploads\/sites\/8\/2021\/02\/61-lierre.pdf\" class=\"pdfemb-viewer\" style=\"\" data-width=\"max\" data-height=\"max\" data-toolbar=\"bottom\" data-toolbar-fixed=\"off\">61-lierre<\/a>\n<p class=\"wp-block-pdfemb-pdf-embedder-viewer\"><\/p>\n\n\n<a href=\"https:\/\/www.diocese-belfort-montbeliard.fr\/charmont-montbeliard\/wp-content\/uploads\/sites\/8\/2021\/02\/60-rois.pdf\" class=\"pdfemb-viewer\" style=\"\" data-width=\"max\" data-height=\"max\" data-toolbar=\"bottom\" data-toolbar-fixed=\"off\">60-rois<\/a>\n<p class=\"wp-block-pdfemb-pdf-embedder-viewer\"><\/p>\n\n\n<a href=\"https:\/\/www.diocese-belfort-montbeliard.fr\/charmont-montbeliard\/wp-content\/uploads\/sites\/8\/2021\/02\/59-au-gui-lan-neuf.pdf\" class=\"pdfemb-viewer\" style=\"\" data-width=\"max\" data-height=\"max\" data-toolbar=\"bottom\" data-toolbar-fixed=\"off\">59-au-gui-lan-neuf<\/a>\n<p class=\"wp-block-pdfemb-pdf-embedder-viewer\"><\/p>\n\n\n<a href=\"https:\/\/www.diocese-belfort-montbeliard.fr\/charmont-montbeliard\/wp-content\/uploads\/sites\/8\/2021\/02\/58-oh-les-beaux-joujoux.pdf\" class=\"pdfemb-viewer\" style=\"\" data-width=\"max\" data-height=\"max\" data-toolbar=\"bottom\" data-toolbar-fixed=\"off\">58-oh-les-beaux-joujoux<\/a>\n<p class=\"wp-block-pdfemb-pdf-embedder-viewer\"><\/p>\n\n\n<a href=\"https:\/\/www.diocese-belfort-montbeliard.fr\/charmont-montbeliard\/wp-content\/uploads\/sites\/8\/2021\/02\/57-pub.pdf\" class=\"pdfemb-viewer\" style=\"\" data-width=\"max\" data-height=\"max\" data-toolbar=\"bottom\" data-toolbar-fixed=\"off\">57-pub<\/a>\n<p class=\"wp-block-pdfemb-pdf-embedder-viewer\"><\/p>\n\n\n<a href=\"https:\/\/www.diocese-belfort-montbeliard.fr\/charmont-montbeliard\/wp-content\/uploads\/sites\/8\/2021\/02\/56-sapin.pdf\" class=\"pdfemb-viewer\" style=\"\" data-width=\"max\" data-height=\"max\" data-toolbar=\"bottom\" data-toolbar-fixed=\"off\">56-sapin<\/a>\n<p class=\"wp-block-pdfemb-pdf-embedder-viewer\"><\/p>\n\n\n<a href=\"https:\/\/www.diocese-belfort-montbeliard.fr\/charmont-montbeliard\/wp-content\/uploads\/sites\/8\/2021\/02\/55-cest-l-avent.pdf\" class=\"pdfemb-viewer\" style=\"\" data-width=\"max\" data-height=\"max\" data-toolbar=\"bottom\" data-toolbar-fixed=\"off\">55-cest-l-avent<\/a>\n<p class=\"wp-block-pdfemb-pdf-embedder-viewer\"><\/p>\n\n\n<a href=\"https:\/\/www.diocese-belfort-montbeliard.fr\/charmont-montbeliard\/wp-content\/uploads\/sites\/8\/2021\/11\/54-symbiose.pdf\" class=\"pdfemb-viewer\" style=\"\" data-width=\"max\" data-height=\"max\" data-toolbar=\"bottom\" data-toolbar-fixed=\"off\">54-symbiose<\/a>\n<p class=\"wp-block-pdfemb-pdf-embedder-viewer\"><\/p>\n\n\n<a href=\"https:\/\/www.diocese-belfort-montbeliard.fr\/charmont-montbeliard\/wp-content\/uploads\/sites\/8\/2021\/02\/53-commensalisme.pdf\" class=\"pdfemb-viewer\" style=\"\" data-width=\"max\" data-height=\"max\" data-toolbar=\"bottom\" data-toolbar-fixed=\"off\">53-commensalisme<\/a>\n<p class=\"wp-block-pdfemb-pdf-embedder-viewer\"><\/p>\n\n\n<a href=\"https:\/\/www.diocese-belfort-montbeliard.fr\/charmont-montbeliard\/wp-content\/uploads\/sites\/8\/2021\/02\/52-nourriture-et-comportement-1-1.pdf\" class=\"pdfemb-viewer\" style=\"\" data-width=\"max\" data-height=\"max\" data-toolbar=\"bottom\" data-toolbar-fixed=\"off\">52-nourriture-et-comportement-1-1<\/a>\n<p class=\"wp-block-pdfemb-pdf-embedder-viewer\"><\/p>\n\n\n<a href=\"https:\/\/www.diocese-belfort-montbeliard.fr\/charmont-montbeliard\/wp-content\/uploads\/sites\/8\/2021\/02\/51-on-installe-la-fibre.pdf\" class=\"pdfemb-viewer\" style=\"\" data-width=\"max\" data-height=\"max\" data-toolbar=\"bottom\" data-toolbar-fixed=\"off\">51-on-installe-la-fibre<\/a>\n<p class=\"wp-block-pdfemb-pdf-embedder-viewer\"><\/p>\n\n\n<a href=\"https:\/\/www.diocese-belfort-montbeliard.fr\/charmont-montbeliard\/wp-content\/uploads\/sites\/8\/2021\/02\/50-immortel-tardigrade.pdf\" class=\"pdfemb-viewer\" style=\"\" data-width=\"max\" data-height=\"max\" data-toolbar=\"bottom\" data-toolbar-fixed=\"off\">50-immortel-tardigrade<\/a>\n<p class=\"wp-block-pdfemb-pdf-embedder-viewer\"><\/p>\n\n\n<a href=\"https:\/\/www.diocese-belfort-montbeliard.fr\/charmont-montbeliard\/wp-content\/uploads\/sites\/8\/2021\/02\/49-tradition-et-raison.pdf\" class=\"pdfemb-viewer\" style=\"\" data-width=\"max\" data-height=\"max\" data-toolbar=\"bottom\" data-toolbar-fixed=\"off\">49-tradition-et-raison<\/a>\n<p class=\"wp-block-pdfemb-pdf-embedder-viewer\"><\/p>\n\n\n<a href=\"https:\/\/www.diocese-belfort-montbeliard.fr\/charmont-montbeliard\/wp-content\/uploads\/sites\/8\/2021\/02\/48-drole-de-bain-.pdf\" class=\"pdfemb-viewer\" style=\"\" data-width=\"max\" data-height=\"max\" data-toolbar=\"bottom\" data-toolbar-fixed=\"off\">48-drole-de-bain-<\/a>\n<p class=\"wp-block-pdfemb-pdf-embedder-viewer\"><\/p>\n\n\n<a href=\"https:\/\/www.diocese-belfort-montbeliard.fr\/charmont-montbeliard\/wp-content\/uploads\/sites\/8\/2021\/02\/47-migrateur-partiel-.pdf\" class=\"pdfemb-viewer\" style=\"\" data-width=\"max\" data-height=\"max\" data-toolbar=\"bottom\" data-toolbar-fixed=\"off\">47-migrateur-partiel-<\/a>\n<p class=\"wp-block-pdfemb-pdf-embedder-viewer\"><\/p>\n\n\n<a href=\"https:\/\/www.diocese-belfort-montbeliard.fr\/charmont-montbeliard\/wp-content\/uploads\/sites\/8\/2021\/02\/46-oh-les-belles-couleurs.pdf\" class=\"pdfemb-viewer\" style=\"\" data-width=\"max\" data-height=\"max\" data-toolbar=\"bottom\" data-toolbar-fixed=\"off\">46-oh-les-belles-couleurs<\/a>\n<p class=\"wp-block-pdfemb-pdf-embedder-viewer\"><\/p>\n\n\n<a href=\"https:\/\/www.diocese-belfort-montbeliard.fr\/charmont-montbeliard\/wp-content\/uploads\/sites\/8\/2021\/02\/45-herisson.pdf\" class=\"pdfemb-viewer\" style=\"\" data-width=\"max\" data-height=\"max\" data-toolbar=\"bottom\" data-toolbar-fixed=\"off\">45-herisson<\/a>\n<p class=\"wp-block-pdfemb-pdf-embedder-viewer\"><\/p>\n\n\n<a href=\"https:\/\/www.diocese-belfort-montbeliard.fr\/charmont-montbeliard\/wp-content\/uploads\/sites\/8\/2021\/02\/44.ecotone.pdf\" class=\"pdfemb-viewer\" style=\"\" data-width=\"max\" data-height=\"max\" data-toolbar=\"bottom\" data-toolbar-fixed=\"off\">44.ecotone<\/a>\n<p class=\"wp-block-pdfemb-pdf-embedder-viewer\"><\/p>\n\n\n<a href=\"https:\/\/www.diocese-belfort-montbeliard.fr\/charmont-montbeliard\/wp-content\/uploads\/sites\/8\/2021\/02\/43bye-bye-les-cigognes.pdf\" class=\"pdfemb-viewer\" style=\"\" data-width=\"max\" data-height=\"max\" data-toolbar=\"bottom\" data-toolbar-fixed=\"off\">43bye-bye-les-cigognes<\/a>\n<p class=\"wp-block-pdfemb-pdf-embedder-viewer\"><\/p>\n\n\n<a href=\"https:\/\/www.diocese-belfort-montbeliard.fr\/charmont-montbeliard\/wp-content\/uploads\/sites\/8\/2021\/02\/42-point-vert.pdf\" class=\"pdfemb-viewer\" style=\"\" data-width=\"max\" data-height=\"max\" data-toolbar=\"bottom\" data-toolbar-fixed=\"off\">42-point-vert<\/a>\n<p class=\"wp-block-pdfemb-pdf-embedder-viewer\"><\/p>\n\n\n<a href=\"https:\/\/www.diocese-belfort-montbeliard.fr\/charmont-montbeliard\/wp-content\/uploads\/sites\/8\/2021\/02\/41-baie-vitree-.pdf\" class=\"pdfemb-viewer\" style=\"\" data-width=\"max\" data-height=\"max\" data-toolbar=\"bottom\" data-toolbar-fixed=\"off\">41-baie-vitree-<\/a>\n<p class=\"wp-block-pdfemb-pdf-embedder-viewer\"><\/p>\n\n\n<a href=\"https:\/\/www.diocese-belfort-montbeliard.fr\/charmont-montbeliard\/wp-content\/uploads\/sites\/8\/2021\/02\/40-piaf-.pdf\" class=\"pdfemb-viewer\" style=\"\" data-width=\"max\" data-height=\"max\" data-toolbar=\"bottom\" data-toolbar-fixed=\"off\">40-piaf-<\/a>\n<p class=\"wp-block-pdfemb-pdf-embedder-viewer\"><\/p>\n\n\n<a href=\"https:\/\/www.diocese-belfort-montbeliard.fr\/charmont-montbeliard\/wp-content\/uploads\/sites\/8\/2021\/02\/39-et-encore-des-surprises.pdf\" class=\"pdfemb-viewer\" style=\"\" data-width=\"max\" data-height=\"max\" data-toolbar=\"bottom\" data-toolbar-fixed=\"off\">39-et-encore-des-surprises<\/a>\n<p class=\"wp-block-pdfemb-pdf-embedder-viewer\"><\/p>\n\n\n<a href=\"https:\/\/www.diocese-belfort-montbeliard.fr\/charmont-montbeliard\/wp-content\/uploads\/sites\/8\/2021\/02\/38-bonnes-nouvelles.pdf\" class=\"pdfemb-viewer\" style=\"\" data-width=\"max\" data-height=\"max\" data-toolbar=\"bottom\" data-toolbar-fixed=\"off\">38-bonnes-nouvelles<\/a>\n<p class=\"wp-block-pdfemb-pdf-embedder-viewer\"><\/p>\n\n\n<a href=\"https:\/\/www.diocese-belfort-montbeliard.fr\/charmont-montbeliard\/wp-content\/uploads\/sites\/8\/2021\/02\/37-en-balade-.pdf\" class=\"pdfemb-viewer\" style=\"\" data-width=\"max\" data-height=\"max\" data-toolbar=\"bottom\" data-toolbar-fixed=\"off\">37-en-balade-<\/a>\n<p class=\"wp-block-pdfemb-pdf-embedder-viewer\"><\/p>\n\n\n<a href=\"https:\/\/www.diocese-belfort-montbeliard.fr\/charmont-montbeliard\/wp-content\/uploads\/sites\/8\/2021\/02\/36-crue-pour-le-meilleur-et-le-pire.pdf\" class=\"pdfemb-viewer\" style=\"\" data-width=\"max\" data-height=\"max\" data-toolbar=\"bottom\" data-toolbar-fixed=\"off\">36-crue-pour-le-meilleur-et-le-pire<\/a>\n<p class=\"wp-block-pdfemb-pdf-embedder-viewer\"><\/p>\n\n\n<a href=\"https:\/\/www.diocese-belfort-montbeliard.fr\/charmont-montbeliard\/wp-content\/uploads\/sites\/8\/2021\/02\/35-pigeon-vole-cerf-vole.pdf\" class=\"pdfemb-viewer\" style=\"\" data-width=\"max\" data-height=\"max\" data-toolbar=\"bottom\" data-toolbar-fixed=\"off\">35-pigeon-vole-cerf-vole<\/a>\n<p class=\"wp-block-pdfemb-pdf-embedder-viewer\"><\/p>\n\n\n<a href=\"https:\/\/www.diocese-belfort-montbeliard.fr\/charmont-montbeliard\/wp-content\/uploads\/sites\/8\/2021\/02\/34-meme-pas-peur.pdf\" class=\"pdfemb-viewer\" style=\"\" data-width=\"max\" data-height=\"max\" data-toolbar=\"bottom\" data-toolbar-fixed=\"off\">34-meme-pas-peur<\/a>\n<p class=\"wp-block-pdfemb-pdf-embedder-viewer\"><\/p>\n\n\n<a href=\"https:\/\/www.diocese-belfort-montbeliard.fr\/charmont-montbeliard\/wp-content\/uploads\/sites\/8\/2021\/02\/33-couloir-ecologique.pdf\" class=\"pdfemb-viewer\" style=\"\" data-width=\"max\" data-height=\"max\" data-toolbar=\"bottom\" data-toolbar-fixed=\"off\">33-couloir-ecologique<\/a>\n<p class=\"wp-block-pdfemb-pdf-embedder-viewer\"><\/p>\n\n\n<a href=\"https:\/\/www.diocese-belfort-montbeliard.fr\/charmont-montbeliard\/wp-content\/uploads\/sites\/8\/2021\/02\/32-drole-de-foret-la-haie.pdf\" class=\"pdfemb-viewer\" style=\"\" data-width=\"max\" data-height=\"max\" data-toolbar=\"bottom\" data-toolbar-fixed=\"off\">32-drole-de-foret-la-haie<\/a>\n<p class=\"wp-block-pdfemb-pdf-embedder-viewer\"><\/p>\n\n\n<a href=\"https:\/\/www.diocese-belfort-montbeliard.fr\/charmont-montbeliard\/wp-content\/uploads\/sites\/8\/2021\/02\/31-biodegrable-.pdf\" class=\"pdfemb-viewer\" style=\"\" data-width=\"max\" data-height=\"max\" data-toolbar=\"bottom\" data-toolbar-fixed=\"off\">31-biodegrable-<\/a>\n<p class=\"wp-block-pdfemb-pdf-embedder-viewer\"><\/p>\n\n\n<a href=\"https:\/\/www.diocese-belfort-montbeliard.fr\/charmont-montbeliard\/wp-content\/uploads\/sites\/8\/2021\/02\/30-strategies.pdf\" class=\"pdfemb-viewer\" style=\"\" data-width=\"max\" data-height=\"max\" data-toolbar=\"bottom\" data-toolbar-fixed=\"off\">30-strategies<\/a>\n<p class=\"wp-block-pdfemb-pdf-embedder-viewer\"><\/p>\n\n\n<a href=\"https:\/\/www.diocese-belfort-montbeliard.fr\/charmont-montbeliard\/wp-content\/uploads\/sites\/8\/2021\/02\/29-surprises.pdf\" class=\"pdfemb-viewer\" style=\"\" data-width=\"max\" data-height=\"max\" data-toolbar=\"bottom\" data-toolbar-fixed=\"off\">29-surprises<\/a>\n<p class=\"wp-block-pdfemb-pdf-embedder-viewer\"><\/p>\n\n\n<a href=\"https:\/\/www.diocese-belfort-montbeliard.fr\/charmont-montbeliard\/wp-content\/uploads\/sites\/8\/2021\/02\/28-coccinelle-demoiselle-28-mai-2021.pdf\" class=\"pdfemb-viewer\" style=\"\" data-width=\"max\" data-height=\"max\" data-toolbar=\"bottom\" data-toolbar-fixed=\"off\">28-coccinelle-demoiselle-28-mai-2021<\/a>\n<p class=\"wp-block-pdfemb-pdf-embedder-viewer\"><\/p>\n\n\n<a href=\"https:\/\/www.diocese-belfort-montbeliard.fr\/charmont-montbeliard\/wp-content\/uploads\/sites\/8\/2021\/02\/27-des-fenetresd-et-balcons-a-bzzz.pdf\" class=\"pdfemb-viewer\" style=\"\" data-width=\"max\" data-height=\"max\" data-toolbar=\"bottom\" data-toolbar-fixed=\"off\">27-des-fenetresd-et-balcons-a-bzzz<\/a>\n<p class=\"wp-block-pdfemb-pdf-embedder-viewer\"><\/p>\n\n\n<a href=\"https:\/\/www.diocese-belfort-montbeliard.fr\/charmont-montbeliard\/wp-content\/uploads\/sites\/8\/2021\/02\/26maison-dhote-a-papillons.pdf\" class=\"pdfemb-viewer\" style=\"\" data-width=\"max\" data-height=\"max\" data-toolbar=\"bottom\" data-toolbar-fixed=\"off\">26maison-dhote-a-papillons<\/a>\n<p class=\"wp-block-pdfemb-pdf-embedder-viewer\"><\/p>\n\n\n<a href=\"https:\/\/www.diocese-belfort-montbeliard.fr\/charmont-montbeliard\/wp-content\/uploads\/sites\/8\/2021\/02\/25on-a-perdu-les-papillons.pdf\" class=\"pdfemb-viewer\" style=\"\" data-width=\"max\" data-height=\"max\" data-toolbar=\"bottom\" data-toolbar-fixed=\"off\">25on-a-perdu-les-papillons<\/a>\n<p class=\"wp-block-pdfemb-pdf-embedder-viewer\"><\/p>\n\n\n<a href=\"https:\/\/www.diocese-belfort-montbeliard.fr\/charmont-montbeliard\/wp-content\/uploads\/sites\/8\/2021\/02\/24-la-prairie-.pdf\" class=\"pdfemb-viewer\" style=\"\" data-width=\"max\" data-height=\"max\" data-toolbar=\"bottom\" data-toolbar-fixed=\"off\">24-la-prairie-<\/a>\n<p class=\"wp-block-pdfemb-pdf-embedder-viewer\"><\/p>\n\n\n<a href=\"https:\/\/www.diocese-belfort-montbeliard.fr\/charmont-montbeliard\/wp-content\/uploads\/sites\/8\/2021\/02\/23-gazon-ou-prairie-fleurie-.pdf\" class=\"pdfemb-viewer\" style=\"\" data-width=\"max\" data-height=\"max\" data-toolbar=\"bottom\" data-toolbar-fixed=\"off\">23-gazon-ou-prairie-fleurie-<\/a>\n<p class=\"wp-block-pdfemb-pdf-embedder-viewer\"><\/p>\n\n\n<a href=\"https:\/\/www.diocese-belfort-montbeliard.fr\/charmont-montbeliard\/wp-content\/uploads\/sites\/8\/2021\/02\/22-bzz-bzz-les-revoici-biodiversite.pdf\" class=\"pdfemb-viewer\" style=\"\" data-width=\"max\" data-height=\"max\" data-toolbar=\"bottom\" data-toolbar-fixed=\"off\">22-bzz-bzz-les-revoici-biodiversite<\/a>\n<p class=\"wp-block-pdfemb-pdf-embedder-viewer\"><\/p>\n\n\n<a href=\"https:\/\/www.diocese-belfort-montbeliard.fr\/charmont-montbeliard\/wp-content\/uploads\/sites\/8\/2021\/02\/21-de-lair-dans-la-glace.pdf\" class=\"pdfemb-viewer\" style=\"\" data-width=\"max\" data-height=\"max\" data-toolbar=\"bottom\" data-toolbar-fixed=\"off\">21-de-lair-dans-la-glace<\/a>\n<p class=\"wp-block-pdfemb-pdf-embedder-viewer\"><\/p>\n\n\n<a href=\"https:\/\/www.diocese-belfort-montbeliard.fr\/charmont-montbeliard\/wp-content\/uploads\/sites\/8\/2021\/02\/20-chouette-ca-pousse.pdf\" class=\"pdfemb-viewer\" style=\"\" data-width=\"max\" data-height=\"max\" data-toolbar=\"bottom\" data-toolbar-fixed=\"off\">20-chouette-ca-pousse<\/a>\n<p class=\"wp-block-pdfemb-pdf-embedder-viewer\"><\/p>\n\n\n<a href=\"https:\/\/www.diocese-belfort-montbeliard.fr\/charmont-montbeliard\/wp-content\/uploads\/sites\/8\/2021\/02\/19-chasse-glu.pdf\" class=\"pdfemb-viewer\" style=\"\" data-width=\"max\" data-height=\"max\" data-toolbar=\"bottom\" data-toolbar-fixed=\"off\">19-chasse-glu<\/a>\n<p class=\"wp-block-pdfemb-pdf-embedder-viewer\"><\/p>\n\n\n<a href=\"https:\/\/www.diocese-belfort-montbeliard.fr\/charmont-montbeliard\/wp-content\/uploads\/sites\/8\/2021\/02\/18-perlette.pdf\" class=\"pdfemb-viewer\" style=\"\" data-width=\"max\" data-height=\"max\" data-toolbar=\"bottom\" data-toolbar-fixed=\"off\">18-perlette<\/a>\n<p class=\"wp-block-pdfemb-pdf-embedder-viewer\"><\/p>\n\n\n<a href=\"https:\/\/www.diocese-belfort-montbeliard.fr\/charmont-montbeliard\/wp-content\/uploads\/sites\/8\/2021\/02\/17ma-vie-de-ver-de-terre.pdf\" class=\"pdfemb-viewer\" style=\"\" data-width=\"max\" data-height=\"max\" data-toolbar=\"bottom\" data-toolbar-fixed=\"off\">17ma-vie-de-ver-de-terre<\/a>\n<p class=\"wp-block-pdfemb-pdf-embedder-viewer\"><\/p>\n\n\n<a href=\"https:\/\/www.diocese-belfort-montbeliard.fr\/charmont-montbeliard\/wp-content\/uploads\/sites\/8\/2021\/02\/16-brf-pour-le-4-mars.pdf\" class=\"pdfemb-viewer\" style=\"\" data-width=\"max\" data-height=\"max\" data-toolbar=\"bottom\" data-toolbar-fixed=\"off\">16-brf-pour-le-4-mars<\/a>\n<p class=\"wp-block-pdfemb-pdf-embedder-viewer\"><\/p>\n\n\n<a href=\"https:\/\/www.diocese-belfort-montbeliard.fr\/charmont-montbeliard\/wp-content\/uploads\/sites\/8\/2021\/02\/15habitants-du-sol-pour-le-25-fevrier.pdf\" class=\"pdfemb-viewer\" style=\"\" data-width=\"max\" data-height=\"max\" data-toolbar=\"bottom\" data-toolbar-fixed=\"off\">15habitants-du-sol-pour-le-25-fevrier<\/a>\n<p class=\"wp-block-pdfemb-pdf-embedder-viewer\"><\/p>\n\n\n<a href=\"https:\/\/www.diocese-belfort-montbeliard.fr\/charmont-montbeliard\/wp-content\/uploads\/sites\/8\/2021\/02\/14-sol-pour-le-18-fevrier.pdf\" class=\"pdfemb-viewer\" style=\"\" data-width=\"max\" data-height=\"max\" data-toolbar=\"bottom\" data-toolbar-fixed=\"off\">14-sol-pour-le-18-fevrier<\/a>\n<p class=\"wp-block-pdfemb-pdf-embedder-viewer\"><\/p>\n\n\n<a href=\"https:\/\/www.diocese-belfort-montbeliard.fr\/charmont-montbeliard\/wp-content\/uploads\/sites\/8\/2021\/02\/13-cycle-de-la-matiere-pour-le-11-fevrier.pdf\" class=\"pdfemb-viewer\" style=\"\" data-width=\"max\" data-height=\"max\" data-toolbar=\"bottom\" data-toolbar-fixed=\"off\">13-cycle-de-la-matiere-pour-le-11-fevrier<\/a>\n<p class=\"wp-block-pdfemb-pdf-embedder-viewer\"><\/p>\n\n\n<a href=\"https:\/\/www.diocese-belfort-montbeliard.fr\/charmont-montbeliard\/wp-content\/uploads\/sites\/8\/2021\/02\/12-reseau-trophique-pour-le-4-fevrier-2021.pdf\" class=\"pdfemb-viewer\" style=\"\" data-width=\"max\" data-height=\"max\" data-toolbar=\"bottom\" data-toolbar-fixed=\"off\">12-reseau-trophique-pour-le-4-fevrier-2021<\/a>\n<p class=\"wp-block-pdfemb-pdf-embedder-viewer\"><\/p>\n\n\n\n<figure class=\"wp-block-image size-large is-resized\"><img loading=\"lazy\" decoding=\"async\" width=\"845\" height=\"1080\" src=\"https:\/\/www.diocese-belfort-montbeliard.fr\/charmont-montbeliard\/wp-content\/uploads\/sites\/8\/2021\/02\/Echo-P1-845x1080.jpg\" alt=\"\" class=\"wp-image-592\" style=\"width:1134px;height:1449px\" srcset=\"https:\/\/www.diocese-belfort-montbeliard.fr\/charmont-montbeliard\/wp-content\/uploads\/sites\/8\/2021\/02\/Echo-P1-845x1080.jpg 845w, https:\/\/www.diocese-belfort-montbeliard.fr\/charmont-montbeliard\/wp-content\/uploads\/sites\/8\/2021\/02\/Echo-P1-469x600.jpg 469w, https:\/\/www.diocese-belfort-montbeliard.fr\/charmont-montbeliard\/wp-content\/uploads\/sites\/8\/2021\/02\/Echo-P1-768x982.jpg 768w, https:\/\/www.diocese-belfort-montbeliard.fr\/charmont-montbeliard\/wp-content\/uploads\/sites\/8\/2021\/02\/Echo-P1-1202x1536.jpg 1202w, https:\/\/www.diocese-belfort-montbeliard.fr\/charmont-montbeliard\/wp-content\/uploads\/sites\/8\/2021\/02\/Echo-P1-1602x2048.jpg 1602w, https:\/\/www.diocese-belfort-montbeliard.fr\/charmont-montbeliard\/wp-content\/uploads\/sites\/8\/2021\/02\/Echo-P1.jpg 1632w\" sizes=\"auto, (max-width: 845px) 100vw, 845px\" \/><\/figure>\n\n\n\n<figure class=\"wp-block-image size-large is-resized\"><img loading=\"lazy\" decoding=\"async\" width=\"821\" height=\"1080\" src=\"https:\/\/www.diocese-belfort-montbeliard.fr\/charmont-montbeliard\/wp-content\/uploads\/sites\/8\/2021\/02\/Echo-P2-1-821x1080.jpg\" alt=\"\" class=\"wp-image-594\" style=\"width:1162px;height:1529px\" srcset=\"https:\/\/www.diocese-belfort-montbeliard.fr\/charmont-montbeliard\/wp-content\/uploads\/sites\/8\/2021\/02\/Echo-P2-1-821x1080.jpg 821w, https:\/\/www.diocese-belfort-montbeliard.fr\/charmont-montbeliard\/wp-content\/uploads\/sites\/8\/2021\/02\/Echo-P2-1-456x600.jpg 456w, https:\/\/www.diocese-belfort-montbeliard.fr\/charmont-montbeliard\/wp-content\/uploads\/sites\/8\/2021\/02\/Echo-P2-1-768x1010.jpg 768w, https:\/\/www.diocese-belfort-montbeliard.fr\/charmont-montbeliard\/wp-content\/uploads\/sites\/8\/2021\/02\/Echo-P2-1-1168x1536.jpg 1168w, https:\/\/www.diocese-belfort-montbeliard.fr\/charmont-montbeliard\/wp-content\/uploads\/sites\/8\/2021\/02\/Echo-P2-1.jpg 1194w\" sizes=\"auto, (max-width: 821px) 100vw, 821px\" \/><\/figure>\n\n\n\n<figure class=\"wp-block-image size-large is-resized\"><img loading=\"lazy\" decoding=\"async\" width=\"824\" height=\"1080\" src=\"https:\/\/www.diocese-belfort-montbeliard.fr\/charmont-montbeliard\/wp-content\/uploads\/sites\/8\/2021\/02\/Echo-P3-824x1080.jpg\" alt=\"\" class=\"wp-image-596\" style=\"width:1136px;height:1489px\" srcset=\"https:\/\/www.diocese-belfort-montbeliard.fr\/charmont-montbeliard\/wp-content\/uploads\/sites\/8\/2021\/02\/Echo-P3-824x1080.jpg 824w, https:\/\/www.diocese-belfort-montbeliard.fr\/charmont-montbeliard\/wp-content\/uploads\/sites\/8\/2021\/02\/Echo-P3-458x600.jpg 458w, https:\/\/www.diocese-belfort-montbeliard.fr\/charmont-montbeliard\/wp-content\/uploads\/sites\/8\/2021\/02\/Echo-P3-768x1006.jpg 768w, https:\/\/www.diocese-belfort-montbeliard.fr\/charmont-montbeliard\/wp-content\/uploads\/sites\/8\/2021\/02\/Echo-P3-1172x1536.jpg 1172w, https:\/\/www.diocese-belfort-montbeliard.fr\/charmont-montbeliard\/wp-content\/uploads\/sites\/8\/2021\/02\/Echo-P3.jpg 1206w\" sizes=\"auto, (max-width: 824px) 100vw, 824px\" \/><\/figure>\n\n\n\n<figure class=\"wp-block-image size-large is-resized\"><img loading=\"lazy\" decoding=\"async\" width=\"816\" height=\"1080\" src=\"https:\/\/www.diocese-belfort-montbeliard.fr\/charmont-montbeliard\/wp-content\/uploads\/sites\/8\/2021\/02\/Echo-P4-816x1080.jpg\" alt=\"\" class=\"wp-image-597\" style=\"width:1087px;height:1439px\" srcset=\"https:\/\/www.diocese-belfort-montbeliard.fr\/charmont-montbeliard\/wp-content\/uploads\/sites\/8\/2021\/02\/Echo-P4-816x1080.jpg 816w, https:\/\/www.diocese-belfort-montbeliard.fr\/charmont-montbeliard\/wp-content\/uploads\/sites\/8\/2021\/02\/Echo-P4-453x600.jpg 453w, https:\/\/www.diocese-belfort-montbeliard.fr\/charmont-montbeliard\/wp-content\/uploads\/sites\/8\/2021\/02\/Echo-P4-768x1017.jpg 768w, https:\/\/www.diocese-belfort-montbeliard.fr\/charmont-montbeliard\/wp-content\/uploads\/sites\/8\/2021\/02\/Echo-P4-1160x1536.jpg 1160w, https:\/\/www.diocese-belfort-montbeliard.fr\/charmont-montbeliard\/wp-content\/uploads\/sites\/8\/2021\/02\/Echo-P4.jpg 1181w\" sizes=\"auto, (max-width: 816px) 100vw, 816px\" \/><\/figure>\n\n\n\n<figure class=\"wp-block-image size-large is-resized\"><img loading=\"lazy\" decoding=\"async\" width=\"831\" height=\"1080\" src=\"https:\/\/www.diocese-belfort-montbeliard.fr\/charmont-montbeliard\/wp-content\/uploads\/sites\/8\/2021\/02\/Echo-P5-831x1080.jpg\" alt=\"\" class=\"wp-image-598\" style=\"width:1059px;height:1376px\" srcset=\"https:\/\/www.diocese-belfort-montbeliard.fr\/charmont-montbeliard\/wp-content\/uploads\/sites\/8\/2021\/02\/Echo-P5-831x1080.jpg 831w, https:\/\/www.diocese-belfort-montbeliard.fr\/charmont-montbeliard\/wp-content\/uploads\/sites\/8\/2021\/02\/Echo-P5-462x600.jpg 462w, https:\/\/www.diocese-belfort-montbeliard.fr\/charmont-montbeliard\/wp-content\/uploads\/sites\/8\/2021\/02\/Echo-P5-768x998.jpg 768w, https:\/\/www.diocese-belfort-montbeliard.fr\/charmont-montbeliard\/wp-content\/uploads\/sites\/8\/2021\/02\/Echo-P5-1182x1536.jpg 1182w, https:\/\/www.diocese-belfort-montbeliard.fr\/charmont-montbeliard\/wp-content\/uploads\/sites\/8\/2021\/02\/Echo-P5.jpg 1224w\" sizes=\"auto, (max-width: 831px) 100vw, 831px\" \/><\/figure>\n\n\n\n<figure class=\"wp-block-image size-large is-resized\"><img loading=\"lazy\" decoding=\"async\" width=\"820\" height=\"1080\" src=\"https:\/\/www.diocese-belfort-montbeliard.fr\/charmont-montbeliard\/wp-content\/uploads\/sites\/8\/2021\/02\/Echo-P6-820x1080.jpg\" alt=\"\" class=\"wp-image-599\" style=\"width:1066px;height:1404px\" srcset=\"https:\/\/www.diocese-belfort-montbeliard.fr\/charmont-montbeliard\/wp-content\/uploads\/sites\/8\/2021\/02\/Echo-P6-820x1080.jpg 820w, https:\/\/www.diocese-belfort-montbeliard.fr\/charmont-montbeliard\/wp-content\/uploads\/sites\/8\/2021\/02\/Echo-P6-456x600.jpg 456w, https:\/\/www.diocese-belfort-montbeliard.fr\/charmont-montbeliard\/wp-content\/uploads\/sites\/8\/2021\/02\/Echo-P6-768x1012.jpg 768w, https:\/\/www.diocese-belfort-montbeliard.fr\/charmont-montbeliard\/wp-content\/uploads\/sites\/8\/2021\/02\/Echo-P6-1166x1536.jpg 1166w, https:\/\/www.diocese-belfort-montbeliard.fr\/charmont-montbeliard\/wp-content\/uploads\/sites\/8\/2021\/02\/Echo-P6.jpg 1211w\" sizes=\"auto, (max-width: 820px) 100vw, 820px\" \/><\/figure>\n\n\n\n<figure class=\"wp-block-image size-large is-resized\"><img loading=\"lazy\" decoding=\"async\" width=\"843\" height=\"1080\" src=\"https:\/\/www.diocese-belfort-montbeliard.fr\/charmont-montbeliard\/wp-content\/uploads\/sites\/8\/2021\/02\/Echo-P7-843x1080.jpg\" alt=\"\" class=\"wp-image-600\" style=\"width:1088px;height:1394px\" srcset=\"https:\/\/www.diocese-belfort-montbeliard.fr\/charmont-montbeliard\/wp-content\/uploads\/sites\/8\/2021\/02\/Echo-P7-843x1080.jpg 843w, https:\/\/www.diocese-belfort-montbeliard.fr\/charmont-montbeliard\/wp-content\/uploads\/sites\/8\/2021\/02\/Echo-P7-468x600.jpg 468w, https:\/\/www.diocese-belfort-montbeliard.fr\/charmont-montbeliard\/wp-content\/uploads\/sites\/8\/2021\/02\/Echo-P7-768x984.jpg 768w, https:\/\/www.diocese-belfort-montbeliard.fr\/charmont-montbeliard\/wp-content\/uploads\/sites\/8\/2021\/02\/Echo-P7-1198x1536.jpg 1198w, https:\/\/www.diocese-belfort-montbeliard.fr\/charmont-montbeliard\/wp-content\/uploads\/sites\/8\/2021\/02\/Echo-P7.jpg 1218w\" sizes=\"auto, (max-width: 843px) 100vw, 843px\" \/><\/figure>\n\n\n\n<figure class=\"wp-block-image size-large is-resized\"><img loading=\"lazy\" decoding=\"async\" width=\"796\" height=\"1080\" src=\"https:\/\/www.diocese-belfort-montbeliard.fr\/charmont-montbeliard\/wp-content\/uploads\/sites\/8\/2021\/02\/Echo-P8-796x1080.jpg\" alt=\"\" class=\"wp-image-601\" style=\"width:1091px;height:1480px\" srcset=\"https:\/\/www.diocese-belfort-montbeliard.fr\/charmont-montbeliard\/wp-content\/uploads\/sites\/8\/2021\/02\/Echo-P8-796x1080.jpg 796w, https:\/\/www.diocese-belfort-montbeliard.fr\/charmont-montbeliard\/wp-content\/uploads\/sites\/8\/2021\/02\/Echo-P8-442x600.jpg 442w, https:\/\/www.diocese-belfort-montbeliard.fr\/charmont-montbeliard\/wp-content\/uploads\/sites\/8\/2021\/02\/Echo-P8-768x1041.jpg 768w, https:\/\/www.diocese-belfort-montbeliard.fr\/charmont-montbeliard\/wp-content\/uploads\/sites\/8\/2021\/02\/Echo-P8-1133x1536.jpg 1133w, https:\/\/www.diocese-belfort-montbeliard.fr\/charmont-montbeliard\/wp-content\/uploads\/sites\/8\/2021\/02\/Echo-P8.jpg 1160w\" sizes=\"auto, (max-width: 796px) 100vw, 796px\" \/><\/figure>\n\n\n\n<figure class=\"wp-block-image size-large is-resized\"><img loading=\"lazy\" decoding=\"async\" width=\"803\" height=\"1080\" src=\"https:\/\/www.diocese-belfort-montbeliard.fr\/charmont-montbeliard\/wp-content\/uploads\/sites\/8\/2021\/02\/Echo-P9-803x1080.jpg\" alt=\"\" class=\"wp-image-602\" style=\"width:1106px;height:1488px\" srcset=\"https:\/\/www.diocese-belfort-montbeliard.fr\/charmont-montbeliard\/wp-content\/uploads\/sites\/8\/2021\/02\/Echo-P9-803x1080.jpg 803w, https:\/\/www.diocese-belfort-montbeliard.fr\/charmont-montbeliard\/wp-content\/uploads\/sites\/8\/2021\/02\/Echo-P9-446x600.jpg 446w, https:\/\/www.diocese-belfort-montbeliard.fr\/charmont-montbeliard\/wp-content\/uploads\/sites\/8\/2021\/02\/Echo-P9-768x1032.jpg 768w, https:\/\/www.diocese-belfort-montbeliard.fr\/charmont-montbeliard\/wp-content\/uploads\/sites\/8\/2021\/02\/Echo-P9-1143x1536.jpg 1143w, https:\/\/www.diocese-belfort-montbeliard.fr\/charmont-montbeliard\/wp-content\/uploads\/sites\/8\/2021\/02\/Echo-P9.jpg 1185w\" sizes=\"auto, (max-width: 803px) 100vw, 803px\" \/><\/figure>\n\n\n\n<figure class=\"wp-block-image size-large is-resized\"><img loading=\"lazy\" decoding=\"async\" width=\"801\" height=\"1080\" src=\"https:\/\/www.diocese-belfort-montbeliard.fr\/charmont-montbeliard\/wp-content\/uploads\/sites\/8\/2021\/02\/Echo-P10-801x1080.jpg\" alt=\"\" class=\"wp-image-603\" style=\"width:1060px;height:1429px\" srcset=\"https:\/\/www.diocese-belfort-montbeliard.fr\/charmont-montbeliard\/wp-content\/uploads\/sites\/8\/2021\/02\/Echo-P10-801x1080.jpg 801w, https:\/\/www.diocese-belfort-montbeliard.fr\/charmont-montbeliard\/wp-content\/uploads\/sites\/8\/2021\/02\/Echo-P10-445x600.jpg 445w, https:\/\/www.diocese-belfort-montbeliard.fr\/charmont-montbeliard\/wp-content\/uploads\/sites\/8\/2021\/02\/Echo-P10-768x1036.jpg 768w, https:\/\/www.diocese-belfort-montbeliard.fr\/charmont-montbeliard\/wp-content\/uploads\/sites\/8\/2021\/02\/Echo-P10-1139x1536.jpg 1139w, https:\/\/www.diocese-belfort-montbeliard.fr\/charmont-montbeliard\/wp-content\/uploads\/sites\/8\/2021\/02\/Echo-P10-1518x2048.jpg 1518w, https:\/\/www.diocese-belfort-montbeliard.fr\/charmont-montbeliard\/wp-content\/uploads\/sites\/8\/2021\/02\/Echo-P10.jpg 1544w\" sizes=\"auto, (max-width: 801px) 100vw, 801px\" \/><\/figure>\n\n\n\n<figure class=\"wp-block-image size-large is-resized\"><img loading=\"lazy\" decoding=\"async\" width=\"761\" height=\"1080\" src=\"https:\/\/www.diocese-belfort-montbeliard.fr\/charmont-montbeliard\/wp-content\/uploads\/sites\/8\/2021\/02\/Echo-P11-761x1080.jpg\" alt=\"\" class=\"wp-image-604\" style=\"width:1056px;height:1499px\" srcset=\"https:\/\/www.diocese-belfort-montbeliard.fr\/charmont-montbeliard\/wp-content\/uploads\/sites\/8\/2021\/02\/Echo-P11-761x1080.jpg 761w, https:\/\/www.diocese-belfort-montbeliard.fr\/charmont-montbeliard\/wp-content\/uploads\/sites\/8\/2021\/02\/Echo-P11-423x600.jpg 423w, https:\/\/www.diocese-belfort-montbeliard.fr\/charmont-montbeliard\/wp-content\/uploads\/sites\/8\/2021\/02\/Echo-P11-768x1089.jpg 768w, https:\/\/www.diocese-belfort-montbeliard.fr\/charmont-montbeliard\/wp-content\/uploads\/sites\/8\/2021\/02\/Echo-P11-1083x1536.jpg 1083w, https:\/\/www.diocese-belfort-montbeliard.fr\/charmont-montbeliard\/wp-content\/uploads\/sites\/8\/2021\/02\/Echo-P11-1444x2048.jpg 1444w, https:\/\/www.diocese-belfort-montbeliard.fr\/charmont-montbeliard\/wp-content\/uploads\/sites\/8\/2021\/02\/Echo-P11.jpg 1506w\" sizes=\"auto, (max-width: 761px) 100vw, 761px\" \/><\/figure>\n\n\n\n<figure class=\"wp-block-image size-large is-resized\"><img loading=\"lazy\" decoding=\"async\" width=\"807\" height=\"1080\" src=\"https:\/\/www.diocese-belfort-montbeliard.fr\/charmont-montbeliard\/wp-content\/uploads\/sites\/8\/2021\/02\/Echo-P12-807x1080.jpg\" alt=\"\" class=\"wp-image-605\" style=\"width:1080px;height:1445px\" srcset=\"https:\/\/www.diocese-belfort-montbeliard.fr\/charmont-montbeliard\/wp-content\/uploads\/sites\/8\/2021\/02\/Echo-P12-807x1080.jpg 807w, https:\/\/www.diocese-belfort-montbeliard.fr\/charmont-montbeliard\/wp-content\/uploads\/sites\/8\/2021\/02\/Echo-P12-449x600.jpg 449w, https:\/\/www.diocese-belfort-montbeliard.fr\/charmont-montbeliard\/wp-content\/uploads\/sites\/8\/2021\/02\/Echo-P12-768x1027.jpg 768w, https:\/\/www.diocese-belfort-montbeliard.fr\/charmont-montbeliard\/wp-content\/uploads\/sites\/8\/2021\/02\/Echo-P12-1148x1536.jpg 1148w, https:\/\/www.diocese-belfort-montbeliard.fr\/charmont-montbeliard\/wp-content\/uploads\/sites\/8\/2021\/02\/Echo-P12-1531x2048.jpg 1531w, https:\/\/www.diocese-belfort-montbeliard.fr\/charmont-montbeliard\/wp-content\/uploads\/sites\/8\/2021\/02\/Echo-P12.jpg 1609w\" sizes=\"auto, (max-width: 807px) 100vw, 807px\" \/><\/figure>\n\n\n\n<figure class=\"wp-block-image size-large is-resized\"><img loading=\"lazy\" decoding=\"async\" width=\"764\" height=\"1080\" src=\"https:\/\/www.diocese-belfort-montbeliard.fr\/charmont-montbeliard\/wp-content\/uploads\/sites\/8\/2021\/02\/Echo-P13-764x1080.jpg\" alt=\"\" class=\"wp-image-606\" style=\"width:1074px;height:1518px\" srcset=\"https:\/\/www.diocese-belfort-montbeliard.fr\/charmont-montbeliard\/wp-content\/uploads\/sites\/8\/2021\/02\/Echo-P13-764x1080.jpg 764w, https:\/\/www.diocese-belfort-montbeliard.fr\/charmont-montbeliard\/wp-content\/uploads\/sites\/8\/2021\/02\/Echo-P13-424x600.jpg 424w, https:\/\/www.diocese-belfort-montbeliard.fr\/charmont-montbeliard\/wp-content\/uploads\/sites\/8\/2021\/02\/Echo-P13-768x1086.jpg 768w, https:\/\/www.diocese-belfort-montbeliard.fr\/charmont-montbeliard\/wp-content\/uploads\/sites\/8\/2021\/02\/Echo-P13-1086x1536.jpg 1086w, https:\/\/www.diocese-belfort-montbeliard.fr\/charmont-montbeliard\/wp-content\/uploads\/sites\/8\/2021\/02\/Echo-P13.jpg 1240w\" sizes=\"auto, (max-width: 764px) 100vw, 764px\" \/><\/figure>\n\n\n\n<figure class=\"wp-block-image size-large is-resized\"><img loading=\"lazy\" decoding=\"async\" width=\"764\" height=\"1080\" src=\"https:\/\/www.diocese-belfort-montbeliard.fr\/charmont-montbeliard\/wp-content\/uploads\/sites\/8\/2021\/02\/Echo-P14-764x1080.jpg\" alt=\"\" class=\"wp-image-608\" style=\"width:1106px;height:1563px\" srcset=\"https:\/\/www.diocese-belfort-montbeliard.fr\/charmont-montbeliard\/wp-content\/uploads\/sites\/8\/2021\/02\/Echo-P14-764x1080.jpg 764w, https:\/\/www.diocese-belfort-montbeliard.fr\/charmont-montbeliard\/wp-content\/uploads\/sites\/8\/2021\/02\/Echo-P14-424x600.jpg 424w, https:\/\/www.diocese-belfort-montbeliard.fr\/charmont-montbeliard\/wp-content\/uploads\/sites\/8\/2021\/02\/Echo-P14-768x1086.jpg 768w, https:\/\/www.diocese-belfort-montbeliard.fr\/charmont-montbeliard\/wp-content\/uploads\/sites\/8\/2021\/02\/Echo-P14-1086x1536.jpg 1086w, https:\/\/www.diocese-belfort-montbeliard.fr\/charmont-montbeliard\/wp-content\/uploads\/sites\/8\/2021\/02\/Echo-P14.jpg 1240w\" sizes=\"auto, (max-width: 764px) 100vw, 764px\" \/><\/figure>\n\n\n\n<figure class=\"wp-block-image size-large is-resized\"><img loading=\"lazy\" decoding=\"async\" width=\"764\" height=\"1080\" src=\"https:\/\/www.diocese-belfort-montbeliard.fr\/charmont-montbeliard\/wp-content\/uploads\/sites\/8\/2021\/02\/Echo-P15-764x1080.jpg\" alt=\"\" class=\"wp-image-609\" style=\"width:1116px;height:1578px\" srcset=\"https:\/\/www.diocese-belfort-montbeliard.fr\/charmont-montbeliard\/wp-content\/uploads\/sites\/8\/2021\/02\/Echo-P15-764x1080.jpg 764w, https:\/\/www.diocese-belfort-montbeliard.fr\/charmont-montbeliard\/wp-content\/uploads\/sites\/8\/2021\/02\/Echo-P15-425x600.jpg 425w, https:\/\/www.diocese-belfort-montbeliard.fr\/charmont-montbeliard\/wp-content\/uploads\/sites\/8\/2021\/02\/Echo-P15-768x1085.jpg 768w, https:\/\/www.diocese-belfort-montbeliard.fr\/charmont-montbeliard\/wp-content\/uploads\/sites\/8\/2021\/02\/Echo-P15-1087x1536.jpg 1087w, https:\/\/www.diocese-belfort-montbeliard.fr\/charmont-montbeliard\/wp-content\/uploads\/sites\/8\/2021\/02\/Echo-P15.jpg 1241w\" sizes=\"auto, (max-width: 764px) 100vw, 764px\" \/><\/figure>\n\n\n\n<figure class=\"wp-block-image size-large is-resized\"><img loading=\"lazy\" decoding=\"async\" width=\"764\" height=\"1080\" src=\"https:\/\/www.diocese-belfort-montbeliard.fr\/charmont-montbeliard\/wp-content\/uploads\/sites\/8\/2021\/02\/Echo-P16-764x1080.png\" alt=\"\" class=\"wp-image-611\" style=\"width:1060px;height:1498px\" srcset=\"https:\/\/www.diocese-belfort-montbeliard.fr\/charmont-montbeliard\/wp-content\/uploads\/sites\/8\/2021\/02\/Echo-P16-764x1080.png 764w, https:\/\/www.diocese-belfort-montbeliard.fr\/charmont-montbeliard\/wp-content\/uploads\/sites\/8\/2021\/02\/Echo-P16-424x600.png 424w, https:\/\/www.diocese-belfort-montbeliard.fr\/charmont-montbeliard\/wp-content\/uploads\/sites\/8\/2021\/02\/Echo-P16-768x1086.png 768w, https:\/\/www.diocese-belfort-montbeliard.fr\/charmont-montbeliard\/wp-content\/uploads\/sites\/8\/2021\/02\/Echo-P16-1086x1536.png 1086w, https:\/\/www.diocese-belfort-montbeliard.fr\/charmont-montbeliard\/wp-content\/uploads\/sites\/8\/2021\/02\/Echo-P16-1449x2048.png 1449w, https:\/\/www.diocese-belfort-montbeliard.fr\/charmont-montbeliard\/wp-content\/uploads\/sites\/8\/2021\/02\/Echo-P16.png 1588w\" sizes=\"auto, (max-width: 764px) 100vw, 764px\" \/><\/figure>\n\n\n<div class=\"wp-block-image\">\n<figure class=\"aligncenter size-large\"><img loading=\"lazy\" decoding=\"async\" width=\"455\" height=\"437\" src=\"https:\/\/www.diocese-belfort-montbeliard.fr\/charmont-montbeliard\/wp-content\/uploads\/sites\/8\/2021\/02\/Echo-P17.jpg\" alt=\"\" class=\"wp-image-612\"\/><\/figure>\n<\/div>\n\n\n<h2 class=\"wp-block-heading\" id=\"tous-generation-laudato-si\">Tous G\u00e9n\u00e9ration Laudato Si&rsquo;<\/h2>\n\n\n\n<h3 class=\"wp-block-heading has-text-align-center\" id=\"pour-une-fraternite-verte\">pour une Fraternit\u00e9 Verte<\/h3>\n\n\n\n<p class=\"has-text-align-center\"><strong>\u00abLa terre, notre maison commune,<\/strong><\/p>\n\n\n\n<p class=\"has-text-align-center\"><strong>&nbsp;semble se transformer toujours davantage en un immense d\u00e9potoir \u00bb<\/strong><\/p>\n\n\n\n<p class=\"has-text-align-center\"><strong>&nbsp;( Pape Fran\u00e7ois, Laudato Si\u2019 \u00a7 21).<\/strong><\/p>\n\n\n\n<p>La vid\u00e9o du CCFD visualis\u00e9e le mercredi des cendres dernier, avant le premier confinement, nous en a fait prendre conscience.<\/p>\n\n\n\n<p>&nbsp;Elle s\u2019est traduite par des propositions concr\u00e8tes de nos paroissiens en r\u00e9ponse au Pape Fran\u00e7ois.<\/p>\n\n\n\n<p>&nbsp;En effet, il nous appelle \u00e0 resituer notre rapport \u00e0 la cr\u00e9ation dans une perspective chr\u00e9tienne.<\/p>\n\n\n\n<p>&nbsp;R\u00e9alisons que notre relation \u00e0 Dieu, \u00e0 l\u2019autre et \u00e0 la terre se rejoignent.<\/p>\n\n\n\n<p>C\u2019est ainsi que, d\u00e8s cette entr\u00e9e en car\u00eame 2020, notre paroisse s\u2019est engag\u00e9e dans la dynamique port\u00e9e par le label<\/p>\n\n\n\n<p><strong>Eglise verte,<\/strong>&nbsp;choisissant le concept de&nbsp;<strong>Fraternit\u00e9 verte.<\/strong><\/p>\n\n\n\n<p>Il s\u2019agit d\u2019incarner tous ensemble la G\u00e9n\u00e9ration Laudato Si sur l\u2019\u00e9chiquier pastoral dioc\u00e9sain.<\/p>\n\n\n\n<p>Merci \u00e0 toutes les bonnes volont\u00e9s qui ont \u0153uvr\u00e9 pour le d\u00e9marrage de ce projet. En cette nouvelle ann\u00e9e pastorale, d\u00e9cr\u00e9t\u00e9e&nbsp;<strong>Ann\u00e9e de la Terre<\/strong>&nbsp;par notre \u00e9v\u00eaque Mgr Blanchet, notre nouvelle EAP s\u2019engage dans cette d\u00e9marche de transformation \u00e9cologique \u00e0 travers des initiatives cibl\u00e9es conformes au temps que nous vivons.<\/p>\n\n\n\n<p>C\u2019est ainsi qu\u2019\u00e0 d\u00e9faut d\u2019une animation des jeudis de la Saint-Michel, l\u2019EAP met en place&nbsp;<strong>l\u2019ECO<\/strong>&nbsp;<strong>Saint-Michel<\/strong>.<\/p>\n\n\n\n<p><strong>l\u2019ECO Saint-Michel<\/strong>&nbsp;est :<\/p>\n\n\n\n<p>&#8211;&nbsp;<strong>un outil<\/strong>&nbsp;d\u2019information et de formation pour nous aider \u00e0 nous transformer et ainsi am\u00e9liorer notre environnement.<\/p>\n\n\n\n<p>&nbsp;&#8211;&nbsp;<strong>un espace<\/strong>&nbsp;de travail et d\u2019\u00e9changes divers et vari\u00e9s en mati\u00e8res d\u2019initiatives \u00e9cologiques.<\/p>\n\n\n\n<p>&nbsp;Merci \u00e0 Laurence Meunier de nous offrir ses comp\u00e9tences pour poursuivre cette animation communautaire en G\u00e9n\u00e9ration Laudato Si\u2019 en communion avec les membres du Conseil paroissial pour la Formation et l\u2019Evang\u00e9lisation.<\/p>\n\n\n\n<p>&nbsp;Les propositions faites lors de la messe des cendres laissent entrevoir manifestement la volont\u00e9 des uns et des autres. Avan\u00e7ons donc joyeusement et chr\u00e9tiennement vers la FRATERNITE VERTE !<\/p>\n\n\n\n<p>S\u00e9verin VOEDZO, cur\u00e9 de la paroisse Saint-Michel<\/p>\n\n\n\n<figure class=\"wp-block-image size-large\"><img loading=\"lazy\" decoding=\"async\" width=\"900\" height=\"566\" src=\"https:\/\/www.diocese-belfort-montbeliard.fr\/charmont-montbeliard\/wp-content\/uploads\/sites\/8\/2021\/02\/Echo-P18.png\" alt=\"\" class=\"wp-image-613\" srcset=\"https:\/\/www.diocese-belfort-montbeliard.fr\/charmont-montbeliard\/wp-content\/uploads\/sites\/8\/2021\/02\/Echo-P18.png 900w, https:\/\/www.diocese-belfort-montbeliard.fr\/charmont-montbeliard\/wp-content\/uploads\/sites\/8\/2021\/02\/Echo-P18-600x377.png 600w, https:\/\/www.diocese-belfort-montbeliard.fr\/charmont-montbeliard\/wp-content\/uploads\/sites\/8\/2021\/02\/Echo-P18-768x483.png 768w\" sizes=\"auto, (max-width: 900px) 100vw, 900px\" \/><\/figure>\n\n\n\n<p>Voici ce que cela donne, bonne lecture \u00e0 vous !!!<\/p>\n\n\n\n<p class=\"has-text-align-center\">&nbsp;BESOIN D\u2019INFORMER<\/p>\n\n\n\n<p class=\"has-text-align-center\">Conscientiser les personnes \u00e0 propos de leur responsabilit\u00e9 vis-\u00e0-vis des d\u00e9g\u00e2ts caus\u00e9s \u00e0 la plan\u00e8te.<\/p>\n\n\n\n<p class=\"has-text-align-center\">Communiquer sur la vie des plantes et des animaux.<\/p>\n\n\n\n<p class=\"has-text-align-center\">Informer sur le gaspillage de nourriture.<\/p>\n\n\n\n<p class=\"has-text-align-center\">Sensibiliser \u00e0 notre responsabilit\u00e9 lors de nos actes d\u2019achat.<\/p>\n\n\n\n<p class=\"has-text-align-center\">Faire r\u00e9fl\u00e9chir \u00e0 notre fa\u00e7on de cultiver.<\/p>\n\n\n\n<p class=\"has-text-align-center\">Eduquer au partage, \u00e0 l\u2019humilit\u00e9 et au respect.<\/p>\n\n\n\n<p class=\"has-text-align-center\">BESOIN D\u2019AGIR<\/p>\n\n\n\n<p class=\"has-text-align-center\">&nbsp;Mise en place du tri s\u00e9lectif dans nos lieux de culte et bureaux.<\/p>\n\n\n\n<p class=\"has-text-align-center\">&nbsp;Covoiturage pour se rendre \u00e0 la messe.<\/p>\n\n\n\n<p class=\"has-text-align-center\">&nbsp;Pas de photos sur L\u2019Echo pour \u00e9conomiser l\u2019encre.<\/p>\n\n\n\n<p class=\"has-text-align-center\">&nbsp;Lors des ap\u00e9ros utiliser du verre plut\u00f4t que du plastique.<\/p>\n\n\n\n<p class=\"has-text-align-center\">&nbsp;Emballages plastiques \u00e0 proscrire.<\/p>\n\n\n\n<p class=\"has-text-align-center\">&nbsp;Eclairage avec des leds pour les lieux utilis\u00e9s par les paroisses.<\/p>\n\n\n\n<p class=\"has-text-align-center\">&nbsp;Acheter le juste n\u00e9cessaire, consommer moins pour \u00e9viter le gaspillage.<\/p>\n\n\n\n<p class=\"has-text-align-center\">&nbsp;Bannir la surconsommation.<\/p>\n\n\n\n<p class=\"has-text-align-center\">&nbsp;Faire un geste \u00ab vert \u00bb chaque jour (par exemple ramasser un d\u00e9chet qui tra\u00eene)<\/p>\n\n\n\n<p class=\"has-text-align-center\">&nbsp;Promouvoir des actions avec des structures engag\u00e9es dans l\u2019\u00e9conomie&nbsp;et l\u2019\u00e9cologie<\/p>\n\n\n\n<p class=\"has-text-align-center\">(exemple : comme le pr\u00eat de salle \u00e0 Bart \u00e0 \u00ab La ruche qui dit oui \u00bb)<\/p>\n\n\n\n<p class=\"has-text-align-center\">Favoriser l\u2019int\u00e9r\u00eat du bien commun plut\u00f4t que son int\u00e9r\u00eat personnel.<\/p>\n\n\n\n<p class=\"has-text-align-center\">Cultiver l\u2019\u00eatre et non l\u2019apparence, l\u2019humanit\u00e9 et non l\u2019hypocrisie.<\/p>\n\n\n\n<p class=\"has-text-align-center\">&nbsp;&nbsp;Pr\u00e9f\u00e9rer les d\u00e9placements \u00e0 pied ou \u00e0 v\u00e9lo.<\/p>\n\n\n\n<p class=\"has-text-align-center\">EH BEE\u2026Y\u2019A PLUS QU\u2019A S\u2019Y METTRE !!!<\/p>\n\n\n\n<h4 class=\"wp-block-heading\" id=\"5-novembre-2020\">5 Novembre 2020<\/h4>\n\n\n\n<p>&nbsp;Suite au reconfinement pour lutter contre la propagation de la COVID-19 effectif depuis le 31 octobre 2020, nous r\u00e9activons notre cha\u00eene de proximit\u00e9 \u00ab&nbsp;All\u00f4 Paroisse&nbsp;\u00bb du premier confinement et la rebaptisons \u00ab&nbsp;All\u00f4 Saint-Michel&nbsp;\u00bb pour invoquer la protection du saint-patron de notre paroisse.<\/p>\n\n\n\n<p>Cette cha\u00eene de fraternit\u00e9 a pour vocation de maintenir le lien avec les paroissiens les plus touch\u00e9s par cette situation, nos a\u00een\u00e9s, les personnes fragilis\u00e9s par ce climat anxiog\u00e8ne ou toute personne souhaitant rompre la solitude. Ainsi, les personnes de l\u2019Equipe d\u2019Animation Pastorale se tiennent \u00e0 votre disposition&nbsp;:<\/p>\n\n\n\n<p>&nbsp;Pilier Solidarit\u00e9&nbsp;&nbsp;&nbsp;&nbsp;&nbsp;&nbsp;&nbsp;&nbsp;&nbsp; &nbsp; &nbsp; &nbsp; &nbsp; &nbsp; &nbsp; &nbsp; &nbsp; &nbsp; &nbsp; &nbsp; &nbsp; &nbsp;&nbsp;&nbsp;Maryve TONOLI et R\u00e9gine GRANGIER&nbsp;: 06 19 62 60 35 &amp; 06 49 61 46 70<\/p>\n\n\n\n<p>&nbsp;Pilier Formation et Evang\u00e9lisation&nbsp;&nbsp;&nbsp;&nbsp;Sylvie ROULLAIS&nbsp;: 06 50 94 28 53<\/p>\n\n\n\n<p>&nbsp;Pilier Economique&nbsp;&nbsp;&nbsp;&nbsp;&nbsp;&nbsp;&nbsp;&nbsp;&nbsp;&nbsp;&nbsp;&nbsp;&nbsp;&nbsp;&nbsp;&nbsp;&nbsp;&nbsp;&nbsp;&nbsp;&nbsp;&nbsp;&nbsp;&nbsp;&nbsp;&nbsp;&nbsp; &nbsp; &nbsp;&nbsp;Marc BERCOT&nbsp;: 06 60 78 56 43<\/p>\n\n\n\n<p>&nbsp;Pilier Communication&nbsp;&nbsp;&nbsp;&nbsp;&nbsp;&nbsp;&nbsp;&nbsp;&nbsp;&nbsp;&nbsp;&nbsp;&nbsp;&nbsp;&nbsp;&nbsp;&nbsp;&nbsp;&nbsp;&nbsp;&nbsp;&nbsp;&nbsp;&nbsp;&nbsp;&nbsp;St\u00e9phanie MULLER-FRAS&nbsp;: 06 77 05 74 88&nbsp;&nbsp;<\/p>\n\n\n\n<p>&nbsp;Pilier Liturgie&nbsp;&nbsp;&nbsp;&nbsp;&nbsp;&nbsp;&nbsp;&nbsp;&nbsp;&nbsp;&nbsp;&nbsp;&nbsp;&nbsp;&nbsp;&nbsp;&nbsp;&nbsp;&nbsp;&nbsp;&nbsp;&nbsp;&nbsp;&nbsp;&nbsp;&nbsp;&nbsp;&nbsp;&nbsp;&nbsp;&nbsp;&nbsp;&nbsp;&nbsp; &nbsp; &nbsp; &nbsp;&nbsp;Marie-Louise CHOFFAT&nbsp;: 07 54 84 65 78<\/p>\n\n\n\n<p>&nbsp;Coordinatrice Paroissiale&nbsp;&nbsp;&nbsp;&nbsp;&nbsp;&nbsp;&nbsp;&nbsp;&nbsp;&nbsp;&nbsp;&nbsp;&nbsp;&nbsp;&nbsp;&nbsp;&nbsp;&nbsp;&nbsp;&nbsp;G\u00e9raldine CHAPET&nbsp;: 06 15 35 84 16<\/p>\n\n\n\n<p>&nbsp;Cur\u00e9 de la Paroisse&nbsp;&nbsp;&nbsp;&nbsp;&nbsp;&nbsp;&nbsp;&nbsp;&nbsp;&nbsp;&nbsp;&nbsp;&nbsp;&nbsp;&nbsp;&nbsp;&nbsp;&nbsp;&nbsp;&nbsp;&nbsp;&nbsp;&nbsp;&nbsp;&nbsp;&nbsp;&nbsp;&nbsp;&nbsp;&nbsp;&nbsp;S\u00e9verin VOEDZO&nbsp;: 06 11 47 18 91<\/p>\n\n\n\n<p><strong><span class=\"has-inline-color has-rouge-color\">Oraison jaculatoire<\/span><\/strong><\/p>\n\n\n\n<p>&nbsp; Saint Michel Archange, de ta lumi\u00e8re, \u00e9claire-nous !<\/p>\n\n\n\n<p>&nbsp;&nbsp;Saint Michel Archange, de tes ailes prot\u00e8ge-nous !<\/p>\n\n\n\n<p>&nbsp;&nbsp;Saint Michel Archange, de ton manteau, enveloppe-nous !<\/p>\n\n\n\n<p>&nbsp;&nbsp;Saint Michel Archange, de ton \u00e9p\u00e9e, d\u00e9fend-nous !<\/p>\n\n\n\n<p>&nbsp;&nbsp;Saint Michel Archange, de ton armure, rev\u00eat-nous !<\/p>\n\n\n\n<div class=\"wp-block-columns is-layout-flex wp-container-core-columns-is-layout-9d6595d7 wp-block-columns-is-layout-flex\">\n<div class=\"wp-block-column is-layout-flow wp-block-column-is-layout-flow\" style=\"flex-basis:66.66%\">\n<figure class=\"wp-block-image size-large is-resized\"><img loading=\"lazy\" decoding=\"async\" width=\"677\" height=\"379\" src=\"https:\/\/www.diocese-belfort-montbeliard.fr\/charmont-montbeliard\/wp-content\/uploads\/sites\/8\/2021\/02\/St-Michel-Archange.jpg\" alt=\"\" class=\"wp-image-614\" style=\"width:880px;height:493px\" srcset=\"https:\/\/www.diocese-belfort-montbeliard.fr\/charmont-montbeliard\/wp-content\/uploads\/sites\/8\/2021\/02\/St-Michel-Archange.jpg 677w, https:\/\/www.diocese-belfort-montbeliard.fr\/charmont-montbeliard\/wp-content\/uploads\/sites\/8\/2021\/02\/St-Michel-Archange-600x336.jpg 600w\" sizes=\"auto, (max-width: 677px) 100vw, 677px\" \/><\/figure>\n<\/div>\n<\/div>\n","protected":false},"excerpt":{"rendered":"<p>&nbsp;&nbsp;L\u2019ECO devient \u00ab&nbsp;la petite feuille ECOlogique Saint-Michel&nbsp;\u00bb Bonne lecture et n\u2019h\u00e9sitez pas \u00e0 prendre part \u00e0 cette dynamique de conversion \u00e9cologique&nbsp;! N\u2019oubliez pas de nous communiquer votre adresse e-mail pour le recevoir. L&rsquo;\u00e9co Saint Michel change de nom, afin de parler au plus grand nombre La \u00ab\u00a0petite feuille\u00a0\u00bb, n\u00e9e \u00e0 la suite de l&rsquo;encyclique \u00ab\u00a0Laudato [&hellip;]<\/p>\n","protected":false},"author":34,"featured_media":5791,"comment_status":"open","ping_status":"open","sticky":false,"template":"","format":"standard","meta":{"_acf_changed":false,"footnotes":""},"categories":[1,4],"tags":[],"class_list":["post-590","post","type-post","status-publish","format-standard","has-post-thumbnail","hentry","category-charmont-montbeliard","category-saint-michel"],"acf":[],"yoast_head":"<!-- This site is optimized with the Yoast SEO plugin v27.4 - https:\/\/yoast.com\/product\/yoast-seo-wordpress\/ -->\n<title>Petites feuilles ECOlogiques - Doyenn\u00e9 de Charmont-Montb\u00e9liard<\/title>\n<meta name=\"robots\" content=\"index, follow, max-snippet:-1, max-image-preview:large, max-video-preview:-1\" \/>\n<link rel=\"canonical\" href=\"https:\/\/www.diocese-belfort-montbeliard.fr\/charmont-montbeliard\/actualites\/echo-saint-michel\/\" \/>\n<meta property=\"og:locale\" content=\"fr_FR\" \/>\n<meta property=\"og:type\" content=\"article\" \/>\n<meta property=\"og:title\" content=\"Petites feuilles ECOlogiques - Doyenn\u00e9 de Charmont-Montb\u00e9liard\" \/>\n<meta property=\"og:description\" content=\"&nbsp;&nbsp;L\u2019ECO devient \u00ab&nbsp;la petite feuille ECOlogique Saint-Michel&nbsp;\u00bb Bonne lecture et n\u2019h\u00e9sitez pas \u00e0 prendre part \u00e0 cette dynamique de conversion \u00e9cologique&nbsp;! N\u2019oubliez pas de nous communiquer votre adresse e-mail pour le recevoir. L&rsquo;\u00e9co Saint Michel change de nom, afin de parler au plus grand nombre La \u00ab\u00a0petite feuille\u00a0\u00bb, n\u00e9e \u00e0 la suite de l&rsquo;encyclique \u00ab\u00a0Laudato [&hellip;]\" \/>\n<meta property=\"og:url\" content=\"https:\/\/www.diocese-belfort-montbeliard.fr\/charmont-montbeliard\/actualites\/echo-saint-michel\/\" \/>\n<meta property=\"og:site_name\" content=\"Doyenn\u00e9 de Charmont-Montb\u00e9liard\" \/>\n<meta property=\"article:published_time\" content=\"2021-02-05T08:36:03+00:00\" \/>\n<meta property=\"article:modified_time\" content=\"2026-04-22T12:21:11+00:00\" \/>\n<meta property=\"og:image\" content=\"https:\/\/www.diocese-belfort-montbeliard.fr\/charmont-montbeliard\/wp-content\/uploads\/sites\/8\/2022\/12\/image001.jpg\" \/>\n\t<meta property=\"og:image:width\" content=\"354\" \/>\n\t<meta property=\"og:image:height\" content=\"266\" \/>\n\t<meta property=\"og:image:type\" content=\"image\/jpeg\" \/>\n<meta name=\"author\" content=\"paroissesaintmichelmarc\" \/>\n<meta name=\"twitter:card\" content=\"summary_large_image\" \/>\n<meta name=\"twitter:label1\" content=\"\u00c9crit par\" \/>\n\t<meta name=\"twitter:data1\" content=\"paroissesaintmichelmarc\" \/>\n\t<meta name=\"twitter:label2\" content=\"Dur\u00e9e de lecture estim\u00e9e\" \/>\n\t<meta name=\"twitter:data2\" content=\"12 minutes\" \/>\n<script type=\"application\/ld+json\" class=\"yoast-schema-graph\">{\"@context\":\"https:\\\/\\\/schema.org\",\"@graph\":[{\"@type\":\"Article\",\"@id\":\"https:\\\/\\\/www.diocese-belfort-montbeliard.fr\\\/charmont-montbeliard\\\/actualites\\\/echo-saint-michel\\\/#article\",\"isPartOf\":{\"@id\":\"https:\\\/\\\/www.diocese-belfort-montbeliard.fr\\\/charmont-montbeliard\\\/actualites\\\/echo-saint-michel\\\/\"},\"author\":{\"name\":\"paroissesaintmichelmarc\",\"@id\":\"https:\\\/\\\/www.diocese-belfort-montbeliard.fr\\\/charmont-montbeliard\\\/#\\\/schema\\\/person\\\/137c2dc31cbe5a86526a4d9ee8bfac23\"},\"headline\":\"Petites feuilles ECOlogiques\",\"datePublished\":\"2021-02-05T08:36:03+00:00\",\"dateModified\":\"2026-04-22T12:21:11+00:00\",\"mainEntityOfPage\":{\"@id\":\"https:\\\/\\\/www.diocese-belfort-montbeliard.fr\\\/charmont-montbeliard\\\/actualites\\\/echo-saint-michel\\\/\"},\"wordCount\":1991,\"commentCount\":0,\"image\":{\"@id\":\"https:\\\/\\\/www.diocese-belfort-montbeliard.fr\\\/charmont-montbeliard\\\/actualites\\\/echo-saint-michel\\\/#primaryimage\"},\"thumbnailUrl\":\"https:\\\/\\\/www.diocese-belfort-montbeliard.fr\\\/charmont-montbeliard\\\/wp-content\\\/uploads\\\/sites\\\/8\\\/2022\\\/12\\\/image001.jpg\",\"articleSection\":[\"Charmont - Montb\u00e9liard\",\"Saint Michel\"],\"inLanguage\":\"fr-FR\",\"potentialAction\":[{\"@type\":\"CommentAction\",\"name\":\"Comment\",\"target\":[\"https:\\\/\\\/www.diocese-belfort-montbeliard.fr\\\/charmont-montbeliard\\\/actualites\\\/echo-saint-michel\\\/#respond\"]}]},{\"@type\":\"WebPage\",\"@id\":\"https:\\\/\\\/www.diocese-belfort-montbeliard.fr\\\/charmont-montbeliard\\\/actualites\\\/echo-saint-michel\\\/\",\"url\":\"https:\\\/\\\/www.diocese-belfort-montbeliard.fr\\\/charmont-montbeliard\\\/actualites\\\/echo-saint-michel\\\/\",\"name\":\"Petites feuilles ECOlogiques - Doyenn\u00e9 de Charmont-Montb\u00e9liard\",\"isPartOf\":{\"@id\":\"https:\\\/\\\/www.diocese-belfort-montbeliard.fr\\\/charmont-montbeliard\\\/#website\"},\"primaryImageOfPage\":{\"@id\":\"https:\\\/\\\/www.diocese-belfort-montbeliard.fr\\\/charmont-montbeliard\\\/actualites\\\/echo-saint-michel\\\/#primaryimage\"},\"image\":{\"@id\":\"https:\\\/\\\/www.diocese-belfort-montbeliard.fr\\\/charmont-montbeliard\\\/actualites\\\/echo-saint-michel\\\/#primaryimage\"},\"thumbnailUrl\":\"https:\\\/\\\/www.diocese-belfort-montbeliard.fr\\\/charmont-montbeliard\\\/wp-content\\\/uploads\\\/sites\\\/8\\\/2022\\\/12\\\/image001.jpg\",\"datePublished\":\"2021-02-05T08:36:03+00:00\",\"dateModified\":\"2026-04-22T12:21:11+00:00\",\"author\":{\"@id\":\"https:\\\/\\\/www.diocese-belfort-montbeliard.fr\\\/charmont-montbeliard\\\/#\\\/schema\\\/person\\\/137c2dc31cbe5a86526a4d9ee8bfac23\"},\"breadcrumb\":{\"@id\":\"https:\\\/\\\/www.diocese-belfort-montbeliard.fr\\\/charmont-montbeliard\\\/actualites\\\/echo-saint-michel\\\/#breadcrumb\"},\"inLanguage\":\"fr-FR\",\"potentialAction\":[{\"@type\":\"ReadAction\",\"target\":[\"https:\\\/\\\/www.diocese-belfort-montbeliard.fr\\\/charmont-montbeliard\\\/actualites\\\/echo-saint-michel\\\/\"]}]},{\"@type\":\"ImageObject\",\"inLanguage\":\"fr-FR\",\"@id\":\"https:\\\/\\\/www.diocese-belfort-montbeliard.fr\\\/charmont-montbeliard\\\/actualites\\\/echo-saint-michel\\\/#primaryimage\",\"url\":\"https:\\\/\\\/www.diocese-belfort-montbeliard.fr\\\/charmont-montbeliard\\\/wp-content\\\/uploads\\\/sites\\\/8\\\/2022\\\/12\\\/image001.jpg\",\"contentUrl\":\"https:\\\/\\\/www.diocese-belfort-montbeliard.fr\\\/charmont-montbeliard\\\/wp-content\\\/uploads\\\/sites\\\/8\\\/2022\\\/12\\\/image001.jpg\",\"width\":354,\"height\":266},{\"@type\":\"BreadcrumbList\",\"@id\":\"https:\\\/\\\/www.diocese-belfort-montbeliard.fr\\\/charmont-montbeliard\\\/actualites\\\/echo-saint-michel\\\/#breadcrumb\",\"itemListElement\":[{\"@type\":\"ListItem\",\"position\":1,\"name\":\"Accueil\",\"item\":\"https:\\\/\\\/www.diocese-belfort-montbeliard.fr\\\/charmont-montbeliard\\\/\"},{\"@type\":\"ListItem\",\"position\":2,\"name\":\"Petites feuilles ECOlogiques\"}]},{\"@type\":\"WebSite\",\"@id\":\"https:\\\/\\\/www.diocese-belfort-montbeliard.fr\\\/charmont-montbeliard\\\/#website\",\"url\":\"https:\\\/\\\/www.diocese-belfort-montbeliard.fr\\\/charmont-montbeliard\\\/\",\"name\":\"Doyenn\u00e9 de Charmont-Montb\u00e9liard\",\"description\":\"Dioc\u00e8se de Belfort-Montb\u00e9liard\",\"potentialAction\":[{\"@type\":\"SearchAction\",\"target\":{\"@type\":\"EntryPoint\",\"urlTemplate\":\"https:\\\/\\\/www.diocese-belfort-montbeliard.fr\\\/charmont-montbeliard\\\/?s={search_term_string}\"},\"query-input\":{\"@type\":\"PropertyValueSpecification\",\"valueRequired\":true,\"valueName\":\"search_term_string\"}}],\"inLanguage\":\"fr-FR\"},{\"@type\":\"Person\",\"@id\":\"https:\\\/\\\/www.diocese-belfort-montbeliard.fr\\\/charmont-montbeliard\\\/#\\\/schema\\\/person\\\/137c2dc31cbe5a86526a4d9ee8bfac23\",\"name\":\"paroissesaintmichelmarc\",\"sameAs\":[\"https:\\\/\\\/paroisse-stmichel-voujeaucourt.jimdofree.com\\\/\",\"http:\\\/\\\/www.youtube.com\\\/channel\\\/UCsrU0-HSamthbLtPkrlK6mQ\\\/\"],\"url\":\"https:\\\/\\\/www.diocese-belfort-montbeliard.fr\\\/charmont-montbeliard\\\/author\\\/paroissesaintmichelmarc\\\/\"}]}<\/script>\n<!-- \/ Yoast SEO plugin. -->","yoast_head_json":{"title":"Petites feuilles ECOlogiques - Doyenn\u00e9 de Charmont-Montb\u00e9liard","robots":{"index":"index","follow":"follow","max-snippet":"max-snippet:-1","max-image-preview":"max-image-preview:large","max-video-preview":"max-video-preview:-1"},"canonical":"https:\/\/www.diocese-belfort-montbeliard.fr\/charmont-montbeliard\/actualites\/echo-saint-michel\/","og_locale":"fr_FR","og_type":"article","og_title":"Petites feuilles ECOlogiques - Doyenn\u00e9 de Charmont-Montb\u00e9liard","og_description":"&nbsp;&nbsp;L\u2019ECO devient \u00ab&nbsp;la petite feuille ECOlogique Saint-Michel&nbsp;\u00bb Bonne lecture et n\u2019h\u00e9sitez pas \u00e0 prendre part \u00e0 cette dynamique de conversion \u00e9cologique&nbsp;! N\u2019oubliez pas de nous communiquer votre adresse e-mail pour le recevoir. L&rsquo;\u00e9co Saint Michel change de nom, afin de parler au plus grand nombre La \u00ab\u00a0petite feuille\u00a0\u00bb, n\u00e9e \u00e0 la suite de l&rsquo;encyclique \u00ab\u00a0Laudato [&hellip;]","og_url":"https:\/\/www.diocese-belfort-montbeliard.fr\/charmont-montbeliard\/actualites\/echo-saint-michel\/","og_site_name":"Doyenn\u00e9 de Charmont-Montb\u00e9liard","article_published_time":"2021-02-05T08:36:03+00:00","article_modified_time":"2026-04-22T12:21:11+00:00","og_image":[{"width":354,"height":266,"url":"https:\/\/www.diocese-belfort-montbeliard.fr\/charmont-montbeliard\/wp-content\/uploads\/sites\/8\/2022\/12\/image001.jpg","type":"image\/jpeg"}],"author":"paroissesaintmichelmarc","twitter_card":"summary_large_image","twitter_misc":{"\u00c9crit par":"paroissesaintmichelmarc","Dur\u00e9e de lecture estim\u00e9e":"12 minutes"},"schema":{"@context":"https:\/\/schema.org","@graph":[{"@type":"Article","@id":"https:\/\/www.diocese-belfort-montbeliard.fr\/charmont-montbeliard\/actualites\/echo-saint-michel\/#article","isPartOf":{"@id":"https:\/\/www.diocese-belfort-montbeliard.fr\/charmont-montbeliard\/actualites\/echo-saint-michel\/"},"author":{"name":"paroissesaintmichelmarc","@id":"https:\/\/www.diocese-belfort-montbeliard.fr\/charmont-montbeliard\/#\/schema\/person\/137c2dc31cbe5a86526a4d9ee8bfac23"},"headline":"Petites feuilles ECOlogiques","datePublished":"2021-02-05T08:36:03+00:00","dateModified":"2026-04-22T12:21:11+00:00","mainEntityOfPage":{"@id":"https:\/\/www.diocese-belfort-montbeliard.fr\/charmont-montbeliard\/actualites\/echo-saint-michel\/"},"wordCount":1991,"commentCount":0,"image":{"@id":"https:\/\/www.diocese-belfort-montbeliard.fr\/charmont-montbeliard\/actualites\/echo-saint-michel\/#primaryimage"},"thumbnailUrl":"https:\/\/www.diocese-belfort-montbeliard.fr\/charmont-montbeliard\/wp-content\/uploads\/sites\/8\/2022\/12\/image001.jpg","articleSection":["Charmont - Montb\u00e9liard","Saint Michel"],"inLanguage":"fr-FR","potentialAction":[{"@type":"CommentAction","name":"Comment","target":["https:\/\/www.diocese-belfort-montbeliard.fr\/charmont-montbeliard\/actualites\/echo-saint-michel\/#respond"]}]},{"@type":"WebPage","@id":"https:\/\/www.diocese-belfort-montbeliard.fr\/charmont-montbeliard\/actualites\/echo-saint-michel\/","url":"https:\/\/www.diocese-belfort-montbeliard.fr\/charmont-montbeliard\/actualites\/echo-saint-michel\/","name":"Petites feuilles ECOlogiques - Doyenn\u00e9 de Charmont-Montb\u00e9liard","isPartOf":{"@id":"https:\/\/www.diocese-belfort-montbeliard.fr\/charmont-montbeliard\/#website"},"primaryImageOfPage":{"@id":"https:\/\/www.diocese-belfort-montbeliard.fr\/charmont-montbeliard\/actualites\/echo-saint-michel\/#primaryimage"},"image":{"@id":"https:\/\/www.diocese-belfort-montbeliard.fr\/charmont-montbeliard\/actualites\/echo-saint-michel\/#primaryimage"},"thumbnailUrl":"https:\/\/www.diocese-belfort-montbeliard.fr\/charmont-montbeliard\/wp-content\/uploads\/sites\/8\/2022\/12\/image001.jpg","datePublished":"2021-02-05T08:36:03+00:00","dateModified":"2026-04-22T12:21:11+00:00","author":{"@id":"https:\/\/www.diocese-belfort-montbeliard.fr\/charmont-montbeliard\/#\/schema\/person\/137c2dc31cbe5a86526a4d9ee8bfac23"},"breadcrumb":{"@id":"https:\/\/www.diocese-belfort-montbeliard.fr\/charmont-montbeliard\/actualites\/echo-saint-michel\/#breadcrumb"},"inLanguage":"fr-FR","potentialAction":[{"@type":"ReadAction","target":["https:\/\/www.diocese-belfort-montbeliard.fr\/charmont-montbeliard\/actualites\/echo-saint-michel\/"]}]},{"@type":"ImageObject","inLanguage":"fr-FR","@id":"https:\/\/www.diocese-belfort-montbeliard.fr\/charmont-montbeliard\/actualites\/echo-saint-michel\/#primaryimage","url":"https:\/\/www.diocese-belfort-montbeliard.fr\/charmont-montbeliard\/wp-content\/uploads\/sites\/8\/2022\/12\/image001.jpg","contentUrl":"https:\/\/www.diocese-belfort-montbeliard.fr\/charmont-montbeliard\/wp-content\/uploads\/sites\/8\/2022\/12\/image001.jpg","width":354,"height":266},{"@type":"BreadcrumbList","@id":"https:\/\/www.diocese-belfort-montbeliard.fr\/charmont-montbeliard\/actualites\/echo-saint-michel\/#breadcrumb","itemListElement":[{"@type":"ListItem","position":1,"name":"Accueil","item":"https:\/\/www.diocese-belfort-montbeliard.fr\/charmont-montbeliard\/"},{"@type":"ListItem","position":2,"name":"Petites feuilles ECOlogiques"}]},{"@type":"WebSite","@id":"https:\/\/www.diocese-belfort-montbeliard.fr\/charmont-montbeliard\/#website","url":"https:\/\/www.diocese-belfort-montbeliard.fr\/charmont-montbeliard\/","name":"Doyenn\u00e9 de Charmont-Montb\u00e9liard","description":"Dioc\u00e8se de Belfort-Montb\u00e9liard","potentialAction":[{"@type":"SearchAction","target":{"@type":"EntryPoint","urlTemplate":"https:\/\/www.diocese-belfort-montbeliard.fr\/charmont-montbeliard\/?s={search_term_string}"},"query-input":{"@type":"PropertyValueSpecification","valueRequired":true,"valueName":"search_term_string"}}],"inLanguage":"fr-FR"},{"@type":"Person","@id":"https:\/\/www.diocese-belfort-montbeliard.fr\/charmont-montbeliard\/#\/schema\/person\/137c2dc31cbe5a86526a4d9ee8bfac23","name":"paroissesaintmichelmarc","sameAs":["https:\/\/paroisse-stmichel-voujeaucourt.jimdofree.com\/","http:\/\/www.youtube.com\/channel\/UCsrU0-HSamthbLtPkrlK6mQ\/"],"url":"https:\/\/www.diocese-belfort-montbeliard.fr\/charmont-montbeliard\/author\/paroissesaintmichelmarc\/"}]}},"_links":{"self":[{"href":"https:\/\/www.diocese-belfort-montbeliard.fr\/charmont-montbeliard\/wp-json\/wp\/v2\/posts\/590","targetHints":{"allow":["GET"]}}],"collection":[{"href":"https:\/\/www.diocese-belfort-montbeliard.fr\/charmont-montbeliard\/wp-json\/wp\/v2\/posts"}],"about":[{"href":"https:\/\/www.diocese-belfort-montbeliard.fr\/charmont-montbeliard\/wp-json\/wp\/v2\/types\/post"}],"author":[{"embeddable":true,"href":"https:\/\/www.diocese-belfort-montbeliard.fr\/charmont-montbeliard\/wp-json\/wp\/v2\/users\/34"}],"replies":[{"embeddable":true,"href":"https:\/\/www.diocese-belfort-montbeliard.fr\/charmont-montbeliard\/wp-json\/wp\/v2\/comments?post=590"}],"version-history":[{"count":10,"href":"https:\/\/www.diocese-belfort-montbeliard.fr\/charmont-montbeliard\/wp-json\/wp\/v2\/posts\/590\/revisions"}],"predecessor-version":[{"id":14127,"href":"https:\/\/www.diocese-belfort-montbeliard.fr\/charmont-montbeliard\/wp-json\/wp\/v2\/posts\/590\/revisions\/14127"}],"wp:featuredmedia":[{"embeddable":true,"href":"https:\/\/www.diocese-belfort-montbeliard.fr\/charmont-montbeliard\/wp-json\/wp\/v2\/media\/5791"}],"wp:attachment":[{"href":"https:\/\/www.diocese-belfort-montbeliard.fr\/charmont-montbeliard\/wp-json\/wp\/v2\/media?parent=590"}],"wp:term":[{"taxonomy":"category","embeddable":true,"href":"https:\/\/www.diocese-belfort-montbeliard.fr\/charmont-montbeliard\/wp-json\/wp\/v2\/categories?post=590"},{"taxonomy":"post_tag","embeddable":true,"href":"https:\/\/www.diocese-belfort-montbeliard.fr\/charmont-montbeliard\/wp-json\/wp\/v2\/tags?post=590"}],"curies":[{"name":"wp","href":"https:\/\/api.w.org\/{rel}","templated":true}]}}