{"id":6014,"date":"2023-01-14T12:11:02","date_gmt":"2023-01-14T11:11:02","guid":{"rendered":"https:\/\/www.diocese-belfort-montbeliard.fr\/charmont-montbeliard\/?p=6014"},"modified":"2023-01-14T12:11:03","modified_gmt":"2023-01-14T11:11:03","slug":"annonces-notre-dame-de-lunite-et-le-bon-pasteur-15-01-2023-2","status":"publish","type":"post","link":"https:\/\/www.diocese-belfort-montbeliard.fr\/charmont-montbeliard\/actualites\/annonces-notre-dame-de-lunite-et-le-bon-pasteur-15-01-2023-2\/","title":{"rendered":"Annonces Notre-Dame de l\u2019Unit\u00e9 et Le Bon Pasteur 15\/01\/2023"},"content":{"rendered":"\n<p>\/<a href=\"https:\/\/www.diocese-belfort-montbeliard.fr\/charmont-montbeliard\/wp-content\/uploads\/sites\/8\/2023\/01\/2023_01_15_annonces_ndu_lbp.pdf\">Vous pouvez t\u00e9l\u00e9charger le fichier PDF<\/a><\/p>\n\n\n<a href=\"https:\/\/www.diocese-belfort-montbeliard.fr\/charmont-montbeliard\/wp-content\/uploads\/sites\/8\/2023\/01\/2023_01_15_annonces_ndu_lbp.pdf\" class=\"pdfemb-viewer\" style=\"\" data-width=\"max\" data-height=\"max\" data-toolbar=\"bottom\" data-toolbar-fixed=\"off\">2023_01_15_annonces_ndu_lbp<\/a>\n<p class=\"wp-block-pdfemb-pdf-embedder-viewer\"><\/p>\n\n\n<!-- PDF Embedder: Please provide an \"URL\" attribute in your shortcode. -->\n\n\n<div class=\"wp-block-buttons is-layout-flex wp-block-buttons-is-layout-flex\"><\/div>\n","protected":false},"excerpt":{"rendered":"<p>\/Vous pouvez t\u00e9l\u00e9charger le fichier PDF<\/p>\n","protected":false},"author":63,"featured_media":0,"comment_status":"open","ping_status":"open","sticky":false,"template":"","format":"standard","meta":{"_acf_changed":false,"footnotes":""},"categories":[2,1,5,7],"tags":[],"class_list":["post-6014","post","type-post","status-publish","format-standard","hentry","category-bon-pasteur","category-charmont-montbeliard","category-notre-dame-de-lunite","category-trait-dunion"],"acf":[],"yoast_head":"<!-- This site is optimized with the Yoast SEO plugin v27.4 - https:\/\/yoast.com\/product\/yoast-seo-wordpress\/ -->\n<title>Annonces Notre-Dame de l\u2019Unit\u00e9 et Le Bon Pasteur 15\/01\/2023 - Doyenn\u00e9 de Charmont-Montb\u00e9liard<\/title>\n<meta name=\"robots\" content=\"index, follow, max-snippet:-1, max-image-preview:large, max-video-preview:-1\" \/>\n<link rel=\"canonical\" href=\"https:\/\/www.diocese-belfort-montbeliard.fr\/charmont-montbeliard\/actualites\/annonces-notre-dame-de-lunite-et-le-bon-pasteur-15-01-2023-2\/\" \/>\n<meta property=\"og:locale\" content=\"fr_FR\" \/>\n<meta property=\"og:type\" content=\"article\" \/>\n<meta property=\"og:title\" content=\"Annonces Notre-Dame de l\u2019Unit\u00e9 et Le Bon Pasteur 15\/01\/2023 - Doyenn\u00e9 de Charmont-Montb\u00e9liard\" \/>\n<meta property=\"og:description\" content=\"\/Vous pouvez t\u00e9l\u00e9charger le fichier PDF\" \/>\n<meta property=\"og:url\" content=\"https:\/\/www.diocese-belfort-montbeliard.fr\/charmont-montbeliard\/actualites\/annonces-notre-dame-de-lunite-et-le-bon-pasteur-15-01-2023-2\/\" \/>\n<meta property=\"og:site_name\" content=\"Doyenn\u00e9 de Charmont-Montb\u00e9liard\" \/>\n<meta property=\"article:published_time\" content=\"2023-01-14T11:11:02+00:00\" \/>\n<meta property=\"article:modified_time\" content=\"2023-01-14T11:11:03+00:00\" \/>\n<meta name=\"author\" content=\"paroissendunite\" \/>\n<meta name=\"twitter:card\" content=\"summary_large_image\" \/>\n<meta name=\"twitter:label1\" content=\"\u00c9crit par\" \/>\n\t<meta name=\"twitter:data1\" content=\"paroissendunite\" \/>\n\t<meta name=\"twitter:label2\" content=\"Dur\u00e9e de lecture estim\u00e9e\" \/>\n\t<meta name=\"twitter:data2\" content=\"1 minute\" \/>\n<script type=\"application\/ld+json\" class=\"yoast-schema-graph\">{\"@context\":\"https:\\\/\\\/schema.org\",\"@graph\":[{\"@type\":\"Article\",\"@id\":\"https:\\\/\\\/www.diocese-belfort-montbeliard.fr\\\/charmont-montbeliard\\\/actualites\\\/annonces-notre-dame-de-lunite-et-le-bon-pasteur-15-01-2023-2\\\/#article\",\"isPartOf\":{\"@id\":\"https:\\\/\\\/www.diocese-belfort-montbeliard.fr\\\/charmont-montbeliard\\\/actualites\\\/annonces-notre-dame-de-lunite-et-le-bon-pasteur-15-01-2023-2\\\/\"},\"author\":{\"name\":\"paroissendunite\",\"@id\":\"https:\\\/\\\/www.diocese-belfort-montbeliard.fr\\\/charmont-montbeliard\\\/#\\\/schema\\\/person\\\/b21f32485b19fd24b17ccdac7eef2538\"},\"headline\":\"Annonces Notre-Dame de l\u2019Unit\u00e9 et Le Bon Pasteur 15\\\/01\\\/2023\",\"datePublished\":\"2023-01-14T11:11:02+00:00\",\"dateModified\":\"2023-01-14T11:11:03+00:00\",\"mainEntityOfPage\":{\"@id\":\"https:\\\/\\\/www.diocese-belfort-montbeliard.fr\\\/charmont-montbeliard\\\/actualites\\\/annonces-notre-dame-de-lunite-et-le-bon-pasteur-15-01-2023-2\\\/\"},\"wordCount\":17,\"commentCount\":0,\"articleSection\":[\"Bon Pasteur\",\"Charmont - Montb\u00e9liard\",\"Notre-Dame de l'Unit\u00e9\",\"Trait d'Union\"],\"inLanguage\":\"fr-FR\",\"potentialAction\":[{\"@type\":\"CommentAction\",\"name\":\"Comment\",\"target\":[\"https:\\\/\\\/www.diocese-belfort-montbeliard.fr\\\/charmont-montbeliard\\\/actualites\\\/annonces-notre-dame-de-lunite-et-le-bon-pasteur-15-01-2023-2\\\/#respond\"]}]},{\"@type\":\"WebPage\",\"@id\":\"https:\\\/\\\/www.diocese-belfort-montbeliard.fr\\\/charmont-montbeliard\\\/actualites\\\/annonces-notre-dame-de-lunite-et-le-bon-pasteur-15-01-2023-2\\\/\",\"url\":\"https:\\\/\\\/www.diocese-belfort-montbeliard.fr\\\/charmont-montbeliard\\\/actualites\\\/annonces-notre-dame-de-lunite-et-le-bon-pasteur-15-01-2023-2\\\/\",\"name\":\"Annonces Notre-Dame de l\u2019Unit\u00e9 et Le Bon Pasteur 15\\\/01\\\/2023 - Doyenn\u00e9 de Charmont-Montb\u00e9liard\",\"isPartOf\":{\"@id\":\"https:\\\/\\\/www.diocese-belfort-montbeliard.fr\\\/charmont-montbeliard\\\/#website\"},\"datePublished\":\"2023-01-14T11:11:02+00:00\",\"dateModified\":\"2023-01-14T11:11:03+00:00\",\"author\":{\"@id\":\"https:\\\/\\\/www.diocese-belfort-montbeliard.fr\\\/charmont-montbeliard\\\/#\\\/schema\\\/person\\\/b21f32485b19fd24b17ccdac7eef2538\"},\"breadcrumb\":{\"@id\":\"https:\\\/\\\/www.diocese-belfort-montbeliard.fr\\\/charmont-montbeliard\\\/actualites\\\/annonces-notre-dame-de-lunite-et-le-bon-pasteur-15-01-2023-2\\\/#breadcrumb\"},\"inLanguage\":\"fr-FR\",\"potentialAction\":[{\"@type\":\"ReadAction\",\"target\":[\"https:\\\/\\\/www.diocese-belfort-montbeliard.fr\\\/charmont-montbeliard\\\/actualites\\\/annonces-notre-dame-de-lunite-et-le-bon-pasteur-15-01-2023-2\\\/\"]}]},{\"@type\":\"BreadcrumbList\",\"@id\":\"https:\\\/\\\/www.diocese-belfort-montbeliard.fr\\\/charmont-montbeliard\\\/actualites\\\/annonces-notre-dame-de-lunite-et-le-bon-pasteur-15-01-2023-2\\\/#breadcrumb\",\"itemListElement\":[{\"@type\":\"ListItem\",\"position\":1,\"name\":\"Accueil\",\"item\":\"https:\\\/\\\/www.diocese-belfort-montbeliard.fr\\\/charmont-montbeliard\\\/\"},{\"@type\":\"ListItem\",\"position\":2,\"name\":\"Annonces Notre-Dame de l\u2019Unit\u00e9 et Le Bon Pasteur 15\\\/01\\\/2023\"}]},{\"@type\":\"WebSite\",\"@id\":\"https:\\\/\\\/www.diocese-belfort-montbeliard.fr\\\/charmont-montbeliard\\\/#website\",\"url\":\"https:\\\/\\\/www.diocese-belfort-montbeliard.fr\\\/charmont-montbeliard\\\/\",\"name\":\"Doyenn\u00e9 de Charmont-Montb\u00e9liard\",\"description\":\"Dioc\u00e8se de Belfort-Montb\u00e9liard\",\"potentialAction\":[{\"@type\":\"SearchAction\",\"target\":{\"@type\":\"EntryPoint\",\"urlTemplate\":\"https:\\\/\\\/www.diocese-belfort-montbeliard.fr\\\/charmont-montbeliard\\\/?s={search_term_string}\"},\"query-input\":{\"@type\":\"PropertyValueSpecification\",\"valueRequired\":true,\"valueName\":\"search_term_string\"}}],\"inLanguage\":\"fr-FR\"},{\"@type\":\"Person\",\"@id\":\"https:\\\/\\\/www.diocese-belfort-montbeliard.fr\\\/charmont-montbeliard\\\/#\\\/schema\\\/person\\\/b21f32485b19fd24b17ccdac7eef2538\",\"name\":\"paroissendunite\",\"url\":\"https:\\\/\\\/www.diocese-belfort-montbeliard.fr\\\/charmont-montbeliard\\\/author\\\/paroissendunite\\\/\"}]}<\/script>\n<!-- \/ Yoast SEO plugin. -->","yoast_head_json":{"title":"Annonces Notre-Dame de l\u2019Unit\u00e9 et Le Bon Pasteur 15\/01\/2023 - Doyenn\u00e9 de Charmont-Montb\u00e9liard","robots":{"index":"index","follow":"follow","max-snippet":"max-snippet:-1","max-image-preview":"max-image-preview:large","max-video-preview":"max-video-preview:-1"},"canonical":"https:\/\/www.diocese-belfort-montbeliard.fr\/charmont-montbeliard\/actualites\/annonces-notre-dame-de-lunite-et-le-bon-pasteur-15-01-2023-2\/","og_locale":"fr_FR","og_type":"article","og_title":"Annonces Notre-Dame de l\u2019Unit\u00e9 et Le Bon Pasteur 15\/01\/2023 - Doyenn\u00e9 de Charmont-Montb\u00e9liard","og_description":"\/Vous pouvez t\u00e9l\u00e9charger le fichier PDF","og_url":"https:\/\/www.diocese-belfort-montbeliard.fr\/charmont-montbeliard\/actualites\/annonces-notre-dame-de-lunite-et-le-bon-pasteur-15-01-2023-2\/","og_site_name":"Doyenn\u00e9 de Charmont-Montb\u00e9liard","article_published_time":"2023-01-14T11:11:02+00:00","article_modified_time":"2023-01-14T11:11:03+00:00","author":"paroissendunite","twitter_card":"summary_large_image","twitter_misc":{"\u00c9crit par":"paroissendunite","Dur\u00e9e de lecture estim\u00e9e":"1 minute"},"schema":{"@context":"https:\/\/schema.org","@graph":[{"@type":"Article","@id":"https:\/\/www.diocese-belfort-montbeliard.fr\/charmont-montbeliard\/actualites\/annonces-notre-dame-de-lunite-et-le-bon-pasteur-15-01-2023-2\/#article","isPartOf":{"@id":"https:\/\/www.diocese-belfort-montbeliard.fr\/charmont-montbeliard\/actualites\/annonces-notre-dame-de-lunite-et-le-bon-pasteur-15-01-2023-2\/"},"author":{"name":"paroissendunite","@id":"https:\/\/www.diocese-belfort-montbeliard.fr\/charmont-montbeliard\/#\/schema\/person\/b21f32485b19fd24b17ccdac7eef2538"},"headline":"Annonces Notre-Dame de l\u2019Unit\u00e9 et Le Bon Pasteur 15\/01\/2023","datePublished":"2023-01-14T11:11:02+00:00","dateModified":"2023-01-14T11:11:03+00:00","mainEntityOfPage":{"@id":"https:\/\/www.diocese-belfort-montbeliard.fr\/charmont-montbeliard\/actualites\/annonces-notre-dame-de-lunite-et-le-bon-pasteur-15-01-2023-2\/"},"wordCount":17,"commentCount":0,"articleSection":["Bon Pasteur","Charmont - Montb\u00e9liard","Notre-Dame de l'Unit\u00e9","Trait d'Union"],"inLanguage":"fr-FR","potentialAction":[{"@type":"CommentAction","name":"Comment","target":["https:\/\/www.diocese-belfort-montbeliard.fr\/charmont-montbeliard\/actualites\/annonces-notre-dame-de-lunite-et-le-bon-pasteur-15-01-2023-2\/#respond"]}]},{"@type":"WebPage","@id":"https:\/\/www.diocese-belfort-montbeliard.fr\/charmont-montbeliard\/actualites\/annonces-notre-dame-de-lunite-et-le-bon-pasteur-15-01-2023-2\/","url":"https:\/\/www.diocese-belfort-montbeliard.fr\/charmont-montbeliard\/actualites\/annonces-notre-dame-de-lunite-et-le-bon-pasteur-15-01-2023-2\/","name":"Annonces Notre-Dame de l\u2019Unit\u00e9 et Le Bon Pasteur 15\/01\/2023 - Doyenn\u00e9 de Charmont-Montb\u00e9liard","isPartOf":{"@id":"https:\/\/www.diocese-belfort-montbeliard.fr\/charmont-montbeliard\/#website"},"datePublished":"2023-01-14T11:11:02+00:00","dateModified":"2023-01-14T11:11:03+00:00","author":{"@id":"https:\/\/www.diocese-belfort-montbeliard.fr\/charmont-montbeliard\/#\/schema\/person\/b21f32485b19fd24b17ccdac7eef2538"},"breadcrumb":{"@id":"https:\/\/www.diocese-belfort-montbeliard.fr\/charmont-montbeliard\/actualites\/annonces-notre-dame-de-lunite-et-le-bon-pasteur-15-01-2023-2\/#breadcrumb"},"inLanguage":"fr-FR","potentialAction":[{"@type":"ReadAction","target":["https:\/\/www.diocese-belfort-montbeliard.fr\/charmont-montbeliard\/actualites\/annonces-notre-dame-de-lunite-et-le-bon-pasteur-15-01-2023-2\/"]}]},{"@type":"BreadcrumbList","@id":"https:\/\/www.diocese-belfort-montbeliard.fr\/charmont-montbeliard\/actualites\/annonces-notre-dame-de-lunite-et-le-bon-pasteur-15-01-2023-2\/#breadcrumb","itemListElement":[{"@type":"ListItem","position":1,"name":"Accueil","item":"https:\/\/www.diocese-belfort-montbeliard.fr\/charmont-montbeliard\/"},{"@type":"ListItem","position":2,"name":"Annonces Notre-Dame de l\u2019Unit\u00e9 et Le Bon Pasteur 15\/01\/2023"}]},{"@type":"WebSite","@id":"https:\/\/www.diocese-belfort-montbeliard.fr\/charmont-montbeliard\/#website","url":"https:\/\/www.diocese-belfort-montbeliard.fr\/charmont-montbeliard\/","name":"Doyenn\u00e9 de Charmont-Montb\u00e9liard","description":"Dioc\u00e8se de Belfort-Montb\u00e9liard","potentialAction":[{"@type":"SearchAction","target":{"@type":"EntryPoint","urlTemplate":"https:\/\/www.diocese-belfort-montbeliard.fr\/charmont-montbeliard\/?s={search_term_string}"},"query-input":{"@type":"PropertyValueSpecification","valueRequired":true,"valueName":"search_term_string"}}],"inLanguage":"fr-FR"},{"@type":"Person","@id":"https:\/\/www.diocese-belfort-montbeliard.fr\/charmont-montbeliard\/#\/schema\/person\/b21f32485b19fd24b17ccdac7eef2538","name":"paroissendunite","url":"https:\/\/www.diocese-belfort-montbeliard.fr\/charmont-montbeliard\/author\/paroissendunite\/"}]}},"_links":{"self":[{"href":"https:\/\/www.diocese-belfort-montbeliard.fr\/charmont-montbeliard\/wp-json\/wp\/v2\/posts\/6014","targetHints":{"allow":["GET"]}}],"collection":[{"href":"https:\/\/www.diocese-belfort-montbeliard.fr\/charmont-montbeliard\/wp-json\/wp\/v2\/posts"}],"about":[{"href":"https:\/\/www.diocese-belfort-montbeliard.fr\/charmont-montbeliard\/wp-json\/wp\/v2\/types\/post"}],"author":[{"embeddable":true,"href":"https:\/\/www.diocese-belfort-montbeliard.fr\/charmont-montbeliard\/wp-json\/wp\/v2\/users\/63"}],"replies":[{"embeddable":true,"href":"https:\/\/www.diocese-belfort-montbeliard.fr\/charmont-montbeliard\/wp-json\/wp\/v2\/comments?post=6014"}],"version-history":[{"count":5,"href":"https:\/\/www.diocese-belfort-montbeliard.fr\/charmont-montbeliard\/wp-json\/wp\/v2\/posts\/6014\/revisions"}],"predecessor-version":[{"id":6076,"href":"https:\/\/www.diocese-belfort-montbeliard.fr\/charmont-montbeliard\/wp-json\/wp\/v2\/posts\/6014\/revisions\/6076"}],"wp:attachment":[{"href":"https:\/\/www.diocese-belfort-montbeliard.fr\/charmont-montbeliard\/wp-json\/wp\/v2\/media?parent=6014"}],"wp:term":[{"taxonomy":"category","embeddable":true,"href":"https:\/\/www.diocese-belfort-montbeliard.fr\/charmont-montbeliard\/wp-json\/wp\/v2\/categories?post=6014"},{"taxonomy":"post_tag","embeddable":true,"href":"https:\/\/www.diocese-belfort-montbeliard.fr\/charmont-montbeliard\/wp-json\/wp\/v2\/tags?post=6014"}],"curies":[{"name":"wp","href":"https:\/\/api.w.org\/{rel}","templated":true}]}}