{"id":3861,"date":"2023-08-24T16:23:36","date_gmt":"2023-08-24T14:23:36","guid":{"rendered":"https:\/\/www.diocese-belfort-montbeliard.fr\/chevremont\/?p=3861"},"modified":"2023-08-24T16:27:30","modified_gmt":"2023-08-24T14:27:30","slug":"inscriptions-au-cate","status":"publish","type":"post","link":"https:\/\/www.diocese-belfort-montbeliard.fr\/chevremont\/actualites\/inscriptions-au-cate\/","title":{"rendered":"Inscriptions au cat\u00e9"},"content":{"rendered":"\n<p class=\"has-text-align-center has-noir-color has-text-color\"><strong>Samedi 9 septembre<\/strong>, inscriptions au cat\u00e9 pour les 2 paroisses Fran\u00e7ois d&rsquo;Assise et Marie d&rsquo;Esp\u00e9rance<\/p>\n\n\n\n<p class=\"has-text-align-center has-noir-color has-text-color\">de 10h \u00e0 12h :  salle de cat\u00e9 de Montreux-Ch\u00e2teau ou  salle de cat\u00e9 de Reppe<\/p>\n\n\n\n<p class=\"has-text-align-center\"><strong>Dimanche 10 septembre<\/strong> : inscriptions apr\u00e8s la messe de 10 h \u00e0 Reppe, suivies d&rsquo;un pot de l&rsquo;amiti\u00e9<\/p>\n","protected":false},"excerpt":{"rendered":"<p>Samedi 9 septembre, inscriptions au cat\u00e9 pour les 2 paroisses Fran\u00e7ois d&rsquo;Assise et Marie d&rsquo;Esp\u00e9rance de 10h \u00e0 12h : salle de cat\u00e9 de Montreux-Ch\u00e2teau ou salle de cat\u00e9 de Reppe Dimanche 10 septembre : inscriptions apr\u00e8s la messe de 10 h \u00e0 Reppe, suivies d&rsquo;un pot de l&rsquo;amiti\u00e9<\/p>\n","protected":false},"author":65,"featured_media":3863,"comment_status":"open","ping_status":"open","sticky":false,"template":"","format":"standard","meta":{"_acf_changed":false,"footnotes":""},"categories":[5],"tags":[11,12],"class_list":["post-3861","post","type-post","status-publish","format-standard","has-post-thumbnail","hentry","category-saint-francois-dassise","tag-cate","tag-inscriptions"],"acf":[],"yoast_head":"<!-- This site is optimized with the Yoast SEO plugin v27.4 - https:\/\/yoast.com\/product\/yoast-seo-wordpress\/ -->\n<title>Inscriptions au cat\u00e9 - Doyenn\u00e9 de Ch\u00e8vremont<\/title>\n<meta name=\"robots\" content=\"index, follow, max-snippet:-1, max-image-preview:large, max-video-preview:-1\" \/>\n<link rel=\"canonical\" href=\"https:\/\/www.diocese-belfort-montbeliard.fr\/chevremont\/actualites\/inscriptions-au-cate\/\" \/>\n<meta property=\"og:locale\" content=\"fr_FR\" \/>\n<meta property=\"og:type\" content=\"article\" \/>\n<meta property=\"og:title\" content=\"Inscriptions au cat\u00e9 - Doyenn\u00e9 de Ch\u00e8vremont\" \/>\n<meta property=\"og:description\" content=\"Samedi 9 septembre, inscriptions au cat\u00e9 pour les 2 paroisses Fran\u00e7ois d&rsquo;Assise et Marie d&rsquo;Esp\u00e9rance de 10h \u00e0 12h : salle de cat\u00e9 de Montreux-Ch\u00e2teau ou salle de cat\u00e9 de Reppe Dimanche 10 septembre : inscriptions apr\u00e8s la messe de 10 h \u00e0 Reppe, suivies d&rsquo;un pot de l&rsquo;amiti\u00e9\" \/>\n<meta property=\"og:url\" content=\"https:\/\/www.diocese-belfort-montbeliard.fr\/chevremont\/actualites\/inscriptions-au-cate\/\" \/>\n<meta property=\"og:site_name\" content=\"Doyenn\u00e9 de Ch\u00e8vremont\" \/>\n<meta property=\"article:published_time\" content=\"2023-08-24T14:23:36+00:00\" \/>\n<meta property=\"article:modified_time\" content=\"2023-08-24T14:27:30+00:00\" \/>\n<meta property=\"og:image\" content=\"https:\/\/www.diocese-belfort-montbeliard.fr\/chevremont\/wp-content\/uploads\/sites\/4\/2023\/08\/bannieres-ete-2023-34.png\" \/>\n\t<meta property=\"og:image:width\" content=\"1350\" \/>\n\t<meta property=\"og:image:height\" content=\"650\" \/>\n\t<meta property=\"og:image:type\" content=\"image\/png\" \/>\n<meta name=\"author\" content=\"paroissesaintfrancoisdassise\" \/>\n<meta name=\"twitter:card\" content=\"summary_large_image\" \/>\n<meta name=\"twitter:label1\" content=\"\u00c9crit par\" \/>\n\t<meta name=\"twitter:data1\" content=\"paroissesaintfrancoisdassise\" \/>\n\t<meta name=\"twitter:label2\" content=\"Dur\u00e9e de lecture estim\u00e9e\" \/>\n\t<meta name=\"twitter:data2\" content=\"1 minute\" \/>\n<script type=\"application\/ld+json\" class=\"yoast-schema-graph\">{\"@context\":\"https:\\\/\\\/schema.org\",\"@graph\":[{\"@type\":\"Article\",\"@id\":\"https:\\\/\\\/www.diocese-belfort-montbeliard.fr\\\/chevremont\\\/actualites\\\/inscriptions-au-cate\\\/#article\",\"isPartOf\":{\"@id\":\"https:\\\/\\\/www.diocese-belfort-montbeliard.fr\\\/chevremont\\\/actualites\\\/inscriptions-au-cate\\\/\"},\"author\":{\"name\":\"paroissesaintfrancoisdassise\",\"@id\":\"https:\\\/\\\/www.diocese-belfort-montbeliard.fr\\\/chevremont\\\/#\\\/schema\\\/person\\\/4077bb3c5b64fc58b63c00081266080e\"},\"headline\":\"Inscriptions au cat\u00e9\",\"datePublished\":\"2023-08-24T14:23:36+00:00\",\"dateModified\":\"2023-08-24T14:27:30+00:00\",\"mainEntityOfPage\":{\"@id\":\"https:\\\/\\\/www.diocese-belfort-montbeliard.fr\\\/chevremont\\\/actualites\\\/inscriptions-au-cate\\\/\"},\"wordCount\":52,\"commentCount\":0,\"image\":{\"@id\":\"https:\\\/\\\/www.diocese-belfort-montbeliard.fr\\\/chevremont\\\/actualites\\\/inscriptions-au-cate\\\/#primaryimage\"},\"thumbnailUrl\":\"https:\\\/\\\/www.diocese-belfort-montbeliard.fr\\\/chevremont\\\/wp-content\\\/uploads\\\/sites\\\/4\\\/2023\\\/08\\\/bannieres-ete-2023-34.png\",\"keywords\":[\"Cat\u00e9\",\"inscriptions\"],\"articleSection\":[\"Saint Fran\u00e7ois d'Assise\"],\"inLanguage\":\"fr-FR\",\"potentialAction\":[{\"@type\":\"CommentAction\",\"name\":\"Comment\",\"target\":[\"https:\\\/\\\/www.diocese-belfort-montbeliard.fr\\\/chevremont\\\/actualites\\\/inscriptions-au-cate\\\/#respond\"]}]},{\"@type\":\"WebPage\",\"@id\":\"https:\\\/\\\/www.diocese-belfort-montbeliard.fr\\\/chevremont\\\/actualites\\\/inscriptions-au-cate\\\/\",\"url\":\"https:\\\/\\\/www.diocese-belfort-montbeliard.fr\\\/chevremont\\\/actualites\\\/inscriptions-au-cate\\\/\",\"name\":\"Inscriptions au cat\u00e9 - Doyenn\u00e9 de Ch\u00e8vremont\",\"isPartOf\":{\"@id\":\"https:\\\/\\\/www.diocese-belfort-montbeliard.fr\\\/chevremont\\\/#website\"},\"primaryImageOfPage\":{\"@id\":\"https:\\\/\\\/www.diocese-belfort-montbeliard.fr\\\/chevremont\\\/actualites\\\/inscriptions-au-cate\\\/#primaryimage\"},\"image\":{\"@id\":\"https:\\\/\\\/www.diocese-belfort-montbeliard.fr\\\/chevremont\\\/actualites\\\/inscriptions-au-cate\\\/#primaryimage\"},\"thumbnailUrl\":\"https:\\\/\\\/www.diocese-belfort-montbeliard.fr\\\/chevremont\\\/wp-content\\\/uploads\\\/sites\\\/4\\\/2023\\\/08\\\/bannieres-ete-2023-34.png\",\"datePublished\":\"2023-08-24T14:23:36+00:00\",\"dateModified\":\"2023-08-24T14:27:30+00:00\",\"author\":{\"@id\":\"https:\\\/\\\/www.diocese-belfort-montbeliard.fr\\\/chevremont\\\/#\\\/schema\\\/person\\\/4077bb3c5b64fc58b63c00081266080e\"},\"breadcrumb\":{\"@id\":\"https:\\\/\\\/www.diocese-belfort-montbeliard.fr\\\/chevremont\\\/actualites\\\/inscriptions-au-cate\\\/#breadcrumb\"},\"inLanguage\":\"fr-FR\",\"potentialAction\":[{\"@type\":\"ReadAction\",\"target\":[\"https:\\\/\\\/www.diocese-belfort-montbeliard.fr\\\/chevremont\\\/actualites\\\/inscriptions-au-cate\\\/\"]}]},{\"@type\":\"ImageObject\",\"inLanguage\":\"fr-FR\",\"@id\":\"https:\\\/\\\/www.diocese-belfort-montbeliard.fr\\\/chevremont\\\/actualites\\\/inscriptions-au-cate\\\/#primaryimage\",\"url\":\"https:\\\/\\\/www.diocese-belfort-montbeliard.fr\\\/chevremont\\\/wp-content\\\/uploads\\\/sites\\\/4\\\/2023\\\/08\\\/bannieres-ete-2023-34.png\",\"contentUrl\":\"https:\\\/\\\/www.diocese-belfort-montbeliard.fr\\\/chevremont\\\/wp-content\\\/uploads\\\/sites\\\/4\\\/2023\\\/08\\\/bannieres-ete-2023-34.png\",\"width\":1350,\"height\":650},{\"@type\":\"BreadcrumbList\",\"@id\":\"https:\\\/\\\/www.diocese-belfort-montbeliard.fr\\\/chevremont\\\/actualites\\\/inscriptions-au-cate\\\/#breadcrumb\",\"itemListElement\":[{\"@type\":\"ListItem\",\"position\":1,\"name\":\"Accueil\",\"item\":\"https:\\\/\\\/www.diocese-belfort-montbeliard.fr\\\/chevremont\\\/\"},{\"@type\":\"ListItem\",\"position\":2,\"name\":\"Inscriptions au cat\u00e9\"}]},{\"@type\":\"WebSite\",\"@id\":\"https:\\\/\\\/www.diocese-belfort-montbeliard.fr\\\/chevremont\\\/#website\",\"url\":\"https:\\\/\\\/www.diocese-belfort-montbeliard.fr\\\/chevremont\\\/\",\"name\":\"Doyenn\u00e9 de Ch\u00e8vremont\",\"description\":\"Dioc\u00e8se de Belfort-Montb\u00e9liard\",\"potentialAction\":[{\"@type\":\"SearchAction\",\"target\":{\"@type\":\"EntryPoint\",\"urlTemplate\":\"https:\\\/\\\/www.diocese-belfort-montbeliard.fr\\\/chevremont\\\/?s={search_term_string}\"},\"query-input\":{\"@type\":\"PropertyValueSpecification\",\"valueRequired\":true,\"valueName\":\"search_term_string\"}}],\"inLanguage\":\"fr-FR\"},{\"@type\":\"Person\",\"@id\":\"https:\\\/\\\/www.diocese-belfort-montbeliard.fr\\\/chevremont\\\/#\\\/schema\\\/person\\\/4077bb3c5b64fc58b63c00081266080e\",\"name\":\"paroissesaintfrancoisdassise\",\"image\":{\"@type\":\"ImageObject\",\"inLanguage\":\"fr-FR\",\"@id\":\"https:\\\/\\\/secure.gravatar.com\\\/avatar\\\/88f0c6835593442924e87fef016f5ee6a183ffa44a1810ec94e3884cb5fdbb27?s=96&d=mm&r=g\",\"url\":\"https:\\\/\\\/secure.gravatar.com\\\/avatar\\\/88f0c6835593442924e87fef016f5ee6a183ffa44a1810ec94e3884cb5fdbb27?s=96&d=mm&r=g\",\"contentUrl\":\"https:\\\/\\\/secure.gravatar.com\\\/avatar\\\/88f0c6835593442924e87fef016f5ee6a183ffa44a1810ec94e3884cb5fdbb27?s=96&d=mm&r=g\",\"caption\":\"paroissesaintfrancoisdassise\"},\"url\":\"https:\\\/\\\/www.diocese-belfort-montbeliard.fr\\\/chevremont\\\/author\\\/paroissesaintfrancoisdassise\\\/\"}]}<\/script>\n<!-- \/ Yoast SEO plugin. -->","yoast_head_json":{"title":"Inscriptions au cat\u00e9 - Doyenn\u00e9 de Ch\u00e8vremont","robots":{"index":"index","follow":"follow","max-snippet":"max-snippet:-1","max-image-preview":"max-image-preview:large","max-video-preview":"max-video-preview:-1"},"canonical":"https:\/\/www.diocese-belfort-montbeliard.fr\/chevremont\/actualites\/inscriptions-au-cate\/","og_locale":"fr_FR","og_type":"article","og_title":"Inscriptions au cat\u00e9 - Doyenn\u00e9 de Ch\u00e8vremont","og_description":"Samedi 9 septembre, inscriptions au cat\u00e9 pour les 2 paroisses Fran\u00e7ois d&rsquo;Assise et Marie d&rsquo;Esp\u00e9rance de 10h \u00e0 12h : salle de cat\u00e9 de Montreux-Ch\u00e2teau ou salle de cat\u00e9 de Reppe Dimanche 10 septembre : inscriptions apr\u00e8s la messe de 10 h \u00e0 Reppe, suivies d&rsquo;un pot de l&rsquo;amiti\u00e9","og_url":"https:\/\/www.diocese-belfort-montbeliard.fr\/chevremont\/actualites\/inscriptions-au-cate\/","og_site_name":"Doyenn\u00e9 de Ch\u00e8vremont","article_published_time":"2023-08-24T14:23:36+00:00","article_modified_time":"2023-08-24T14:27:30+00:00","og_image":[{"width":1350,"height":650,"url":"https:\/\/www.diocese-belfort-montbeliard.fr\/chevremont\/wp-content\/uploads\/sites\/4\/2023\/08\/bannieres-ete-2023-34.png","type":"image\/png"}],"author":"paroissesaintfrancoisdassise","twitter_card":"summary_large_image","twitter_misc":{"\u00c9crit par":"paroissesaintfrancoisdassise","Dur\u00e9e de lecture estim\u00e9e":"1 minute"},"schema":{"@context":"https:\/\/schema.org","@graph":[{"@type":"Article","@id":"https:\/\/www.diocese-belfort-montbeliard.fr\/chevremont\/actualites\/inscriptions-au-cate\/#article","isPartOf":{"@id":"https:\/\/www.diocese-belfort-montbeliard.fr\/chevremont\/actualites\/inscriptions-au-cate\/"},"author":{"name":"paroissesaintfrancoisdassise","@id":"https:\/\/www.diocese-belfort-montbeliard.fr\/chevremont\/#\/schema\/person\/4077bb3c5b64fc58b63c00081266080e"},"headline":"Inscriptions au cat\u00e9","datePublished":"2023-08-24T14:23:36+00:00","dateModified":"2023-08-24T14:27:30+00:00","mainEntityOfPage":{"@id":"https:\/\/www.diocese-belfort-montbeliard.fr\/chevremont\/actualites\/inscriptions-au-cate\/"},"wordCount":52,"commentCount":0,"image":{"@id":"https:\/\/www.diocese-belfort-montbeliard.fr\/chevremont\/actualites\/inscriptions-au-cate\/#primaryimage"},"thumbnailUrl":"https:\/\/www.diocese-belfort-montbeliard.fr\/chevremont\/wp-content\/uploads\/sites\/4\/2023\/08\/bannieres-ete-2023-34.png","keywords":["Cat\u00e9","inscriptions"],"articleSection":["Saint Fran\u00e7ois d'Assise"],"inLanguage":"fr-FR","potentialAction":[{"@type":"CommentAction","name":"Comment","target":["https:\/\/www.diocese-belfort-montbeliard.fr\/chevremont\/actualites\/inscriptions-au-cate\/#respond"]}]},{"@type":"WebPage","@id":"https:\/\/www.diocese-belfort-montbeliard.fr\/chevremont\/actualites\/inscriptions-au-cate\/","url":"https:\/\/www.diocese-belfort-montbeliard.fr\/chevremont\/actualites\/inscriptions-au-cate\/","name":"Inscriptions au cat\u00e9 - Doyenn\u00e9 de Ch\u00e8vremont","isPartOf":{"@id":"https:\/\/www.diocese-belfort-montbeliard.fr\/chevremont\/#website"},"primaryImageOfPage":{"@id":"https:\/\/www.diocese-belfort-montbeliard.fr\/chevremont\/actualites\/inscriptions-au-cate\/#primaryimage"},"image":{"@id":"https:\/\/www.diocese-belfort-montbeliard.fr\/chevremont\/actualites\/inscriptions-au-cate\/#primaryimage"},"thumbnailUrl":"https:\/\/www.diocese-belfort-montbeliard.fr\/chevremont\/wp-content\/uploads\/sites\/4\/2023\/08\/bannieres-ete-2023-34.png","datePublished":"2023-08-24T14:23:36+00:00","dateModified":"2023-08-24T14:27:30+00:00","author":{"@id":"https:\/\/www.diocese-belfort-montbeliard.fr\/chevremont\/#\/schema\/person\/4077bb3c5b64fc58b63c00081266080e"},"breadcrumb":{"@id":"https:\/\/www.diocese-belfort-montbeliard.fr\/chevremont\/actualites\/inscriptions-au-cate\/#breadcrumb"},"inLanguage":"fr-FR","potentialAction":[{"@type":"ReadAction","target":["https:\/\/www.diocese-belfort-montbeliard.fr\/chevremont\/actualites\/inscriptions-au-cate\/"]}]},{"@type":"ImageObject","inLanguage":"fr-FR","@id":"https:\/\/www.diocese-belfort-montbeliard.fr\/chevremont\/actualites\/inscriptions-au-cate\/#primaryimage","url":"https:\/\/www.diocese-belfort-montbeliard.fr\/chevremont\/wp-content\/uploads\/sites\/4\/2023\/08\/bannieres-ete-2023-34.png","contentUrl":"https:\/\/www.diocese-belfort-montbeliard.fr\/chevremont\/wp-content\/uploads\/sites\/4\/2023\/08\/bannieres-ete-2023-34.png","width":1350,"height":650},{"@type":"BreadcrumbList","@id":"https:\/\/www.diocese-belfort-montbeliard.fr\/chevremont\/actualites\/inscriptions-au-cate\/#breadcrumb","itemListElement":[{"@type":"ListItem","position":1,"name":"Accueil","item":"https:\/\/www.diocese-belfort-montbeliard.fr\/chevremont\/"},{"@type":"ListItem","position":2,"name":"Inscriptions au cat\u00e9"}]},{"@type":"WebSite","@id":"https:\/\/www.diocese-belfort-montbeliard.fr\/chevremont\/#website","url":"https:\/\/www.diocese-belfort-montbeliard.fr\/chevremont\/","name":"Doyenn\u00e9 de Ch\u00e8vremont","description":"Dioc\u00e8se de Belfort-Montb\u00e9liard","potentialAction":[{"@type":"SearchAction","target":{"@type":"EntryPoint","urlTemplate":"https:\/\/www.diocese-belfort-montbeliard.fr\/chevremont\/?s={search_term_string}"},"query-input":{"@type":"PropertyValueSpecification","valueRequired":true,"valueName":"search_term_string"}}],"inLanguage":"fr-FR"},{"@type":"Person","@id":"https:\/\/www.diocese-belfort-montbeliard.fr\/chevremont\/#\/schema\/person\/4077bb3c5b64fc58b63c00081266080e","name":"paroissesaintfrancoisdassise","image":{"@type":"ImageObject","inLanguage":"fr-FR","@id":"https:\/\/secure.gravatar.com\/avatar\/88f0c6835593442924e87fef016f5ee6a183ffa44a1810ec94e3884cb5fdbb27?s=96&d=mm&r=g","url":"https:\/\/secure.gravatar.com\/avatar\/88f0c6835593442924e87fef016f5ee6a183ffa44a1810ec94e3884cb5fdbb27?s=96&d=mm&r=g","contentUrl":"https:\/\/secure.gravatar.com\/avatar\/88f0c6835593442924e87fef016f5ee6a183ffa44a1810ec94e3884cb5fdbb27?s=96&d=mm&r=g","caption":"paroissesaintfrancoisdassise"},"url":"https:\/\/www.diocese-belfort-montbeliard.fr\/chevremont\/author\/paroissesaintfrancoisdassise\/"}]}},"_links":{"self":[{"href":"https:\/\/www.diocese-belfort-montbeliard.fr\/chevremont\/wp-json\/wp\/v2\/posts\/3861","targetHints":{"allow":["GET"]}}],"collection":[{"href":"https:\/\/www.diocese-belfort-montbeliard.fr\/chevremont\/wp-json\/wp\/v2\/posts"}],"about":[{"href":"https:\/\/www.diocese-belfort-montbeliard.fr\/chevremont\/wp-json\/wp\/v2\/types\/post"}],"author":[{"embeddable":true,"href":"https:\/\/www.diocese-belfort-montbeliard.fr\/chevremont\/wp-json\/wp\/v2\/users\/65"}],"replies":[{"embeddable":true,"href":"https:\/\/www.diocese-belfort-montbeliard.fr\/chevremont\/wp-json\/wp\/v2\/comments?post=3861"}],"version-history":[{"count":1,"href":"https:\/\/www.diocese-belfort-montbeliard.fr\/chevremont\/wp-json\/wp\/v2\/posts\/3861\/revisions"}],"predecessor-version":[{"id":3862,"href":"https:\/\/www.diocese-belfort-montbeliard.fr\/chevremont\/wp-json\/wp\/v2\/posts\/3861\/revisions\/3862"}],"wp:featuredmedia":[{"embeddable":true,"href":"https:\/\/www.diocese-belfort-montbeliard.fr\/chevremont\/wp-json\/wp\/v2\/media\/3863"}],"wp:attachment":[{"href":"https:\/\/www.diocese-belfort-montbeliard.fr\/chevremont\/wp-json\/wp\/v2\/media?parent=3861"}],"wp:term":[{"taxonomy":"category","embeddable":true,"href":"https:\/\/www.diocese-belfort-montbeliard.fr\/chevremont\/wp-json\/wp\/v2\/categories?post=3861"},{"taxonomy":"post_tag","embeddable":true,"href":"https:\/\/www.diocese-belfort-montbeliard.fr\/chevremont\/wp-json\/wp\/v2\/tags?post=3861"}],"curies":[{"name":"wp","href":"https:\/\/api.w.org\/{rel}","templated":true}]}}