{"id":5196,"date":"2026-04-28T13:41:23","date_gmt":"2026-04-28T11:41:23","guid":{"rendered":"https:\/\/www.diocese-belfort-montbeliard.fr\/giromagny-rougemont\/?p=5196"},"modified":"2026-04-28T13:41:24","modified_gmt":"2026-04-28T11:41:24","slug":"rogations-prieres-pour-la-maison-commune","status":"publish","type":"post","link":"https:\/\/www.diocese-belfort-montbeliard.fr\/giromagny-rougemont\/actualites\/rogations-prieres-pour-la-maison-commune\/","title":{"rendered":"Rogations &#8211; Pri\u00e8res pour la Maison commune"},"content":{"rendered":"\n<div class=\"wp-block-media-text is-stacked-on-mobile\" style=\"grid-template-columns:34% auto\"><figure class=\"wp-block-media-text__media\"><img loading=\"lazy\" decoding=\"async\" width=\"1440\" height=\"1080\" src=\"https:\/\/www.diocese-belfort-montbeliard.fr\/giromagny-rougemont\/wp-content\/uploads\/sites\/3\/2026\/04\/20260420_165001-1440x1080.jpg\" alt=\"\" class=\"wp-image-5197 size-full\" srcset=\"https:\/\/www.diocese-belfort-montbeliard.fr\/giromagny-rougemont\/wp-content\/uploads\/sites\/3\/2026\/04\/20260420_165001-1440x1080.jpg 1440w, https:\/\/www.diocese-belfort-montbeliard.fr\/giromagny-rougemont\/wp-content\/uploads\/sites\/3\/2026\/04\/20260420_165001-600x450.jpg 600w, https:\/\/www.diocese-belfort-montbeliard.fr\/giromagny-rougemont\/wp-content\/uploads\/sites\/3\/2026\/04\/20260420_165001-768x576.jpg 768w, https:\/\/www.diocese-belfort-montbeliard.fr\/giromagny-rougemont\/wp-content\/uploads\/sites\/3\/2026\/04\/20260420_165001-1536x1152.jpg 1536w, https:\/\/www.diocese-belfort-montbeliard.fr\/giromagny-rougemont\/wp-content\/uploads\/sites\/3\/2026\/04\/20260420_165001-2048x1536.jpg 2048w\" sizes=\"auto, (max-width: 1440px) 100vw, 1440px\" \/><\/figure><div class=\"wp-block-media-text__content\">\n<p class=\"has-vert-color has-text-color has-link-color wp-elements-f52e4d8766b0e329c0de5ebb2402e387\"><strong><em>\u00ab\u00a0Les rogations (du latin \u00ab\u00a0rogare\u00a0\u00bb : demander) sont une pri\u00e8re de demande liturgique accomplie par la communaut\u00e9 chr\u00e9tienne au printemps, les trois jours avant l&rsquo;ascension. Les Rogations ont pour objet de demander \u00e0 Dieu un climat favorable, une protection contre les calamit\u00e9s et peuvent \u00eatre accompagn\u00e9es d&rsquo;une b\u00e9n\u00e9diction de la terre, des champs, des animaux et des instruments de travail\u00a0\u00bb.<\/em><\/strong><\/p>\n\n\n\n<p class=\"has-vert-color has-text-color has-link-color wp-elements-249702a446f12af67de079ac9f9f2be3\">L&rsquo;EAP vous invite \u00e0 vivre ce moment de pri\u00e8res<strong><em>\u00a0le lundi 11 mai 2026 \u00e0 la pisciculture Beaume \u00e0 Lachapelle\/Chaux \u00e0 18h00.<\/em><\/strong><\/p>\n\n\n\n<p class=\"has-vert-color has-text-color has-link-color wp-elements-91411a98e06ecdaabeb47f7e86f8e5e2\">Nous ferons une petite procession au milieu des \u00e9tangs, en priant, en chantant. Les \u00e9tangs et tous leurs \u00ab\u00a0habitants\u00a0\u00bb feront l&rsquo;objet d&rsquo;une b\u00e9n\u00e9diction.<\/p>\n\n\n\n<p class=\"has-vert-color has-text-color has-link-color wp-elements-e292d6e16a84f445553007da22d605af\">Ce temps de partage se terminera par le verre de l&rsquo;amiti\u00e9 vers 19h00 au bord des \u00e9tangs.<\/p>\n<\/div><\/div>\n","protected":false},"excerpt":{"rendered":"<p>\u00ab\u00a0Les rogations (du latin \u00ab\u00a0rogare\u00a0\u00bb : demander) sont une pri\u00e8re de demande liturgique accomplie par la communaut\u00e9 chr\u00e9tienne au printemps, les trois jours avant l&rsquo;ascension. Les Rogations ont pour objet de demander \u00e0 Dieu un climat favorable, une protection contre les calamit\u00e9s et peuvent \u00eatre accompagn\u00e9es d&rsquo;une b\u00e9n\u00e9diction de la terre, des champs, des animaux [&hellip;]<\/p>\n","protected":false},"author":10,"featured_media":3987,"comment_status":"open","ping_status":"open","sticky":false,"template":"","format":"standard","meta":{"_acf_changed":false,"footnotes":""},"categories":[1],"tags":[],"class_list":["post-5196","post","type-post","status-publish","format-standard","has-post-thumbnail","hentry","category-giromagny-rougemont"],"acf":[],"yoast_head":"<!-- This site is optimized with the Yoast SEO plugin v27.4 - https:\/\/yoast.com\/product\/yoast-seo-wordpress\/ -->\n<title>Rogations - Pri\u00e8res pour la Maison commune - Doyenn\u00e9 de Giromagny - Rougemont<\/title>\n<meta name=\"robots\" content=\"index, follow, max-snippet:-1, max-image-preview:large, max-video-preview:-1\" \/>\n<link rel=\"canonical\" href=\"https:\/\/www.diocese-belfort-montbeliard.fr\/giromagny-rougemont\/actualites\/rogations-prieres-pour-la-maison-commune\/\" \/>\n<meta property=\"og:locale\" content=\"fr_FR\" \/>\n<meta property=\"og:type\" content=\"article\" \/>\n<meta property=\"og:title\" content=\"Rogations - Pri\u00e8res pour la Maison commune - Doyenn\u00e9 de Giromagny - Rougemont\" \/>\n<meta property=\"og:description\" content=\"\u00ab\u00a0Les rogations (du latin \u00ab\u00a0rogare\u00a0\u00bb : demander) sont une pri\u00e8re de demande liturgique accomplie par la communaut\u00e9 chr\u00e9tienne au printemps, les trois jours avant l&rsquo;ascension. Les Rogations ont pour objet de demander \u00e0 Dieu un climat favorable, une protection contre les calamit\u00e9s et peuvent \u00eatre accompagn\u00e9es d&rsquo;une b\u00e9n\u00e9diction de la terre, des champs, des animaux [&hellip;]\" \/>\n<meta property=\"og:url\" content=\"https:\/\/www.diocese-belfort-montbeliard.fr\/giromagny-rougemont\/actualites\/rogations-prieres-pour-la-maison-commune\/\" \/>\n<meta property=\"og:site_name\" content=\"Doyenn\u00e9 de Giromagny - Rougemont\" \/>\n<meta property=\"article:published_time\" content=\"2026-04-28T11:41:23+00:00\" \/>\n<meta property=\"article:modified_time\" content=\"2026-04-28T11:41:24+00:00\" \/>\n<meta property=\"og:image\" content=\"https:\/\/www.diocese-belfort-montbeliard.fr\/giromagny-rougemont\/wp-content\/uploads\/sites\/3\/2024\/05\/IMG-20240519-WA0001.jpg\" \/>\n\t<meta property=\"og:image:width\" content=\"1600\" \/>\n\t<meta property=\"og:image:height\" content=\"1200\" \/>\n\t<meta property=\"og:image:type\" content=\"image\/jpeg\" \/>\n<meta name=\"author\" content=\"paroissesaintjeanevangeliste\" \/>\n<meta name=\"twitter:card\" content=\"summary_large_image\" \/>\n<meta name=\"twitter:label1\" content=\"\u00c9crit par\" \/>\n\t<meta name=\"twitter:data1\" content=\"paroissesaintjeanevangeliste\" \/>\n\t<meta name=\"twitter:label2\" content=\"Dur\u00e9e de lecture estim\u00e9e\" \/>\n\t<meta name=\"twitter:data2\" content=\"2 minutes\" \/>\n<script type=\"application\/ld+json\" class=\"yoast-schema-graph\">{\"@context\":\"https:\\\/\\\/schema.org\",\"@graph\":[{\"@type\":\"Article\",\"@id\":\"https:\\\/\\\/www.diocese-belfort-montbeliard.fr\\\/giromagny-rougemont\\\/actualites\\\/rogations-prieres-pour-la-maison-commune\\\/#article\",\"isPartOf\":{\"@id\":\"https:\\\/\\\/www.diocese-belfort-montbeliard.fr\\\/giromagny-rougemont\\\/actualites\\\/rogations-prieres-pour-la-maison-commune\\\/\"},\"author\":{\"name\":\"paroissesaintjeanevangeliste\",\"@id\":\"https:\\\/\\\/www.diocese-belfort-montbeliard.fr\\\/giromagny-rougemont\\\/#\\\/schema\\\/person\\\/515618ef8497d2c61c871bfcc4c71183\"},\"headline\":\"Rogations &#8211; Pri\u00e8res pour la Maison commune\",\"datePublished\":\"2026-04-28T11:41:23+00:00\",\"dateModified\":\"2026-04-28T11:41:24+00:00\",\"mainEntityOfPage\":{\"@id\":\"https:\\\/\\\/www.diocese-belfort-montbeliard.fr\\\/giromagny-rougemont\\\/actualites\\\/rogations-prieres-pour-la-maison-commune\\\/\"},\"wordCount\":138,\"commentCount\":0,\"image\":{\"@id\":\"https:\\\/\\\/www.diocese-belfort-montbeliard.fr\\\/giromagny-rougemont\\\/actualites\\\/rogations-prieres-pour-la-maison-commune\\\/#primaryimage\"},\"thumbnailUrl\":\"https:\\\/\\\/www.diocese-belfort-montbeliard.fr\\\/giromagny-rougemont\\\/wp-content\\\/uploads\\\/sites\\\/3\\\/2024\\\/05\\\/IMG-20240519-WA0001.jpg\",\"articleSection\":[\"Giromagny - Rougemont\"],\"inLanguage\":\"fr-FR\",\"potentialAction\":[{\"@type\":\"CommentAction\",\"name\":\"Comment\",\"target\":[\"https:\\\/\\\/www.diocese-belfort-montbeliard.fr\\\/giromagny-rougemont\\\/actualites\\\/rogations-prieres-pour-la-maison-commune\\\/#respond\"]}]},{\"@type\":\"WebPage\",\"@id\":\"https:\\\/\\\/www.diocese-belfort-montbeliard.fr\\\/giromagny-rougemont\\\/actualites\\\/rogations-prieres-pour-la-maison-commune\\\/\",\"url\":\"https:\\\/\\\/www.diocese-belfort-montbeliard.fr\\\/giromagny-rougemont\\\/actualites\\\/rogations-prieres-pour-la-maison-commune\\\/\",\"name\":\"Rogations - Pri\u00e8res pour la Maison commune - Doyenn\u00e9 de Giromagny - Rougemont\",\"isPartOf\":{\"@id\":\"https:\\\/\\\/www.diocese-belfort-montbeliard.fr\\\/giromagny-rougemont\\\/#website\"},\"primaryImageOfPage\":{\"@id\":\"https:\\\/\\\/www.diocese-belfort-montbeliard.fr\\\/giromagny-rougemont\\\/actualites\\\/rogations-prieres-pour-la-maison-commune\\\/#primaryimage\"},\"image\":{\"@id\":\"https:\\\/\\\/www.diocese-belfort-montbeliard.fr\\\/giromagny-rougemont\\\/actualites\\\/rogations-prieres-pour-la-maison-commune\\\/#primaryimage\"},\"thumbnailUrl\":\"https:\\\/\\\/www.diocese-belfort-montbeliard.fr\\\/giromagny-rougemont\\\/wp-content\\\/uploads\\\/sites\\\/3\\\/2024\\\/05\\\/IMG-20240519-WA0001.jpg\",\"datePublished\":\"2026-04-28T11:41:23+00:00\",\"dateModified\":\"2026-04-28T11:41:24+00:00\",\"author\":{\"@id\":\"https:\\\/\\\/www.diocese-belfort-montbeliard.fr\\\/giromagny-rougemont\\\/#\\\/schema\\\/person\\\/515618ef8497d2c61c871bfcc4c71183\"},\"breadcrumb\":{\"@id\":\"https:\\\/\\\/www.diocese-belfort-montbeliard.fr\\\/giromagny-rougemont\\\/actualites\\\/rogations-prieres-pour-la-maison-commune\\\/#breadcrumb\"},\"inLanguage\":\"fr-FR\",\"potentialAction\":[{\"@type\":\"ReadAction\",\"target\":[\"https:\\\/\\\/www.diocese-belfort-montbeliard.fr\\\/giromagny-rougemont\\\/actualites\\\/rogations-prieres-pour-la-maison-commune\\\/\"]}]},{\"@type\":\"ImageObject\",\"inLanguage\":\"fr-FR\",\"@id\":\"https:\\\/\\\/www.diocese-belfort-montbeliard.fr\\\/giromagny-rougemont\\\/actualites\\\/rogations-prieres-pour-la-maison-commune\\\/#primaryimage\",\"url\":\"https:\\\/\\\/www.diocese-belfort-montbeliard.fr\\\/giromagny-rougemont\\\/wp-content\\\/uploads\\\/sites\\\/3\\\/2024\\\/05\\\/IMG-20240519-WA0001.jpg\",\"contentUrl\":\"https:\\\/\\\/www.diocese-belfort-montbeliard.fr\\\/giromagny-rougemont\\\/wp-content\\\/uploads\\\/sites\\\/3\\\/2024\\\/05\\\/IMG-20240519-WA0001.jpg\",\"width\":1600,\"height\":1200},{\"@type\":\"BreadcrumbList\",\"@id\":\"https:\\\/\\\/www.diocese-belfort-montbeliard.fr\\\/giromagny-rougemont\\\/actualites\\\/rogations-prieres-pour-la-maison-commune\\\/#breadcrumb\",\"itemListElement\":[{\"@type\":\"ListItem\",\"position\":1,\"name\":\"Accueil\",\"item\":\"https:\\\/\\\/www.diocese-belfort-montbeliard.fr\\\/giromagny-rougemont\\\/\"},{\"@type\":\"ListItem\",\"position\":2,\"name\":\"Rogations &#8211; Pri\u00e8res pour la Maison commune\"}]},{\"@type\":\"WebSite\",\"@id\":\"https:\\\/\\\/www.diocese-belfort-montbeliard.fr\\\/giromagny-rougemont\\\/#website\",\"url\":\"https:\\\/\\\/www.diocese-belfort-montbeliard.fr\\\/giromagny-rougemont\\\/\",\"name\":\"Doyenn\u00e9 de Giromagny - Rougemont\",\"description\":\"Dioc\u00e8se de Belfort - Montb\u00e9liard\",\"potentialAction\":[{\"@type\":\"SearchAction\",\"target\":{\"@type\":\"EntryPoint\",\"urlTemplate\":\"https:\\\/\\\/www.diocese-belfort-montbeliard.fr\\\/giromagny-rougemont\\\/?s={search_term_string}\"},\"query-input\":{\"@type\":\"PropertyValueSpecification\",\"valueRequired\":true,\"valueName\":\"search_term_string\"}}],\"inLanguage\":\"fr-FR\"},{\"@type\":\"Person\",\"@id\":\"https:\\\/\\\/www.diocese-belfort-montbeliard.fr\\\/giromagny-rougemont\\\/#\\\/schema\\\/person\\\/515618ef8497d2c61c871bfcc4c71183\",\"name\":\"paroissesaintjeanevangeliste\",\"image\":{\"@type\":\"ImageObject\",\"inLanguage\":\"fr-FR\",\"@id\":\"https:\\\/\\\/secure.gravatar.com\\\/avatar\\\/4d2f209de963cf3dfb149d591c042fe63065a941162d9001a5326976d37d45f5?s=96&d=mm&r=g\",\"url\":\"https:\\\/\\\/secure.gravatar.com\\\/avatar\\\/4d2f209de963cf3dfb149d591c042fe63065a941162d9001a5326976d37d45f5?s=96&d=mm&r=g\",\"contentUrl\":\"https:\\\/\\\/secure.gravatar.com\\\/avatar\\\/4d2f209de963cf3dfb149d591c042fe63065a941162d9001a5326976d37d45f5?s=96&d=mm&r=g\",\"caption\":\"paroissesaintjeanevangeliste\"},\"url\":\"https:\\\/\\\/www.diocese-belfort-montbeliard.fr\\\/giromagny-rougemont\\\/author\\\/paroissesaintjeanevangeliste\\\/\"}]}<\/script>\n<!-- \/ Yoast SEO plugin. -->","yoast_head_json":{"title":"Rogations - Pri\u00e8res pour la Maison commune - Doyenn\u00e9 de Giromagny - Rougemont","robots":{"index":"index","follow":"follow","max-snippet":"max-snippet:-1","max-image-preview":"max-image-preview:large","max-video-preview":"max-video-preview:-1"},"canonical":"https:\/\/www.diocese-belfort-montbeliard.fr\/giromagny-rougemont\/actualites\/rogations-prieres-pour-la-maison-commune\/","og_locale":"fr_FR","og_type":"article","og_title":"Rogations - Pri\u00e8res pour la Maison commune - Doyenn\u00e9 de Giromagny - Rougemont","og_description":"\u00ab\u00a0Les rogations (du latin \u00ab\u00a0rogare\u00a0\u00bb : demander) sont une pri\u00e8re de demande liturgique accomplie par la communaut\u00e9 chr\u00e9tienne au printemps, les trois jours avant l&rsquo;ascension. Les Rogations ont pour objet de demander \u00e0 Dieu un climat favorable, une protection contre les calamit\u00e9s et peuvent \u00eatre accompagn\u00e9es d&rsquo;une b\u00e9n\u00e9diction de la terre, des champs, des animaux [&hellip;]","og_url":"https:\/\/www.diocese-belfort-montbeliard.fr\/giromagny-rougemont\/actualites\/rogations-prieres-pour-la-maison-commune\/","og_site_name":"Doyenn\u00e9 de Giromagny - Rougemont","article_published_time":"2026-04-28T11:41:23+00:00","article_modified_time":"2026-04-28T11:41:24+00:00","og_image":[{"width":1600,"height":1200,"url":"https:\/\/www.diocese-belfort-montbeliard.fr\/giromagny-rougemont\/wp-content\/uploads\/sites\/3\/2024\/05\/IMG-20240519-WA0001.jpg","type":"image\/jpeg"}],"author":"paroissesaintjeanevangeliste","twitter_card":"summary_large_image","twitter_misc":{"\u00c9crit par":"paroissesaintjeanevangeliste","Dur\u00e9e de lecture estim\u00e9e":"2 minutes"},"schema":{"@context":"https:\/\/schema.org","@graph":[{"@type":"Article","@id":"https:\/\/www.diocese-belfort-montbeliard.fr\/giromagny-rougemont\/actualites\/rogations-prieres-pour-la-maison-commune\/#article","isPartOf":{"@id":"https:\/\/www.diocese-belfort-montbeliard.fr\/giromagny-rougemont\/actualites\/rogations-prieres-pour-la-maison-commune\/"},"author":{"name":"paroissesaintjeanevangeliste","@id":"https:\/\/www.diocese-belfort-montbeliard.fr\/giromagny-rougemont\/#\/schema\/person\/515618ef8497d2c61c871bfcc4c71183"},"headline":"Rogations &#8211; Pri\u00e8res pour la Maison commune","datePublished":"2026-04-28T11:41:23+00:00","dateModified":"2026-04-28T11:41:24+00:00","mainEntityOfPage":{"@id":"https:\/\/www.diocese-belfort-montbeliard.fr\/giromagny-rougemont\/actualites\/rogations-prieres-pour-la-maison-commune\/"},"wordCount":138,"commentCount":0,"image":{"@id":"https:\/\/www.diocese-belfort-montbeliard.fr\/giromagny-rougemont\/actualites\/rogations-prieres-pour-la-maison-commune\/#primaryimage"},"thumbnailUrl":"https:\/\/www.diocese-belfort-montbeliard.fr\/giromagny-rougemont\/wp-content\/uploads\/sites\/3\/2024\/05\/IMG-20240519-WA0001.jpg","articleSection":["Giromagny - Rougemont"],"inLanguage":"fr-FR","potentialAction":[{"@type":"CommentAction","name":"Comment","target":["https:\/\/www.diocese-belfort-montbeliard.fr\/giromagny-rougemont\/actualites\/rogations-prieres-pour-la-maison-commune\/#respond"]}]},{"@type":"WebPage","@id":"https:\/\/www.diocese-belfort-montbeliard.fr\/giromagny-rougemont\/actualites\/rogations-prieres-pour-la-maison-commune\/","url":"https:\/\/www.diocese-belfort-montbeliard.fr\/giromagny-rougemont\/actualites\/rogations-prieres-pour-la-maison-commune\/","name":"Rogations - Pri\u00e8res pour la Maison commune - Doyenn\u00e9 de Giromagny - Rougemont","isPartOf":{"@id":"https:\/\/www.diocese-belfort-montbeliard.fr\/giromagny-rougemont\/#website"},"primaryImageOfPage":{"@id":"https:\/\/www.diocese-belfort-montbeliard.fr\/giromagny-rougemont\/actualites\/rogations-prieres-pour-la-maison-commune\/#primaryimage"},"image":{"@id":"https:\/\/www.diocese-belfort-montbeliard.fr\/giromagny-rougemont\/actualites\/rogations-prieres-pour-la-maison-commune\/#primaryimage"},"thumbnailUrl":"https:\/\/www.diocese-belfort-montbeliard.fr\/giromagny-rougemont\/wp-content\/uploads\/sites\/3\/2024\/05\/IMG-20240519-WA0001.jpg","datePublished":"2026-04-28T11:41:23+00:00","dateModified":"2026-04-28T11:41:24+00:00","author":{"@id":"https:\/\/www.diocese-belfort-montbeliard.fr\/giromagny-rougemont\/#\/schema\/person\/515618ef8497d2c61c871bfcc4c71183"},"breadcrumb":{"@id":"https:\/\/www.diocese-belfort-montbeliard.fr\/giromagny-rougemont\/actualites\/rogations-prieres-pour-la-maison-commune\/#breadcrumb"},"inLanguage":"fr-FR","potentialAction":[{"@type":"ReadAction","target":["https:\/\/www.diocese-belfort-montbeliard.fr\/giromagny-rougemont\/actualites\/rogations-prieres-pour-la-maison-commune\/"]}]},{"@type":"ImageObject","inLanguage":"fr-FR","@id":"https:\/\/www.diocese-belfort-montbeliard.fr\/giromagny-rougemont\/actualites\/rogations-prieres-pour-la-maison-commune\/#primaryimage","url":"https:\/\/www.diocese-belfort-montbeliard.fr\/giromagny-rougemont\/wp-content\/uploads\/sites\/3\/2024\/05\/IMG-20240519-WA0001.jpg","contentUrl":"https:\/\/www.diocese-belfort-montbeliard.fr\/giromagny-rougemont\/wp-content\/uploads\/sites\/3\/2024\/05\/IMG-20240519-WA0001.jpg","width":1600,"height":1200},{"@type":"BreadcrumbList","@id":"https:\/\/www.diocese-belfort-montbeliard.fr\/giromagny-rougemont\/actualites\/rogations-prieres-pour-la-maison-commune\/#breadcrumb","itemListElement":[{"@type":"ListItem","position":1,"name":"Accueil","item":"https:\/\/www.diocese-belfort-montbeliard.fr\/giromagny-rougemont\/"},{"@type":"ListItem","position":2,"name":"Rogations &#8211; Pri\u00e8res pour la Maison commune"}]},{"@type":"WebSite","@id":"https:\/\/www.diocese-belfort-montbeliard.fr\/giromagny-rougemont\/#website","url":"https:\/\/www.diocese-belfort-montbeliard.fr\/giromagny-rougemont\/","name":"Doyenn\u00e9 de Giromagny - Rougemont","description":"Dioc\u00e8se de Belfort - Montb\u00e9liard","potentialAction":[{"@type":"SearchAction","target":{"@type":"EntryPoint","urlTemplate":"https:\/\/www.diocese-belfort-montbeliard.fr\/giromagny-rougemont\/?s={search_term_string}"},"query-input":{"@type":"PropertyValueSpecification","valueRequired":true,"valueName":"search_term_string"}}],"inLanguage":"fr-FR"},{"@type":"Person","@id":"https:\/\/www.diocese-belfort-montbeliard.fr\/giromagny-rougemont\/#\/schema\/person\/515618ef8497d2c61c871bfcc4c71183","name":"paroissesaintjeanevangeliste","image":{"@type":"ImageObject","inLanguage":"fr-FR","@id":"https:\/\/secure.gravatar.com\/avatar\/4d2f209de963cf3dfb149d591c042fe63065a941162d9001a5326976d37d45f5?s=96&d=mm&r=g","url":"https:\/\/secure.gravatar.com\/avatar\/4d2f209de963cf3dfb149d591c042fe63065a941162d9001a5326976d37d45f5?s=96&d=mm&r=g","contentUrl":"https:\/\/secure.gravatar.com\/avatar\/4d2f209de963cf3dfb149d591c042fe63065a941162d9001a5326976d37d45f5?s=96&d=mm&r=g","caption":"paroissesaintjeanevangeliste"},"url":"https:\/\/www.diocese-belfort-montbeliard.fr\/giromagny-rougemont\/author\/paroissesaintjeanevangeliste\/"}]}},"_links":{"self":[{"href":"https:\/\/www.diocese-belfort-montbeliard.fr\/giromagny-rougemont\/wp-json\/wp\/v2\/posts\/5196","targetHints":{"allow":["GET"]}}],"collection":[{"href":"https:\/\/www.diocese-belfort-montbeliard.fr\/giromagny-rougemont\/wp-json\/wp\/v2\/posts"}],"about":[{"href":"https:\/\/www.diocese-belfort-montbeliard.fr\/giromagny-rougemont\/wp-json\/wp\/v2\/types\/post"}],"author":[{"embeddable":true,"href":"https:\/\/www.diocese-belfort-montbeliard.fr\/giromagny-rougemont\/wp-json\/wp\/v2\/users\/10"}],"replies":[{"embeddable":true,"href":"https:\/\/www.diocese-belfort-montbeliard.fr\/giromagny-rougemont\/wp-json\/wp\/v2\/comments?post=5196"}],"version-history":[{"count":1,"href":"https:\/\/www.diocese-belfort-montbeliard.fr\/giromagny-rougemont\/wp-json\/wp\/v2\/posts\/5196\/revisions"}],"predecessor-version":[{"id":5198,"href":"https:\/\/www.diocese-belfort-montbeliard.fr\/giromagny-rougemont\/wp-json\/wp\/v2\/posts\/5196\/revisions\/5198"}],"wp:featuredmedia":[{"embeddable":true,"href":"https:\/\/www.diocese-belfort-montbeliard.fr\/giromagny-rougemont\/wp-json\/wp\/v2\/media\/3987"}],"wp:attachment":[{"href":"https:\/\/www.diocese-belfort-montbeliard.fr\/giromagny-rougemont\/wp-json\/wp\/v2\/media?parent=5196"}],"wp:term":[{"taxonomy":"category","embeddable":true,"href":"https:\/\/www.diocese-belfort-montbeliard.fr\/giromagny-rougemont\/wp-json\/wp\/v2\/categories?post=5196"},{"taxonomy":"post_tag","embeddable":true,"href":"https:\/\/www.diocese-belfort-montbeliard.fr\/giromagny-rougemont\/wp-json\/wp\/v2\/tags?post=5196"}],"curies":[{"name":"wp","href":"https:\/\/api.w.org\/{rel}","templated":true}]}}